{"id":59516,"date":"2026-01-24T12:10:00","date_gmt":"2026-01-24T12:10:00","guid":{"rendered":"https:\/\/www.africa-press.net\/mali\/politique\/eau-potable-au-mali-projet-de-la-bad-a-kayes-et-kati"},"modified":"2026-01-25T03:27:06","modified_gmt":"2026-01-25T03:27:06","slug":"eau-potable-au-mali-projet-de-la-bad-a-kayes-et-kati","status":"publish","type":"post","link":"https:\/\/www.africa-press.net\/mali\/communaute\/eau-potable-au-mali-projet-de-la-bad-a-kayes-et-kati","title":{"rendered":"Eau Potable au Mali Projet de la BAD \u00e0 Kayes et Kati"},"content":{"rendered":"<p><span style=\"color: #ff6600\"><strong>Africa-Press &#8211; Mali. <\/strong><\/span>Le Mali relance un projet strate\u0301gique d\u2019acce\u0300s a\u0300 l\u2019eau potable dans les re\u0301gions de Kayes et de Kati, avec l\u2019appui financier de la Banque africaine de de\u0301veloppement (BAD). La reprise officielle de l\u2019initiative a e\u0301te\u0301 acte\u0301e le jeudi 22 janvier 2026 a\u0300 Bamako, dans un contexte marque\u0301 par une vulne\u0301rabilite\u0301 croissante lie\u0301e au changement climatique et a\u0300 la pression de\u0301mographique, re\u0301ve\u0300le la presse ce vendredi 23 janvier 2026.<\/p>\n<p>La troisie\u0300me session du comite\u0301 de pilotage du Projet d\u2019appui a\u0300 l\u2019approvisionnement en eau potable et a\u0300 l\u2019assainissement re\u0301silients au changement climatique s\u2019est tenue au sie\u0300ge de la Direction nationale de l\u2019hydraulique, marquant la relance ope\u0301rationnelle du programme apre\u0300s plusieurs mois de ralentissement.<\/p>\n<p>Finance\u0301 a\u0300 hauteur de 5,857 millions d\u2019euros (environ 3,8 milliards de FCFA) a\u0300 travers la Facilite\u0301 africaine de l\u2019eau, le projet repose sur un accord signe\u0301 le 3 mai 2023 entre le gouvernement malien et la BAD. Il vise a\u0300 renforcer durablement l\u2019acce\u0300s a\u0300 l\u2019eau potable et aux services d\u2019assainissement, tout en re\u0301duisant la vulne\u0301rabilite\u0301 des populations face aux chocs climatiques et aux effets persistants de la pande\u0301mie de Covid-19.<\/p>\n<p>Les zones cible\u0301es figurent parmi les plus expose\u0301es aux de\u0301se\u0301quilibres hydriques du pays. La re\u0301gion de Kayes est confronte\u0301e a\u0300 une alternance de se\u0301cheresses prolonge\u0301es et d\u2019inondations de plus en plus fre\u0301quentes, tandis que le cercle de Kati subit une forte pression de\u0301mographique lie\u0301e a\u0300 l\u2019expansion rapide de Bamako, mettant a\u0300 rude e\u0301preuve des infrastructures de\u0301ja\u0300 fragiles.<\/p>\n<p>Selon les partenaires techniques, moins de sept Maliens sur dix ont acce\u0300s de manie\u0300re re\u0301gulie\u0300re a\u0300 une source ame\u0301liore\u0301e d\u2019eau potable, un taux nettement plus faible en milieu rural. La de\u0301gradation des nappes phre\u0301atiques, l\u2019irre\u0301gularite\u0301 des pre\u0301cipitations et la hausse des tempe\u0301ratures compliquent davantage la gestion des ressources hydriques.<\/p>\n<p>Le projet pre\u0301voit le renforcement des syste\u0300mes d\u2019adduction d\u2019eau, l\u2019ame\u0301lioration des e\u0301quipements d\u2019assainissement et l\u2019appui aux me\u0301canismes locaux de gestion, a\u0300 travers une approche inte\u0301grant pleinement la re\u0301silience climatique. L\u2019objectif est de se\u0301curiser l\u2019approvisionnement en eau, notamment lors des pe\u0301riodes de fortes chaleurs et d\u2019hivernage, ou\u0300 les besoins sont les plus critiques.<\/p>\n<p>Dans un contexte re\u0301gional ou\u0300 l\u2019acce\u0300s a\u0300 l\u2019eau devient un enjeu majeur de stabilite\u0301 sociale et de pre\u0301vention des crises, les autorite\u0301s et leurs partenaires soulignent que la re\u0301ussite du projet de\u0301pendra de\u0301sormais de la continuite\u0301 de sa mise en \u0153uvre et de son impact concret sur les conditions de vie des communaute\u0301s be\u0301ne\u0301ficiaires.<\/p>\n<p><strong>Pour plus d&rsquo;informations et d&rsquo;analyses sur la <span style=\"color: #ff6600\">Mali<\/span>, suivez <span style=\"color: #ff6600\">Africa-Press<\/span><\/strong><\/p>\n","protected":false},"excerpt":{"rendered":"<p>Africa-Press &#8211; Mali. Le Mali relance un projet strate\u0301gique d\u2019acce\u0300s a\u0300 l\u2019eau potable dans les re\u0301gions de Kayes et de Kati, avec l\u2019appui financier de la Banque africaine de de\u0301veloppement (BAD). La reprise officielle de l\u2019initiative a e\u0301te\u0301 acte\u0301e le jeudi 22 janvier 2026 a\u0300 Bamako, dans un contexte marque\u0301 par une vulne\u0301rabilite\u0301 croissante lie\u0301e [&hellip;]<\/p>\n","protected":false},"author":82,"featured_media":59515,"comment_status":"open","ping_status":"closed","sticky":false,"template":"","format":"standard","meta":{"footnotes":""},"categories":[4,17],"tags":[19],"class_list":["post-59516","post","type-post","status-publish","format-standard","has-post-thumbnail","hentry","category-communaute","category-toutes-les-actualites","tag-mali"],"yoast_head":"<!-- This site is optimized with the Yoast SEO Premium plugin v26.1 (Yoast SEO v27.0) - https:\/\/yoast.com\/product\/yoast-seo-premium-wordpress\/ -->\n<title>Eau Potable au Mali Projet de la BAD \u00e0 Kayes et Kati - Mali<\/title>\n<meta name=\"description\" content=\"Le Mali relance un projet strate\u0301gique d\u2019acce\u0300s a\u0300 l\u2019eau potable dans les re\u0301gions de Kayes et de Kati, avec l\u2019appui fin ...\" \/>\n<meta name=\"robots\" content=\"index, follow, max-snippet:-1, max-image-preview:large, max-video-preview:-1\" \/>\n<link rel=\"canonical\" href=\"https:\/\/www.africa-press.net\/mali\/communaute\/eau-potable-au-mali-projet-de-la-bad-a-kayes-et-kati\" \/>\n<meta property=\"og:locale\" content=\"fr_FR\" \/>\n<meta property=\"og:type\" content=\"article\" \/>\n<meta property=\"og:title\" content=\"Eau Potable au Mali Projet de la BAD \u00e0 Kayes et Kati\" \/>\n<meta property=\"og:description\" content=\"Le Mali relance un projet strate\u0301gique d\u2019acce\u0300s a\u0300 l\u2019eau potable dans les re\u0301gions de Kayes et de Kati, avec l\u2019appui fin ...\" \/>\n<meta property=\"og:url\" content=\"https:\/\/www.africa-press.net\/mali\/communaute\/eau-potable-au-mali-projet-de-la-bad-a-kayes-et-kati\" \/>\n<meta property=\"og:site_name\" content=\"Mali\" \/>\n<meta property=\"article:publisher\" content=\"https:\/\/www.facebook.com\/AfricaPressTunisiaa\" \/>\n<meta property=\"article:published_time\" content=\"2026-01-24T12:10:00+00:00\" \/>\n<meta property=\"article:modified_time\" content=\"2026-01-25T03:27:06+00:00\" \/>\n<meta property=\"og:image\" content=\"https:\/\/static.africa-press.net\/mali\/sites\/21\/2026\/01\/sm_1769338494.546498.jpg\" \/>\n\t<meta property=\"og:image:width\" content=\"1280\" \/>\n\t<meta property=\"og:image:height\" content=\"720\" \/>\n\t<meta property=\"og:image:type\" content=\"image\/jpeg\" \/>\n<meta name=\"author\" content=\"cfeditorfr\" \/>\n<meta name=\"twitter:card\" content=\"summary_large_image\" \/>\n<meta name=\"twitter:label1\" content=\"\u00c9crit par\" \/>\n\t<meta name=\"twitter:data1\" content=\"cfeditorfr\" \/>\n\t<meta name=\"twitter:label2\" content=\"Dur\u00e9e de lecture estim\u00e9e\" \/>\n\t<meta name=\"twitter:data2\" content=\"2 minutes\" \/>\n<script type=\"application\/ld+json\" class=\"yoast-schema-graph\">{\"@context\":\"https:\/\/schema.org\",\"@graph\":[{\"@type\":\"Article\",\"@id\":\"https:\/\/www.africa-press.net\/mali\/communaute\/eau-potable-au-mali-projet-de-la-bad-a-kayes-et-kati#article\",\"isPartOf\":{\"@id\":\"https:\/\/www.africa-press.net\/mali\/communaute\/eau-potable-au-mali-projet-de-la-bad-a-kayes-et-kati\"},\"author\":{\"name\":\"cfeditorfr\",\"@id\":\"https:\/\/www.africa-press.net\/mali\/#\/schema\/person\/2b1cf3cd81a31e3cd26889ca66d677f1\"},\"headline\":\"Eau Potable au Mali Projet de la BAD \u00e0 Kayes et Kati\",\"datePublished\":\"2026-01-24T12:10:00+00:00\",\"dateModified\":\"2026-01-25T03:27:06+00:00\",\"mainEntityOfPage\":{\"@id\":\"https:\/\/www.africa-press.net\/mali\/communaute\/eau-potable-au-mali-projet-de-la-bad-a-kayes-et-kati\"},\"wordCount\":502,\"commentCount\":0,\"image\":{\"@id\":\"https:\/\/www.africa-press.net\/mali\/communaute\/eau-potable-au-mali-projet-de-la-bad-a-kayes-et-kati#primaryimage\"},\"thumbnailUrl\":\"https:\/\/static.africa-press.net\/mali\/sites\/21\/2026\/01\/sm_1769338494.546498.jpg\",\"keywords\":[\"mali\"],\"articleSection\":[\"Communaut\u00e9\",\"Toutes les actualit\u00e9s\"],\"inLanguage\":\"fr-FR\",\"potentialAction\":[{\"@type\":\"CommentAction\",\"name\":\"Comment\",\"target\":[\"https:\/\/www.africa-press.net\/mali\/communaute\/eau-potable-au-mali-projet-de-la-bad-a-kayes-et-kati#respond\"]}]},{\"@type\":\"WebPage\",\"@id\":\"https:\/\/www.africa-press.net\/mali\/communaute\/eau-potable-au-mali-projet-de-la-bad-a-kayes-et-kati\",\"url\":\"https:\/\/www.africa-press.net\/mali\/communaute\/eau-potable-au-mali-projet-de-la-bad-a-kayes-et-kati\",\"name\":\"Eau Potable au Mali Projet de la BAD \u00e0 Kayes et Kati - Mali\",\"isPartOf\":{\"@id\":\"https:\/\/www.africa-press.net\/mali\/#website\"},\"primaryImageOfPage\":{\"@id\":\"https:\/\/www.africa-press.net\/mali\/communaute\/eau-potable-au-mali-projet-de-la-bad-a-kayes-et-kati#primaryimage\"},\"image\":{\"@id\":\"https:\/\/www.africa-press.net\/mali\/communaute\/eau-potable-au-mali-projet-de-la-bad-a-kayes-et-kati#primaryimage\"},\"thumbnailUrl\":\"https:\/\/static.africa-press.net\/mali\/sites\/21\/2026\/01\/sm_1769338494.546498.jpg\",\"datePublished\":\"2026-01-24T12:10:00+00:00\",\"dateModified\":\"2026-01-25T03:27:06+00:00\",\"author\":{\"@id\":\"https:\/\/www.africa-press.net\/mali\/#\/schema\/person\/2b1cf3cd81a31e3cd26889ca66d677f1\"},\"description\":\"Le Mali relance un projet strate\u0301gique d\u2019acce\u0300s a\u0300 l\u2019eau potable dans les re\u0301gions de Kayes et de Kati, avec l\u2019appui fin ...\",\"breadcrumb\":{\"@id\":\"https:\/\/www.africa-press.net\/mali\/communaute\/eau-potable-au-mali-projet-de-la-bad-a-kayes-et-kati#breadcrumb\"},\"inLanguage\":\"fr-FR\",\"potentialAction\":[{\"@type\":\"ReadAction\",\"target\":[\"https:\/\/www.africa-press.net\/mali\/communaute\/eau-potable-au-mali-projet-de-la-bad-a-kayes-et-kati\"]}]},{\"@type\":\"ImageObject\",\"inLanguage\":\"fr-FR\",\"@id\":\"https:\/\/www.africa-press.net\/mali\/communaute\/eau-potable-au-mali-projet-de-la-bad-a-kayes-et-kati#primaryimage\",\"url\":\"https:\/\/static.africa-press.net\/mali\/sites\/21\/2026\/01\/sm_1769338494.546498.jpg\",\"contentUrl\":\"https:\/\/static.africa-press.net\/mali\/sites\/21\/2026\/01\/sm_1769338494.546498.jpg\",\"width\":1280,\"height\":720,\"caption\":\"Eau Potable au Mali Projet de la BAD \u00e0 Kayes et Kati\"},{\"@type\":\"BreadcrumbList\",\"@id\":\"https:\/\/www.africa-press.net\/mali\/communaute\/eau-potable-au-mali-projet-de-la-bad-a-kayes-et-kati#breadcrumb\",\"itemListElement\":[{\"@type\":\"ListItem\",\"position\":1,\"name\":\"Home\",\"item\":\"https:\/\/www.africa-press.net\/mali\/\"},{\"@type\":\"ListItem\",\"position\":2,\"name\":\"Eau Potable au Mali Projet de la BAD \u00e0 Kayes et Kati\"}]},{\"@type\":\"WebSite\",\"@id\":\"https:\/\/www.africa-press.net\/mali\/#website\",\"url\":\"https:\/\/www.africa-press.net\/mali\/\",\"name\":\"Mali\",\"description\":\"Just another Africa News Agency Sites site\",\"potentialAction\":[{\"@type\":\"SearchAction\",\"target\":{\"@type\":\"EntryPoint\",\"urlTemplate\":\"https:\/\/www.africa-press.net\/mali\/?s={search_term_string}\"},\"query-input\":{\"@type\":\"PropertyValueSpecification\",\"valueRequired\":true,\"valueName\":\"search_term_string\"}}],\"inLanguage\":\"fr-FR\"},{\"@type\":\"Person\",\"@id\":\"https:\/\/www.africa-press.net\/mali\/#\/schema\/person\/2b1cf3cd81a31e3cd26889ca66d677f1\",\"name\":\"cfeditorfr\"}]}<\/script>\n<!-- \/ Yoast SEO Premium plugin. -->","yoast_head_json":{"title":"Eau Potable au Mali Projet de la BAD \u00e0 Kayes et Kati - Mali","description":"Le Mali relance un projet strate\u0301gique d\u2019acce\u0300s a\u0300 l\u2019eau potable dans les re\u0301gions de Kayes et de Kati, avec l\u2019appui fin ...","robots":{"index":"index","follow":"follow","max-snippet":"max-snippet:-1","max-image-preview":"max-image-preview:large","max-video-preview":"max-video-preview:-1"},"canonical":"https:\/\/www.africa-press.net\/mali\/communaute\/eau-potable-au-mali-projet-de-la-bad-a-kayes-et-kati","og_locale":"fr_FR","og_type":"article","og_title":"Eau Potable au Mali Projet de la BAD \u00e0 Kayes et Kati","og_description":"Le Mali relance un projet strate\u0301gique d\u2019acce\u0300s a\u0300 l\u2019eau potable dans les re\u0301gions de Kayes et de Kati, avec l\u2019appui fin ...","og_url":"https:\/\/www.africa-press.net\/mali\/communaute\/eau-potable-au-mali-projet-de-la-bad-a-kayes-et-kati","og_site_name":"Mali","article_publisher":"https:\/\/www.facebook.com\/AfricaPressTunisiaa","article_published_time":"2026-01-24T12:10:00+00:00","article_modified_time":"2026-01-25T03:27:06+00:00","og_image":[{"width":1280,"height":720,"url":"https:\/\/static.africa-press.net\/mali\/sites\/21\/2026\/01\/sm_1769338494.546498.jpg","type":"image\/jpeg"}],"author":"cfeditorfr","twitter_card":"summary_large_image","twitter_misc":{"\u00c9crit par":"cfeditorfr","Dur\u00e9e de lecture estim\u00e9e":"2 minutes"},"schema":{"@context":"https:\/\/schema.org","@graph":[{"@type":"Article","@id":"https:\/\/www.africa-press.net\/mali\/communaute\/eau-potable-au-mali-projet-de-la-bad-a-kayes-et-kati#article","isPartOf":{"@id":"https:\/\/www.africa-press.net\/mali\/communaute\/eau-potable-au-mali-projet-de-la-bad-a-kayes-et-kati"},"author":{"name":"cfeditorfr","@id":"https:\/\/www.africa-press.net\/mali\/#\/schema\/person\/2b1cf3cd81a31e3cd26889ca66d677f1"},"headline":"Eau Potable au Mali Projet de la BAD \u00e0 Kayes et Kati","datePublished":"2026-01-24T12:10:00+00:00","dateModified":"2026-01-25T03:27:06+00:00","mainEntityOfPage":{"@id":"https:\/\/www.africa-press.net\/mali\/communaute\/eau-potable-au-mali-projet-de-la-bad-a-kayes-et-kati"},"wordCount":502,"commentCount":0,"image":{"@id":"https:\/\/www.africa-press.net\/mali\/communaute\/eau-potable-au-mali-projet-de-la-bad-a-kayes-et-kati#primaryimage"},"thumbnailUrl":"https:\/\/static.africa-press.net\/mali\/sites\/21\/2026\/01\/sm_1769338494.546498.jpg","keywords":["mali"],"articleSection":["Communaut\u00e9","Toutes les actualit\u00e9s"],"inLanguage":"fr-FR","potentialAction":[{"@type":"CommentAction","name":"Comment","target":["https:\/\/www.africa-press.net\/mali\/communaute\/eau-potable-au-mali-projet-de-la-bad-a-kayes-et-kati#respond"]}]},{"@type":"WebPage","@id":"https:\/\/www.africa-press.net\/mali\/communaute\/eau-potable-au-mali-projet-de-la-bad-a-kayes-et-kati","url":"https:\/\/www.africa-press.net\/mali\/communaute\/eau-potable-au-mali-projet-de-la-bad-a-kayes-et-kati","name":"Eau Potable au Mali Projet de la BAD \u00e0 Kayes et Kati - Mali","isPartOf":{"@id":"https:\/\/www.africa-press.net\/mali\/#website"},"primaryImageOfPage":{"@id":"https:\/\/www.africa-press.net\/mali\/communaute\/eau-potable-au-mali-projet-de-la-bad-a-kayes-et-kati#primaryimage"},"image":{"@id":"https:\/\/www.africa-press.net\/mali\/communaute\/eau-potable-au-mali-projet-de-la-bad-a-kayes-et-kati#primaryimage"},"thumbnailUrl":"https:\/\/static.africa-press.net\/mali\/sites\/21\/2026\/01\/sm_1769338494.546498.jpg","datePublished":"2026-01-24T12:10:00+00:00","dateModified":"2026-01-25T03:27:06+00:00","author":{"@id":"https:\/\/www.africa-press.net\/mali\/#\/schema\/person\/2b1cf3cd81a31e3cd26889ca66d677f1"},"description":"Le Mali relance un projet strate\u0301gique d\u2019acce\u0300s a\u0300 l\u2019eau potable dans les re\u0301gions de Kayes et de Kati, avec l\u2019appui fin ...","breadcrumb":{"@id":"https:\/\/www.africa-press.net\/mali\/communaute\/eau-potable-au-mali-projet-de-la-bad-a-kayes-et-kati#breadcrumb"},"inLanguage":"fr-FR","potentialAction":[{"@type":"ReadAction","target":["https:\/\/www.africa-press.net\/mali\/communaute\/eau-potable-au-mali-projet-de-la-bad-a-kayes-et-kati"]}]},{"@type":"ImageObject","inLanguage":"fr-FR","@id":"https:\/\/www.africa-press.net\/mali\/communaute\/eau-potable-au-mali-projet-de-la-bad-a-kayes-et-kati#primaryimage","url":"https:\/\/static.africa-press.net\/mali\/sites\/21\/2026\/01\/sm_1769338494.546498.jpg","contentUrl":"https:\/\/static.africa-press.net\/mali\/sites\/21\/2026\/01\/sm_1769338494.546498.jpg","width":1280,"height":720,"caption":"Eau Potable au Mali Projet de la BAD \u00e0 Kayes et Kati"},{"@type":"BreadcrumbList","@id":"https:\/\/www.africa-press.net\/mali\/communaute\/eau-potable-au-mali-projet-de-la-bad-a-kayes-et-kati#breadcrumb","itemListElement":[{"@type":"ListItem","position":1,"name":"Home","item":"https:\/\/www.africa-press.net\/mali\/"},{"@type":"ListItem","position":2,"name":"Eau Potable au Mali Projet de la BAD \u00e0 Kayes et Kati"}]},{"@type":"WebSite","@id":"https:\/\/www.africa-press.net\/mali\/#website","url":"https:\/\/www.africa-press.net\/mali\/","name":"Mali","description":"Just another Africa News Agency Sites site","potentialAction":[{"@type":"SearchAction","target":{"@type":"EntryPoint","urlTemplate":"https:\/\/www.africa-press.net\/mali\/?s={search_term_string}"},"query-input":{"@type":"PropertyValueSpecification","valueRequired":true,"valueName":"search_term_string"}}],"inLanguage":"fr-FR"},{"@type":"Person","@id":"https:\/\/www.africa-press.net\/mali\/#\/schema\/person\/2b1cf3cd81a31e3cd26889ca66d677f1","name":"cfeditorfr"}]}},"_links":{"self":[{"href":"https:\/\/www.africa-press.net\/mali\/wp-json\/wp\/v2\/posts\/59516","targetHints":{"allow":["GET"]}}],"collection":[{"href":"https:\/\/www.africa-press.net\/mali\/wp-json\/wp\/v2\/posts"}],"about":[{"href":"https:\/\/www.africa-press.net\/mali\/wp-json\/wp\/v2\/types\/post"}],"author":[{"embeddable":true,"href":"https:\/\/www.africa-press.net\/mali\/wp-json\/wp\/v2\/users\/82"}],"replies":[{"embeddable":true,"href":"https:\/\/www.africa-press.net\/mali\/wp-json\/wp\/v2\/comments?post=59516"}],"version-history":[{"count":0,"href":"https:\/\/www.africa-press.net\/mali\/wp-json\/wp\/v2\/posts\/59516\/revisions"}],"wp:featuredmedia":[{"embeddable":true,"href":"https:\/\/www.africa-press.net\/mali\/wp-json\/wp\/v2\/media\/59515"}],"wp:attachment":[{"href":"https:\/\/www.africa-press.net\/mali\/wp-json\/wp\/v2\/media?parent=59516"}],"wp:term":[{"taxonomy":"category","embeddable":true,"href":"https:\/\/www.africa-press.net\/mali\/wp-json\/wp\/v2\/categories?post=59516"},{"taxonomy":"post_tag","embeddable":true,"href":"https:\/\/www.africa-press.net\/mali\/wp-json\/wp\/v2\/tags?post=59516"}],"curies":[{"name":"wp","href":"https:\/\/api.w.org\/{rel}","templated":true}]}}