{"id":60406,"date":"2026-03-13T13:45:00","date_gmt":"2026-03-13T13:45:00","guid":{"rendered":"https:\/\/www.africa-press.net\/mali\/politique\/cecogec-dement-penurie-dessence-et-appelle-au-calme"},"modified":"2026-03-14T00:51:46","modified_gmt":"2026-03-14T00:51:46","slug":"cecogec-dement-penurie-dessence-et-appelle-au-calme","status":"publish","type":"post","link":"https:\/\/www.africa-press.net\/mali\/top-nouvelles\/cecogec-dement-penurie-dessence-et-appelle-au-calme","title":{"rendered":"Cecogec D\u00e9ment P\u00e9nurie D&rsquo;Essence et Appelle au Calme"},"content":{"rendered":"<p><span style=\"color: #ff6600\"><strong>Africa-Press &#8211; Mali. <\/strong><\/span>Dans un communique\u0301 publie\u0301 ce vendredi 13 mars 2026, le Comite\u0301 Interministe\u0301riel de Gestion des Crises et Catastrophes (CECOGEC) a exprime\u0301 son e\u0301tonnement face a\u0300 l&rsquo;affluence soudaine constate\u0301e dans les stations-services. Ce mouvement de panique, marque\u0301 par une rue\u0301e inhabituelle des populations vers les points de ravitaillement en essence, est conse\u0301cutif a\u0300 une rumeur infonde\u0301e annonc\u0327ant une pe\u0301nurie imminente.<\/p>\n<p><b>Le CECOGEC de\u0301ment cate\u0301goriquement ces alle\u0301gations de rupture de stock. Le Comite\u0301 tient a\u0300 rassurer l&rsquo;opinion publique que:<\/b><\/p>\n<p>-L&rsquo;approvisionnement est garanti: Des dispositions rigoureuses ont e\u0301te\u0301 prises par le Gouvernement pour assurer une fourniture continue et re\u0301gulie\u0300re du pays en hydrocarbures.<\/p>\n<p>-Les stocks sont disponibles: Il n&rsquo;y a aucune raison technique ou logistique justifiant l&rsquo;inquie\u0301tude actuelle des usagers.<\/p>\n<p>Le CECOGEC appelle les populations a\u0300 garder leur calme et a\u0300 ne pas ce\u0301der a\u0300 la panique, ce qui pourrait provoquer des embouteillages inutiles et des risques se\u0301curitaires dans les stations-services.<\/p>\n<p><b>Par ailleurs, les autorite\u0301s lancent un avertissement ferme:<\/b><\/p>\n<p>-Auteurs de fausses informations: Ceux qui propagent ces rumeurs malveillantes s&rsquo;exposent a\u0300 des poursuites.<\/p>\n<p>-Lutte contre la spe\u0301culation: Tout ope\u0301rateur ou individu tentant de cre\u0301er une pe\u0301nurie artificielle par la re\u0301tention de produits ou la spe\u0301culation sur les prix sera se\u0301ve\u0300rement sanctionne\u0301 conforme\u0301ment a\u0300 la loi.<\/p>\n<p>Le Gouvernement re\u0301ite\u0300re son engagement a\u0300 maintenir la stabilite\u0301 du marche\u0301 e\u0301nerge\u0301tique national.<\/p>\n<p><strong>Pour plus d&rsquo;informations et d&rsquo;analyses sur la <span style=\"color: #ff6600\">Mali<\/span>, suivez <span style=\"color: #ff6600\">Africa-Press<\/span><\/strong><\/p>\n","protected":false},"excerpt":{"rendered":"<p>Africa-Press &#8211; Mali. Dans un communique\u0301 publie\u0301 ce vendredi 13 mars 2026, le Comite\u0301 Interministe\u0301riel de Gestion des Crises et Catastrophes (CECOGEC) a exprime\u0301 son e\u0301tonnement face a\u0300 l&rsquo;affluence soudaine constate\u0301e dans les stations-services. Ce mouvement de panique, marque\u0301 par une rue\u0301e inhabituelle des populations vers les points de ravitaillement en essence, est conse\u0301cutif a\u0300 [&hellip;]<\/p>\n","protected":false},"author":82,"featured_media":60405,"comment_status":"open","ping_status":"closed","sticky":false,"template":"","format":"standard","meta":{"footnotes":""},"categories":[12,5,17],"tags":[19],"class_list":["post-60406","post","type-post","status-publish","format-standard","has-post-thumbnail","hentry","category-economie","category-top-nouvelles","category-toutes-les-actualites","tag-mali"],"yoast_head":"<!-- This site is optimized with the Yoast SEO Premium plugin v26.1 (Yoast SEO v27.0) - https:\/\/yoast.com\/product\/yoast-seo-premium-wordpress\/ -->\n<title>Cecogec D\u00e9ment P\u00e9nurie D&#039;Essence et Appelle au Calme - Mali<\/title>\n<meta name=\"description\" content=\"Dans un communique\u0301 publie\u0301 ce vendredi 13 mars 2026, le Comite\u0301 Interministe\u0301riel de Gestion des Crises et Catastrophes ...\" \/>\n<meta name=\"robots\" content=\"index, follow, max-snippet:-1, max-image-preview:large, max-video-preview:-1\" \/>\n<link rel=\"canonical\" href=\"https:\/\/www.africa-press.net\/mali\/top-nouvelles\/cecogec-dement-penurie-dessence-et-appelle-au-calme\" \/>\n<meta property=\"og:locale\" content=\"fr_FR\" \/>\n<meta property=\"og:type\" content=\"article\" \/>\n<meta property=\"og:title\" content=\"Cecogec D\u00e9ment P\u00e9nurie D&#039;Essence et Appelle au Calme\" \/>\n<meta property=\"og:description\" content=\"Dans un communique\u0301 publie\u0301 ce vendredi 13 mars 2026, le Comite\u0301 Interministe\u0301riel de Gestion des Crises et Catastrophes ...\" \/>\n<meta property=\"og:url\" content=\"https:\/\/www.africa-press.net\/mali\/top-nouvelles\/cecogec-dement-penurie-dessence-et-appelle-au-calme\" \/>\n<meta property=\"og:site_name\" content=\"Mali\" \/>\n<meta property=\"article:publisher\" content=\"https:\/\/www.facebook.com\/AfricaPressTunisiaa\" \/>\n<meta property=\"article:published_time\" content=\"2026-03-13T13:45:00+00:00\" \/>\n<meta property=\"article:modified_time\" content=\"2026-03-14T00:51:46+00:00\" \/>\n<meta property=\"og:image\" content=\"https:\/\/static.africa-press.net\/mali\/sites\/21\/2026\/03\/sm_1773436845.951974.jpg\" \/>\n\t<meta property=\"og:image:width\" content=\"588\" \/>\n\t<meta property=\"og:image:height\" content=\"348\" \/>\n\t<meta property=\"og:image:type\" content=\"image\/jpeg\" \/>\n<meta name=\"author\" content=\"cfeditorfr\" \/>\n<meta name=\"twitter:card\" content=\"summary_large_image\" \/>\n<meta name=\"twitter:label1\" content=\"\u00c9crit par\" \/>\n\t<meta name=\"twitter:data1\" content=\"cfeditorfr\" \/>\n\t<meta name=\"twitter:label2\" content=\"Dur\u00e9e de lecture estim\u00e9e\" \/>\n\t<meta name=\"twitter:data2\" content=\"2 minutes\" \/>\n<script type=\"application\/ld+json\" class=\"yoast-schema-graph\">{\"@context\":\"https:\/\/schema.org\",\"@graph\":[{\"@type\":\"Article\",\"@id\":\"https:\/\/www.africa-press.net\/mali\/top-nouvelles\/cecogec-dement-penurie-dessence-et-appelle-au-calme#article\",\"isPartOf\":{\"@id\":\"https:\/\/www.africa-press.net\/mali\/top-nouvelles\/cecogec-dement-penurie-dessence-et-appelle-au-calme\"},\"author\":{\"name\":\"cfeditorfr\",\"@id\":\"https:\/\/www.africa-press.net\/mali\/#\/schema\/person\/2b1cf3cd81a31e3cd26889ca66d677f1\"},\"headline\":\"Cecogec D\u00e9ment P\u00e9nurie D&rsquo;Essence et Appelle au Calme\",\"datePublished\":\"2026-03-13T13:45:00+00:00\",\"dateModified\":\"2026-03-14T00:51:46+00:00\",\"mainEntityOfPage\":{\"@id\":\"https:\/\/www.africa-press.net\/mali\/top-nouvelles\/cecogec-dement-penurie-dessence-et-appelle-au-calme\"},\"wordCount\":276,\"commentCount\":0,\"image\":{\"@id\":\"https:\/\/www.africa-press.net\/mali\/top-nouvelles\/cecogec-dement-penurie-dessence-et-appelle-au-calme#primaryimage\"},\"thumbnailUrl\":\"https:\/\/static.africa-press.net\/mali\/sites\/21\/2026\/03\/sm_1773436845.951974.jpg\",\"keywords\":[\"mali\"],\"articleSection\":[\"\u00c9conomie\",\"Top Nouvelles\",\"Toutes les actualit\u00e9s\"],\"inLanguage\":\"fr-FR\",\"potentialAction\":[{\"@type\":\"CommentAction\",\"name\":\"Comment\",\"target\":[\"https:\/\/www.africa-press.net\/mali\/top-nouvelles\/cecogec-dement-penurie-dessence-et-appelle-au-calme#respond\"]}]},{\"@type\":\"WebPage\",\"@id\":\"https:\/\/www.africa-press.net\/mali\/top-nouvelles\/cecogec-dement-penurie-dessence-et-appelle-au-calme\",\"url\":\"https:\/\/www.africa-press.net\/mali\/top-nouvelles\/cecogec-dement-penurie-dessence-et-appelle-au-calme\",\"name\":\"Cecogec D\u00e9ment P\u00e9nurie D'Essence et Appelle au Calme - Mali\",\"isPartOf\":{\"@id\":\"https:\/\/www.africa-press.net\/mali\/#website\"},\"primaryImageOfPage\":{\"@id\":\"https:\/\/www.africa-press.net\/mali\/top-nouvelles\/cecogec-dement-penurie-dessence-et-appelle-au-calme#primaryimage\"},\"image\":{\"@id\":\"https:\/\/www.africa-press.net\/mali\/top-nouvelles\/cecogec-dement-penurie-dessence-et-appelle-au-calme#primaryimage\"},\"thumbnailUrl\":\"https:\/\/static.africa-press.net\/mali\/sites\/21\/2026\/03\/sm_1773436845.951974.jpg\",\"datePublished\":\"2026-03-13T13:45:00+00:00\",\"dateModified\":\"2026-03-14T00:51:46+00:00\",\"author\":{\"@id\":\"https:\/\/www.africa-press.net\/mali\/#\/schema\/person\/2b1cf3cd81a31e3cd26889ca66d677f1\"},\"description\":\"Dans un communique\u0301 publie\u0301 ce vendredi 13 mars 2026, le Comite\u0301 Interministe\u0301riel de Gestion des Crises et Catastrophes ...\",\"breadcrumb\":{\"@id\":\"https:\/\/www.africa-press.net\/mali\/top-nouvelles\/cecogec-dement-penurie-dessence-et-appelle-au-calme#breadcrumb\"},\"inLanguage\":\"fr-FR\",\"potentialAction\":[{\"@type\":\"ReadAction\",\"target\":[\"https:\/\/www.africa-press.net\/mali\/top-nouvelles\/cecogec-dement-penurie-dessence-et-appelle-au-calme\"]}]},{\"@type\":\"ImageObject\",\"inLanguage\":\"fr-FR\",\"@id\":\"https:\/\/www.africa-press.net\/mali\/top-nouvelles\/cecogec-dement-penurie-dessence-et-appelle-au-calme#primaryimage\",\"url\":\"https:\/\/static.africa-press.net\/mali\/sites\/21\/2026\/03\/sm_1773436845.951974.jpg\",\"contentUrl\":\"https:\/\/static.africa-press.net\/mali\/sites\/21\/2026\/03\/sm_1773436845.951974.jpg\",\"width\":588,\"height\":348,\"caption\":\"Cecogec D\u00e9ment P\u00e9nurie D'Essence et Appelle au Calme\"},{\"@type\":\"BreadcrumbList\",\"@id\":\"https:\/\/www.africa-press.net\/mali\/top-nouvelles\/cecogec-dement-penurie-dessence-et-appelle-au-calme#breadcrumb\",\"itemListElement\":[{\"@type\":\"ListItem\",\"position\":1,\"name\":\"Home\",\"item\":\"https:\/\/www.africa-press.net\/mali\/\"},{\"@type\":\"ListItem\",\"position\":2,\"name\":\"Cecogec D\u00e9ment P\u00e9nurie D&#8217;Essence et Appelle au Calme\"}]},{\"@type\":\"WebSite\",\"@id\":\"https:\/\/www.africa-press.net\/mali\/#website\",\"url\":\"https:\/\/www.africa-press.net\/mali\/\",\"name\":\"Mali\",\"description\":\"Just another Africa News Agency Sites site\",\"potentialAction\":[{\"@type\":\"SearchAction\",\"target\":{\"@type\":\"EntryPoint\",\"urlTemplate\":\"https:\/\/www.africa-press.net\/mali\/?s={search_term_string}\"},\"query-input\":{\"@type\":\"PropertyValueSpecification\",\"valueRequired\":true,\"valueName\":\"search_term_string\"}}],\"inLanguage\":\"fr-FR\"},{\"@type\":\"Person\",\"@id\":\"https:\/\/www.africa-press.net\/mali\/#\/schema\/person\/2b1cf3cd81a31e3cd26889ca66d677f1\",\"name\":\"cfeditorfr\"}]}<\/script>\n<!-- \/ Yoast SEO Premium plugin. -->","yoast_head_json":{"title":"Cecogec D\u00e9ment P\u00e9nurie D'Essence et Appelle au Calme - Mali","description":"Dans un communique\u0301 publie\u0301 ce vendredi 13 mars 2026, le Comite\u0301 Interministe\u0301riel de Gestion des Crises et Catastrophes ...","robots":{"index":"index","follow":"follow","max-snippet":"max-snippet:-1","max-image-preview":"max-image-preview:large","max-video-preview":"max-video-preview:-1"},"canonical":"https:\/\/www.africa-press.net\/mali\/top-nouvelles\/cecogec-dement-penurie-dessence-et-appelle-au-calme","og_locale":"fr_FR","og_type":"article","og_title":"Cecogec D\u00e9ment P\u00e9nurie D'Essence et Appelle au Calme","og_description":"Dans un communique\u0301 publie\u0301 ce vendredi 13 mars 2026, le Comite\u0301 Interministe\u0301riel de Gestion des Crises et Catastrophes ...","og_url":"https:\/\/www.africa-press.net\/mali\/top-nouvelles\/cecogec-dement-penurie-dessence-et-appelle-au-calme","og_site_name":"Mali","article_publisher":"https:\/\/www.facebook.com\/AfricaPressTunisiaa","article_published_time":"2026-03-13T13:45:00+00:00","article_modified_time":"2026-03-14T00:51:46+00:00","og_image":[{"width":588,"height":348,"url":"https:\/\/static.africa-press.net\/mali\/sites\/21\/2026\/03\/sm_1773436845.951974.jpg","type":"image\/jpeg"}],"author":"cfeditorfr","twitter_card":"summary_large_image","twitter_misc":{"\u00c9crit par":"cfeditorfr","Dur\u00e9e de lecture estim\u00e9e":"2 minutes"},"schema":{"@context":"https:\/\/schema.org","@graph":[{"@type":"Article","@id":"https:\/\/www.africa-press.net\/mali\/top-nouvelles\/cecogec-dement-penurie-dessence-et-appelle-au-calme#article","isPartOf":{"@id":"https:\/\/www.africa-press.net\/mali\/top-nouvelles\/cecogec-dement-penurie-dessence-et-appelle-au-calme"},"author":{"name":"cfeditorfr","@id":"https:\/\/www.africa-press.net\/mali\/#\/schema\/person\/2b1cf3cd81a31e3cd26889ca66d677f1"},"headline":"Cecogec D\u00e9ment P\u00e9nurie D&rsquo;Essence et Appelle au Calme","datePublished":"2026-03-13T13:45:00+00:00","dateModified":"2026-03-14T00:51:46+00:00","mainEntityOfPage":{"@id":"https:\/\/www.africa-press.net\/mali\/top-nouvelles\/cecogec-dement-penurie-dessence-et-appelle-au-calme"},"wordCount":276,"commentCount":0,"image":{"@id":"https:\/\/www.africa-press.net\/mali\/top-nouvelles\/cecogec-dement-penurie-dessence-et-appelle-au-calme#primaryimage"},"thumbnailUrl":"https:\/\/static.africa-press.net\/mali\/sites\/21\/2026\/03\/sm_1773436845.951974.jpg","keywords":["mali"],"articleSection":["\u00c9conomie","Top Nouvelles","Toutes les actualit\u00e9s"],"inLanguage":"fr-FR","potentialAction":[{"@type":"CommentAction","name":"Comment","target":["https:\/\/www.africa-press.net\/mali\/top-nouvelles\/cecogec-dement-penurie-dessence-et-appelle-au-calme#respond"]}]},{"@type":"WebPage","@id":"https:\/\/www.africa-press.net\/mali\/top-nouvelles\/cecogec-dement-penurie-dessence-et-appelle-au-calme","url":"https:\/\/www.africa-press.net\/mali\/top-nouvelles\/cecogec-dement-penurie-dessence-et-appelle-au-calme","name":"Cecogec D\u00e9ment P\u00e9nurie D'Essence et Appelle au Calme - Mali","isPartOf":{"@id":"https:\/\/www.africa-press.net\/mali\/#website"},"primaryImageOfPage":{"@id":"https:\/\/www.africa-press.net\/mali\/top-nouvelles\/cecogec-dement-penurie-dessence-et-appelle-au-calme#primaryimage"},"image":{"@id":"https:\/\/www.africa-press.net\/mali\/top-nouvelles\/cecogec-dement-penurie-dessence-et-appelle-au-calme#primaryimage"},"thumbnailUrl":"https:\/\/static.africa-press.net\/mali\/sites\/21\/2026\/03\/sm_1773436845.951974.jpg","datePublished":"2026-03-13T13:45:00+00:00","dateModified":"2026-03-14T00:51:46+00:00","author":{"@id":"https:\/\/www.africa-press.net\/mali\/#\/schema\/person\/2b1cf3cd81a31e3cd26889ca66d677f1"},"description":"Dans un communique\u0301 publie\u0301 ce vendredi 13 mars 2026, le Comite\u0301 Interministe\u0301riel de Gestion des Crises et Catastrophes ...","breadcrumb":{"@id":"https:\/\/www.africa-press.net\/mali\/top-nouvelles\/cecogec-dement-penurie-dessence-et-appelle-au-calme#breadcrumb"},"inLanguage":"fr-FR","potentialAction":[{"@type":"ReadAction","target":["https:\/\/www.africa-press.net\/mali\/top-nouvelles\/cecogec-dement-penurie-dessence-et-appelle-au-calme"]}]},{"@type":"ImageObject","inLanguage":"fr-FR","@id":"https:\/\/www.africa-press.net\/mali\/top-nouvelles\/cecogec-dement-penurie-dessence-et-appelle-au-calme#primaryimage","url":"https:\/\/static.africa-press.net\/mali\/sites\/21\/2026\/03\/sm_1773436845.951974.jpg","contentUrl":"https:\/\/static.africa-press.net\/mali\/sites\/21\/2026\/03\/sm_1773436845.951974.jpg","width":588,"height":348,"caption":"Cecogec D\u00e9ment P\u00e9nurie D'Essence et Appelle au Calme"},{"@type":"BreadcrumbList","@id":"https:\/\/www.africa-press.net\/mali\/top-nouvelles\/cecogec-dement-penurie-dessence-et-appelle-au-calme#breadcrumb","itemListElement":[{"@type":"ListItem","position":1,"name":"Home","item":"https:\/\/www.africa-press.net\/mali\/"},{"@type":"ListItem","position":2,"name":"Cecogec D\u00e9ment P\u00e9nurie D&#8217;Essence et Appelle au Calme"}]},{"@type":"WebSite","@id":"https:\/\/www.africa-press.net\/mali\/#website","url":"https:\/\/www.africa-press.net\/mali\/","name":"Mali","description":"Just another Africa News Agency Sites site","potentialAction":[{"@type":"SearchAction","target":{"@type":"EntryPoint","urlTemplate":"https:\/\/www.africa-press.net\/mali\/?s={search_term_string}"},"query-input":{"@type":"PropertyValueSpecification","valueRequired":true,"valueName":"search_term_string"}}],"inLanguage":"fr-FR"},{"@type":"Person","@id":"https:\/\/www.africa-press.net\/mali\/#\/schema\/person\/2b1cf3cd81a31e3cd26889ca66d677f1","name":"cfeditorfr"}]}},"_links":{"self":[{"href":"https:\/\/www.africa-press.net\/mali\/wp-json\/wp\/v2\/posts\/60406","targetHints":{"allow":["GET"]}}],"collection":[{"href":"https:\/\/www.africa-press.net\/mali\/wp-json\/wp\/v2\/posts"}],"about":[{"href":"https:\/\/www.africa-press.net\/mali\/wp-json\/wp\/v2\/types\/post"}],"author":[{"embeddable":true,"href":"https:\/\/www.africa-press.net\/mali\/wp-json\/wp\/v2\/users\/82"}],"replies":[{"embeddable":true,"href":"https:\/\/www.africa-press.net\/mali\/wp-json\/wp\/v2\/comments?post=60406"}],"version-history":[{"count":0,"href":"https:\/\/www.africa-press.net\/mali\/wp-json\/wp\/v2\/posts\/60406\/revisions"}],"wp:featuredmedia":[{"embeddable":true,"href":"https:\/\/www.africa-press.net\/mali\/wp-json\/wp\/v2\/media\/60405"}],"wp:attachment":[{"href":"https:\/\/www.africa-press.net\/mali\/wp-json\/wp\/v2\/media?parent=60406"}],"wp:term":[{"taxonomy":"category","embeddable":true,"href":"https:\/\/www.africa-press.net\/mali\/wp-json\/wp\/v2\/categories?post=60406"},{"taxonomy":"post_tag","embeddable":true,"href":"https:\/\/www.africa-press.net\/mali\/wp-json\/wp\/v2\/tags?post=60406"}],"curies":[{"name":"wp","href":"https:\/\/api.w.org\/{rel}","templated":true}]}}