{"id":60408,"date":"2026-03-13T13:00:00","date_gmt":"2026-03-13T13:00:00","guid":{"rendered":"https:\/\/www.africa-press.net\/mali\/politique\/rationnement-temporaire-des-hydrocarbures-pour-gros-porteurs"},"modified":"2026-03-14T00:52:12","modified_gmt":"2026-03-14T00:52:12","slug":"rationnement-temporaire-des-hydrocarbures-pour-gros-porteurs","status":"publish","type":"post","link":"https:\/\/www.africa-press.net\/mali\/economie\/rationnement-temporaire-des-hydrocarbures-pour-gros-porteurs","title":{"rendered":"Rationnement Temporaire des Hydrocarbures pour Gros Porteurs"},"content":{"rendered":"<p><span style=\"color: #ff6600\"><strong>Africa-Press &#8211; Mali. <\/strong><\/span>Face aux tensions sur le marche\u0301 des hydrocarbures, le Comite\u0301 Interministe\u0301riel de Gestion des Crises et Catastrophes (CECOGEC) a annonce\u0301, ce vendredi 13 mars 2026, la mise en \u0153uvre imme\u0301diate d&rsquo;une mesure de rationnement ciblant les ve\u0301hicules gros porteurs. Cette de\u0301cision vise a\u0300 stabiliser les stocks nationaux en attendant un retour a\u0300 la normale.<\/p>\n<p>L&rsquo;annonce fait suite a\u0300 la 17e re\u0301union hebdomadaire de suivi de l&rsquo;approvisionnement du pays, tenue le jeudi 12 mars 2026 au Ministe\u0300re de l&rsquo;Industrie et du Commerce.<\/p>\n<p><b>En concertation avec les ope\u0301rateurs pe\u0301troliers, les autorite\u0301s ont arre\u0302te\u0301 les modalite\u0301s suivantes:<\/b><\/p>\n<p>-Quota: Le ravitaillement est de\u0301sormais limite\u0301 a\u0300 600 litres de gasoil par ve\u0301hicule gros porteur.<\/p>\n<p>-Pe\u0301riode: Cette restriction est instaure\u0301e pour une dure\u0301e initiale de 72 heures.<\/p>\n<p>-Contro\u0302le digital: Pour e\u0301viter les abus et garantir l&rsquo;e\u0301quite\u0301, la gestion du rationnement s&rsquo;effectue via une application mobile de\u0301die\u0301e, de\u0301veloppe\u0301e par la Direction Ge\u0301ne\u0301rale du Commerce et de la Concurrence (DGCC).<\/p>\n<p>Cette intervention du CECOGEC intervient dans un contexte ou\u0300 la gestion des flux e\u0301nerge\u0301tiques est devenue une priorite\u0301 absolue pour la stabilite\u0301 e\u0301conomique. En limitant le volume par passage, le gouvernement entend e\u0301viter l&rsquo;accaparement des stocks par quelques acteurs et assurer une distribution plus homoge\u0300ne sur l&rsquo;ensemble du territoire.<\/p>\n<p>Le CECOGEC a tenu a\u0300 rassurer l&rsquo;opinion publique et les acteurs du transport: cette mesure est purement conjoncturelle. Les autorite\u0301s affirment que des \u00ab efforts continus \u00bb sont de\u0301ploye\u0301s en coulisses pour garantir un approvisionnement re\u0301gulier et suffisant du pays en hydrocarbures dans les plus brefs de\u0301lais.<\/p>\n<p>Les transporteurs sont invite\u0301s a\u0300 se conformer strictement a\u0300 ces nouvelles directives pour faciliter la gestion de cette pe\u0301riode de transition.<\/p>\n<p><strong>Pour plus d&rsquo;informations et d&rsquo;analyses sur la <span style=\"color: #ff6600\">Mali<\/span>, suivez <span style=\"color: #ff6600\">Africa-Press<\/span><\/strong><\/p>\n","protected":false},"excerpt":{"rendered":"<p>Africa-Press &#8211; Mali. Face aux tensions sur le marche\u0301 des hydrocarbures, le Comite\u0301 Interministe\u0301riel de Gestion des Crises et Catastrophes (CECOGEC) a annonce\u0301, ce vendredi 13 mars 2026, la mise en \u0153uvre imme\u0301diate d&rsquo;une mesure de rationnement ciblant les ve\u0301hicules gros porteurs. Cette de\u0301cision vise a\u0300 stabiliser les stocks nationaux en attendant un retour a\u0300 [&hellip;]<\/p>\n","protected":false},"author":82,"featured_media":60407,"comment_status":"open","ping_status":"closed","sticky":false,"template":"","format":"standard","meta":{"footnotes":""},"categories":[12,17],"tags":[19],"class_list":["post-60408","post","type-post","status-publish","format-standard","has-post-thumbnail","hentry","category-economie","category-toutes-les-actualites","tag-mali"],"yoast_head":"<!-- This site is optimized with the Yoast SEO Premium plugin v26.1 (Yoast SEO v27.0) - https:\/\/yoast.com\/product\/yoast-seo-premium-wordpress\/ -->\n<title>Rationnement Temporaire des Hydrocarbures pour Gros Porteurs - Mali<\/title>\n<meta name=\"description\" content=\"Face aux tensions sur le marche\u0301 des hydrocarbures, le Comite\u0301 Interministe\u0301riel de Gestion des Crises et Catastrophes ( ...\" \/>\n<meta name=\"robots\" content=\"index, follow, max-snippet:-1, max-image-preview:large, max-video-preview:-1\" \/>\n<link rel=\"canonical\" href=\"https:\/\/www.africa-press.net\/mali\/economie\/rationnement-temporaire-des-hydrocarbures-pour-gros-porteurs\" \/>\n<meta property=\"og:locale\" content=\"fr_FR\" \/>\n<meta property=\"og:type\" content=\"article\" \/>\n<meta property=\"og:title\" content=\"Rationnement Temporaire des Hydrocarbures pour Gros Porteurs\" \/>\n<meta property=\"og:description\" content=\"Face aux tensions sur le marche\u0301 des hydrocarbures, le Comite\u0301 Interministe\u0301riel de Gestion des Crises et Catastrophes ( ...\" \/>\n<meta property=\"og:url\" content=\"https:\/\/www.africa-press.net\/mali\/economie\/rationnement-temporaire-des-hydrocarbures-pour-gros-porteurs\" \/>\n<meta property=\"og:site_name\" content=\"Mali\" \/>\n<meta property=\"article:publisher\" content=\"https:\/\/www.facebook.com\/AfricaPressTunisiaa\" \/>\n<meta property=\"article:published_time\" content=\"2026-03-13T13:00:00+00:00\" \/>\n<meta property=\"article:modified_time\" content=\"2026-03-14T00:52:12+00:00\" \/>\n<meta property=\"og:image\" content=\"https:\/\/static.africa-press.net\/mali\/sites\/21\/2026\/03\/sm_1773436860.504243.jpg\" \/>\n\t<meta property=\"og:image:width\" content=\"1280\" \/>\n\t<meta property=\"og:image:height\" content=\"720\" \/>\n\t<meta property=\"og:image:type\" content=\"image\/jpeg\" \/>\n<meta name=\"author\" content=\"cfeditorfr\" \/>\n<meta name=\"twitter:card\" content=\"summary_large_image\" \/>\n<meta name=\"twitter:label1\" content=\"\u00c9crit par\" \/>\n\t<meta name=\"twitter:data1\" content=\"cfeditorfr\" \/>\n\t<meta name=\"twitter:label2\" content=\"Dur\u00e9e de lecture estim\u00e9e\" \/>\n\t<meta name=\"twitter:data2\" content=\"2 minutes\" \/>\n<script type=\"application\/ld+json\" class=\"yoast-schema-graph\">{\"@context\":\"https:\/\/schema.org\",\"@graph\":[{\"@type\":\"Article\",\"@id\":\"https:\/\/www.africa-press.net\/mali\/economie\/rationnement-temporaire-des-hydrocarbures-pour-gros-porteurs#article\",\"isPartOf\":{\"@id\":\"https:\/\/www.africa-press.net\/mali\/economie\/rationnement-temporaire-des-hydrocarbures-pour-gros-porteurs\"},\"author\":{\"name\":\"cfeditorfr\",\"@id\":\"https:\/\/www.africa-press.net\/mali\/#\/schema\/person\/2b1cf3cd81a31e3cd26889ca66d677f1\"},\"headline\":\"Rationnement Temporaire des Hydrocarbures pour Gros Porteurs\",\"datePublished\":\"2026-03-13T13:00:00+00:00\",\"dateModified\":\"2026-03-14T00:52:12+00:00\",\"mainEntityOfPage\":{\"@id\":\"https:\/\/www.africa-press.net\/mali\/economie\/rationnement-temporaire-des-hydrocarbures-pour-gros-porteurs\"},\"wordCount\":329,\"commentCount\":0,\"image\":{\"@id\":\"https:\/\/www.africa-press.net\/mali\/economie\/rationnement-temporaire-des-hydrocarbures-pour-gros-porteurs#primaryimage\"},\"thumbnailUrl\":\"https:\/\/static.africa-press.net\/mali\/sites\/21\/2026\/03\/sm_1773436860.504243.jpg\",\"keywords\":[\"mali\"],\"articleSection\":[\"\u00c9conomie\",\"Toutes les actualit\u00e9s\"],\"inLanguage\":\"fr-FR\",\"potentialAction\":[{\"@type\":\"CommentAction\",\"name\":\"Comment\",\"target\":[\"https:\/\/www.africa-press.net\/mali\/economie\/rationnement-temporaire-des-hydrocarbures-pour-gros-porteurs#respond\"]}]},{\"@type\":\"WebPage\",\"@id\":\"https:\/\/www.africa-press.net\/mali\/economie\/rationnement-temporaire-des-hydrocarbures-pour-gros-porteurs\",\"url\":\"https:\/\/www.africa-press.net\/mali\/economie\/rationnement-temporaire-des-hydrocarbures-pour-gros-porteurs\",\"name\":\"Rationnement Temporaire des Hydrocarbures pour Gros Porteurs - Mali\",\"isPartOf\":{\"@id\":\"https:\/\/www.africa-press.net\/mali\/#website\"},\"primaryImageOfPage\":{\"@id\":\"https:\/\/www.africa-press.net\/mali\/economie\/rationnement-temporaire-des-hydrocarbures-pour-gros-porteurs#primaryimage\"},\"image\":{\"@id\":\"https:\/\/www.africa-press.net\/mali\/economie\/rationnement-temporaire-des-hydrocarbures-pour-gros-porteurs#primaryimage\"},\"thumbnailUrl\":\"https:\/\/static.africa-press.net\/mali\/sites\/21\/2026\/03\/sm_1773436860.504243.jpg\",\"datePublished\":\"2026-03-13T13:00:00+00:00\",\"dateModified\":\"2026-03-14T00:52:12+00:00\",\"author\":{\"@id\":\"https:\/\/www.africa-press.net\/mali\/#\/schema\/person\/2b1cf3cd81a31e3cd26889ca66d677f1\"},\"description\":\"Face aux tensions sur le marche\u0301 des hydrocarbures, le Comite\u0301 Interministe\u0301riel de Gestion des Crises et Catastrophes ( ...\",\"breadcrumb\":{\"@id\":\"https:\/\/www.africa-press.net\/mali\/economie\/rationnement-temporaire-des-hydrocarbures-pour-gros-porteurs#breadcrumb\"},\"inLanguage\":\"fr-FR\",\"potentialAction\":[{\"@type\":\"ReadAction\",\"target\":[\"https:\/\/www.africa-press.net\/mali\/economie\/rationnement-temporaire-des-hydrocarbures-pour-gros-porteurs\"]}]},{\"@type\":\"ImageObject\",\"inLanguage\":\"fr-FR\",\"@id\":\"https:\/\/www.africa-press.net\/mali\/economie\/rationnement-temporaire-des-hydrocarbures-pour-gros-porteurs#primaryimage\",\"url\":\"https:\/\/static.africa-press.net\/mali\/sites\/21\/2026\/03\/sm_1773436860.504243.jpg\",\"contentUrl\":\"https:\/\/static.africa-press.net\/mali\/sites\/21\/2026\/03\/sm_1773436860.504243.jpg\",\"width\":1280,\"height\":720,\"caption\":\"Rationnement Temporaire des Hydrocarbures pour Gros Porteurs\"},{\"@type\":\"BreadcrumbList\",\"@id\":\"https:\/\/www.africa-press.net\/mali\/economie\/rationnement-temporaire-des-hydrocarbures-pour-gros-porteurs#breadcrumb\",\"itemListElement\":[{\"@type\":\"ListItem\",\"position\":1,\"name\":\"Home\",\"item\":\"https:\/\/www.africa-press.net\/mali\/\"},{\"@type\":\"ListItem\",\"position\":2,\"name\":\"Rationnement Temporaire des Hydrocarbures pour Gros Porteurs\"}]},{\"@type\":\"WebSite\",\"@id\":\"https:\/\/www.africa-press.net\/mali\/#website\",\"url\":\"https:\/\/www.africa-press.net\/mali\/\",\"name\":\"Mali\",\"description\":\"Just another Africa News Agency Sites site\",\"potentialAction\":[{\"@type\":\"SearchAction\",\"target\":{\"@type\":\"EntryPoint\",\"urlTemplate\":\"https:\/\/www.africa-press.net\/mali\/?s={search_term_string}\"},\"query-input\":{\"@type\":\"PropertyValueSpecification\",\"valueRequired\":true,\"valueName\":\"search_term_string\"}}],\"inLanguage\":\"fr-FR\"},{\"@type\":\"Person\",\"@id\":\"https:\/\/www.africa-press.net\/mali\/#\/schema\/person\/2b1cf3cd81a31e3cd26889ca66d677f1\",\"name\":\"cfeditorfr\"}]}<\/script>\n<!-- \/ Yoast SEO Premium plugin. -->","yoast_head_json":{"title":"Rationnement Temporaire des Hydrocarbures pour Gros Porteurs - Mali","description":"Face aux tensions sur le marche\u0301 des hydrocarbures, le Comite\u0301 Interministe\u0301riel de Gestion des Crises et Catastrophes ( ...","robots":{"index":"index","follow":"follow","max-snippet":"max-snippet:-1","max-image-preview":"max-image-preview:large","max-video-preview":"max-video-preview:-1"},"canonical":"https:\/\/www.africa-press.net\/mali\/economie\/rationnement-temporaire-des-hydrocarbures-pour-gros-porteurs","og_locale":"fr_FR","og_type":"article","og_title":"Rationnement Temporaire des Hydrocarbures pour Gros Porteurs","og_description":"Face aux tensions sur le marche\u0301 des hydrocarbures, le Comite\u0301 Interministe\u0301riel de Gestion des Crises et Catastrophes ( ...","og_url":"https:\/\/www.africa-press.net\/mali\/economie\/rationnement-temporaire-des-hydrocarbures-pour-gros-porteurs","og_site_name":"Mali","article_publisher":"https:\/\/www.facebook.com\/AfricaPressTunisiaa","article_published_time":"2026-03-13T13:00:00+00:00","article_modified_time":"2026-03-14T00:52:12+00:00","og_image":[{"width":1280,"height":720,"url":"https:\/\/static.africa-press.net\/mali\/sites\/21\/2026\/03\/sm_1773436860.504243.jpg","type":"image\/jpeg"}],"author":"cfeditorfr","twitter_card":"summary_large_image","twitter_misc":{"\u00c9crit par":"cfeditorfr","Dur\u00e9e de lecture estim\u00e9e":"2 minutes"},"schema":{"@context":"https:\/\/schema.org","@graph":[{"@type":"Article","@id":"https:\/\/www.africa-press.net\/mali\/economie\/rationnement-temporaire-des-hydrocarbures-pour-gros-porteurs#article","isPartOf":{"@id":"https:\/\/www.africa-press.net\/mali\/economie\/rationnement-temporaire-des-hydrocarbures-pour-gros-porteurs"},"author":{"name":"cfeditorfr","@id":"https:\/\/www.africa-press.net\/mali\/#\/schema\/person\/2b1cf3cd81a31e3cd26889ca66d677f1"},"headline":"Rationnement Temporaire des Hydrocarbures pour Gros Porteurs","datePublished":"2026-03-13T13:00:00+00:00","dateModified":"2026-03-14T00:52:12+00:00","mainEntityOfPage":{"@id":"https:\/\/www.africa-press.net\/mali\/economie\/rationnement-temporaire-des-hydrocarbures-pour-gros-porteurs"},"wordCount":329,"commentCount":0,"image":{"@id":"https:\/\/www.africa-press.net\/mali\/economie\/rationnement-temporaire-des-hydrocarbures-pour-gros-porteurs#primaryimage"},"thumbnailUrl":"https:\/\/static.africa-press.net\/mali\/sites\/21\/2026\/03\/sm_1773436860.504243.jpg","keywords":["mali"],"articleSection":["\u00c9conomie","Toutes les actualit\u00e9s"],"inLanguage":"fr-FR","potentialAction":[{"@type":"CommentAction","name":"Comment","target":["https:\/\/www.africa-press.net\/mali\/economie\/rationnement-temporaire-des-hydrocarbures-pour-gros-porteurs#respond"]}]},{"@type":"WebPage","@id":"https:\/\/www.africa-press.net\/mali\/economie\/rationnement-temporaire-des-hydrocarbures-pour-gros-porteurs","url":"https:\/\/www.africa-press.net\/mali\/economie\/rationnement-temporaire-des-hydrocarbures-pour-gros-porteurs","name":"Rationnement Temporaire des Hydrocarbures pour Gros Porteurs - Mali","isPartOf":{"@id":"https:\/\/www.africa-press.net\/mali\/#website"},"primaryImageOfPage":{"@id":"https:\/\/www.africa-press.net\/mali\/economie\/rationnement-temporaire-des-hydrocarbures-pour-gros-porteurs#primaryimage"},"image":{"@id":"https:\/\/www.africa-press.net\/mali\/economie\/rationnement-temporaire-des-hydrocarbures-pour-gros-porteurs#primaryimage"},"thumbnailUrl":"https:\/\/static.africa-press.net\/mali\/sites\/21\/2026\/03\/sm_1773436860.504243.jpg","datePublished":"2026-03-13T13:00:00+00:00","dateModified":"2026-03-14T00:52:12+00:00","author":{"@id":"https:\/\/www.africa-press.net\/mali\/#\/schema\/person\/2b1cf3cd81a31e3cd26889ca66d677f1"},"description":"Face aux tensions sur le marche\u0301 des hydrocarbures, le Comite\u0301 Interministe\u0301riel de Gestion des Crises et Catastrophes ( ...","breadcrumb":{"@id":"https:\/\/www.africa-press.net\/mali\/economie\/rationnement-temporaire-des-hydrocarbures-pour-gros-porteurs#breadcrumb"},"inLanguage":"fr-FR","potentialAction":[{"@type":"ReadAction","target":["https:\/\/www.africa-press.net\/mali\/economie\/rationnement-temporaire-des-hydrocarbures-pour-gros-porteurs"]}]},{"@type":"ImageObject","inLanguage":"fr-FR","@id":"https:\/\/www.africa-press.net\/mali\/economie\/rationnement-temporaire-des-hydrocarbures-pour-gros-porteurs#primaryimage","url":"https:\/\/static.africa-press.net\/mali\/sites\/21\/2026\/03\/sm_1773436860.504243.jpg","contentUrl":"https:\/\/static.africa-press.net\/mali\/sites\/21\/2026\/03\/sm_1773436860.504243.jpg","width":1280,"height":720,"caption":"Rationnement Temporaire des Hydrocarbures pour Gros Porteurs"},{"@type":"BreadcrumbList","@id":"https:\/\/www.africa-press.net\/mali\/economie\/rationnement-temporaire-des-hydrocarbures-pour-gros-porteurs#breadcrumb","itemListElement":[{"@type":"ListItem","position":1,"name":"Home","item":"https:\/\/www.africa-press.net\/mali\/"},{"@type":"ListItem","position":2,"name":"Rationnement Temporaire des Hydrocarbures pour Gros Porteurs"}]},{"@type":"WebSite","@id":"https:\/\/www.africa-press.net\/mali\/#website","url":"https:\/\/www.africa-press.net\/mali\/","name":"Mali","description":"Just another Africa News Agency Sites site","potentialAction":[{"@type":"SearchAction","target":{"@type":"EntryPoint","urlTemplate":"https:\/\/www.africa-press.net\/mali\/?s={search_term_string}"},"query-input":{"@type":"PropertyValueSpecification","valueRequired":true,"valueName":"search_term_string"}}],"inLanguage":"fr-FR"},{"@type":"Person","@id":"https:\/\/www.africa-press.net\/mali\/#\/schema\/person\/2b1cf3cd81a31e3cd26889ca66d677f1","name":"cfeditorfr"}]}},"_links":{"self":[{"href":"https:\/\/www.africa-press.net\/mali\/wp-json\/wp\/v2\/posts\/60408","targetHints":{"allow":["GET"]}}],"collection":[{"href":"https:\/\/www.africa-press.net\/mali\/wp-json\/wp\/v2\/posts"}],"about":[{"href":"https:\/\/www.africa-press.net\/mali\/wp-json\/wp\/v2\/types\/post"}],"author":[{"embeddable":true,"href":"https:\/\/www.africa-press.net\/mali\/wp-json\/wp\/v2\/users\/82"}],"replies":[{"embeddable":true,"href":"https:\/\/www.africa-press.net\/mali\/wp-json\/wp\/v2\/comments?post=60408"}],"version-history":[{"count":0,"href":"https:\/\/www.africa-press.net\/mali\/wp-json\/wp\/v2\/posts\/60408\/revisions"}],"wp:featuredmedia":[{"embeddable":true,"href":"https:\/\/www.africa-press.net\/mali\/wp-json\/wp\/v2\/media\/60407"}],"wp:attachment":[{"href":"https:\/\/www.africa-press.net\/mali\/wp-json\/wp\/v2\/media?parent=60408"}],"wp:term":[{"taxonomy":"category","embeddable":true,"href":"https:\/\/www.africa-press.net\/mali\/wp-json\/wp\/v2\/categories?post=60408"},{"taxonomy":"post_tag","embeddable":true,"href":"https:\/\/www.africa-press.net\/mali\/wp-json\/wp\/v2\/tags?post=60408"}],"curies":[{"name":"wp","href":"https:\/\/api.w.org\/{rel}","templated":true}]}}