{"id":60410,"date":"2026-03-13T13:10:00","date_gmt":"2026-03-13T13:10:00","guid":{"rendered":"https:\/\/www.africa-press.net\/mali\/politique\/mali-etats-unis-pas-encore-de-cooperation-militaire"},"modified":"2026-03-14T00:52:47","modified_gmt":"2026-03-14T00:52:47","slug":"mali-etats-unis-pas-encore-de-cooperation-militaire","status":"publish","type":"post","link":"https:\/\/www.africa-press.net\/mali\/politique\/mali-etats-unis-pas-encore-de-cooperation-militaire","title":{"rendered":"Mali \u00c9tats-Unis pas Encore de Coop\u00e9ration Militaire"},"content":{"rendered":"<p><span style=\"color: #ff6600\"><strong>Africa-Press &#8211; Mali. <\/strong><\/span>Dans le cadre du dialogue politique re\u0301gulier entre les deux pays, le Mali et les E\u0301tats Unis d\u2019Ame\u0301rique ont eu des e\u0301changes directs, tant avec la repre\u0301sentation diplomatique ame\u0301ricaine au Mali qu\u2019avec des Hauts Fonctionnaires ame\u0301ricains en provenance de Washington.<\/p>\n<p>Les communique\u0301s et de\u0301clarations a\u0300 la presse a\u0300 la suite de ces rencontres indiquent que les e\u0301changes ont porte\u0301 sur de nombreux sujets d\u2019inte\u0301re\u0302t commun, notamment les questions sous re\u0301gionales, la lutte contre le terrorisme, la promotion des e\u0301changes e\u0301conomiques et commerciaux etc&#8230;<\/p>\n<p>Contrairement a\u0300 des articles de presse diffuse\u0301s par certains me\u0301dias, des sources bien introduites confirment a\u0300 notre re\u0301daction que le Mali n\u2019est ni demandeur, ni preneur, pour le moment, d\u2019une coope\u0301ration avec les E\u0301tats Unis d\u2019Ame\u0301rique dans le domaine militaire.<\/p>\n<p>Contacte\u0301s par notre re\u0301daction, des responsables en fonction re\u0301futent ainsi toute alle\u0301gation relative a\u0300 une pre\u0301tendue demande de coope\u0301ration de la part de Bamako, et de\u0301mentent e\u0301galement la perspective d\u2019un pre\u0301tendu \u00abAccord\u00bb. Ils ont e\u0301galement rejete\u0301 la de\u0301sinformation faisant e\u0301tat de la reprise de la coope\u0301ration ame\u0301ricaine, sous condition du de\u0301part d\u2019Africa Corps.<\/p>\n<p><strong>Pour plus d&rsquo;informations et d&rsquo;analyses sur la <span style=\"color: #ff6600\">Mali<\/span>, suivez <span style=\"color: #ff6600\">Africa-Press<\/span><\/strong><\/p>\n","protected":false},"excerpt":{"rendered":"<p>Africa-Press &#8211; Mali. Dans le cadre du dialogue politique re\u0301gulier entre les deux pays, le Mali et les E\u0301tats Unis d\u2019Ame\u0301rique ont eu des e\u0301changes directs, tant avec la repre\u0301sentation diplomatique ame\u0301ricaine au Mali qu\u2019avec des Hauts Fonctionnaires ame\u0301ricains en provenance de Washington. Les communique\u0301s et de\u0301clarations a\u0300 la presse a\u0300 la suite de ces [&hellip;]<\/p>\n","protected":false},"author":82,"featured_media":60409,"comment_status":"open","ping_status":"closed","sticky":false,"template":"","format":"standard","meta":{"footnotes":""},"categories":[7,17],"tags":[19],"class_list":["post-60410","post","type-post","status-publish","format-standard","has-post-thumbnail","hentry","category-politique","category-toutes-les-actualites","tag-mali"],"yoast_head":"<!-- This site is optimized with the Yoast SEO Premium plugin v26.1 (Yoast SEO v27.0) - https:\/\/yoast.com\/product\/yoast-seo-premium-wordpress\/ -->\n<title>Mali \u00c9tats-Unis pas Encore de Coop\u00e9ration Militaire - Mali<\/title>\n<meta name=\"description\" content=\"Dans le cadre du dialogue politique re\u0301gulier entre les deux pays, le Mali et les E\u0301tats Unis d\u2019Ame\u0301rique ont eu des e\u0301c ...\" \/>\n<meta name=\"robots\" content=\"index, follow, max-snippet:-1, max-image-preview:large, max-video-preview:-1\" \/>\n<link rel=\"canonical\" href=\"https:\/\/www.africa-press.net\/mali\/politique\/mali-etats-unis-pas-encore-de-cooperation-militaire\" \/>\n<meta property=\"og:locale\" content=\"fr_FR\" \/>\n<meta property=\"og:type\" content=\"article\" \/>\n<meta property=\"og:title\" content=\"Mali \u00c9tats-Unis pas Encore de Coop\u00e9ration Militaire\" \/>\n<meta property=\"og:description\" content=\"Dans le cadre du dialogue politique re\u0301gulier entre les deux pays, le Mali et les E\u0301tats Unis d\u2019Ame\u0301rique ont eu des e\u0301c ...\" \/>\n<meta property=\"og:url\" content=\"https:\/\/www.africa-press.net\/mali\/politique\/mali-etats-unis-pas-encore-de-cooperation-militaire\" \/>\n<meta property=\"og:site_name\" content=\"Mali\" \/>\n<meta property=\"article:publisher\" content=\"https:\/\/www.facebook.com\/AfricaPressTunisiaa\" \/>\n<meta property=\"article:published_time\" content=\"2026-03-13T13:10:00+00:00\" \/>\n<meta property=\"article:modified_time\" content=\"2026-03-14T00:52:47+00:00\" \/>\n<meta property=\"og:image\" content=\"https:\/\/static.africa-press.net\/mali\/sites\/21\/2026\/03\/sm_1773436877.89768.jpg\" \/>\n\t<meta property=\"og:image:width\" content=\"1280\" \/>\n\t<meta property=\"og:image:height\" content=\"720\" \/>\n\t<meta property=\"og:image:type\" content=\"image\/jpeg\" \/>\n<meta name=\"author\" content=\"cfeditorfr\" \/>\n<meta name=\"twitter:card\" content=\"summary_large_image\" \/>\n<meta name=\"twitter:label1\" content=\"\u00c9crit par\" \/>\n\t<meta name=\"twitter:data1\" content=\"cfeditorfr\" \/>\n\t<meta name=\"twitter:label2\" content=\"Dur\u00e9e de lecture estim\u00e9e\" \/>\n\t<meta name=\"twitter:data2\" content=\"2 minutes\" \/>\n<script type=\"application\/ld+json\" class=\"yoast-schema-graph\">{\"@context\":\"https:\/\/schema.org\",\"@graph\":[{\"@type\":\"Article\",\"@id\":\"https:\/\/www.africa-press.net\/mali\/politique\/mali-etats-unis-pas-encore-de-cooperation-militaire#article\",\"isPartOf\":{\"@id\":\"https:\/\/www.africa-press.net\/mali\/politique\/mali-etats-unis-pas-encore-de-cooperation-militaire\"},\"author\":{\"name\":\"cfeditorfr\",\"@id\":\"https:\/\/www.africa-press.net\/mali\/#\/schema\/person\/2b1cf3cd81a31e3cd26889ca66d677f1\"},\"headline\":\"Mali \u00c9tats-Unis pas Encore de Coop\u00e9ration Militaire\",\"datePublished\":\"2026-03-13T13:10:00+00:00\",\"dateModified\":\"2026-03-14T00:52:47+00:00\",\"mainEntityOfPage\":{\"@id\":\"https:\/\/www.africa-press.net\/mali\/politique\/mali-etats-unis-pas-encore-de-cooperation-militaire\"},\"wordCount\":243,\"commentCount\":0,\"image\":{\"@id\":\"https:\/\/www.africa-press.net\/mali\/politique\/mali-etats-unis-pas-encore-de-cooperation-militaire#primaryimage\"},\"thumbnailUrl\":\"https:\/\/static.africa-press.net\/mali\/sites\/21\/2026\/03\/sm_1773436877.89768.jpg\",\"keywords\":[\"mali\"],\"articleSection\":[\"Politique\",\"Toutes les actualit\u00e9s\"],\"inLanguage\":\"fr-FR\",\"potentialAction\":[{\"@type\":\"CommentAction\",\"name\":\"Comment\",\"target\":[\"https:\/\/www.africa-press.net\/mali\/politique\/mali-etats-unis-pas-encore-de-cooperation-militaire#respond\"]}]},{\"@type\":\"WebPage\",\"@id\":\"https:\/\/www.africa-press.net\/mali\/politique\/mali-etats-unis-pas-encore-de-cooperation-militaire\",\"url\":\"https:\/\/www.africa-press.net\/mali\/politique\/mali-etats-unis-pas-encore-de-cooperation-militaire\",\"name\":\"Mali \u00c9tats-Unis pas Encore de Coop\u00e9ration Militaire - Mali\",\"isPartOf\":{\"@id\":\"https:\/\/www.africa-press.net\/mali\/#website\"},\"primaryImageOfPage\":{\"@id\":\"https:\/\/www.africa-press.net\/mali\/politique\/mali-etats-unis-pas-encore-de-cooperation-militaire#primaryimage\"},\"image\":{\"@id\":\"https:\/\/www.africa-press.net\/mali\/politique\/mali-etats-unis-pas-encore-de-cooperation-militaire#primaryimage\"},\"thumbnailUrl\":\"https:\/\/static.africa-press.net\/mali\/sites\/21\/2026\/03\/sm_1773436877.89768.jpg\",\"datePublished\":\"2026-03-13T13:10:00+00:00\",\"dateModified\":\"2026-03-14T00:52:47+00:00\",\"author\":{\"@id\":\"https:\/\/www.africa-press.net\/mali\/#\/schema\/person\/2b1cf3cd81a31e3cd26889ca66d677f1\"},\"description\":\"Dans le cadre du dialogue politique re\u0301gulier entre les deux pays, le Mali et les E\u0301tats Unis d\u2019Ame\u0301rique ont eu des e\u0301c ...\",\"breadcrumb\":{\"@id\":\"https:\/\/www.africa-press.net\/mali\/politique\/mali-etats-unis-pas-encore-de-cooperation-militaire#breadcrumb\"},\"inLanguage\":\"fr-FR\",\"potentialAction\":[{\"@type\":\"ReadAction\",\"target\":[\"https:\/\/www.africa-press.net\/mali\/politique\/mali-etats-unis-pas-encore-de-cooperation-militaire\"]}]},{\"@type\":\"ImageObject\",\"inLanguage\":\"fr-FR\",\"@id\":\"https:\/\/www.africa-press.net\/mali\/politique\/mali-etats-unis-pas-encore-de-cooperation-militaire#primaryimage\",\"url\":\"https:\/\/static.africa-press.net\/mali\/sites\/21\/2026\/03\/sm_1773436877.89768.jpg\",\"contentUrl\":\"https:\/\/static.africa-press.net\/mali\/sites\/21\/2026\/03\/sm_1773436877.89768.jpg\",\"width\":1280,\"height\":720,\"caption\":\"Mali \u00c9tats-Unis pas Encore de Coop\u00e9ration Militaire\"},{\"@type\":\"BreadcrumbList\",\"@id\":\"https:\/\/www.africa-press.net\/mali\/politique\/mali-etats-unis-pas-encore-de-cooperation-militaire#breadcrumb\",\"itemListElement\":[{\"@type\":\"ListItem\",\"position\":1,\"name\":\"Home\",\"item\":\"https:\/\/www.africa-press.net\/mali\/\"},{\"@type\":\"ListItem\",\"position\":2,\"name\":\"Mali \u00c9tats-Unis pas Encore de Coop\u00e9ration Militaire\"}]},{\"@type\":\"WebSite\",\"@id\":\"https:\/\/www.africa-press.net\/mali\/#website\",\"url\":\"https:\/\/www.africa-press.net\/mali\/\",\"name\":\"Mali\",\"description\":\"Just another Africa News Agency Sites site\",\"potentialAction\":[{\"@type\":\"SearchAction\",\"target\":{\"@type\":\"EntryPoint\",\"urlTemplate\":\"https:\/\/www.africa-press.net\/mali\/?s={search_term_string}\"},\"query-input\":{\"@type\":\"PropertyValueSpecification\",\"valueRequired\":true,\"valueName\":\"search_term_string\"}}],\"inLanguage\":\"fr-FR\"},{\"@type\":\"Person\",\"@id\":\"https:\/\/www.africa-press.net\/mali\/#\/schema\/person\/2b1cf3cd81a31e3cd26889ca66d677f1\",\"name\":\"cfeditorfr\"}]}<\/script>\n<!-- \/ Yoast SEO Premium plugin. -->","yoast_head_json":{"title":"Mali \u00c9tats-Unis pas Encore de Coop\u00e9ration Militaire - Mali","description":"Dans le cadre du dialogue politique re\u0301gulier entre les deux pays, le Mali et les E\u0301tats Unis d\u2019Ame\u0301rique ont eu des e\u0301c ...","robots":{"index":"index","follow":"follow","max-snippet":"max-snippet:-1","max-image-preview":"max-image-preview:large","max-video-preview":"max-video-preview:-1"},"canonical":"https:\/\/www.africa-press.net\/mali\/politique\/mali-etats-unis-pas-encore-de-cooperation-militaire","og_locale":"fr_FR","og_type":"article","og_title":"Mali \u00c9tats-Unis pas Encore de Coop\u00e9ration Militaire","og_description":"Dans le cadre du dialogue politique re\u0301gulier entre les deux pays, le Mali et les E\u0301tats Unis d\u2019Ame\u0301rique ont eu des e\u0301c ...","og_url":"https:\/\/www.africa-press.net\/mali\/politique\/mali-etats-unis-pas-encore-de-cooperation-militaire","og_site_name":"Mali","article_publisher":"https:\/\/www.facebook.com\/AfricaPressTunisiaa","article_published_time":"2026-03-13T13:10:00+00:00","article_modified_time":"2026-03-14T00:52:47+00:00","og_image":[{"width":1280,"height":720,"url":"https:\/\/static.africa-press.net\/mali\/sites\/21\/2026\/03\/sm_1773436877.89768.jpg","type":"image\/jpeg"}],"author":"cfeditorfr","twitter_card":"summary_large_image","twitter_misc":{"\u00c9crit par":"cfeditorfr","Dur\u00e9e de lecture estim\u00e9e":"2 minutes"},"schema":{"@context":"https:\/\/schema.org","@graph":[{"@type":"Article","@id":"https:\/\/www.africa-press.net\/mali\/politique\/mali-etats-unis-pas-encore-de-cooperation-militaire#article","isPartOf":{"@id":"https:\/\/www.africa-press.net\/mali\/politique\/mali-etats-unis-pas-encore-de-cooperation-militaire"},"author":{"name":"cfeditorfr","@id":"https:\/\/www.africa-press.net\/mali\/#\/schema\/person\/2b1cf3cd81a31e3cd26889ca66d677f1"},"headline":"Mali \u00c9tats-Unis pas Encore de Coop\u00e9ration Militaire","datePublished":"2026-03-13T13:10:00+00:00","dateModified":"2026-03-14T00:52:47+00:00","mainEntityOfPage":{"@id":"https:\/\/www.africa-press.net\/mali\/politique\/mali-etats-unis-pas-encore-de-cooperation-militaire"},"wordCount":243,"commentCount":0,"image":{"@id":"https:\/\/www.africa-press.net\/mali\/politique\/mali-etats-unis-pas-encore-de-cooperation-militaire#primaryimage"},"thumbnailUrl":"https:\/\/static.africa-press.net\/mali\/sites\/21\/2026\/03\/sm_1773436877.89768.jpg","keywords":["mali"],"articleSection":["Politique","Toutes les actualit\u00e9s"],"inLanguage":"fr-FR","potentialAction":[{"@type":"CommentAction","name":"Comment","target":["https:\/\/www.africa-press.net\/mali\/politique\/mali-etats-unis-pas-encore-de-cooperation-militaire#respond"]}]},{"@type":"WebPage","@id":"https:\/\/www.africa-press.net\/mali\/politique\/mali-etats-unis-pas-encore-de-cooperation-militaire","url":"https:\/\/www.africa-press.net\/mali\/politique\/mali-etats-unis-pas-encore-de-cooperation-militaire","name":"Mali \u00c9tats-Unis pas Encore de Coop\u00e9ration Militaire - Mali","isPartOf":{"@id":"https:\/\/www.africa-press.net\/mali\/#website"},"primaryImageOfPage":{"@id":"https:\/\/www.africa-press.net\/mali\/politique\/mali-etats-unis-pas-encore-de-cooperation-militaire#primaryimage"},"image":{"@id":"https:\/\/www.africa-press.net\/mali\/politique\/mali-etats-unis-pas-encore-de-cooperation-militaire#primaryimage"},"thumbnailUrl":"https:\/\/static.africa-press.net\/mali\/sites\/21\/2026\/03\/sm_1773436877.89768.jpg","datePublished":"2026-03-13T13:10:00+00:00","dateModified":"2026-03-14T00:52:47+00:00","author":{"@id":"https:\/\/www.africa-press.net\/mali\/#\/schema\/person\/2b1cf3cd81a31e3cd26889ca66d677f1"},"description":"Dans le cadre du dialogue politique re\u0301gulier entre les deux pays, le Mali et les E\u0301tats Unis d\u2019Ame\u0301rique ont eu des e\u0301c ...","breadcrumb":{"@id":"https:\/\/www.africa-press.net\/mali\/politique\/mali-etats-unis-pas-encore-de-cooperation-militaire#breadcrumb"},"inLanguage":"fr-FR","potentialAction":[{"@type":"ReadAction","target":["https:\/\/www.africa-press.net\/mali\/politique\/mali-etats-unis-pas-encore-de-cooperation-militaire"]}]},{"@type":"ImageObject","inLanguage":"fr-FR","@id":"https:\/\/www.africa-press.net\/mali\/politique\/mali-etats-unis-pas-encore-de-cooperation-militaire#primaryimage","url":"https:\/\/static.africa-press.net\/mali\/sites\/21\/2026\/03\/sm_1773436877.89768.jpg","contentUrl":"https:\/\/static.africa-press.net\/mali\/sites\/21\/2026\/03\/sm_1773436877.89768.jpg","width":1280,"height":720,"caption":"Mali \u00c9tats-Unis pas Encore de Coop\u00e9ration Militaire"},{"@type":"BreadcrumbList","@id":"https:\/\/www.africa-press.net\/mali\/politique\/mali-etats-unis-pas-encore-de-cooperation-militaire#breadcrumb","itemListElement":[{"@type":"ListItem","position":1,"name":"Home","item":"https:\/\/www.africa-press.net\/mali\/"},{"@type":"ListItem","position":2,"name":"Mali \u00c9tats-Unis pas Encore de Coop\u00e9ration Militaire"}]},{"@type":"WebSite","@id":"https:\/\/www.africa-press.net\/mali\/#website","url":"https:\/\/www.africa-press.net\/mali\/","name":"Mali","description":"Just another Africa News Agency Sites site","potentialAction":[{"@type":"SearchAction","target":{"@type":"EntryPoint","urlTemplate":"https:\/\/www.africa-press.net\/mali\/?s={search_term_string}"},"query-input":{"@type":"PropertyValueSpecification","valueRequired":true,"valueName":"search_term_string"}}],"inLanguage":"fr-FR"},{"@type":"Person","@id":"https:\/\/www.africa-press.net\/mali\/#\/schema\/person\/2b1cf3cd81a31e3cd26889ca66d677f1","name":"cfeditorfr"}]}},"_links":{"self":[{"href":"https:\/\/www.africa-press.net\/mali\/wp-json\/wp\/v2\/posts\/60410","targetHints":{"allow":["GET"]}}],"collection":[{"href":"https:\/\/www.africa-press.net\/mali\/wp-json\/wp\/v2\/posts"}],"about":[{"href":"https:\/\/www.africa-press.net\/mali\/wp-json\/wp\/v2\/types\/post"}],"author":[{"embeddable":true,"href":"https:\/\/www.africa-press.net\/mali\/wp-json\/wp\/v2\/users\/82"}],"replies":[{"embeddable":true,"href":"https:\/\/www.africa-press.net\/mali\/wp-json\/wp\/v2\/comments?post=60410"}],"version-history":[{"count":0,"href":"https:\/\/www.africa-press.net\/mali\/wp-json\/wp\/v2\/posts\/60410\/revisions"}],"wp:featuredmedia":[{"embeddable":true,"href":"https:\/\/www.africa-press.net\/mali\/wp-json\/wp\/v2\/media\/60409"}],"wp:attachment":[{"href":"https:\/\/www.africa-press.net\/mali\/wp-json\/wp\/v2\/media?parent=60410"}],"wp:term":[{"taxonomy":"category","embeddable":true,"href":"https:\/\/www.africa-press.net\/mali\/wp-json\/wp\/v2\/categories?post=60410"},{"taxonomy":"post_tag","embeddable":true,"href":"https:\/\/www.africa-press.net\/mali\/wp-json\/wp\/v2\/tags?post=60410"}],"curies":[{"name":"wp","href":"https:\/\/api.w.org\/{rel}","templated":true}]}}