{"id":60412,"date":"2026-03-13T13:00:00","date_gmt":"2026-03-13T13:00:00","guid":{"rendered":"https:\/\/www.africa-press.net\/mali\/politique\/fonds-minier-de-developpement-local-remise-de-cheques-geants"},"modified":"2026-03-14T00:53:20","modified_gmt":"2026-03-14T00:53:20","slug":"fonds-minier-de-developpement-local-remise-de-cheques-geants","status":"publish","type":"post","link":"https:\/\/www.africa-press.net\/mali\/politique\/fonds-minier-de-developpement-local-remise-de-cheques-geants","title":{"rendered":"Fonds Minier de D\u00e9veloppement Local Remise de Ch\u00e8ques Geants"},"content":{"rendered":"<p><span style=\"color: #ff6600\"><strong>Africa-Press &#8211; Mali. <\/strong><\/span>Le Pre\u0301sident de la Transition, Son Excellence le Ge\u0301ne\u0301ral d\u2019Arme\u0301e Assimi GOI\u0308TA, Chef de l\u2019E\u0301tat, a pre\u0301side\u0301 la ce\u0301re\u0301monie de remise symbolique des che\u0300ques ge\u0301ants du Fonds minier de de\u0301veloppement local a\u0300 neuf (09) communes se\u0301lectionne\u0301es. Cette ce\u0301re\u0301monie, qui a enregistre\u0301 la pre\u0301sence du Premier ministre, du Pre\u0301sident du Conseil national de Transition, du ministre de l\u2019Administration territoriale et de la De\u0301centralisation, du ministre des Mines, de celui de l\u2019E\u0301conomie et des Finances ainsi que des membres du Gouvernement et des autorite\u0301s administratives et inde\u0301pendantes, tout comme du ministre commissaire charge\u0301 des questions minie\u0300res, s\u2019est tenue au palais de Koulouba, ce jeudi 12 mars 2026.<\/p>\n<p>Le Pre\u0301sident de la Transition a saisi l\u2019occasion pour fe\u0301liciter le Gouvernement pour avoir mis en \u0153uvre cette recommandation des Assises nationales de la Refondation. \u00ab Nous sommes tre\u0300s heureux et tre\u0300s satisfaits d\u2019avoir concre\u0301tise\u0301 ce v\u0153u du peuple malien \u00bb, a-t-il de\u0301clare\u0301 dans une interview accorde\u0301e a\u0300 la presse a\u0300 l\u2019issue de la ce\u0301re\u0301monie.<\/p>\n<p>Au total, pour l\u2019exercice 2025, le Fonds minier de de\u0301veloppement local s\u2019e\u0301le\u0300ve a\u0300 plus de dix-huit milliards quatre cents millions (18 400 000 000) de FCFA, a explique\u0301 M. le ministre d\u2019E\u0301tat, ministre de l\u2019E\u0301conomie et des Finances, M. Alousse\u0301ni SANOU. La redistribution de ce fonds a e\u0301te\u0301 effectue\u0301e a\u0300 l\u2019issue de la premie\u0300re re\u0301union du Comite\u0301 de suivi du fonds minier, le 2 mars dernier, conforme\u0301ment aux dispositions de l\u2019Arre\u0302te\u0301 interministe\u0301riel n\u00b02025-0292\/MEF-MM-MATD-SG du 27 fe\u0301vrier 2026, qui fixe la pe\u0301re\u0301quation des ressources du Fonds minier de de\u0301veloppement local revenant a\u0300 chaque collectivite\u0301 territoriale, a explique\u0301 le ministre SANOU. Il a explique\u0301 aussi la provenance de ce fonds qui constitue la contribution des titulaires de titres miniers d\u2019exploitation de mines et des be\u0301ne\u0301ficiaires d\u2019autorisations industrielles de substances de carrie\u0300res.<\/p>\n<p>Conforme\u0301ment a\u0300 ce dispositif de redistribution, 50 % reviennent aux communes affecte\u0301es de la zone minie\u0300re ; 25 % aux autres collectivite\u0301s territoriales de la zone minie\u0300re ; et les 25 % restants aux collectivite\u0301s territoriales des autres re\u0301gions du Mali. Cette cle\u0301 de re\u0301partition, souligne le ministre d\u2019E\u0301tat SANOU, \u00ab respecte le principe de justice territoriale \u00bb. La remise de che\u0300ques constitue une mate\u0301rialisation manifeste de la volonte\u0301 de l\u2019E\u0301tat d\u2019accompagner les collectivite\u0301s locales. Il les exhorte a\u0300 faire un usage judicieux de ce fonds dans des projets structurants, dont le suivi sera re\u0301gulier.<\/p>\n<p>Cette remise symbolique a concerne\u0301 les re\u0301gions de Kayes, Koulikoro, Sikasso, Bougouni, Kita, Tombouctou, San, Gao et Kidal. Mais il est a\u0300 souligner que ce fonds collecte\u0301 est re\u0301parti entre l\u2019ensemble des 819 communes du Mali.<\/p>\n<p>Apre\u0300s la remise des che\u0300ques ge\u0301ants, le porte-parole des be\u0301ne\u0301ficiaires, M. Ye\u0301hia HA KONTA, maire de la commune rurale d\u2019Alafia, dans la re\u0301gion de Tombouctou, a adresse\u0301 ses vifs remerciements au Pre\u0301sident de la Transition pour l\u2019initiative de la relecture du Code minier et de l\u2019e\u0301laboration d\u2019un contenu local en 2023 afin de faire profiter toute la population malienne des retombe\u0301es de l\u2019exploitation minie\u0300re. Cette redistribution des richesses minie\u0300res est une traduction manifeste de l\u2019engagement des autorite\u0301s maliennes de la Transition pour le de\u0301veloppement de l\u2019ensemble des communes du Mali. Elle donne espoir a\u0300 toutes les collectivite\u0301s. Cette dynamique, a pre\u0301cise\u0301 l\u2019e\u0301lu communal, favorise l\u2019e\u0301mulation entre les collectivite\u0301s. Il a donne\u0301 l\u2019engagement ferme qu\u2019une utilisation judicieuse sera faite des fonds rec\u0327us.<\/p>\n<p>Avec ce fonds, le Chef de l\u2019E\u0301tat espe\u0300re des re\u0301sultats tangibles a\u0300 travers l\u2019ame\u0301lioration des conditions de vie des populations gra\u0302ce aux projets structurants qui verront le jour. Ce fonds devrait permettre de minimiser les impacts ne\u0301gatifs des exploitations minie\u0300res sur les populations. Le Pre\u0301sident GOI\u0308TA a donc explique\u0301 le dispositif mis en place pour la re\u0301alisation et le suivi des projets structurants, gra\u0302ce aux trois filtres instaure\u0301s: le comite\u0301 communal, le comite\u0301 re\u0301gional et le comite\u0301 national. \u00ab Un changement notoire devrait e\u0302tre observe\u0301 dans la vie des communes \u00bb, espe\u0300re le Chef de l\u2019E\u0301tat, avant d\u2019indiquer que le Fonds minier devrait permettre aussi de \u00ab donner un nouveau visage aux communes \u00bb.<\/p>\n<p>Le Pre\u0301sident de la Transition rassure de l\u2019existence d\u2019un me\u0301canisme de suivi de l\u2019utilisation de l\u2019argent rec\u0327u par les communes. \u00ab Ce fonds sera utilise\u0301 a\u0300 bon escient \u00bb, assure-t-il, car son \u00ab objectif est le bien-e\u0302tre des populations \u00bb. Les comite\u0301s communal, re\u0301gional et national permettront un suivi re\u0301gulier de l\u2019utilisation de ce fonds. \u00ab Tout manquement fera l\u2019objet de proce\u0301dures judiciaires \u00bb, conforme\u0301ment a\u0300 l\u2019engagement des autorite\u0301s maliennes dans la lutte contre la corruption.<\/p>\n<p><strong>Pour plus d&rsquo;informations et d&rsquo;analyses sur la <span style=\"color: #ff6600\">Mali<\/span>, suivez <span style=\"color: #ff6600\">Africa-Press<\/span><\/strong><\/p>\n","protected":false},"excerpt":{"rendered":"<p>Africa-Press &#8211; Mali. Le Pre\u0301sident de la Transition, Son Excellence le Ge\u0301ne\u0301ral d\u2019Arme\u0301e Assimi GOI\u0308TA, Chef de l\u2019E\u0301tat, a pre\u0301side\u0301 la ce\u0301re\u0301monie de remise symbolique des che\u0300ques ge\u0301ants du Fonds minier de de\u0301veloppement local a\u0300 neuf (09) communes se\u0301lectionne\u0301es. Cette ce\u0301re\u0301monie, qui a enregistre\u0301 la pre\u0301sence du Premier ministre, du Pre\u0301sident du Conseil national de [&hellip;]<\/p>\n","protected":false},"author":82,"featured_media":60411,"comment_status":"open","ping_status":"closed","sticky":false,"template":"","format":"standard","meta":{"footnotes":""},"categories":[7,17],"tags":[19],"class_list":["post-60412","post","type-post","status-publish","format-standard","has-post-thumbnail","hentry","category-politique","category-toutes-les-actualites","tag-mali"],"yoast_head":"<!-- This site is optimized with the Yoast SEO Premium plugin v26.1 (Yoast SEO v27.0) - https:\/\/yoast.com\/product\/yoast-seo-premium-wordpress\/ -->\n<title>Fonds Minier de D\u00e9veloppement Local Remise de Ch\u00e8ques Geants - Mali<\/title>\n<meta name=\"description\" content=\"Le Pre\u0301sident de la Transition, Son Excellence le Ge\u0301ne\u0301ral d\u2019Arme\u0301e Assimi GOI\u0308TA, Chef de l\u2019E\u0301tat, a pre\u0301side\u0301 la ce\u0301r ...\" \/>\n<meta name=\"robots\" content=\"index, follow, max-snippet:-1, max-image-preview:large, max-video-preview:-1\" \/>\n<link rel=\"canonical\" href=\"https:\/\/www.africa-press.net\/mali\/politique\/fonds-minier-de-developpement-local-remise-de-cheques-geants\" \/>\n<meta property=\"og:locale\" content=\"fr_FR\" \/>\n<meta property=\"og:type\" content=\"article\" \/>\n<meta property=\"og:title\" content=\"Fonds Minier de D\u00e9veloppement Local Remise de Ch\u00e8ques Geants\" \/>\n<meta property=\"og:description\" content=\"Le Pre\u0301sident de la Transition, Son Excellence le Ge\u0301ne\u0301ral d\u2019Arme\u0301e Assimi GOI\u0308TA, Chef de l\u2019E\u0301tat, a pre\u0301side\u0301 la ce\u0301r ...\" \/>\n<meta property=\"og:url\" content=\"https:\/\/www.africa-press.net\/mali\/politique\/fonds-minier-de-developpement-local-remise-de-cheques-geants\" \/>\n<meta property=\"og:site_name\" content=\"Mali\" \/>\n<meta property=\"article:publisher\" content=\"https:\/\/www.facebook.com\/AfricaPressTunisiaa\" \/>\n<meta property=\"article:published_time\" content=\"2026-03-13T13:00:00+00:00\" \/>\n<meta property=\"article:modified_time\" content=\"2026-03-14T00:53:20+00:00\" \/>\n<meta property=\"og:image\" content=\"https:\/\/static.africa-press.net\/mali\/sites\/21\/2026\/03\/sm_1773436898.474563.jpg\" \/>\n\t<meta property=\"og:image:width\" content=\"1280\" \/>\n\t<meta property=\"og:image:height\" content=\"720\" \/>\n\t<meta property=\"og:image:type\" content=\"image\/jpeg\" \/>\n<meta name=\"author\" content=\"cfeditorfr\" \/>\n<meta name=\"twitter:card\" content=\"summary_large_image\" \/>\n<meta name=\"twitter:label1\" content=\"\u00c9crit par\" \/>\n\t<meta name=\"twitter:data1\" content=\"cfeditorfr\" \/>\n\t<meta name=\"twitter:label2\" content=\"Dur\u00e9e de lecture estim\u00e9e\" \/>\n\t<meta name=\"twitter:data2\" content=\"4 minutes\" \/>\n<script type=\"application\/ld+json\" class=\"yoast-schema-graph\">{\"@context\":\"https:\/\/schema.org\",\"@graph\":[{\"@type\":\"Article\",\"@id\":\"https:\/\/www.africa-press.net\/mali\/politique\/fonds-minier-de-developpement-local-remise-de-cheques-geants#article\",\"isPartOf\":{\"@id\":\"https:\/\/www.africa-press.net\/mali\/politique\/fonds-minier-de-developpement-local-remise-de-cheques-geants\"},\"author\":{\"name\":\"cfeditorfr\",\"@id\":\"https:\/\/www.africa-press.net\/mali\/#\/schema\/person\/2b1cf3cd81a31e3cd26889ca66d677f1\"},\"headline\":\"Fonds Minier de D\u00e9veloppement Local Remise de Ch\u00e8ques Geants\",\"datePublished\":\"2026-03-13T13:00:00+00:00\",\"dateModified\":\"2026-03-14T00:53:20+00:00\",\"mainEntityOfPage\":{\"@id\":\"https:\/\/www.africa-press.net\/mali\/politique\/fonds-minier-de-developpement-local-remise-de-cheques-geants\"},\"wordCount\":881,\"commentCount\":0,\"image\":{\"@id\":\"https:\/\/www.africa-press.net\/mali\/politique\/fonds-minier-de-developpement-local-remise-de-cheques-geants#primaryimage\"},\"thumbnailUrl\":\"https:\/\/static.africa-press.net\/mali\/sites\/21\/2026\/03\/sm_1773436898.474563.jpg\",\"keywords\":[\"mali\"],\"articleSection\":[\"Politique\",\"Toutes les actualit\u00e9s\"],\"inLanguage\":\"fr-FR\",\"potentialAction\":[{\"@type\":\"CommentAction\",\"name\":\"Comment\",\"target\":[\"https:\/\/www.africa-press.net\/mali\/politique\/fonds-minier-de-developpement-local-remise-de-cheques-geants#respond\"]}]},{\"@type\":\"WebPage\",\"@id\":\"https:\/\/www.africa-press.net\/mali\/politique\/fonds-minier-de-developpement-local-remise-de-cheques-geants\",\"url\":\"https:\/\/www.africa-press.net\/mali\/politique\/fonds-minier-de-developpement-local-remise-de-cheques-geants\",\"name\":\"Fonds Minier de D\u00e9veloppement Local Remise de Ch\u00e8ques Geants - Mali\",\"isPartOf\":{\"@id\":\"https:\/\/www.africa-press.net\/mali\/#website\"},\"primaryImageOfPage\":{\"@id\":\"https:\/\/www.africa-press.net\/mali\/politique\/fonds-minier-de-developpement-local-remise-de-cheques-geants#primaryimage\"},\"image\":{\"@id\":\"https:\/\/www.africa-press.net\/mali\/politique\/fonds-minier-de-developpement-local-remise-de-cheques-geants#primaryimage\"},\"thumbnailUrl\":\"https:\/\/static.africa-press.net\/mali\/sites\/21\/2026\/03\/sm_1773436898.474563.jpg\",\"datePublished\":\"2026-03-13T13:00:00+00:00\",\"dateModified\":\"2026-03-14T00:53:20+00:00\",\"author\":{\"@id\":\"https:\/\/www.africa-press.net\/mali\/#\/schema\/person\/2b1cf3cd81a31e3cd26889ca66d677f1\"},\"description\":\"Le Pre\u0301sident de la Transition, Son Excellence le Ge\u0301ne\u0301ral d\u2019Arme\u0301e Assimi GOI\u0308TA, Chef de l\u2019E\u0301tat, a pre\u0301side\u0301 la ce\u0301r ...\",\"breadcrumb\":{\"@id\":\"https:\/\/www.africa-press.net\/mali\/politique\/fonds-minier-de-developpement-local-remise-de-cheques-geants#breadcrumb\"},\"inLanguage\":\"fr-FR\",\"potentialAction\":[{\"@type\":\"ReadAction\",\"target\":[\"https:\/\/www.africa-press.net\/mali\/politique\/fonds-minier-de-developpement-local-remise-de-cheques-geants\"]}]},{\"@type\":\"ImageObject\",\"inLanguage\":\"fr-FR\",\"@id\":\"https:\/\/www.africa-press.net\/mali\/politique\/fonds-minier-de-developpement-local-remise-de-cheques-geants#primaryimage\",\"url\":\"https:\/\/static.africa-press.net\/mali\/sites\/21\/2026\/03\/sm_1773436898.474563.jpg\",\"contentUrl\":\"https:\/\/static.africa-press.net\/mali\/sites\/21\/2026\/03\/sm_1773436898.474563.jpg\",\"width\":1280,\"height\":720,\"caption\":\"Fonds Minier de D\u00e9veloppement Local Remise de Ch\u00e8ques Geants\"},{\"@type\":\"BreadcrumbList\",\"@id\":\"https:\/\/www.africa-press.net\/mali\/politique\/fonds-minier-de-developpement-local-remise-de-cheques-geants#breadcrumb\",\"itemListElement\":[{\"@type\":\"ListItem\",\"position\":1,\"name\":\"Home\",\"item\":\"https:\/\/www.africa-press.net\/mali\/\"},{\"@type\":\"ListItem\",\"position\":2,\"name\":\"Fonds Minier de D\u00e9veloppement Local Remise de Ch\u00e8ques Geants\"}]},{\"@type\":\"WebSite\",\"@id\":\"https:\/\/www.africa-press.net\/mali\/#website\",\"url\":\"https:\/\/www.africa-press.net\/mali\/\",\"name\":\"Mali\",\"description\":\"Just another Africa News Agency Sites site\",\"potentialAction\":[{\"@type\":\"SearchAction\",\"target\":{\"@type\":\"EntryPoint\",\"urlTemplate\":\"https:\/\/www.africa-press.net\/mali\/?s={search_term_string}\"},\"query-input\":{\"@type\":\"PropertyValueSpecification\",\"valueRequired\":true,\"valueName\":\"search_term_string\"}}],\"inLanguage\":\"fr-FR\"},{\"@type\":\"Person\",\"@id\":\"https:\/\/www.africa-press.net\/mali\/#\/schema\/person\/2b1cf3cd81a31e3cd26889ca66d677f1\",\"name\":\"cfeditorfr\"}]}<\/script>\n<!-- \/ Yoast SEO Premium plugin. -->","yoast_head_json":{"title":"Fonds Minier de D\u00e9veloppement Local Remise de Ch\u00e8ques Geants - Mali","description":"Le Pre\u0301sident de la Transition, Son Excellence le Ge\u0301ne\u0301ral d\u2019Arme\u0301e Assimi GOI\u0308TA, Chef de l\u2019E\u0301tat, a pre\u0301side\u0301 la ce\u0301r ...","robots":{"index":"index","follow":"follow","max-snippet":"max-snippet:-1","max-image-preview":"max-image-preview:large","max-video-preview":"max-video-preview:-1"},"canonical":"https:\/\/www.africa-press.net\/mali\/politique\/fonds-minier-de-developpement-local-remise-de-cheques-geants","og_locale":"fr_FR","og_type":"article","og_title":"Fonds Minier de D\u00e9veloppement Local Remise de Ch\u00e8ques Geants","og_description":"Le Pre\u0301sident de la Transition, Son Excellence le Ge\u0301ne\u0301ral d\u2019Arme\u0301e Assimi GOI\u0308TA, Chef de l\u2019E\u0301tat, a pre\u0301side\u0301 la ce\u0301r ...","og_url":"https:\/\/www.africa-press.net\/mali\/politique\/fonds-minier-de-developpement-local-remise-de-cheques-geants","og_site_name":"Mali","article_publisher":"https:\/\/www.facebook.com\/AfricaPressTunisiaa","article_published_time":"2026-03-13T13:00:00+00:00","article_modified_time":"2026-03-14T00:53:20+00:00","og_image":[{"width":1280,"height":720,"url":"https:\/\/static.africa-press.net\/mali\/sites\/21\/2026\/03\/sm_1773436898.474563.jpg","type":"image\/jpeg"}],"author":"cfeditorfr","twitter_card":"summary_large_image","twitter_misc":{"\u00c9crit par":"cfeditorfr","Dur\u00e9e de lecture estim\u00e9e":"4 minutes"},"schema":{"@context":"https:\/\/schema.org","@graph":[{"@type":"Article","@id":"https:\/\/www.africa-press.net\/mali\/politique\/fonds-minier-de-developpement-local-remise-de-cheques-geants#article","isPartOf":{"@id":"https:\/\/www.africa-press.net\/mali\/politique\/fonds-minier-de-developpement-local-remise-de-cheques-geants"},"author":{"name":"cfeditorfr","@id":"https:\/\/www.africa-press.net\/mali\/#\/schema\/person\/2b1cf3cd81a31e3cd26889ca66d677f1"},"headline":"Fonds Minier de D\u00e9veloppement Local Remise de Ch\u00e8ques Geants","datePublished":"2026-03-13T13:00:00+00:00","dateModified":"2026-03-14T00:53:20+00:00","mainEntityOfPage":{"@id":"https:\/\/www.africa-press.net\/mali\/politique\/fonds-minier-de-developpement-local-remise-de-cheques-geants"},"wordCount":881,"commentCount":0,"image":{"@id":"https:\/\/www.africa-press.net\/mali\/politique\/fonds-minier-de-developpement-local-remise-de-cheques-geants#primaryimage"},"thumbnailUrl":"https:\/\/static.africa-press.net\/mali\/sites\/21\/2026\/03\/sm_1773436898.474563.jpg","keywords":["mali"],"articleSection":["Politique","Toutes les actualit\u00e9s"],"inLanguage":"fr-FR","potentialAction":[{"@type":"CommentAction","name":"Comment","target":["https:\/\/www.africa-press.net\/mali\/politique\/fonds-minier-de-developpement-local-remise-de-cheques-geants#respond"]}]},{"@type":"WebPage","@id":"https:\/\/www.africa-press.net\/mali\/politique\/fonds-minier-de-developpement-local-remise-de-cheques-geants","url":"https:\/\/www.africa-press.net\/mali\/politique\/fonds-minier-de-developpement-local-remise-de-cheques-geants","name":"Fonds Minier de D\u00e9veloppement Local Remise de Ch\u00e8ques Geants - Mali","isPartOf":{"@id":"https:\/\/www.africa-press.net\/mali\/#website"},"primaryImageOfPage":{"@id":"https:\/\/www.africa-press.net\/mali\/politique\/fonds-minier-de-developpement-local-remise-de-cheques-geants#primaryimage"},"image":{"@id":"https:\/\/www.africa-press.net\/mali\/politique\/fonds-minier-de-developpement-local-remise-de-cheques-geants#primaryimage"},"thumbnailUrl":"https:\/\/static.africa-press.net\/mali\/sites\/21\/2026\/03\/sm_1773436898.474563.jpg","datePublished":"2026-03-13T13:00:00+00:00","dateModified":"2026-03-14T00:53:20+00:00","author":{"@id":"https:\/\/www.africa-press.net\/mali\/#\/schema\/person\/2b1cf3cd81a31e3cd26889ca66d677f1"},"description":"Le Pre\u0301sident de la Transition, Son Excellence le Ge\u0301ne\u0301ral d\u2019Arme\u0301e Assimi GOI\u0308TA, Chef de l\u2019E\u0301tat, a pre\u0301side\u0301 la ce\u0301r ...","breadcrumb":{"@id":"https:\/\/www.africa-press.net\/mali\/politique\/fonds-minier-de-developpement-local-remise-de-cheques-geants#breadcrumb"},"inLanguage":"fr-FR","potentialAction":[{"@type":"ReadAction","target":["https:\/\/www.africa-press.net\/mali\/politique\/fonds-minier-de-developpement-local-remise-de-cheques-geants"]}]},{"@type":"ImageObject","inLanguage":"fr-FR","@id":"https:\/\/www.africa-press.net\/mali\/politique\/fonds-minier-de-developpement-local-remise-de-cheques-geants#primaryimage","url":"https:\/\/static.africa-press.net\/mali\/sites\/21\/2026\/03\/sm_1773436898.474563.jpg","contentUrl":"https:\/\/static.africa-press.net\/mali\/sites\/21\/2026\/03\/sm_1773436898.474563.jpg","width":1280,"height":720,"caption":"Fonds Minier de D\u00e9veloppement Local Remise de Ch\u00e8ques Geants"},{"@type":"BreadcrumbList","@id":"https:\/\/www.africa-press.net\/mali\/politique\/fonds-minier-de-developpement-local-remise-de-cheques-geants#breadcrumb","itemListElement":[{"@type":"ListItem","position":1,"name":"Home","item":"https:\/\/www.africa-press.net\/mali\/"},{"@type":"ListItem","position":2,"name":"Fonds Minier de D\u00e9veloppement Local Remise de Ch\u00e8ques Geants"}]},{"@type":"WebSite","@id":"https:\/\/www.africa-press.net\/mali\/#website","url":"https:\/\/www.africa-press.net\/mali\/","name":"Mali","description":"Just another Africa News Agency Sites site","potentialAction":[{"@type":"SearchAction","target":{"@type":"EntryPoint","urlTemplate":"https:\/\/www.africa-press.net\/mali\/?s={search_term_string}"},"query-input":{"@type":"PropertyValueSpecification","valueRequired":true,"valueName":"search_term_string"}}],"inLanguage":"fr-FR"},{"@type":"Person","@id":"https:\/\/www.africa-press.net\/mali\/#\/schema\/person\/2b1cf3cd81a31e3cd26889ca66d677f1","name":"cfeditorfr"}]}},"_links":{"self":[{"href":"https:\/\/www.africa-press.net\/mali\/wp-json\/wp\/v2\/posts\/60412","targetHints":{"allow":["GET"]}}],"collection":[{"href":"https:\/\/www.africa-press.net\/mali\/wp-json\/wp\/v2\/posts"}],"about":[{"href":"https:\/\/www.africa-press.net\/mali\/wp-json\/wp\/v2\/types\/post"}],"author":[{"embeddable":true,"href":"https:\/\/www.africa-press.net\/mali\/wp-json\/wp\/v2\/users\/82"}],"replies":[{"embeddable":true,"href":"https:\/\/www.africa-press.net\/mali\/wp-json\/wp\/v2\/comments?post=60412"}],"version-history":[{"count":0,"href":"https:\/\/www.africa-press.net\/mali\/wp-json\/wp\/v2\/posts\/60412\/revisions"}],"wp:featuredmedia":[{"embeddable":true,"href":"https:\/\/www.africa-press.net\/mali\/wp-json\/wp\/v2\/media\/60411"}],"wp:attachment":[{"href":"https:\/\/www.africa-press.net\/mali\/wp-json\/wp\/v2\/media?parent=60412"}],"wp:term":[{"taxonomy":"category","embeddable":true,"href":"https:\/\/www.africa-press.net\/mali\/wp-json\/wp\/v2\/categories?post=60412"},{"taxonomy":"post_tag","embeddable":true,"href":"https:\/\/www.africa-press.net\/mali\/wp-json\/wp\/v2\/tags?post=60412"}],"curies":[{"name":"wp","href":"https:\/\/api.w.org\/{rel}","templated":true}]}}