{"id":60469,"date":"2026-03-15T13:00:00","date_gmt":"2026-03-15T13:00:00","guid":{"rendered":"https:\/\/www.africa-press.net\/mali\/politique\/liberation-de-prisonniers-trois-evasions-reussies"},"modified":"2026-03-18T23:08:10","modified_gmt":"2026-03-18T23:08:10","slug":"liberation-de-prisonniers-trois-evasions-reussies","status":"publish","type":"post","link":"https:\/\/www.africa-press.net\/mali\/top-nouvelles\/liberation-de-prisonniers-trois-evasions-reussies","title":{"rendered":"Libe\u0301ration de Prisonniers: Trois E\u0301vasions Re\u0301ussies"},"content":{"rendered":"<p><span style=\"color: #ff6600\"><strong>Africa-Press &#8211; Mali. <\/strong><\/span>A travers un communique\u0301 publie\u0301 ce dimanche 15 mars 2026, l\u2019E\u0301tat-Major Ge\u0301ne\u0301ral des Arme\u0301es a informe\u0301 l&rsquo;opinion nationale de la libe\u0301ration de trois compatriotes, dont deux militaires et une autorite\u0301 civile, apre\u0300s plusieurs mois de captivite\u0301.<\/p>\n<p>Les militaires de 1e\u0300re classe cavalier Mohamed Wangaraba et Mahamed El Maouloud Diallo, qui avaient e\u0301te\u0301 enleve\u0301s le 9 octobre 2025 sur le fleuve Niger, ont recouvre\u0301 la liberte\u0301. Leur e\u0301vasion a eu lieu dans la nuit du 13 au 14 mars 2026, a\u0300 la faveur des ope\u0301rations de se\u0301curisation mene\u0301es par les FAMa le long de la ligne frontalie\u0300re Mali-Mauritanie et dans la fore\u0302t du Wagadou.<\/p>\n<p>Apre\u0300s s&rsquo;e\u0302tre e\u0301chappe\u0301s de leur lieu de de\u0301tention, les deux soldats ont e\u0301te\u0301 recueillis a\u0300 Goundam. Ils sont actuellement pris en charge par la pre\u0301vo\u0302te\u0301 militaire pour les proce\u0301dures d&rsquo;usage.<\/p>\n<p>Paralle\u0300lement, l&rsquo;E\u0301tat-Major a annonce\u0301 que Monsieur Alidji Bagna, Pre\u0301fet de Dioi\u0308la, enleve\u0301 le 14 fe\u0301vrier 2026, a re\u0301ussi a\u0300 e\u0301chapper a\u0300 ses ravisseurs le 13 mars dernier dans la zone de Macina. Il a pu rejoindre la localite\u0301 de Te\u0301nenkou sain et sauf, ou\u0300 il be\u0301ne\u0301ficie actuellement d&rsquo;une assistance me\u0301dicale et se\u0301curitaire.<\/p>\n<p>Le Chef d\u2019E\u0301tat-Major Ge\u0301ne\u0301ral des Arme\u0301es a saisi cette occasion pour saluer la bravoure des rescape\u0301s et re\u0301affirmer l\u2019engagement inde\u0301fectible des Forces Arme\u0301es Maliennes a\u0300 tout mettre en \u0153uvre pour obtenir la libe\u0301ration de tous les prisonniers, militaires comme civils, encore aux mains des groupes arme\u0301s.<\/p>\n<p><strong>Pour plus d&rsquo;informations et d&rsquo;analyses sur la <span style=\"color: #ff6600\">Mali<\/span>, suivez <span style=\"color: #ff6600\">Africa-Press<\/span><\/strong><\/p>\n","protected":false},"excerpt":{"rendered":"<p>Africa-Press &#8211; Mali. A travers un communique\u0301 publie\u0301 ce dimanche 15 mars 2026, l\u2019E\u0301tat-Major Ge\u0301ne\u0301ral des Arme\u0301es a informe\u0301 l&rsquo;opinion nationale de la libe\u0301ration de trois compatriotes, dont deux militaires et une autorite\u0301 civile, apre\u0300s plusieurs mois de captivite\u0301. Les militaires de 1e\u0300re classe cavalier Mohamed Wangaraba et Mahamed El Maouloud Diallo, qui avaient e\u0301te\u0301 [&hellip;]<\/p>\n","protected":false},"author":82,"featured_media":60468,"comment_status":"open","ping_status":"closed","sticky":false,"template":"","format":"standard","meta":{"footnotes":""},"categories":[7,5,17],"tags":[19],"class_list":["post-60469","post","type-post","status-publish","format-standard","has-post-thumbnail","hentry","category-politique","category-top-nouvelles","category-toutes-les-actualites","tag-mali"],"yoast_head":"<!-- This site is optimized with the Yoast SEO Premium plugin v26.1 (Yoast SEO v27.0) - https:\/\/yoast.com\/product\/yoast-seo-premium-wordpress\/ -->\n<title>Libe\u0301ration de Prisonniers: Trois E\u0301vasions Re\u0301ussies - Mali<\/title>\n<meta name=\"description\" content=\"A travers un communique\u0301 publie\u0301 ce dimanche 15 mars 2026, l\u2019E\u0301tat-Major Ge\u0301ne\u0301ral des Arme\u0301es a informe\u0301 l&#039;opinion nati ...\" \/>\n<meta name=\"robots\" content=\"index, follow, max-snippet:-1, max-image-preview:large, max-video-preview:-1\" \/>\n<link rel=\"canonical\" href=\"https:\/\/www.africa-press.net\/mali\/top-nouvelles\/liberation-de-prisonniers-trois-evasions-reussies\" \/>\n<meta property=\"og:locale\" content=\"fr_FR\" \/>\n<meta property=\"og:type\" content=\"article\" \/>\n<meta property=\"og:title\" content=\"Libe\u0301ration de Prisonniers: Trois E\u0301vasions Re\u0301ussies\" \/>\n<meta property=\"og:description\" content=\"A travers un communique\u0301 publie\u0301 ce dimanche 15 mars 2026, l\u2019E\u0301tat-Major Ge\u0301ne\u0301ral des Arme\u0301es a informe\u0301 l&#039;opinion nati ...\" \/>\n<meta property=\"og:url\" content=\"https:\/\/www.africa-press.net\/mali\/top-nouvelles\/liberation-de-prisonniers-trois-evasions-reussies\" \/>\n<meta property=\"og:site_name\" content=\"Mali\" \/>\n<meta property=\"article:publisher\" content=\"https:\/\/www.facebook.com\/AfricaPressTunisiaa\" \/>\n<meta property=\"article:published_time\" content=\"2026-03-15T13:00:00+00:00\" \/>\n<meta property=\"article:modified_time\" content=\"2026-03-18T23:08:10+00:00\" \/>\n<meta property=\"og:image\" content=\"https:\/\/static.africa-press.net\/mali\/sites\/21\/2026\/03\/sm_1773607951.73344.jpg\" \/>\n\t<meta property=\"og:image:width\" content=\"700\" \/>\n\t<meta property=\"og:image:height\" content=\"400\" \/>\n\t<meta property=\"og:image:type\" content=\"image\/jpeg\" \/>\n<meta name=\"author\" content=\"cfeditorfr\" \/>\n<meta name=\"twitter:card\" content=\"summary_large_image\" \/>\n<meta name=\"twitter:label1\" content=\"\u00c9crit par\" \/>\n\t<meta name=\"twitter:data1\" content=\"cfeditorfr\" \/>\n\t<meta name=\"twitter:label2\" content=\"Dur\u00e9e de lecture estim\u00e9e\" \/>\n\t<meta name=\"twitter:data2\" content=\"2 minutes\" \/>\n<script type=\"application\/ld+json\" class=\"yoast-schema-graph\">{\"@context\":\"https:\/\/schema.org\",\"@graph\":[{\"@type\":\"Article\",\"@id\":\"https:\/\/www.africa-press.net\/mali\/top-nouvelles\/liberation-de-prisonniers-trois-evasions-reussies#article\",\"isPartOf\":{\"@id\":\"https:\/\/www.africa-press.net\/mali\/top-nouvelles\/liberation-de-prisonniers-trois-evasions-reussies\"},\"author\":{\"name\":\"cfeditorfr\",\"@id\":\"https:\/\/www.africa-press.net\/mali\/#\/schema\/person\/2b1cf3cd81a31e3cd26889ca66d677f1\"},\"headline\":\"Libe\u0301ration de Prisonniers: Trois E\u0301vasions Re\u0301ussies\",\"datePublished\":\"2026-03-15T13:00:00+00:00\",\"dateModified\":\"2026-03-18T23:08:10+00:00\",\"mainEntityOfPage\":{\"@id\":\"https:\/\/www.africa-press.net\/mali\/top-nouvelles\/liberation-de-prisonniers-trois-evasions-reussies\"},\"wordCount\":299,\"commentCount\":0,\"image\":{\"@id\":\"https:\/\/www.africa-press.net\/mali\/top-nouvelles\/liberation-de-prisonniers-trois-evasions-reussies#primaryimage\"},\"thumbnailUrl\":\"https:\/\/static.africa-press.net\/mali\/sites\/21\/2026\/03\/sm_1773607951.73344.jpg\",\"keywords\":[\"mali\"],\"articleSection\":[\"Politique\",\"Top Nouvelles\",\"Toutes les actualit\u00e9s\"],\"inLanguage\":\"fr-FR\",\"potentialAction\":[{\"@type\":\"CommentAction\",\"name\":\"Comment\",\"target\":[\"https:\/\/www.africa-press.net\/mali\/top-nouvelles\/liberation-de-prisonniers-trois-evasions-reussies#respond\"]}]},{\"@type\":\"WebPage\",\"@id\":\"https:\/\/www.africa-press.net\/mali\/top-nouvelles\/liberation-de-prisonniers-trois-evasions-reussies\",\"url\":\"https:\/\/www.africa-press.net\/mali\/top-nouvelles\/liberation-de-prisonniers-trois-evasions-reussies\",\"name\":\"Libe\u0301ration de Prisonniers: Trois E\u0301vasions Re\u0301ussies - Mali\",\"isPartOf\":{\"@id\":\"https:\/\/www.africa-press.net\/mali\/#website\"},\"primaryImageOfPage\":{\"@id\":\"https:\/\/www.africa-press.net\/mali\/top-nouvelles\/liberation-de-prisonniers-trois-evasions-reussies#primaryimage\"},\"image\":{\"@id\":\"https:\/\/www.africa-press.net\/mali\/top-nouvelles\/liberation-de-prisonniers-trois-evasions-reussies#primaryimage\"},\"thumbnailUrl\":\"https:\/\/static.africa-press.net\/mali\/sites\/21\/2026\/03\/sm_1773607951.73344.jpg\",\"datePublished\":\"2026-03-15T13:00:00+00:00\",\"dateModified\":\"2026-03-18T23:08:10+00:00\",\"author\":{\"@id\":\"https:\/\/www.africa-press.net\/mali\/#\/schema\/person\/2b1cf3cd81a31e3cd26889ca66d677f1\"},\"description\":\"A travers un communique\u0301 publie\u0301 ce dimanche 15 mars 2026, l\u2019E\u0301tat-Major Ge\u0301ne\u0301ral des Arme\u0301es a informe\u0301 l'opinion nati ...\",\"breadcrumb\":{\"@id\":\"https:\/\/www.africa-press.net\/mali\/top-nouvelles\/liberation-de-prisonniers-trois-evasions-reussies#breadcrumb\"},\"inLanguage\":\"fr-FR\",\"potentialAction\":[{\"@type\":\"ReadAction\",\"target\":[\"https:\/\/www.africa-press.net\/mali\/top-nouvelles\/liberation-de-prisonniers-trois-evasions-reussies\"]}]},{\"@type\":\"ImageObject\",\"inLanguage\":\"fr-FR\",\"@id\":\"https:\/\/www.africa-press.net\/mali\/top-nouvelles\/liberation-de-prisonniers-trois-evasions-reussies#primaryimage\",\"url\":\"https:\/\/static.africa-press.net\/mali\/sites\/21\/2026\/03\/sm_1773607951.73344.jpg\",\"contentUrl\":\"https:\/\/static.africa-press.net\/mali\/sites\/21\/2026\/03\/sm_1773607951.73344.jpg\",\"width\":700,\"height\":400,\"caption\":\"Libe\u0301ration de Prisonniers: Trois E\u0301vasions Re\u0301ussies\"},{\"@type\":\"BreadcrumbList\",\"@id\":\"https:\/\/www.africa-press.net\/mali\/top-nouvelles\/liberation-de-prisonniers-trois-evasions-reussies#breadcrumb\",\"itemListElement\":[{\"@type\":\"ListItem\",\"position\":1,\"name\":\"Home\",\"item\":\"https:\/\/www.africa-press.net\/mali\/\"},{\"@type\":\"ListItem\",\"position\":2,\"name\":\"Libe\u0301ration de Prisonniers: Trois E\u0301vasions Re\u0301ussies\"}]},{\"@type\":\"WebSite\",\"@id\":\"https:\/\/www.africa-press.net\/mali\/#website\",\"url\":\"https:\/\/www.africa-press.net\/mali\/\",\"name\":\"Mali\",\"description\":\"Just another Africa News Agency Sites site\",\"potentialAction\":[{\"@type\":\"SearchAction\",\"target\":{\"@type\":\"EntryPoint\",\"urlTemplate\":\"https:\/\/www.africa-press.net\/mali\/?s={search_term_string}\"},\"query-input\":{\"@type\":\"PropertyValueSpecification\",\"valueRequired\":true,\"valueName\":\"search_term_string\"}}],\"inLanguage\":\"fr-FR\"},{\"@type\":\"Person\",\"@id\":\"https:\/\/www.africa-press.net\/mali\/#\/schema\/person\/2b1cf3cd81a31e3cd26889ca66d677f1\",\"name\":\"cfeditorfr\"}]}<\/script>\n<!-- \/ Yoast SEO Premium plugin. -->","yoast_head_json":{"title":"Libe\u0301ration de Prisonniers: Trois E\u0301vasions Re\u0301ussies - Mali","description":"A travers un communique\u0301 publie\u0301 ce dimanche 15 mars 2026, l\u2019E\u0301tat-Major Ge\u0301ne\u0301ral des Arme\u0301es a informe\u0301 l'opinion nati ...","robots":{"index":"index","follow":"follow","max-snippet":"max-snippet:-1","max-image-preview":"max-image-preview:large","max-video-preview":"max-video-preview:-1"},"canonical":"https:\/\/www.africa-press.net\/mali\/top-nouvelles\/liberation-de-prisonniers-trois-evasions-reussies","og_locale":"fr_FR","og_type":"article","og_title":"Libe\u0301ration de Prisonniers: Trois E\u0301vasions Re\u0301ussies","og_description":"A travers un communique\u0301 publie\u0301 ce dimanche 15 mars 2026, l\u2019E\u0301tat-Major Ge\u0301ne\u0301ral des Arme\u0301es a informe\u0301 l'opinion nati ...","og_url":"https:\/\/www.africa-press.net\/mali\/top-nouvelles\/liberation-de-prisonniers-trois-evasions-reussies","og_site_name":"Mali","article_publisher":"https:\/\/www.facebook.com\/AfricaPressTunisiaa","article_published_time":"2026-03-15T13:00:00+00:00","article_modified_time":"2026-03-18T23:08:10+00:00","og_image":[{"width":700,"height":400,"url":"https:\/\/static.africa-press.net\/mali\/sites\/21\/2026\/03\/sm_1773607951.73344.jpg","type":"image\/jpeg"}],"author":"cfeditorfr","twitter_card":"summary_large_image","twitter_misc":{"\u00c9crit par":"cfeditorfr","Dur\u00e9e de lecture estim\u00e9e":"2 minutes"},"schema":{"@context":"https:\/\/schema.org","@graph":[{"@type":"Article","@id":"https:\/\/www.africa-press.net\/mali\/top-nouvelles\/liberation-de-prisonniers-trois-evasions-reussies#article","isPartOf":{"@id":"https:\/\/www.africa-press.net\/mali\/top-nouvelles\/liberation-de-prisonniers-trois-evasions-reussies"},"author":{"name":"cfeditorfr","@id":"https:\/\/www.africa-press.net\/mali\/#\/schema\/person\/2b1cf3cd81a31e3cd26889ca66d677f1"},"headline":"Libe\u0301ration de Prisonniers: Trois E\u0301vasions Re\u0301ussies","datePublished":"2026-03-15T13:00:00+00:00","dateModified":"2026-03-18T23:08:10+00:00","mainEntityOfPage":{"@id":"https:\/\/www.africa-press.net\/mali\/top-nouvelles\/liberation-de-prisonniers-trois-evasions-reussies"},"wordCount":299,"commentCount":0,"image":{"@id":"https:\/\/www.africa-press.net\/mali\/top-nouvelles\/liberation-de-prisonniers-trois-evasions-reussies#primaryimage"},"thumbnailUrl":"https:\/\/static.africa-press.net\/mali\/sites\/21\/2026\/03\/sm_1773607951.73344.jpg","keywords":["mali"],"articleSection":["Politique","Top Nouvelles","Toutes les actualit\u00e9s"],"inLanguage":"fr-FR","potentialAction":[{"@type":"CommentAction","name":"Comment","target":["https:\/\/www.africa-press.net\/mali\/top-nouvelles\/liberation-de-prisonniers-trois-evasions-reussies#respond"]}]},{"@type":"WebPage","@id":"https:\/\/www.africa-press.net\/mali\/top-nouvelles\/liberation-de-prisonniers-trois-evasions-reussies","url":"https:\/\/www.africa-press.net\/mali\/top-nouvelles\/liberation-de-prisonniers-trois-evasions-reussies","name":"Libe\u0301ration de Prisonniers: Trois E\u0301vasions Re\u0301ussies - Mali","isPartOf":{"@id":"https:\/\/www.africa-press.net\/mali\/#website"},"primaryImageOfPage":{"@id":"https:\/\/www.africa-press.net\/mali\/top-nouvelles\/liberation-de-prisonniers-trois-evasions-reussies#primaryimage"},"image":{"@id":"https:\/\/www.africa-press.net\/mali\/top-nouvelles\/liberation-de-prisonniers-trois-evasions-reussies#primaryimage"},"thumbnailUrl":"https:\/\/static.africa-press.net\/mali\/sites\/21\/2026\/03\/sm_1773607951.73344.jpg","datePublished":"2026-03-15T13:00:00+00:00","dateModified":"2026-03-18T23:08:10+00:00","author":{"@id":"https:\/\/www.africa-press.net\/mali\/#\/schema\/person\/2b1cf3cd81a31e3cd26889ca66d677f1"},"description":"A travers un communique\u0301 publie\u0301 ce dimanche 15 mars 2026, l\u2019E\u0301tat-Major Ge\u0301ne\u0301ral des Arme\u0301es a informe\u0301 l'opinion nati ...","breadcrumb":{"@id":"https:\/\/www.africa-press.net\/mali\/top-nouvelles\/liberation-de-prisonniers-trois-evasions-reussies#breadcrumb"},"inLanguage":"fr-FR","potentialAction":[{"@type":"ReadAction","target":["https:\/\/www.africa-press.net\/mali\/top-nouvelles\/liberation-de-prisonniers-trois-evasions-reussies"]}]},{"@type":"ImageObject","inLanguage":"fr-FR","@id":"https:\/\/www.africa-press.net\/mali\/top-nouvelles\/liberation-de-prisonniers-trois-evasions-reussies#primaryimage","url":"https:\/\/static.africa-press.net\/mali\/sites\/21\/2026\/03\/sm_1773607951.73344.jpg","contentUrl":"https:\/\/static.africa-press.net\/mali\/sites\/21\/2026\/03\/sm_1773607951.73344.jpg","width":700,"height":400,"caption":"Libe\u0301ration de Prisonniers: Trois E\u0301vasions Re\u0301ussies"},{"@type":"BreadcrumbList","@id":"https:\/\/www.africa-press.net\/mali\/top-nouvelles\/liberation-de-prisonniers-trois-evasions-reussies#breadcrumb","itemListElement":[{"@type":"ListItem","position":1,"name":"Home","item":"https:\/\/www.africa-press.net\/mali\/"},{"@type":"ListItem","position":2,"name":"Libe\u0301ration de Prisonniers: Trois E\u0301vasions Re\u0301ussies"}]},{"@type":"WebSite","@id":"https:\/\/www.africa-press.net\/mali\/#website","url":"https:\/\/www.africa-press.net\/mali\/","name":"Mali","description":"Just another Africa News Agency Sites site","potentialAction":[{"@type":"SearchAction","target":{"@type":"EntryPoint","urlTemplate":"https:\/\/www.africa-press.net\/mali\/?s={search_term_string}"},"query-input":{"@type":"PropertyValueSpecification","valueRequired":true,"valueName":"search_term_string"}}],"inLanguage":"fr-FR"},{"@type":"Person","@id":"https:\/\/www.africa-press.net\/mali\/#\/schema\/person\/2b1cf3cd81a31e3cd26889ca66d677f1","name":"cfeditorfr"}]}},"_links":{"self":[{"href":"https:\/\/www.africa-press.net\/mali\/wp-json\/wp\/v2\/posts\/60469","targetHints":{"allow":["GET"]}}],"collection":[{"href":"https:\/\/www.africa-press.net\/mali\/wp-json\/wp\/v2\/posts"}],"about":[{"href":"https:\/\/www.africa-press.net\/mali\/wp-json\/wp\/v2\/types\/post"}],"author":[{"embeddable":true,"href":"https:\/\/www.africa-press.net\/mali\/wp-json\/wp\/v2\/users\/82"}],"replies":[{"embeddable":true,"href":"https:\/\/www.africa-press.net\/mali\/wp-json\/wp\/v2\/comments?post=60469"}],"version-history":[{"count":0,"href":"https:\/\/www.africa-press.net\/mali\/wp-json\/wp\/v2\/posts\/60469\/revisions"}],"wp:featuredmedia":[{"embeddable":true,"href":"https:\/\/www.africa-press.net\/mali\/wp-json\/wp\/v2\/media\/60468"}],"wp:attachment":[{"href":"https:\/\/www.africa-press.net\/mali\/wp-json\/wp\/v2\/media?parent=60469"}],"wp:term":[{"taxonomy":"category","embeddable":true,"href":"https:\/\/www.africa-press.net\/mali\/wp-json\/wp\/v2\/categories?post=60469"},{"taxonomy":"post_tag","embeddable":true,"href":"https:\/\/www.africa-press.net\/mali\/wp-json\/wp\/v2\/tags?post=60469"}],"curies":[{"name":"wp","href":"https:\/\/api.w.org\/{rel}","templated":true}]}}