{"id":60471,"date":"2026-03-15T13:30:00","date_gmt":"2026-03-15T13:30:00","guid":{"rendered":"https:\/\/www.africa-press.net\/mali\/politique\/fama-effectue-frappe-aerienne-a-yelimane"},"modified":"2026-03-18T23:08:45","modified_gmt":"2026-03-18T23:08:45","slug":"fama-effectue-frappe-aerienne-a-yelimane","status":"publish","type":"post","link":"https:\/\/www.africa-press.net\/mali\/top-nouvelles\/fama-effectue-frappe-aerienne-a-yelimane","title":{"rendered":"Fama Effectue Frappe A\u00e9rienne \u00e0 Y\u00e9liman\u00e9"},"content":{"rendered":"<p><span style=\"color: #ff6600\"><strong>Africa-Press &#8211; Mali. <\/strong><\/span>L\u2019E\u0301tat-Major Ge\u0301ne\u0301ral des Arme\u0301es a annonce\u0301, par voie de communique\u0301 ce samedi 14 mars 2026, la neutralisation d\u2019un groupe arme\u0301 terroriste (GAT) dans la re\u0301gion de Kayes. Cette ope\u0301ration, mene\u0301e gra\u0302ce a\u0300 la vigilance des vecteurs ae\u0301riens, te\u0301moigne de la monte\u0301e en puissance et de la pre\u0301cision des capacite\u0301s de surveillance des Forces Arme\u0301es Maliennes (FAMa).<\/p>\n<p>Au cours d\u2019une mission de surveillance de routine du territoire, les ope\u0301rateurs des vecteurs ae\u0301riens ont repe\u0301re\u0301 et pris en filature trois motocyclistes suspects, identifie\u0301s comme appartenant a\u0300 un groupe arme\u0301 terroriste.<\/p>\n<p>Ces derniers ont e\u0301te\u0301 suivis avec une pre\u0301cision rigoureuse jusqu&rsquo;a\u0300 ce qu&rsquo;ils rejoignent un regroupement plus important d\u2019individus, situe\u0301 dans les environs de la localite\u0301 de Sinewali, dans le cercle de Ye\u0301limane\u0301.<\/p>\n<p>Espe\u0301rant e\u0301chapper a\u0300 la surveillance, les terroristes se sont dissimule\u0301s sous des couverts ve\u0301ge\u0301taux. Cependant, apre\u0300s de longues heures d\u2019observation constante permettant de confirmer la nature hostile de la cible et d&rsquo;e\u0301viter les dommages collate\u0301raux, les FAMa ont ordonne\u0301 une frappe ae\u0301rienne.<\/p>\n<p>Le bilan de l\u2019ope\u0301ration est significatif. Plusieurs combattants des GAT ont e\u0301te\u0301 neutralise\u0301s. Une destruction importante d\u2019e\u0301quipements et de mate\u0301riels de guerre a e\u0301te\u0301 enregistre\u0301e sur le site.<\/p>\n<p>Dans son communique\u0301, l\u2019E\u0301tat-Major Ge\u0301ne\u0301ral des Arme\u0301es a tenu a\u0300 rassurer la population malienne. Il re\u0301ite\u0300re l&rsquo;engagement ine\u0301branlable des FAMa a\u0300 poursuivre la mission de se\u0301curisation du pays. L&rsquo;objectif reste clair: traquer la ne\u0301buleuse terroriste jusque dans ses derniers retranchements pour garantir la paix et la libre circulation des personnes et des biens.<\/p>\n<p><strong>Pour plus d&rsquo;informations et d&rsquo;analyses sur la <span style=\"color: #ff6600\">Mali<\/span>, suivez <span style=\"color: #ff6600\">Africa-Press<\/span><\/strong><\/p>\n","protected":false},"excerpt":{"rendered":"<p>Africa-Press &#8211; Mali. L\u2019E\u0301tat-Major Ge\u0301ne\u0301ral des Arme\u0301es a annonce\u0301, par voie de communique\u0301 ce samedi 14 mars 2026, la neutralisation d\u2019un groupe arme\u0301 terroriste (GAT) dans la re\u0301gion de Kayes. Cette ope\u0301ration, mene\u0301e gra\u0302ce a\u0300 la vigilance des vecteurs ae\u0301riens, te\u0301moigne de la monte\u0301e en puissance et de la pre\u0301cision des capacite\u0301s de surveillance des [&hellip;]<\/p>\n","protected":false},"author":82,"featured_media":60470,"comment_status":"open","ping_status":"closed","sticky":false,"template":"","format":"standard","meta":{"footnotes":""},"categories":[7,5,17],"tags":[19],"class_list":["post-60471","post","type-post","status-publish","format-standard","has-post-thumbnail","hentry","category-politique","category-top-nouvelles","category-toutes-les-actualites","tag-mali"],"yoast_head":"<!-- This site is optimized with the Yoast SEO Premium plugin v26.1 (Yoast SEO v27.0) - https:\/\/yoast.com\/product\/yoast-seo-premium-wordpress\/ -->\n<title>Fama Effectue Frappe A\u00e9rienne \u00e0 Y\u00e9liman\u00e9 - Mali<\/title>\n<meta name=\"description\" content=\"L\u2019E\u0301tat-Major Ge\u0301ne\u0301ral des Arme\u0301es a annonce\u0301, par voie de communique\u0301 ce samedi 14 mars 2026, la neutralisation d\u2019un g ...\" \/>\n<meta name=\"robots\" content=\"index, follow, max-snippet:-1, max-image-preview:large, max-video-preview:-1\" \/>\n<link rel=\"canonical\" href=\"https:\/\/www.africa-press.net\/mali\/top-nouvelles\/fama-effectue-frappe-aerienne-a-yelimane\" \/>\n<meta property=\"og:locale\" content=\"fr_FR\" \/>\n<meta property=\"og:type\" content=\"article\" \/>\n<meta property=\"og:title\" content=\"Fama Effectue Frappe A\u00e9rienne \u00e0 Y\u00e9liman\u00e9\" \/>\n<meta property=\"og:description\" content=\"L\u2019E\u0301tat-Major Ge\u0301ne\u0301ral des Arme\u0301es a annonce\u0301, par voie de communique\u0301 ce samedi 14 mars 2026, la neutralisation d\u2019un g ...\" \/>\n<meta property=\"og:url\" content=\"https:\/\/www.africa-press.net\/mali\/top-nouvelles\/fama-effectue-frappe-aerienne-a-yelimane\" \/>\n<meta property=\"og:site_name\" content=\"Mali\" \/>\n<meta property=\"article:publisher\" content=\"https:\/\/www.facebook.com\/AfricaPressTunisiaa\" \/>\n<meta property=\"article:published_time\" content=\"2026-03-15T13:30:00+00:00\" \/>\n<meta property=\"article:modified_time\" content=\"2026-03-18T23:08:45+00:00\" \/>\n<meta property=\"og:image\" content=\"https:\/\/static.africa-press.net\/mali\/sites\/21\/2026\/03\/sm_1773607966.809231.jpg\" \/>\n\t<meta property=\"og:image:width\" content=\"1280\" \/>\n\t<meta property=\"og:image:height\" content=\"720\" \/>\n\t<meta property=\"og:image:type\" content=\"image\/jpeg\" \/>\n<meta name=\"author\" content=\"cfeditorfr\" \/>\n<meta name=\"twitter:card\" content=\"summary_large_image\" \/>\n<meta name=\"twitter:label1\" content=\"\u00c9crit par\" \/>\n\t<meta name=\"twitter:data1\" content=\"cfeditorfr\" \/>\n\t<meta name=\"twitter:label2\" content=\"Dur\u00e9e de lecture estim\u00e9e\" \/>\n\t<meta name=\"twitter:data2\" content=\"2 minutes\" \/>\n<script type=\"application\/ld+json\" class=\"yoast-schema-graph\">{\"@context\":\"https:\/\/schema.org\",\"@graph\":[{\"@type\":\"Article\",\"@id\":\"https:\/\/www.africa-press.net\/mali\/top-nouvelles\/fama-effectue-frappe-aerienne-a-yelimane#article\",\"isPartOf\":{\"@id\":\"https:\/\/www.africa-press.net\/mali\/top-nouvelles\/fama-effectue-frappe-aerienne-a-yelimane\"},\"author\":{\"name\":\"cfeditorfr\",\"@id\":\"https:\/\/www.africa-press.net\/mali\/#\/schema\/person\/2b1cf3cd81a31e3cd26889ca66d677f1\"},\"headline\":\"Fama Effectue Frappe A\u00e9rienne \u00e0 Y\u00e9liman\u00e9\",\"datePublished\":\"2026-03-15T13:30:00+00:00\",\"dateModified\":\"2026-03-18T23:08:45+00:00\",\"mainEntityOfPage\":{\"@id\":\"https:\/\/www.africa-press.net\/mali\/top-nouvelles\/fama-effectue-frappe-aerienne-a-yelimane\"},\"wordCount\":322,\"commentCount\":0,\"image\":{\"@id\":\"https:\/\/www.africa-press.net\/mali\/top-nouvelles\/fama-effectue-frappe-aerienne-a-yelimane#primaryimage\"},\"thumbnailUrl\":\"https:\/\/static.africa-press.net\/mali\/sites\/21\/2026\/03\/sm_1773607966.809231.jpg\",\"keywords\":[\"mali\"],\"articleSection\":[\"Politique\",\"Top Nouvelles\",\"Toutes les actualit\u00e9s\"],\"inLanguage\":\"fr-FR\",\"potentialAction\":[{\"@type\":\"CommentAction\",\"name\":\"Comment\",\"target\":[\"https:\/\/www.africa-press.net\/mali\/top-nouvelles\/fama-effectue-frappe-aerienne-a-yelimane#respond\"]}]},{\"@type\":\"WebPage\",\"@id\":\"https:\/\/www.africa-press.net\/mali\/top-nouvelles\/fama-effectue-frappe-aerienne-a-yelimane\",\"url\":\"https:\/\/www.africa-press.net\/mali\/top-nouvelles\/fama-effectue-frappe-aerienne-a-yelimane\",\"name\":\"Fama Effectue Frappe A\u00e9rienne \u00e0 Y\u00e9liman\u00e9 - Mali\",\"isPartOf\":{\"@id\":\"https:\/\/www.africa-press.net\/mali\/#website\"},\"primaryImageOfPage\":{\"@id\":\"https:\/\/www.africa-press.net\/mali\/top-nouvelles\/fama-effectue-frappe-aerienne-a-yelimane#primaryimage\"},\"image\":{\"@id\":\"https:\/\/www.africa-press.net\/mali\/top-nouvelles\/fama-effectue-frappe-aerienne-a-yelimane#primaryimage\"},\"thumbnailUrl\":\"https:\/\/static.africa-press.net\/mali\/sites\/21\/2026\/03\/sm_1773607966.809231.jpg\",\"datePublished\":\"2026-03-15T13:30:00+00:00\",\"dateModified\":\"2026-03-18T23:08:45+00:00\",\"author\":{\"@id\":\"https:\/\/www.africa-press.net\/mali\/#\/schema\/person\/2b1cf3cd81a31e3cd26889ca66d677f1\"},\"description\":\"L\u2019E\u0301tat-Major Ge\u0301ne\u0301ral des Arme\u0301es a annonce\u0301, par voie de communique\u0301 ce samedi 14 mars 2026, la neutralisation d\u2019un g ...\",\"breadcrumb\":{\"@id\":\"https:\/\/www.africa-press.net\/mali\/top-nouvelles\/fama-effectue-frappe-aerienne-a-yelimane#breadcrumb\"},\"inLanguage\":\"fr-FR\",\"potentialAction\":[{\"@type\":\"ReadAction\",\"target\":[\"https:\/\/www.africa-press.net\/mali\/top-nouvelles\/fama-effectue-frappe-aerienne-a-yelimane\"]}]},{\"@type\":\"ImageObject\",\"inLanguage\":\"fr-FR\",\"@id\":\"https:\/\/www.africa-press.net\/mali\/top-nouvelles\/fama-effectue-frappe-aerienne-a-yelimane#primaryimage\",\"url\":\"https:\/\/static.africa-press.net\/mali\/sites\/21\/2026\/03\/sm_1773607966.809231.jpg\",\"contentUrl\":\"https:\/\/static.africa-press.net\/mali\/sites\/21\/2026\/03\/sm_1773607966.809231.jpg\",\"width\":1280,\"height\":720,\"caption\":\"Fama Effectue Frappe A\u00e9rienne \u00e0 Y\u00e9liman\u00e9\"},{\"@type\":\"BreadcrumbList\",\"@id\":\"https:\/\/www.africa-press.net\/mali\/top-nouvelles\/fama-effectue-frappe-aerienne-a-yelimane#breadcrumb\",\"itemListElement\":[{\"@type\":\"ListItem\",\"position\":1,\"name\":\"Home\",\"item\":\"https:\/\/www.africa-press.net\/mali\/\"},{\"@type\":\"ListItem\",\"position\":2,\"name\":\"Fama Effectue Frappe A\u00e9rienne \u00e0 Y\u00e9liman\u00e9\"}]},{\"@type\":\"WebSite\",\"@id\":\"https:\/\/www.africa-press.net\/mali\/#website\",\"url\":\"https:\/\/www.africa-press.net\/mali\/\",\"name\":\"Mali\",\"description\":\"Just another Africa News Agency Sites site\",\"potentialAction\":[{\"@type\":\"SearchAction\",\"target\":{\"@type\":\"EntryPoint\",\"urlTemplate\":\"https:\/\/www.africa-press.net\/mali\/?s={search_term_string}\"},\"query-input\":{\"@type\":\"PropertyValueSpecification\",\"valueRequired\":true,\"valueName\":\"search_term_string\"}}],\"inLanguage\":\"fr-FR\"},{\"@type\":\"Person\",\"@id\":\"https:\/\/www.africa-press.net\/mali\/#\/schema\/person\/2b1cf3cd81a31e3cd26889ca66d677f1\",\"name\":\"cfeditorfr\"}]}<\/script>\n<!-- \/ Yoast SEO Premium plugin. -->","yoast_head_json":{"title":"Fama Effectue Frappe A\u00e9rienne \u00e0 Y\u00e9liman\u00e9 - Mali","description":"L\u2019E\u0301tat-Major Ge\u0301ne\u0301ral des Arme\u0301es a annonce\u0301, par voie de communique\u0301 ce samedi 14 mars 2026, la neutralisation d\u2019un g ...","robots":{"index":"index","follow":"follow","max-snippet":"max-snippet:-1","max-image-preview":"max-image-preview:large","max-video-preview":"max-video-preview:-1"},"canonical":"https:\/\/www.africa-press.net\/mali\/top-nouvelles\/fama-effectue-frappe-aerienne-a-yelimane","og_locale":"fr_FR","og_type":"article","og_title":"Fama Effectue Frappe A\u00e9rienne \u00e0 Y\u00e9liman\u00e9","og_description":"L\u2019E\u0301tat-Major Ge\u0301ne\u0301ral des Arme\u0301es a annonce\u0301, par voie de communique\u0301 ce samedi 14 mars 2026, la neutralisation d\u2019un g ...","og_url":"https:\/\/www.africa-press.net\/mali\/top-nouvelles\/fama-effectue-frappe-aerienne-a-yelimane","og_site_name":"Mali","article_publisher":"https:\/\/www.facebook.com\/AfricaPressTunisiaa","article_published_time":"2026-03-15T13:30:00+00:00","article_modified_time":"2026-03-18T23:08:45+00:00","og_image":[{"width":1280,"height":720,"url":"https:\/\/static.africa-press.net\/mali\/sites\/21\/2026\/03\/sm_1773607966.809231.jpg","type":"image\/jpeg"}],"author":"cfeditorfr","twitter_card":"summary_large_image","twitter_misc":{"\u00c9crit par":"cfeditorfr","Dur\u00e9e de lecture estim\u00e9e":"2 minutes"},"schema":{"@context":"https:\/\/schema.org","@graph":[{"@type":"Article","@id":"https:\/\/www.africa-press.net\/mali\/top-nouvelles\/fama-effectue-frappe-aerienne-a-yelimane#article","isPartOf":{"@id":"https:\/\/www.africa-press.net\/mali\/top-nouvelles\/fama-effectue-frappe-aerienne-a-yelimane"},"author":{"name":"cfeditorfr","@id":"https:\/\/www.africa-press.net\/mali\/#\/schema\/person\/2b1cf3cd81a31e3cd26889ca66d677f1"},"headline":"Fama Effectue Frappe A\u00e9rienne \u00e0 Y\u00e9liman\u00e9","datePublished":"2026-03-15T13:30:00+00:00","dateModified":"2026-03-18T23:08:45+00:00","mainEntityOfPage":{"@id":"https:\/\/www.africa-press.net\/mali\/top-nouvelles\/fama-effectue-frappe-aerienne-a-yelimane"},"wordCount":322,"commentCount":0,"image":{"@id":"https:\/\/www.africa-press.net\/mali\/top-nouvelles\/fama-effectue-frappe-aerienne-a-yelimane#primaryimage"},"thumbnailUrl":"https:\/\/static.africa-press.net\/mali\/sites\/21\/2026\/03\/sm_1773607966.809231.jpg","keywords":["mali"],"articleSection":["Politique","Top Nouvelles","Toutes les actualit\u00e9s"],"inLanguage":"fr-FR","potentialAction":[{"@type":"CommentAction","name":"Comment","target":["https:\/\/www.africa-press.net\/mali\/top-nouvelles\/fama-effectue-frappe-aerienne-a-yelimane#respond"]}]},{"@type":"WebPage","@id":"https:\/\/www.africa-press.net\/mali\/top-nouvelles\/fama-effectue-frappe-aerienne-a-yelimane","url":"https:\/\/www.africa-press.net\/mali\/top-nouvelles\/fama-effectue-frappe-aerienne-a-yelimane","name":"Fama Effectue Frappe A\u00e9rienne \u00e0 Y\u00e9liman\u00e9 - Mali","isPartOf":{"@id":"https:\/\/www.africa-press.net\/mali\/#website"},"primaryImageOfPage":{"@id":"https:\/\/www.africa-press.net\/mali\/top-nouvelles\/fama-effectue-frappe-aerienne-a-yelimane#primaryimage"},"image":{"@id":"https:\/\/www.africa-press.net\/mali\/top-nouvelles\/fama-effectue-frappe-aerienne-a-yelimane#primaryimage"},"thumbnailUrl":"https:\/\/static.africa-press.net\/mali\/sites\/21\/2026\/03\/sm_1773607966.809231.jpg","datePublished":"2026-03-15T13:30:00+00:00","dateModified":"2026-03-18T23:08:45+00:00","author":{"@id":"https:\/\/www.africa-press.net\/mali\/#\/schema\/person\/2b1cf3cd81a31e3cd26889ca66d677f1"},"description":"L\u2019E\u0301tat-Major Ge\u0301ne\u0301ral des Arme\u0301es a annonce\u0301, par voie de communique\u0301 ce samedi 14 mars 2026, la neutralisation d\u2019un g ...","breadcrumb":{"@id":"https:\/\/www.africa-press.net\/mali\/top-nouvelles\/fama-effectue-frappe-aerienne-a-yelimane#breadcrumb"},"inLanguage":"fr-FR","potentialAction":[{"@type":"ReadAction","target":["https:\/\/www.africa-press.net\/mali\/top-nouvelles\/fama-effectue-frappe-aerienne-a-yelimane"]}]},{"@type":"ImageObject","inLanguage":"fr-FR","@id":"https:\/\/www.africa-press.net\/mali\/top-nouvelles\/fama-effectue-frappe-aerienne-a-yelimane#primaryimage","url":"https:\/\/static.africa-press.net\/mali\/sites\/21\/2026\/03\/sm_1773607966.809231.jpg","contentUrl":"https:\/\/static.africa-press.net\/mali\/sites\/21\/2026\/03\/sm_1773607966.809231.jpg","width":1280,"height":720,"caption":"Fama Effectue Frappe A\u00e9rienne \u00e0 Y\u00e9liman\u00e9"},{"@type":"BreadcrumbList","@id":"https:\/\/www.africa-press.net\/mali\/top-nouvelles\/fama-effectue-frappe-aerienne-a-yelimane#breadcrumb","itemListElement":[{"@type":"ListItem","position":1,"name":"Home","item":"https:\/\/www.africa-press.net\/mali\/"},{"@type":"ListItem","position":2,"name":"Fama Effectue Frappe A\u00e9rienne \u00e0 Y\u00e9liman\u00e9"}]},{"@type":"WebSite","@id":"https:\/\/www.africa-press.net\/mali\/#website","url":"https:\/\/www.africa-press.net\/mali\/","name":"Mali","description":"Just another Africa News Agency Sites site","potentialAction":[{"@type":"SearchAction","target":{"@type":"EntryPoint","urlTemplate":"https:\/\/www.africa-press.net\/mali\/?s={search_term_string}"},"query-input":{"@type":"PropertyValueSpecification","valueRequired":true,"valueName":"search_term_string"}}],"inLanguage":"fr-FR"},{"@type":"Person","@id":"https:\/\/www.africa-press.net\/mali\/#\/schema\/person\/2b1cf3cd81a31e3cd26889ca66d677f1","name":"cfeditorfr"}]}},"_links":{"self":[{"href":"https:\/\/www.africa-press.net\/mali\/wp-json\/wp\/v2\/posts\/60471","targetHints":{"allow":["GET"]}}],"collection":[{"href":"https:\/\/www.africa-press.net\/mali\/wp-json\/wp\/v2\/posts"}],"about":[{"href":"https:\/\/www.africa-press.net\/mali\/wp-json\/wp\/v2\/types\/post"}],"author":[{"embeddable":true,"href":"https:\/\/www.africa-press.net\/mali\/wp-json\/wp\/v2\/users\/82"}],"replies":[{"embeddable":true,"href":"https:\/\/www.africa-press.net\/mali\/wp-json\/wp\/v2\/comments?post=60471"}],"version-history":[{"count":0,"href":"https:\/\/www.africa-press.net\/mali\/wp-json\/wp\/v2\/posts\/60471\/revisions"}],"wp:featuredmedia":[{"embeddable":true,"href":"https:\/\/www.africa-press.net\/mali\/wp-json\/wp\/v2\/media\/60470"}],"wp:attachment":[{"href":"https:\/\/www.africa-press.net\/mali\/wp-json\/wp\/v2\/media?parent=60471"}],"wp:term":[{"taxonomy":"category","embeddable":true,"href":"https:\/\/www.africa-press.net\/mali\/wp-json\/wp\/v2\/categories?post=60471"},{"taxonomy":"post_tag","embeddable":true,"href":"https:\/\/www.africa-press.net\/mali\/wp-json\/wp\/v2\/tags?post=60471"}],"curies":[{"name":"wp","href":"https:\/\/api.w.org\/{rel}","templated":true}]}}