{"id":60473,"date":"2026-03-15T13:45:00","date_gmt":"2026-03-15T13:45:00","guid":{"rendered":"https:\/\/www.africa-press.net\/mali\/politique\/pression-miniere-a-kenieba-et-changements-sociaux"},"modified":"2026-03-18T23:09:20","modified_gmt":"2026-03-18T23:09:20","slug":"pression-miniere-a-kenieba-et-changements-sociaux","status":"publish","type":"post","link":"https:\/\/www.africa-press.net\/mali\/top-nouvelles\/pression-miniere-a-kenieba-et-changements-sociaux","title":{"rendered":"Pression Mini\u00e8re \u00e0 K\u00e9ni\u00e9ba et Changements Sociaux"},"content":{"rendered":"<p><span style=\"color: #ff6600\"><strong>Africa-Press &#8211; Mali. <\/strong><\/span>Dans la commune rurale de Fale\u0301a, dans la re\u0301gion de Kayes, l\u2019essor des activite\u0301s aurife\u0300res modifie progressivement l\u2019e\u0301quilibre foncier et e\u0301conomique local.<\/p>\n<p>Entre ventes de terres, orpaillage artisanal et pre\u0301sence d\u2019ope\u0301rateurs e\u0301trangers, cette zone du cercle de Ke\u0301nie\u0301ba se trouve au c\u0153ur d\u2019une pression minie\u0300re croissante.<\/p>\n<p>Situe\u0301e dans le cercle de Ke\u0301nie\u0301ba, dans la re\u0301gion de Kayes, Fale\u0301a appartient a\u0300 l\u2019un des principaux bassins aurife\u0300res du Mali et de l\u2019Afrique de l\u2019Ouest. Cette zone frontalie\u0300re avec la Guine\u0301e et le Se\u0301ne\u0301gal concentre plusieurs projets miniers industriels et de nombreux sites d\u2019orpaillage. L\u2019or constitue aujourd\u2019hui la principale richesse mine\u0301rale du pays: le Mali produit en moyenne entre 65 et 70 tonnes d\u2019or par an, et ce me\u0301tal repre\u0301sente environ 76 a\u0300 80% des exportations nationales ainsi qu\u2019une part importante des recettes publiques.<\/p>\n<p>Dans ce contexte, certaines terres agricoles de Fale\u0301a font l\u2019objet de transactions entre habitants et exploitants attire\u0301s par le potentiel aurife\u0300re du sous-sol. Selon les informations rapporte\u0301es dans la presse, des parcelles sont ce\u0301de\u0301es par des proprie\u0301taires locaux a\u0300 des ope\u0301rateurs implique\u0301s dans l\u2019exploitation artisanale de l\u2019or. Les montants varient selon les superficies et la localisation des terrains, certaines transactions atteignant plusieurs millions de francs CFA.<\/p>\n<p>Ces acquisitions concernent notamment des exploitants e\u0301trangers pre\u0301sents dans l\u2019orpaillage, dont certains ope\u0301rateurs venus d\u2019Asie, en particulier de Chine. La pre\u0301sence d\u2019acteurs exte\u0301rieurs dans les zones aurife\u0300res du Mali s\u2019inscrit dans une dynamique plus large observe\u0301e dans plusieurs re\u0301gions minie\u0300res d\u2019Afrique de l\u2019Ouest, ou\u0300 l\u2019exploitation artisanale attire des travailleurs et des investisseurs venus de diffe\u0301rents pays.<\/p>\n<p>Le de\u0301veloppement de l\u2019orpaillage artisanal constitue un facteur important de cette e\u0301volution. Au Mali, cette activite\u0301 mobiliserait plus d\u2019un million de personnes directement ou indirectement et s\u2019exerce sur plusieurs centaines de sites re\u0301partis principalement dans les re\u0301gions de Kayes, Sikasso, Koulikoro et Kangaba. La production artisanale est estime\u0301e entre 10 et 20 tonnes d\u2019or par an, ce qui en fait un secteur e\u0301conomique significatif en dehors des mines industrielles.<\/p>\n<p>La pression sur les terres s\u2019explique aussi par l\u2019importance strate\u0301gique du cercle de Ke\u0301nie\u0301ba dans l\u2019industrie aurife\u0300re malienne. Cette zone abrite plusieurs grandes mines industrielles, notamment Fekola, exploite\u0301e par la socie\u0301te\u0301 canadienne B2Gold, ainsi que le complexe Loulo-Gounkoto exploite\u0301 par Barrick Mining. Ces installations comptent parmi les plus grandes mines d\u2019or d\u2019Afrique et contribuent fortement a\u0300 la production nationale.<\/p>\n<p>Fale\u0301a est e\u0301galement connue pour avoir fait l\u2019objet de projets d\u2019exploration minie\u0300re portant non seulement sur l\u2019or, mais aussi sur d\u2019autres ressources du sous-sol. Des e\u0301tudes ge\u0301ologiques re\u0301alise\u0301es dans les anne\u0301es pre\u0301ce\u0301dentes ont notamment mis en e\u0301vidence la pre\u0301sence de minerais contenant de l\u2019uranium ainsi que d\u2019autres me\u0301taux, suscitant par le passe\u0301 des de\u0301bats au sein des communaute\u0301s locales et parmi certaines organisations de la socie\u0301te\u0301 civile.<\/p>\n<p>La transformation progressive des terres agricoles en zones d\u2019exploitation aurife\u0300re soule\u0300ve plusieurs enjeux pour les populations rurales. Dans certaines localite\u0301s, la re\u0301duction des surfaces cultivables peut affecter les activite\u0301s agricoles qui constituent la principale source de subsistance des familles. L\u2019arrive\u0301e de travailleurs venus d\u2019autres re\u0301gions ou de l\u2019e\u0301tranger modifie e\u0301galement l\u2019organisation e\u0301conomique et sociale des villages.<\/p>\n<p>L\u2019exploitation artisanale de l\u2019or peut par ailleurs entrai\u0302ner des impacts environnementaux lie\u0301s notamment a\u0300 l\u2019utilisation de produits chimiques comme le mercure, utilise\u0301 pour se\u0301parer l\u2019or des autres mate\u0301riaux. Dans plusieurs zones aurife\u0300res du Mali et de l\u2019Afrique de l\u2019Ouest, ces pratiques ont e\u0301te\u0301 associe\u0301es a\u0300 la de\u0301gradation des sols, a\u0300 la pollution de l\u2019eau et a\u0300 la transformation des paysages.<\/p>\n<p><b>Une e\u0301volution re\u0301glementaire depuis l\u2019adoption d\u2019un nouveau code minier en 2023<\/b><\/p>\n<p>Dans plusieurs pays africains producteurs d\u2019or, des dispositifs ont e\u0301te\u0301 mis en place pour encadrer ces activite\u0301s. Au Ghana, l\u2019orpaillage artisanal est soumis a\u0300 un syste\u0300me de licences et a\u0300 la de\u0301limitation de zones autorise\u0301es afin de mieux contro\u0302ler l\u2019exploitation et de limiter les impacts environnementaux. Au Burkina Faso, les autorite\u0301s ont e\u0301galement instaure\u0301 un cadastre minier et des me\u0301canismes d\u2019encadrement des sites d\u2019orpaillage.<\/p>\n<p>Au Mali, le secteur minier fait l\u2019objet d\u2019une e\u0301volution re\u0301glementaire depuis l\u2019adoption d\u2019un nouveau code minier en 2023, qui pre\u0301voit notamment une participation plus importante de l\u2019E\u0301tat dans les projets miniers ainsi qu\u2019une implication intense d\u2019investisseurs nationaux. Cette re\u0301forme vise a\u0300 renforcer les retombe\u0301es e\u0301conomiques du secteur pour le pays.<\/p>\n<p>Dans ce contexte, la situation observe\u0301e a\u0300 Fale\u0301a illustre les transformations en cours dans certaines zones rurales du Mali ou\u0300 l\u2019expansion des activite\u0301s aurife\u0300res rede\u0301finit progressivement l\u2019usage des terres, l\u2019organisation des e\u0301conomies locales et les perspectives de de\u0301veloppement des territoires concerne\u0301s.<\/p>\n<p><strong>Pour plus d&rsquo;informations et d&rsquo;analyses sur la <span style=\"color: #ff6600\">Mali<\/span>, suivez <span style=\"color: #ff6600\">Africa-Press<\/span><\/strong><\/p>\n","protected":false},"excerpt":{"rendered":"<p>Africa-Press &#8211; Mali. Dans la commune rurale de Fale\u0301a, dans la re\u0301gion de Kayes, l\u2019essor des activite\u0301s aurife\u0300res modifie progressivement l\u2019e\u0301quilibre foncier et e\u0301conomique local. Entre ventes de terres, orpaillage artisanal et pre\u0301sence d\u2019ope\u0301rateurs e\u0301trangers, cette zone du cercle de Ke\u0301nie\u0301ba se trouve au c\u0153ur d\u2019une pression minie\u0300re croissante. Situe\u0301e dans le cercle de Ke\u0301nie\u0301ba, [&hellip;]<\/p>\n","protected":false},"author":82,"featured_media":60472,"comment_status":"open","ping_status":"closed","sticky":false,"template":"","format":"standard","meta":{"footnotes":""},"categories":[12,5,17],"tags":[19],"class_list":["post-60473","post","type-post","status-publish","format-standard","has-post-thumbnail","hentry","category-economie","category-top-nouvelles","category-toutes-les-actualites","tag-mali"],"yoast_head":"<!-- This site is optimized with the Yoast SEO Premium plugin v26.1 (Yoast SEO v27.0) - https:\/\/yoast.com\/product\/yoast-seo-premium-wordpress\/ -->\n<title>Pression Mini\u00e8re \u00e0 K\u00e9ni\u00e9ba et Changements Sociaux - Mali<\/title>\n<meta name=\"description\" content=\"Dans la commune rurale de Fale\u0301a, dans la re\u0301gion de Kayes, l\u2019essor des activite\u0301s aurife\u0300res modifie progressivement l\u2019 ...\" \/>\n<meta name=\"robots\" content=\"index, follow, max-snippet:-1, max-image-preview:large, max-video-preview:-1\" \/>\n<link rel=\"canonical\" href=\"https:\/\/www.africa-press.net\/mali\/top-nouvelles\/pression-miniere-a-kenieba-et-changements-sociaux\" \/>\n<meta property=\"og:locale\" content=\"fr_FR\" \/>\n<meta property=\"og:type\" content=\"article\" \/>\n<meta property=\"og:title\" content=\"Pression Mini\u00e8re \u00e0 K\u00e9ni\u00e9ba et Changements Sociaux\" \/>\n<meta property=\"og:description\" content=\"Dans la commune rurale de Fale\u0301a, dans la re\u0301gion de Kayes, l\u2019essor des activite\u0301s aurife\u0300res modifie progressivement l\u2019 ...\" \/>\n<meta property=\"og:url\" content=\"https:\/\/www.africa-press.net\/mali\/top-nouvelles\/pression-miniere-a-kenieba-et-changements-sociaux\" \/>\n<meta property=\"og:site_name\" content=\"Mali\" \/>\n<meta property=\"article:publisher\" content=\"https:\/\/www.facebook.com\/AfricaPressTunisiaa\" \/>\n<meta property=\"article:published_time\" content=\"2026-03-15T13:45:00+00:00\" \/>\n<meta property=\"article:modified_time\" content=\"2026-03-18T23:09:20+00:00\" \/>\n<meta property=\"og:image\" content=\"https:\/\/static.africa-press.net\/mali\/sites\/21\/2026\/03\/sm_1773607982.964053.jpg\" \/>\n\t<meta property=\"og:image:width\" content=\"1280\" \/>\n\t<meta property=\"og:image:height\" content=\"720\" \/>\n\t<meta property=\"og:image:type\" content=\"image\/jpeg\" \/>\n<meta name=\"author\" content=\"cfeditorfr\" \/>\n<meta name=\"twitter:card\" content=\"summary_large_image\" \/>\n<meta name=\"twitter:label1\" content=\"\u00c9crit par\" \/>\n\t<meta name=\"twitter:data1\" content=\"cfeditorfr\" \/>\n\t<meta name=\"twitter:label2\" content=\"Dur\u00e9e de lecture estim\u00e9e\" \/>\n\t<meta name=\"twitter:data2\" content=\"5 minutes\" \/>\n<script type=\"application\/ld+json\" class=\"yoast-schema-graph\">{\"@context\":\"https:\/\/schema.org\",\"@graph\":[{\"@type\":\"Article\",\"@id\":\"https:\/\/www.africa-press.net\/mali\/top-nouvelles\/pression-miniere-a-kenieba-et-changements-sociaux#article\",\"isPartOf\":{\"@id\":\"https:\/\/www.africa-press.net\/mali\/top-nouvelles\/pression-miniere-a-kenieba-et-changements-sociaux\"},\"author\":{\"name\":\"cfeditorfr\",\"@id\":\"https:\/\/www.africa-press.net\/mali\/#\/schema\/person\/2b1cf3cd81a31e3cd26889ca66d677f1\"},\"headline\":\"Pression Mini\u00e8re \u00e0 K\u00e9ni\u00e9ba et Changements Sociaux\",\"datePublished\":\"2026-03-15T13:45:00+00:00\",\"dateModified\":\"2026-03-18T23:09:20+00:00\",\"mainEntityOfPage\":{\"@id\":\"https:\/\/www.africa-press.net\/mali\/top-nouvelles\/pression-miniere-a-kenieba-et-changements-sociaux\"},\"wordCount\":930,\"commentCount\":0,\"image\":{\"@id\":\"https:\/\/www.africa-press.net\/mali\/top-nouvelles\/pression-miniere-a-kenieba-et-changements-sociaux#primaryimage\"},\"thumbnailUrl\":\"https:\/\/static.africa-press.net\/mali\/sites\/21\/2026\/03\/sm_1773607982.964053.jpg\",\"keywords\":[\"mali\"],\"articleSection\":[\"\u00c9conomie\",\"Top Nouvelles\",\"Toutes les actualit\u00e9s\"],\"inLanguage\":\"fr-FR\",\"potentialAction\":[{\"@type\":\"CommentAction\",\"name\":\"Comment\",\"target\":[\"https:\/\/www.africa-press.net\/mali\/top-nouvelles\/pression-miniere-a-kenieba-et-changements-sociaux#respond\"]}]},{\"@type\":\"WebPage\",\"@id\":\"https:\/\/www.africa-press.net\/mali\/top-nouvelles\/pression-miniere-a-kenieba-et-changements-sociaux\",\"url\":\"https:\/\/www.africa-press.net\/mali\/top-nouvelles\/pression-miniere-a-kenieba-et-changements-sociaux\",\"name\":\"Pression Mini\u00e8re \u00e0 K\u00e9ni\u00e9ba et Changements Sociaux - Mali\",\"isPartOf\":{\"@id\":\"https:\/\/www.africa-press.net\/mali\/#website\"},\"primaryImageOfPage\":{\"@id\":\"https:\/\/www.africa-press.net\/mali\/top-nouvelles\/pression-miniere-a-kenieba-et-changements-sociaux#primaryimage\"},\"image\":{\"@id\":\"https:\/\/www.africa-press.net\/mali\/top-nouvelles\/pression-miniere-a-kenieba-et-changements-sociaux#primaryimage\"},\"thumbnailUrl\":\"https:\/\/static.africa-press.net\/mali\/sites\/21\/2026\/03\/sm_1773607982.964053.jpg\",\"datePublished\":\"2026-03-15T13:45:00+00:00\",\"dateModified\":\"2026-03-18T23:09:20+00:00\",\"author\":{\"@id\":\"https:\/\/www.africa-press.net\/mali\/#\/schema\/person\/2b1cf3cd81a31e3cd26889ca66d677f1\"},\"description\":\"Dans la commune rurale de Fale\u0301a, dans la re\u0301gion de Kayes, l\u2019essor des activite\u0301s aurife\u0300res modifie progressivement l\u2019 ...\",\"breadcrumb\":{\"@id\":\"https:\/\/www.africa-press.net\/mali\/top-nouvelles\/pression-miniere-a-kenieba-et-changements-sociaux#breadcrumb\"},\"inLanguage\":\"fr-FR\",\"potentialAction\":[{\"@type\":\"ReadAction\",\"target\":[\"https:\/\/www.africa-press.net\/mali\/top-nouvelles\/pression-miniere-a-kenieba-et-changements-sociaux\"]}]},{\"@type\":\"ImageObject\",\"inLanguage\":\"fr-FR\",\"@id\":\"https:\/\/www.africa-press.net\/mali\/top-nouvelles\/pression-miniere-a-kenieba-et-changements-sociaux#primaryimage\",\"url\":\"https:\/\/static.africa-press.net\/mali\/sites\/21\/2026\/03\/sm_1773607982.964053.jpg\",\"contentUrl\":\"https:\/\/static.africa-press.net\/mali\/sites\/21\/2026\/03\/sm_1773607982.964053.jpg\",\"width\":1280,\"height\":720,\"caption\":\"Pression Mini\u00e8re \u00e0 K\u00e9ni\u00e9ba et Changements Sociaux\"},{\"@type\":\"BreadcrumbList\",\"@id\":\"https:\/\/www.africa-press.net\/mali\/top-nouvelles\/pression-miniere-a-kenieba-et-changements-sociaux#breadcrumb\",\"itemListElement\":[{\"@type\":\"ListItem\",\"position\":1,\"name\":\"Home\",\"item\":\"https:\/\/www.africa-press.net\/mali\/\"},{\"@type\":\"ListItem\",\"position\":2,\"name\":\"Pression Mini\u00e8re \u00e0 K\u00e9ni\u00e9ba et Changements Sociaux\"}]},{\"@type\":\"WebSite\",\"@id\":\"https:\/\/www.africa-press.net\/mali\/#website\",\"url\":\"https:\/\/www.africa-press.net\/mali\/\",\"name\":\"Mali\",\"description\":\"Just another Africa News Agency Sites site\",\"potentialAction\":[{\"@type\":\"SearchAction\",\"target\":{\"@type\":\"EntryPoint\",\"urlTemplate\":\"https:\/\/www.africa-press.net\/mali\/?s={search_term_string}\"},\"query-input\":{\"@type\":\"PropertyValueSpecification\",\"valueRequired\":true,\"valueName\":\"search_term_string\"}}],\"inLanguage\":\"fr-FR\"},{\"@type\":\"Person\",\"@id\":\"https:\/\/www.africa-press.net\/mali\/#\/schema\/person\/2b1cf3cd81a31e3cd26889ca66d677f1\",\"name\":\"cfeditorfr\"}]}<\/script>\n<!-- \/ Yoast SEO Premium plugin. -->","yoast_head_json":{"title":"Pression Mini\u00e8re \u00e0 K\u00e9ni\u00e9ba et Changements Sociaux - Mali","description":"Dans la commune rurale de Fale\u0301a, dans la re\u0301gion de Kayes, l\u2019essor des activite\u0301s aurife\u0300res modifie progressivement l\u2019 ...","robots":{"index":"index","follow":"follow","max-snippet":"max-snippet:-1","max-image-preview":"max-image-preview:large","max-video-preview":"max-video-preview:-1"},"canonical":"https:\/\/www.africa-press.net\/mali\/top-nouvelles\/pression-miniere-a-kenieba-et-changements-sociaux","og_locale":"fr_FR","og_type":"article","og_title":"Pression Mini\u00e8re \u00e0 K\u00e9ni\u00e9ba et Changements Sociaux","og_description":"Dans la commune rurale de Fale\u0301a, dans la re\u0301gion de Kayes, l\u2019essor des activite\u0301s aurife\u0300res modifie progressivement l\u2019 ...","og_url":"https:\/\/www.africa-press.net\/mali\/top-nouvelles\/pression-miniere-a-kenieba-et-changements-sociaux","og_site_name":"Mali","article_publisher":"https:\/\/www.facebook.com\/AfricaPressTunisiaa","article_published_time":"2026-03-15T13:45:00+00:00","article_modified_time":"2026-03-18T23:09:20+00:00","og_image":[{"width":1280,"height":720,"url":"https:\/\/static.africa-press.net\/mali\/sites\/21\/2026\/03\/sm_1773607982.964053.jpg","type":"image\/jpeg"}],"author":"cfeditorfr","twitter_card":"summary_large_image","twitter_misc":{"\u00c9crit par":"cfeditorfr","Dur\u00e9e de lecture estim\u00e9e":"5 minutes"},"schema":{"@context":"https:\/\/schema.org","@graph":[{"@type":"Article","@id":"https:\/\/www.africa-press.net\/mali\/top-nouvelles\/pression-miniere-a-kenieba-et-changements-sociaux#article","isPartOf":{"@id":"https:\/\/www.africa-press.net\/mali\/top-nouvelles\/pression-miniere-a-kenieba-et-changements-sociaux"},"author":{"name":"cfeditorfr","@id":"https:\/\/www.africa-press.net\/mali\/#\/schema\/person\/2b1cf3cd81a31e3cd26889ca66d677f1"},"headline":"Pression Mini\u00e8re \u00e0 K\u00e9ni\u00e9ba et Changements Sociaux","datePublished":"2026-03-15T13:45:00+00:00","dateModified":"2026-03-18T23:09:20+00:00","mainEntityOfPage":{"@id":"https:\/\/www.africa-press.net\/mali\/top-nouvelles\/pression-miniere-a-kenieba-et-changements-sociaux"},"wordCount":930,"commentCount":0,"image":{"@id":"https:\/\/www.africa-press.net\/mali\/top-nouvelles\/pression-miniere-a-kenieba-et-changements-sociaux#primaryimage"},"thumbnailUrl":"https:\/\/static.africa-press.net\/mali\/sites\/21\/2026\/03\/sm_1773607982.964053.jpg","keywords":["mali"],"articleSection":["\u00c9conomie","Top Nouvelles","Toutes les actualit\u00e9s"],"inLanguage":"fr-FR","potentialAction":[{"@type":"CommentAction","name":"Comment","target":["https:\/\/www.africa-press.net\/mali\/top-nouvelles\/pression-miniere-a-kenieba-et-changements-sociaux#respond"]}]},{"@type":"WebPage","@id":"https:\/\/www.africa-press.net\/mali\/top-nouvelles\/pression-miniere-a-kenieba-et-changements-sociaux","url":"https:\/\/www.africa-press.net\/mali\/top-nouvelles\/pression-miniere-a-kenieba-et-changements-sociaux","name":"Pression Mini\u00e8re \u00e0 K\u00e9ni\u00e9ba et Changements Sociaux - Mali","isPartOf":{"@id":"https:\/\/www.africa-press.net\/mali\/#website"},"primaryImageOfPage":{"@id":"https:\/\/www.africa-press.net\/mali\/top-nouvelles\/pression-miniere-a-kenieba-et-changements-sociaux#primaryimage"},"image":{"@id":"https:\/\/www.africa-press.net\/mali\/top-nouvelles\/pression-miniere-a-kenieba-et-changements-sociaux#primaryimage"},"thumbnailUrl":"https:\/\/static.africa-press.net\/mali\/sites\/21\/2026\/03\/sm_1773607982.964053.jpg","datePublished":"2026-03-15T13:45:00+00:00","dateModified":"2026-03-18T23:09:20+00:00","author":{"@id":"https:\/\/www.africa-press.net\/mali\/#\/schema\/person\/2b1cf3cd81a31e3cd26889ca66d677f1"},"description":"Dans la commune rurale de Fale\u0301a, dans la re\u0301gion de Kayes, l\u2019essor des activite\u0301s aurife\u0300res modifie progressivement l\u2019 ...","breadcrumb":{"@id":"https:\/\/www.africa-press.net\/mali\/top-nouvelles\/pression-miniere-a-kenieba-et-changements-sociaux#breadcrumb"},"inLanguage":"fr-FR","potentialAction":[{"@type":"ReadAction","target":["https:\/\/www.africa-press.net\/mali\/top-nouvelles\/pression-miniere-a-kenieba-et-changements-sociaux"]}]},{"@type":"ImageObject","inLanguage":"fr-FR","@id":"https:\/\/www.africa-press.net\/mali\/top-nouvelles\/pression-miniere-a-kenieba-et-changements-sociaux#primaryimage","url":"https:\/\/static.africa-press.net\/mali\/sites\/21\/2026\/03\/sm_1773607982.964053.jpg","contentUrl":"https:\/\/static.africa-press.net\/mali\/sites\/21\/2026\/03\/sm_1773607982.964053.jpg","width":1280,"height":720,"caption":"Pression Mini\u00e8re \u00e0 K\u00e9ni\u00e9ba et Changements Sociaux"},{"@type":"BreadcrumbList","@id":"https:\/\/www.africa-press.net\/mali\/top-nouvelles\/pression-miniere-a-kenieba-et-changements-sociaux#breadcrumb","itemListElement":[{"@type":"ListItem","position":1,"name":"Home","item":"https:\/\/www.africa-press.net\/mali\/"},{"@type":"ListItem","position":2,"name":"Pression Mini\u00e8re \u00e0 K\u00e9ni\u00e9ba et Changements Sociaux"}]},{"@type":"WebSite","@id":"https:\/\/www.africa-press.net\/mali\/#website","url":"https:\/\/www.africa-press.net\/mali\/","name":"Mali","description":"Just another Africa News Agency Sites site","potentialAction":[{"@type":"SearchAction","target":{"@type":"EntryPoint","urlTemplate":"https:\/\/www.africa-press.net\/mali\/?s={search_term_string}"},"query-input":{"@type":"PropertyValueSpecification","valueRequired":true,"valueName":"search_term_string"}}],"inLanguage":"fr-FR"},{"@type":"Person","@id":"https:\/\/www.africa-press.net\/mali\/#\/schema\/person\/2b1cf3cd81a31e3cd26889ca66d677f1","name":"cfeditorfr"}]}},"_links":{"self":[{"href":"https:\/\/www.africa-press.net\/mali\/wp-json\/wp\/v2\/posts\/60473","targetHints":{"allow":["GET"]}}],"collection":[{"href":"https:\/\/www.africa-press.net\/mali\/wp-json\/wp\/v2\/posts"}],"about":[{"href":"https:\/\/www.africa-press.net\/mali\/wp-json\/wp\/v2\/types\/post"}],"author":[{"embeddable":true,"href":"https:\/\/www.africa-press.net\/mali\/wp-json\/wp\/v2\/users\/82"}],"replies":[{"embeddable":true,"href":"https:\/\/www.africa-press.net\/mali\/wp-json\/wp\/v2\/comments?post=60473"}],"version-history":[{"count":0,"href":"https:\/\/www.africa-press.net\/mali\/wp-json\/wp\/v2\/posts\/60473\/revisions"}],"wp:featuredmedia":[{"embeddable":true,"href":"https:\/\/www.africa-press.net\/mali\/wp-json\/wp\/v2\/media\/60472"}],"wp:attachment":[{"href":"https:\/\/www.africa-press.net\/mali\/wp-json\/wp\/v2\/media?parent=60473"}],"wp:term":[{"taxonomy":"category","embeddable":true,"href":"https:\/\/www.africa-press.net\/mali\/wp-json\/wp\/v2\/categories?post=60473"},{"taxonomy":"post_tag","embeddable":true,"href":"https:\/\/www.africa-press.net\/mali\/wp-json\/wp\/v2\/tags?post=60473"}],"curies":[{"name":"wp","href":"https:\/\/api.w.org\/{rel}","templated":true}]}}