{"id":60475,"date":"2026-03-15T14:40:40","date_gmt":"2026-03-15T14:40:40","guid":{"rendered":"https:\/\/www.africa-press.net\/mali\/politique\/washington-renoue-avec-les-regimes-militaires"},"modified":"2026-03-18T23:09:47","modified_gmt":"2026-03-18T23:09:47","slug":"washington-renoue-avec-les-regimes-militaires","status":"publish","type":"post","link":"https:\/\/www.africa-press.net\/mali\/top-nouvelles\/washington-renoue-avec-les-regimes-militaires","title":{"rendered":"Washington Renoue avec les R\u00e9gimes Militaires"},"content":{"rendered":"<p><span style=\"color: #ff6600\"><strong>Africa-Press &#8211; Mali. <\/strong><\/span>Les E\u0301tats-Unis cherchent a\u0300 relancer leurs relations avec les re\u0301gimes militaires du Mali, du Burkina Faso et du Niger, apre\u0300s plusieurs anne\u0301es de tensions marque\u0301es par la suspension d\u2019une partie de leur aide au de\u0301veloppement et de leur coope\u0301ration militaire.<\/p>\n<p>Un haut responsable du bureau des Affaires africaines du de\u0301partement d\u2019E\u0301tat ame\u0301ricain, Nick Checker, s\u2019est rendu successivement dans ces trois pays du Sahel afin d\u2019e\u0301voquer une reprise des relations bilate\u0301rales.<\/p>\n<p>Vendredi, il a e\u0301te\u0301 rec\u0327u a\u0300 Niamey par le ministre nige\u0301rien des Affaires e\u0301trange\u0300res, Bakary Sangare\u0301, et par le Premier ministre Ali Mahamane Lamine.<\/p>\n<p>Selon un communique\u0301 publie\u0301 samedi par la diplomatie nige\u0301rienne, l\u2019e\u0301missaire ame\u0301ricain est venu \u00ab pre\u0301senter la nouvelle vision \u00bb de Washington visant a\u0300 renforcer les relations bilate\u0301rales.<\/p>\n<p>\u00ab Les e\u0301changes se sont de\u0301roule\u0301s dans un climat de se\u0301re\u0301nite\u0301 et de respect mutuel \u00bb et les deux parties ont exprime\u0301 leur volonte\u0301 de \u00ab relancer la coope\u0301ration sur de nouvelles bases et d\u2019\u0153uvrer au re\u0301tablissement de la confiance \u00bb, selon la me\u0302me source.<\/p>\n<p>Les discussions ont notamment porte\u0301 sur la coope\u0301ration e\u0301conomique et commerciale ainsi que sur la lutte contre le terrorisme.<\/p>\n<p>Avant le Niger, Nick Checker s\u2019e\u0301tait rendu de\u0301but fe\u0301vrier au Mali puis cette semaine au Burkina Faso, ou\u0300 il a e\u0301te\u0301 rec\u0327u mercredi a\u0300 Ouagadougou par le ministre des Affaires e\u0301trange\u0300res Karamoko Jean-Marie Traore\u0301.<\/p>\n<p>Les deux parties ont e\u0301voque\u0301 leur volonte\u0301 de relancer les relations et de coope\u0301rer notamment dans la lutte contre le terrorisme et dans les e\u0301changes e\u0301conomiques.<\/p>\n<p>Washington avait suspendu une grande partie de son aide au de\u0301veloppement et de sa coope\u0301ration militaire apre\u0300s l\u2019arrive\u0301e au pouvoir de juntes militaires dans ces trois pays entre 2020 et 2023.<\/p>\n<p>Au Niger, les autorite\u0301s avaient e\u0301galement exige\u0301 et obtenu en septembre 2024 le de\u0301part des soldats ame\u0301ricains engage\u0301s dans la lutte contre le terrorisme.<\/p>\n<p>Depuis le retour au pouvoir du pre\u0301sident Donald Trump de\u0301but 2025, les E\u0301tats-Unis affirment vouloir faire de la \u00ab diplomatie commerciale \u00bb un axe central de leur engagement en Afrique.<\/p>\n<p>Le Mali, le Burkina Faso et le Niger sont aujourd\u2019hui re\u0301unis au sein de l\u2019Alliance des E\u0301tats du Sahel (AES), une confe\u0301de\u0301ration revendiquant une politique souverainiste et anti-impe\u0301rialiste.<\/p>\n<p>Ces trois pays restent confronte\u0301s a\u0300 des violences de groupes jihadistes lie\u0301s a\u0300 Al-Qai\u0308da et a\u0300 l\u2019organisation E\u0301tat islamique, qui ont fait des milliers de morts et de\u0301stabilise\u0301 de vastes territoires du Sahel.<\/p>\n<p><strong>Pour plus d&rsquo;informations et d&rsquo;analyses sur la <span style=\"color: #ff6600\">Mali<\/span>, suivez <span style=\"color: #ff6600\">Africa-Press<\/span><\/strong><\/p>\n","protected":false},"excerpt":{"rendered":"<p>Africa-Press &#8211; Mali. Les E\u0301tats-Unis cherchent a\u0300 relancer leurs relations avec les re\u0301gimes militaires du Mali, du Burkina Faso et du Niger, apre\u0300s plusieurs anne\u0301es de tensions marque\u0301es par la suspension d\u2019une partie de leur aide au de\u0301veloppement et de leur coope\u0301ration militaire. Un haut responsable du bureau des Affaires africaines du de\u0301partement d\u2019E\u0301tat ame\u0301ricain, [&hellip;]<\/p>\n","protected":false},"author":82,"featured_media":60474,"comment_status":"open","ping_status":"closed","sticky":false,"template":"","format":"standard","meta":{"footnotes":""},"categories":[7,5,17],"tags":[424,1981,19,482,824],"class_list":["post-60475","post","type-post","status-publish","format-standard","has-post-thumbnail","hentry","category-politique","category-top-nouvelles","category-toutes-les-actualites","tag-burkina-faso","tag-juntes-du-sahel","tag-mali","tag-niger","tag-washington"],"yoast_head":"<!-- This site is optimized with the Yoast SEO Premium plugin v26.1 (Yoast SEO v27.0) - https:\/\/yoast.com\/product\/yoast-seo-premium-wordpress\/ -->\n<title>Washington Renoue avec les R\u00e9gimes Militaires - Mali<\/title>\n<meta name=\"description\" content=\"Les E\u0301tats-Unis cherchent a\u0300 relancer leurs relations avec les re\u0301gimes militaires du Mali, du Burkina Faso et du Niger, ...\" \/>\n<meta name=\"robots\" content=\"index, follow, max-snippet:-1, max-image-preview:large, max-video-preview:-1\" \/>\n<link rel=\"canonical\" href=\"https:\/\/www.africa-press.net\/mali\/top-nouvelles\/washington-renoue-avec-les-regimes-militaires\" \/>\n<meta property=\"og:locale\" content=\"fr_FR\" \/>\n<meta property=\"og:type\" content=\"article\" \/>\n<meta property=\"og:title\" content=\"Washington Renoue avec les R\u00e9gimes Militaires\" \/>\n<meta property=\"og:description\" content=\"Les E\u0301tats-Unis cherchent a\u0300 relancer leurs relations avec les re\u0301gimes militaires du Mali, du Burkina Faso et du Niger, ...\" \/>\n<meta property=\"og:url\" content=\"https:\/\/www.africa-press.net\/mali\/top-nouvelles\/washington-renoue-avec-les-regimes-militaires\" \/>\n<meta property=\"og:site_name\" content=\"Mali\" \/>\n<meta property=\"article:publisher\" content=\"https:\/\/www.facebook.com\/AfricaPressTunisiaa\" \/>\n<meta property=\"article:published_time\" content=\"2026-03-15T14:40:40+00:00\" \/>\n<meta property=\"article:modified_time\" content=\"2026-03-18T23:09:47+00:00\" \/>\n<meta property=\"og:image\" content=\"https:\/\/static.africa-press.net\/mali\/sites\/21\/2026\/03\/sm_1773607999.190784.jpg\" \/>\n\t<meta property=\"og:image:width\" content=\"783\" \/>\n\t<meta property=\"og:image:height\" content=\"441\" \/>\n\t<meta property=\"og:image:type\" content=\"image\/jpeg\" \/>\n<meta name=\"author\" content=\"cfeditorfr\" \/>\n<meta name=\"twitter:card\" content=\"summary_large_image\" \/>\n<meta name=\"twitter:label1\" content=\"\u00c9crit par\" \/>\n\t<meta name=\"twitter:data1\" content=\"cfeditorfr\" \/>\n\t<meta name=\"twitter:label2\" content=\"Dur\u00e9e de lecture estim\u00e9e\" \/>\n\t<meta name=\"twitter:data2\" content=\"3 minutes\" \/>\n<script type=\"application\/ld+json\" class=\"yoast-schema-graph\">{\"@context\":\"https:\/\/schema.org\",\"@graph\":[{\"@type\":\"Article\",\"@id\":\"https:\/\/www.africa-press.net\/mali\/top-nouvelles\/washington-renoue-avec-les-regimes-militaires#article\",\"isPartOf\":{\"@id\":\"https:\/\/www.africa-press.net\/mali\/top-nouvelles\/washington-renoue-avec-les-regimes-militaires\"},\"author\":{\"name\":\"cfeditorfr\",\"@id\":\"https:\/\/www.africa-press.net\/mali\/#\/schema\/person\/2b1cf3cd81a31e3cd26889ca66d677f1\"},\"headline\":\"Washington Renoue avec les R\u00e9gimes Militaires\",\"datePublished\":\"2026-03-15T14:40:40+00:00\",\"dateModified\":\"2026-03-18T23:09:47+00:00\",\"mainEntityOfPage\":{\"@id\":\"https:\/\/www.africa-press.net\/mali\/top-nouvelles\/washington-renoue-avec-les-regimes-militaires\"},\"wordCount\":477,\"commentCount\":0,\"image\":{\"@id\":\"https:\/\/www.africa-press.net\/mali\/top-nouvelles\/washington-renoue-avec-les-regimes-militaires#primaryimage\"},\"thumbnailUrl\":\"https:\/\/static.africa-press.net\/mali\/sites\/21\/2026\/03\/sm_1773607999.190784.jpg\",\"keywords\":[\"Burkina Faso\",\"juntes du Sahel\",\"mali\",\"Niger\",\"Washington\"],\"articleSection\":[\"Politique\",\"Top Nouvelles\",\"Toutes les actualit\u00e9s\"],\"inLanguage\":\"fr-FR\",\"potentialAction\":[{\"@type\":\"CommentAction\",\"name\":\"Comment\",\"target\":[\"https:\/\/www.africa-press.net\/mali\/top-nouvelles\/washington-renoue-avec-les-regimes-militaires#respond\"]}]},{\"@type\":\"WebPage\",\"@id\":\"https:\/\/www.africa-press.net\/mali\/top-nouvelles\/washington-renoue-avec-les-regimes-militaires\",\"url\":\"https:\/\/www.africa-press.net\/mali\/top-nouvelles\/washington-renoue-avec-les-regimes-militaires\",\"name\":\"Washington Renoue avec les R\u00e9gimes Militaires - Mali\",\"isPartOf\":{\"@id\":\"https:\/\/www.africa-press.net\/mali\/#website\"},\"primaryImageOfPage\":{\"@id\":\"https:\/\/www.africa-press.net\/mali\/top-nouvelles\/washington-renoue-avec-les-regimes-militaires#primaryimage\"},\"image\":{\"@id\":\"https:\/\/www.africa-press.net\/mali\/top-nouvelles\/washington-renoue-avec-les-regimes-militaires#primaryimage\"},\"thumbnailUrl\":\"https:\/\/static.africa-press.net\/mali\/sites\/21\/2026\/03\/sm_1773607999.190784.jpg\",\"datePublished\":\"2026-03-15T14:40:40+00:00\",\"dateModified\":\"2026-03-18T23:09:47+00:00\",\"author\":{\"@id\":\"https:\/\/www.africa-press.net\/mali\/#\/schema\/person\/2b1cf3cd81a31e3cd26889ca66d677f1\"},\"description\":\"Les E\u0301tats-Unis cherchent a\u0300 relancer leurs relations avec les re\u0301gimes militaires du Mali, du Burkina Faso et du Niger, ...\",\"breadcrumb\":{\"@id\":\"https:\/\/www.africa-press.net\/mali\/top-nouvelles\/washington-renoue-avec-les-regimes-militaires#breadcrumb\"},\"inLanguage\":\"fr-FR\",\"potentialAction\":[{\"@type\":\"ReadAction\",\"target\":[\"https:\/\/www.africa-press.net\/mali\/top-nouvelles\/washington-renoue-avec-les-regimes-militaires\"]}]},{\"@type\":\"ImageObject\",\"inLanguage\":\"fr-FR\",\"@id\":\"https:\/\/www.africa-press.net\/mali\/top-nouvelles\/washington-renoue-avec-les-regimes-militaires#primaryimage\",\"url\":\"https:\/\/static.africa-press.net\/mali\/sites\/21\/2026\/03\/sm_1773607999.190784.jpg\",\"contentUrl\":\"https:\/\/static.africa-press.net\/mali\/sites\/21\/2026\/03\/sm_1773607999.190784.jpg\",\"width\":783,\"height\":441,\"caption\":\"Washington Renoue avec les R\u00e9gimes Militaires\"},{\"@type\":\"BreadcrumbList\",\"@id\":\"https:\/\/www.africa-press.net\/mali\/top-nouvelles\/washington-renoue-avec-les-regimes-militaires#breadcrumb\",\"itemListElement\":[{\"@type\":\"ListItem\",\"position\":1,\"name\":\"Home\",\"item\":\"https:\/\/www.africa-press.net\/mali\/\"},{\"@type\":\"ListItem\",\"position\":2,\"name\":\"Washington Renoue avec les R\u00e9gimes Militaires\"}]},{\"@type\":\"WebSite\",\"@id\":\"https:\/\/www.africa-press.net\/mali\/#website\",\"url\":\"https:\/\/www.africa-press.net\/mali\/\",\"name\":\"Mali\",\"description\":\"Just another Africa News Agency Sites site\",\"potentialAction\":[{\"@type\":\"SearchAction\",\"target\":{\"@type\":\"EntryPoint\",\"urlTemplate\":\"https:\/\/www.africa-press.net\/mali\/?s={search_term_string}\"},\"query-input\":{\"@type\":\"PropertyValueSpecification\",\"valueRequired\":true,\"valueName\":\"search_term_string\"}}],\"inLanguage\":\"fr-FR\"},{\"@type\":\"Person\",\"@id\":\"https:\/\/www.africa-press.net\/mali\/#\/schema\/person\/2b1cf3cd81a31e3cd26889ca66d677f1\",\"name\":\"cfeditorfr\"}]}<\/script>\n<!-- \/ Yoast SEO Premium plugin. -->","yoast_head_json":{"title":"Washington Renoue avec les R\u00e9gimes Militaires - Mali","description":"Les E\u0301tats-Unis cherchent a\u0300 relancer leurs relations avec les re\u0301gimes militaires du Mali, du Burkina Faso et du Niger, ...","robots":{"index":"index","follow":"follow","max-snippet":"max-snippet:-1","max-image-preview":"max-image-preview:large","max-video-preview":"max-video-preview:-1"},"canonical":"https:\/\/www.africa-press.net\/mali\/top-nouvelles\/washington-renoue-avec-les-regimes-militaires","og_locale":"fr_FR","og_type":"article","og_title":"Washington Renoue avec les R\u00e9gimes Militaires","og_description":"Les E\u0301tats-Unis cherchent a\u0300 relancer leurs relations avec les re\u0301gimes militaires du Mali, du Burkina Faso et du Niger, ...","og_url":"https:\/\/www.africa-press.net\/mali\/top-nouvelles\/washington-renoue-avec-les-regimes-militaires","og_site_name":"Mali","article_publisher":"https:\/\/www.facebook.com\/AfricaPressTunisiaa","article_published_time":"2026-03-15T14:40:40+00:00","article_modified_time":"2026-03-18T23:09:47+00:00","og_image":[{"width":783,"height":441,"url":"https:\/\/static.africa-press.net\/mali\/sites\/21\/2026\/03\/sm_1773607999.190784.jpg","type":"image\/jpeg"}],"author":"cfeditorfr","twitter_card":"summary_large_image","twitter_misc":{"\u00c9crit par":"cfeditorfr","Dur\u00e9e de lecture estim\u00e9e":"3 minutes"},"schema":{"@context":"https:\/\/schema.org","@graph":[{"@type":"Article","@id":"https:\/\/www.africa-press.net\/mali\/top-nouvelles\/washington-renoue-avec-les-regimes-militaires#article","isPartOf":{"@id":"https:\/\/www.africa-press.net\/mali\/top-nouvelles\/washington-renoue-avec-les-regimes-militaires"},"author":{"name":"cfeditorfr","@id":"https:\/\/www.africa-press.net\/mali\/#\/schema\/person\/2b1cf3cd81a31e3cd26889ca66d677f1"},"headline":"Washington Renoue avec les R\u00e9gimes Militaires","datePublished":"2026-03-15T14:40:40+00:00","dateModified":"2026-03-18T23:09:47+00:00","mainEntityOfPage":{"@id":"https:\/\/www.africa-press.net\/mali\/top-nouvelles\/washington-renoue-avec-les-regimes-militaires"},"wordCount":477,"commentCount":0,"image":{"@id":"https:\/\/www.africa-press.net\/mali\/top-nouvelles\/washington-renoue-avec-les-regimes-militaires#primaryimage"},"thumbnailUrl":"https:\/\/static.africa-press.net\/mali\/sites\/21\/2026\/03\/sm_1773607999.190784.jpg","keywords":["Burkina Faso","juntes du Sahel","mali","Niger","Washington"],"articleSection":["Politique","Top Nouvelles","Toutes les actualit\u00e9s"],"inLanguage":"fr-FR","potentialAction":[{"@type":"CommentAction","name":"Comment","target":["https:\/\/www.africa-press.net\/mali\/top-nouvelles\/washington-renoue-avec-les-regimes-militaires#respond"]}]},{"@type":"WebPage","@id":"https:\/\/www.africa-press.net\/mali\/top-nouvelles\/washington-renoue-avec-les-regimes-militaires","url":"https:\/\/www.africa-press.net\/mali\/top-nouvelles\/washington-renoue-avec-les-regimes-militaires","name":"Washington Renoue avec les R\u00e9gimes Militaires - Mali","isPartOf":{"@id":"https:\/\/www.africa-press.net\/mali\/#website"},"primaryImageOfPage":{"@id":"https:\/\/www.africa-press.net\/mali\/top-nouvelles\/washington-renoue-avec-les-regimes-militaires#primaryimage"},"image":{"@id":"https:\/\/www.africa-press.net\/mali\/top-nouvelles\/washington-renoue-avec-les-regimes-militaires#primaryimage"},"thumbnailUrl":"https:\/\/static.africa-press.net\/mali\/sites\/21\/2026\/03\/sm_1773607999.190784.jpg","datePublished":"2026-03-15T14:40:40+00:00","dateModified":"2026-03-18T23:09:47+00:00","author":{"@id":"https:\/\/www.africa-press.net\/mali\/#\/schema\/person\/2b1cf3cd81a31e3cd26889ca66d677f1"},"description":"Les E\u0301tats-Unis cherchent a\u0300 relancer leurs relations avec les re\u0301gimes militaires du Mali, du Burkina Faso et du Niger, ...","breadcrumb":{"@id":"https:\/\/www.africa-press.net\/mali\/top-nouvelles\/washington-renoue-avec-les-regimes-militaires#breadcrumb"},"inLanguage":"fr-FR","potentialAction":[{"@type":"ReadAction","target":["https:\/\/www.africa-press.net\/mali\/top-nouvelles\/washington-renoue-avec-les-regimes-militaires"]}]},{"@type":"ImageObject","inLanguage":"fr-FR","@id":"https:\/\/www.africa-press.net\/mali\/top-nouvelles\/washington-renoue-avec-les-regimes-militaires#primaryimage","url":"https:\/\/static.africa-press.net\/mali\/sites\/21\/2026\/03\/sm_1773607999.190784.jpg","contentUrl":"https:\/\/static.africa-press.net\/mali\/sites\/21\/2026\/03\/sm_1773607999.190784.jpg","width":783,"height":441,"caption":"Washington Renoue avec les R\u00e9gimes Militaires"},{"@type":"BreadcrumbList","@id":"https:\/\/www.africa-press.net\/mali\/top-nouvelles\/washington-renoue-avec-les-regimes-militaires#breadcrumb","itemListElement":[{"@type":"ListItem","position":1,"name":"Home","item":"https:\/\/www.africa-press.net\/mali\/"},{"@type":"ListItem","position":2,"name":"Washington Renoue avec les R\u00e9gimes Militaires"}]},{"@type":"WebSite","@id":"https:\/\/www.africa-press.net\/mali\/#website","url":"https:\/\/www.africa-press.net\/mali\/","name":"Mali","description":"Just another Africa News Agency Sites site","potentialAction":[{"@type":"SearchAction","target":{"@type":"EntryPoint","urlTemplate":"https:\/\/www.africa-press.net\/mali\/?s={search_term_string}"},"query-input":{"@type":"PropertyValueSpecification","valueRequired":true,"valueName":"search_term_string"}}],"inLanguage":"fr-FR"},{"@type":"Person","@id":"https:\/\/www.africa-press.net\/mali\/#\/schema\/person\/2b1cf3cd81a31e3cd26889ca66d677f1","name":"cfeditorfr"}]}},"_links":{"self":[{"href":"https:\/\/www.africa-press.net\/mali\/wp-json\/wp\/v2\/posts\/60475","targetHints":{"allow":["GET"]}}],"collection":[{"href":"https:\/\/www.africa-press.net\/mali\/wp-json\/wp\/v2\/posts"}],"about":[{"href":"https:\/\/www.africa-press.net\/mali\/wp-json\/wp\/v2\/types\/post"}],"author":[{"embeddable":true,"href":"https:\/\/www.africa-press.net\/mali\/wp-json\/wp\/v2\/users\/82"}],"replies":[{"embeddable":true,"href":"https:\/\/www.africa-press.net\/mali\/wp-json\/wp\/v2\/comments?post=60475"}],"version-history":[{"count":0,"href":"https:\/\/www.africa-press.net\/mali\/wp-json\/wp\/v2\/posts\/60475\/revisions"}],"wp:featuredmedia":[{"embeddable":true,"href":"https:\/\/www.africa-press.net\/mali\/wp-json\/wp\/v2\/media\/60474"}],"wp:attachment":[{"href":"https:\/\/www.africa-press.net\/mali\/wp-json\/wp\/v2\/media?parent=60475"}],"wp:term":[{"taxonomy":"category","embeddable":true,"href":"https:\/\/www.africa-press.net\/mali\/wp-json\/wp\/v2\/categories?post=60475"},{"taxonomy":"post_tag","embeddable":true,"href":"https:\/\/www.africa-press.net\/mali\/wp-json\/wp\/v2\/tags?post=60475"}],"curies":[{"name":"wp","href":"https:\/\/api.w.org\/{rel}","templated":true}]}}