{"id":60949,"date":"2026-04-26T20:30:00","date_gmt":"2026-04-26T20:30:00","guid":{"rendered":"https:\/\/www.africa-press.net\/mali\/politique\/ministre-de-la-defense-tue-dans-attaque-a-kati"},"modified":"2026-04-29T21:06:28","modified_gmt":"2026-04-29T21:06:28","slug":"ministre-de-la-defense-tue-dans-attaque-a-kati","status":"publish","type":"post","link":"https:\/\/www.africa-press.net\/mali\/top-nouvelles\/ministre-de-la-defense-tue-dans-attaque-a-kati","title":{"rendered":"Ministre de la D\u00e9fense Tu\u00e9 dans Attaque \u00e0 Kati"},"content":{"rendered":"<p><span class=\"ap-article-header-tag\"> <strong>Africa-Press &#8211; Mali. <\/strong> <\/span>Le ministre malien de la De\u0301fense, le ge\u0301ne\u0301ral Sadio Camara, aurait e\u0301te\u0301 tue\u0301 samedi lors d&rsquo;une attaque au ve\u0301hicule pie\u0301ge\u0301 contre sa re\u0301sidence a\u0300 Kati, pre\u0300s de Bamako, rapportent plusieurs me\u0301dias internationaux citant des sources se\u0301curitaires, sans confirmation officielle a\u0300 ce stade.<\/p>\n<p>L&rsquo;attaque, survenue samedi dans la ville de Kati, a\u0300 une quinzaine de kilome\u0300tres de la capitale, aurait e\u0301te\u0301 mene\u0301e par un kamikaze a\u0300 bord d&rsquo;un ve\u0301hicule pie\u0301ge\u0301. La de\u0301flagration aurait entie\u0300rement de\u0301truit la re\u0301sidence du ministre.<\/p>\n<p>Une incertitude majeure demeure sur son sort. Samedi, les autorite\u0301s avaient affirme\u0301 que le ministre n&rsquo;avait pas e\u0301te\u0301 blesse\u0301, tandis que des te\u0301moins faisaient e\u0301tat d&rsquo;importants de\u0301ga\u0302ts mate\u0301riels sur sa re\u0301sidence.<\/p>\n<p>L&rsquo;assaut de Kati s&rsquo;inscrit dans le cadre d&rsquo;une vague d&rsquo;attaques coordonne\u0301es, qui a frappe\u0301 le Mali tout au long de la journe\u0301e de samedi.<\/p>\n<p>To\u0302t dans la matine\u0301e, des affrontements ont e\u0301clate\u0301 simultane\u0301ment dans plusieurs re\u0301gions strate\u0301giques. Autour de Bamako, des tirs nourris ont vise\u0301 le camp militaire de Se\u0301nou, pre\u0300s de l&rsquo;ae\u0301roport international. Des assauts ont e\u0301galement e\u0301te\u0301 rapporte\u0301s a\u0300 Se\u0301vare\u0301 (centre), ainsi qu&rsquo;a\u0300 Gao et Kidal, dans le nord du pays.<\/p>\n<p>Dans le Nord, le Front de libe\u0301ration de l&rsquo;Azawad (FLA), une alliance rebelle dirige\u0301e par des Touaregs, a affirme\u0301 tard samedi avoir pris le \u00ab\u00a0contro\u0302le total\u00a0\u00bb de la ville de Kidal. Le groupe assure avoir re\u0301duit les soldats maliens et les \u00ab\u00a0mercenaires russes de l&rsquo;Africa Corps\u00a0\u00bb a\u0300 \u00ab\u00a0une petite poche de re\u0301sistance re\u0301siduelle\u00a0\u00bb.<\/p>\n<p>Le FLA a de\u0301clare\u0301 avoir mene\u0301 cette ope\u0301ration \u00ab\u00a0en partenariat avec le Jnim\u00a0\u00bb, un groupe militant affilie\u0301 a\u0300 Al-Qaeda.<\/p>\n<p>Face a\u0300 ces de\u0301veloppements, le gouvernement de transition a affirme\u0301 samedi soir avoir contenu les assauts et neutralise\u0301 plusieurs assaillants, de\u0301clarant la situation \u00ab\u00a0totalement sous contro\u0302le\u00a0\u00bb. Les autorite\u0301s ont fait e\u0301tat d&rsquo;un premier bilan provisoire de 16 blesse\u0301s parmi les civils et les soldats, sans communiquer de chiffres officiels sur les pertes en vies humaines ni sur l&rsquo;ampleur des de\u0301ga\u0302ts mate\u0301riels.<\/p>\n<p class=\"ap-article-footer-note\">Retrouvez plus d\u2019actualit\u00e9s et d\u2019analyses sur <span class=\"ap-highlight-country\">Mali<\/span> sur le site <span class=\"ap-highlight-brand\">Africa Press<\/span><\/p>\n","protected":false},"excerpt":{"rendered":"<p>Africa-Press &#8211; Mali. Le ministre malien de la De\u0301fense, le ge\u0301ne\u0301ral Sadio Camara, aurait e\u0301te\u0301 tue\u0301 samedi lors d&rsquo;une attaque au ve\u0301hicule pie\u0301ge\u0301 contre sa re\u0301sidence a\u0300 Kati, pre\u0300s de Bamako, rapportent plusieurs me\u0301dias internationaux citant des sources se\u0301curitaires, sans confirmation officielle a\u0300 ce stade. L&rsquo;attaque, survenue samedi dans la ville de Kati, a\u0300 une [&hellip;]<\/p>\n","protected":false},"author":82,"featured_media":60948,"comment_status":"open","ping_status":"closed","sticky":false,"template":"","format":"standard","meta":{"footnotes":""},"categories":[7,5,17],"tags":[19],"class_list":["post-60949","post","type-post","status-publish","format-standard","has-post-thumbnail","hentry","category-politique","category-top-nouvelles","category-toutes-les-actualites","tag-mali"],"yoast_head":"<!-- This site is optimized with the Yoast SEO Premium plugin v26.1 (Yoast SEO v27.0) - https:\/\/yoast.com\/product\/yoast-seo-premium-wordpress\/ -->\n<title>Ministre de la D\u00e9fense Tu\u00e9 dans Attaque \u00e0 Kati - Mali<\/title>\n<meta name=\"description\" content=\"-article-header-tag&quot;&gt; Africa-Press - Mali. Le ministre malien de la De\u0301fense, ...\" \/>\n<meta name=\"robots\" content=\"index, follow, max-snippet:-1, max-image-preview:large, max-video-preview:-1\" \/>\n<link rel=\"canonical\" href=\"https:\/\/www.africa-press.net\/mali\/top-nouvelles\/ministre-de-la-defense-tue-dans-attaque-a-kati\" \/>\n<meta property=\"og:locale\" content=\"fr_FR\" \/>\n<meta property=\"og:type\" content=\"article\" \/>\n<meta property=\"og:title\" content=\"Ministre de la D\u00e9fense Tu\u00e9 dans Attaque \u00e0 Kati\" \/>\n<meta property=\"og:description\" content=\"-article-header-tag&quot;&gt; Africa-Press - Mali. Le ministre malien de la De\u0301fense, ...\" \/>\n<meta property=\"og:url\" content=\"https:\/\/www.africa-press.net\/mali\/top-nouvelles\/ministre-de-la-defense-tue-dans-attaque-a-kati\" \/>\n<meta property=\"og:site_name\" content=\"Mali\" \/>\n<meta property=\"article:publisher\" content=\"https:\/\/www.facebook.com\/AfricaPressTunisiaa\" \/>\n<meta property=\"article:published_time\" content=\"2026-04-26T20:30:00+00:00\" \/>\n<meta property=\"article:modified_time\" content=\"2026-04-29T21:06:28+00:00\" \/>\n<meta property=\"og:image\" content=\"https:\/\/static.africa-press.net\/mali\/sites\/21\/2026\/04\/sm_1777496575.689906.jpg\" \/>\n\t<meta property=\"og:image:width\" content=\"864\" \/>\n\t<meta property=\"og:image:height\" content=\"486\" \/>\n\t<meta property=\"og:image:type\" content=\"image\/jpeg\" \/>\n<meta name=\"author\" content=\"cfeditorfr\" \/>\n<meta name=\"twitter:card\" content=\"summary_large_image\" \/>\n<meta name=\"twitter:label1\" content=\"\u00c9crit par\" \/>\n\t<meta name=\"twitter:data1\" content=\"cfeditorfr\" \/>\n\t<meta name=\"twitter:label2\" content=\"Dur\u00e9e de lecture estim\u00e9e\" \/>\n\t<meta name=\"twitter:data2\" content=\"2 minutes\" \/>\n<script type=\"application\/ld+json\" class=\"yoast-schema-graph\">{\"@context\":\"https:\/\/schema.org\",\"@graph\":[{\"@type\":\"Article\",\"@id\":\"https:\/\/www.africa-press.net\/mali\/top-nouvelles\/ministre-de-la-defense-tue-dans-attaque-a-kati#article\",\"isPartOf\":{\"@id\":\"https:\/\/www.africa-press.net\/mali\/top-nouvelles\/ministre-de-la-defense-tue-dans-attaque-a-kati\"},\"author\":{\"name\":\"cfeditorfr\",\"@id\":\"https:\/\/www.africa-press.net\/mali\/#\/schema\/person\/2b1cf3cd81a31e3cd26889ca66d677f1\"},\"headline\":\"Ministre de la D\u00e9fense Tu\u00e9 dans Attaque \u00e0 Kati\",\"datePublished\":\"2026-04-26T20:30:00+00:00\",\"dateModified\":\"2026-04-29T21:06:28+00:00\",\"mainEntityOfPage\":{\"@id\":\"https:\/\/www.africa-press.net\/mali\/top-nouvelles\/ministre-de-la-defense-tue-dans-attaque-a-kati\"},\"wordCount\":415,\"commentCount\":0,\"image\":{\"@id\":\"https:\/\/www.africa-press.net\/mali\/top-nouvelles\/ministre-de-la-defense-tue-dans-attaque-a-kati#primaryimage\"},\"thumbnailUrl\":\"https:\/\/static.africa-press.net\/mali\/sites\/21\/2026\/04\/sm_1777496575.689906.jpg\",\"keywords\":[\"mali\"],\"articleSection\":[\"Politique\",\"Top Nouvelles\",\"Toutes les actualit\u00e9s\"],\"inLanguage\":\"fr-FR\",\"potentialAction\":[{\"@type\":\"CommentAction\",\"name\":\"Comment\",\"target\":[\"https:\/\/www.africa-press.net\/mali\/top-nouvelles\/ministre-de-la-defense-tue-dans-attaque-a-kati#respond\"]}]},{\"@type\":\"WebPage\",\"@id\":\"https:\/\/www.africa-press.net\/mali\/top-nouvelles\/ministre-de-la-defense-tue-dans-attaque-a-kati\",\"url\":\"https:\/\/www.africa-press.net\/mali\/top-nouvelles\/ministre-de-la-defense-tue-dans-attaque-a-kati\",\"name\":\"Ministre de la D\u00e9fense Tu\u00e9 dans Attaque \u00e0 Kati - Mali\",\"isPartOf\":{\"@id\":\"https:\/\/www.africa-press.net\/mali\/#website\"},\"primaryImageOfPage\":{\"@id\":\"https:\/\/www.africa-press.net\/mali\/top-nouvelles\/ministre-de-la-defense-tue-dans-attaque-a-kati#primaryimage\"},\"image\":{\"@id\":\"https:\/\/www.africa-press.net\/mali\/top-nouvelles\/ministre-de-la-defense-tue-dans-attaque-a-kati#primaryimage\"},\"thumbnailUrl\":\"https:\/\/static.africa-press.net\/mali\/sites\/21\/2026\/04\/sm_1777496575.689906.jpg\",\"datePublished\":\"2026-04-26T20:30:00+00:00\",\"dateModified\":\"2026-04-29T21:06:28+00:00\",\"author\":{\"@id\":\"https:\/\/www.africa-press.net\/mali\/#\/schema\/person\/2b1cf3cd81a31e3cd26889ca66d677f1\"},\"description\":\"-article-header-tag\\\"> Africa-Press - Mali. Le ministre malien de la De\u0301fense, ...\",\"breadcrumb\":{\"@id\":\"https:\/\/www.africa-press.net\/mali\/top-nouvelles\/ministre-de-la-defense-tue-dans-attaque-a-kati#breadcrumb\"},\"inLanguage\":\"fr-FR\",\"potentialAction\":[{\"@type\":\"ReadAction\",\"target\":[\"https:\/\/www.africa-press.net\/mali\/top-nouvelles\/ministre-de-la-defense-tue-dans-attaque-a-kati\"]}]},{\"@type\":\"ImageObject\",\"inLanguage\":\"fr-FR\",\"@id\":\"https:\/\/www.africa-press.net\/mali\/top-nouvelles\/ministre-de-la-defense-tue-dans-attaque-a-kati#primaryimage\",\"url\":\"https:\/\/static.africa-press.net\/mali\/sites\/21\/2026\/04\/sm_1777496575.689906.jpg\",\"contentUrl\":\"https:\/\/static.africa-press.net\/mali\/sites\/21\/2026\/04\/sm_1777496575.689906.jpg\",\"width\":864,\"height\":486,\"caption\":\"Ministre de la D\u00e9fense Tu\u00e9 dans Attaque \u00e0 Kati\"},{\"@type\":\"BreadcrumbList\",\"@id\":\"https:\/\/www.africa-press.net\/mali\/top-nouvelles\/ministre-de-la-defense-tue-dans-attaque-a-kati#breadcrumb\",\"itemListElement\":[{\"@type\":\"ListItem\",\"position\":1,\"name\":\"Home\",\"item\":\"https:\/\/www.africa-press.net\/mali\/\"},{\"@type\":\"ListItem\",\"position\":2,\"name\":\"Ministre de la D\u00e9fense Tu\u00e9 dans Attaque \u00e0 Kati\"}]},{\"@type\":\"WebSite\",\"@id\":\"https:\/\/www.africa-press.net\/mali\/#website\",\"url\":\"https:\/\/www.africa-press.net\/mali\/\",\"name\":\"Mali\",\"description\":\"Just another Africa News Agency Sites site\",\"potentialAction\":[{\"@type\":\"SearchAction\",\"target\":{\"@type\":\"EntryPoint\",\"urlTemplate\":\"https:\/\/www.africa-press.net\/mali\/?s={search_term_string}\"},\"query-input\":{\"@type\":\"PropertyValueSpecification\",\"valueRequired\":true,\"valueName\":\"search_term_string\"}}],\"inLanguage\":\"fr-FR\"},{\"@type\":\"Person\",\"@id\":\"https:\/\/www.africa-press.net\/mali\/#\/schema\/person\/2b1cf3cd81a31e3cd26889ca66d677f1\",\"name\":\"cfeditorfr\"}]}<\/script>\n<!-- \/ Yoast SEO Premium plugin. -->","yoast_head_json":{"title":"Ministre de la D\u00e9fense Tu\u00e9 dans Attaque \u00e0 Kati - Mali","description":"-article-header-tag\"> Africa-Press - Mali. Le ministre malien de la De\u0301fense, ...","robots":{"index":"index","follow":"follow","max-snippet":"max-snippet:-1","max-image-preview":"max-image-preview:large","max-video-preview":"max-video-preview:-1"},"canonical":"https:\/\/www.africa-press.net\/mali\/top-nouvelles\/ministre-de-la-defense-tue-dans-attaque-a-kati","og_locale":"fr_FR","og_type":"article","og_title":"Ministre de la D\u00e9fense Tu\u00e9 dans Attaque \u00e0 Kati","og_description":"-article-header-tag\"> Africa-Press - Mali. Le ministre malien de la De\u0301fense, ...","og_url":"https:\/\/www.africa-press.net\/mali\/top-nouvelles\/ministre-de-la-defense-tue-dans-attaque-a-kati","og_site_name":"Mali","article_publisher":"https:\/\/www.facebook.com\/AfricaPressTunisiaa","article_published_time":"2026-04-26T20:30:00+00:00","article_modified_time":"2026-04-29T21:06:28+00:00","og_image":[{"width":864,"height":486,"url":"https:\/\/static.africa-press.net\/mali\/sites\/21\/2026\/04\/sm_1777496575.689906.jpg","type":"image\/jpeg"}],"author":"cfeditorfr","twitter_card":"summary_large_image","twitter_misc":{"\u00c9crit par":"cfeditorfr","Dur\u00e9e de lecture estim\u00e9e":"2 minutes"},"schema":{"@context":"https:\/\/schema.org","@graph":[{"@type":"Article","@id":"https:\/\/www.africa-press.net\/mali\/top-nouvelles\/ministre-de-la-defense-tue-dans-attaque-a-kati#article","isPartOf":{"@id":"https:\/\/www.africa-press.net\/mali\/top-nouvelles\/ministre-de-la-defense-tue-dans-attaque-a-kati"},"author":{"name":"cfeditorfr","@id":"https:\/\/www.africa-press.net\/mali\/#\/schema\/person\/2b1cf3cd81a31e3cd26889ca66d677f1"},"headline":"Ministre de la D\u00e9fense Tu\u00e9 dans Attaque \u00e0 Kati","datePublished":"2026-04-26T20:30:00+00:00","dateModified":"2026-04-29T21:06:28+00:00","mainEntityOfPage":{"@id":"https:\/\/www.africa-press.net\/mali\/top-nouvelles\/ministre-de-la-defense-tue-dans-attaque-a-kati"},"wordCount":415,"commentCount":0,"image":{"@id":"https:\/\/www.africa-press.net\/mali\/top-nouvelles\/ministre-de-la-defense-tue-dans-attaque-a-kati#primaryimage"},"thumbnailUrl":"https:\/\/static.africa-press.net\/mali\/sites\/21\/2026\/04\/sm_1777496575.689906.jpg","keywords":["mali"],"articleSection":["Politique","Top Nouvelles","Toutes les actualit\u00e9s"],"inLanguage":"fr-FR","potentialAction":[{"@type":"CommentAction","name":"Comment","target":["https:\/\/www.africa-press.net\/mali\/top-nouvelles\/ministre-de-la-defense-tue-dans-attaque-a-kati#respond"]}]},{"@type":"WebPage","@id":"https:\/\/www.africa-press.net\/mali\/top-nouvelles\/ministre-de-la-defense-tue-dans-attaque-a-kati","url":"https:\/\/www.africa-press.net\/mali\/top-nouvelles\/ministre-de-la-defense-tue-dans-attaque-a-kati","name":"Ministre de la D\u00e9fense Tu\u00e9 dans Attaque \u00e0 Kati - Mali","isPartOf":{"@id":"https:\/\/www.africa-press.net\/mali\/#website"},"primaryImageOfPage":{"@id":"https:\/\/www.africa-press.net\/mali\/top-nouvelles\/ministre-de-la-defense-tue-dans-attaque-a-kati#primaryimage"},"image":{"@id":"https:\/\/www.africa-press.net\/mali\/top-nouvelles\/ministre-de-la-defense-tue-dans-attaque-a-kati#primaryimage"},"thumbnailUrl":"https:\/\/static.africa-press.net\/mali\/sites\/21\/2026\/04\/sm_1777496575.689906.jpg","datePublished":"2026-04-26T20:30:00+00:00","dateModified":"2026-04-29T21:06:28+00:00","author":{"@id":"https:\/\/www.africa-press.net\/mali\/#\/schema\/person\/2b1cf3cd81a31e3cd26889ca66d677f1"},"description":"-article-header-tag\"> Africa-Press - Mali. Le ministre malien de la De\u0301fense, ...","breadcrumb":{"@id":"https:\/\/www.africa-press.net\/mali\/top-nouvelles\/ministre-de-la-defense-tue-dans-attaque-a-kati#breadcrumb"},"inLanguage":"fr-FR","potentialAction":[{"@type":"ReadAction","target":["https:\/\/www.africa-press.net\/mali\/top-nouvelles\/ministre-de-la-defense-tue-dans-attaque-a-kati"]}]},{"@type":"ImageObject","inLanguage":"fr-FR","@id":"https:\/\/www.africa-press.net\/mali\/top-nouvelles\/ministre-de-la-defense-tue-dans-attaque-a-kati#primaryimage","url":"https:\/\/static.africa-press.net\/mali\/sites\/21\/2026\/04\/sm_1777496575.689906.jpg","contentUrl":"https:\/\/static.africa-press.net\/mali\/sites\/21\/2026\/04\/sm_1777496575.689906.jpg","width":864,"height":486,"caption":"Ministre de la D\u00e9fense Tu\u00e9 dans Attaque \u00e0 Kati"},{"@type":"BreadcrumbList","@id":"https:\/\/www.africa-press.net\/mali\/top-nouvelles\/ministre-de-la-defense-tue-dans-attaque-a-kati#breadcrumb","itemListElement":[{"@type":"ListItem","position":1,"name":"Home","item":"https:\/\/www.africa-press.net\/mali\/"},{"@type":"ListItem","position":2,"name":"Ministre de la D\u00e9fense Tu\u00e9 dans Attaque \u00e0 Kati"}]},{"@type":"WebSite","@id":"https:\/\/www.africa-press.net\/mali\/#website","url":"https:\/\/www.africa-press.net\/mali\/","name":"Mali","description":"Just another Africa News Agency Sites site","potentialAction":[{"@type":"SearchAction","target":{"@type":"EntryPoint","urlTemplate":"https:\/\/www.africa-press.net\/mali\/?s={search_term_string}"},"query-input":{"@type":"PropertyValueSpecification","valueRequired":true,"valueName":"search_term_string"}}],"inLanguage":"fr-FR"},{"@type":"Person","@id":"https:\/\/www.africa-press.net\/mali\/#\/schema\/person\/2b1cf3cd81a31e3cd26889ca66d677f1","name":"cfeditorfr"}]}},"_links":{"self":[{"href":"https:\/\/www.africa-press.net\/mali\/wp-json\/wp\/v2\/posts\/60949","targetHints":{"allow":["GET"]}}],"collection":[{"href":"https:\/\/www.africa-press.net\/mali\/wp-json\/wp\/v2\/posts"}],"about":[{"href":"https:\/\/www.africa-press.net\/mali\/wp-json\/wp\/v2\/types\/post"}],"author":[{"embeddable":true,"href":"https:\/\/www.africa-press.net\/mali\/wp-json\/wp\/v2\/users\/82"}],"replies":[{"embeddable":true,"href":"https:\/\/www.africa-press.net\/mali\/wp-json\/wp\/v2\/comments?post=60949"}],"version-history":[{"count":1,"href":"https:\/\/www.africa-press.net\/mali\/wp-json\/wp\/v2\/posts\/60949\/revisions"}],"predecessor-version":[{"id":60950,"href":"https:\/\/www.africa-press.net\/mali\/wp-json\/wp\/v2\/posts\/60949\/revisions\/60950"}],"wp:featuredmedia":[{"embeddable":true,"href":"https:\/\/www.africa-press.net\/mali\/wp-json\/wp\/v2\/media\/60948"}],"wp:attachment":[{"href":"https:\/\/www.africa-press.net\/mali\/wp-json\/wp\/v2\/media?parent=60949"}],"wp:term":[{"taxonomy":"category","embeddable":true,"href":"https:\/\/www.africa-press.net\/mali\/wp-json\/wp\/v2\/categories?post=60949"},{"taxonomy":"post_tag","embeddable":true,"href":"https:\/\/www.africa-press.net\/mali\/wp-json\/wp\/v2\/tags?post=60949"}],"curies":[{"name":"wp","href":"https:\/\/api.w.org\/{rel}","templated":true}]}}