{"id":60952,"date":"2026-04-27T12:10:00","date_gmt":"2026-04-27T12:10:00","guid":{"rendered":"https:\/\/www.africa-press.net\/mali\/politique\/couvre-feu-de-30-jours-a-koutiala-suite-aux-attaques"},"modified":"2026-04-29T23:05:07","modified_gmt":"2026-04-29T23:05:07","slug":"couvre-feu-de-30-jours-a-koutiala-suite-aux-attaques","status":"publish","type":"post","link":"https:\/\/www.africa-press.net\/mali\/politique\/couvre-feu-de-30-jours-a-koutiala-suite-aux-attaques","title":{"rendered":"Couvre-Feu de 30 Jours \u00e0 Koutiala Suite aux Attaques"},"content":{"rendered":"<div class=\"ap-summary\" dir=\"ltr\" lang=\"fr\">\n<h4>CE Qu\u2019Il Faut Savoir<\/h4>\n<p>Les autorit\u00e9s maliennes ont instaur\u00e9 un couvre-feu de 30 jours \u00e0 Koutiala en raison d&rsquo;une d\u00e9gradation de la s\u00e9curit\u00e9. Cette mesure, effective du 27 avril au 26 mai 2026, vise \u00e0 limiter les d\u00e9placements et \u00e0 faciliter les op\u00e9rations des forces de s\u00e9curit\u00e9 apr\u00e8s des attaques men\u00e9es par des groupes arm\u00e9s.<\/p>\n<\/div>\n<p><span class=\"ap-article-header-tag\"> <strong>Africa-Press &#8211; Mali. <\/strong> <\/span>Les autorite\u0301s maliennes ont instaure\u0301 un couvre-feu de 30 jours dans la re\u0301gion de Koutiala, dans le sud du pays, a\u0300 la suite d\u2019une de\u0301gradation de la situation se\u0301curitaire marque\u0301e par des attaques coordonne\u0301es, selon une de\u0301cision officielle.<\/p>\n<p>Le gouverneur de la re\u0301gion, Abdoulaye Cisse\u0301, a annonce\u0301, par de\u0301cision administrative, l\u2019instauration de cette mesure sur l\u2019ensemble du territoire re\u0301gional pour une pe\u0301riode allant du 27 avril au 26 mai 2026, entre 20h00 et 06h00.<\/p>\n<p>Le couvre-feu s\u2019applique a\u0300 tous les de\u0301placements, a\u0300 l\u2019exception des forces de de\u0301fense et de se\u0301curite\u0301 ainsi que des personnes munies d\u2019une autorisation officielle. Les autorite\u0301s ont pre\u0301cise\u0301 que ces mesures pourraient e\u0302tre leve\u0301es, prolonge\u0301es ou adapte\u0301es en fonction de l\u2019e\u0301volution de la situation.<\/p>\n<p>Cette de\u0301cision intervient dans un contexte de recrudescence des violences au Mali, apre\u0300s une se\u0301rie d\u2019attaques coordonne\u0301es mene\u0301es le 25 avril par des groupes arme\u0301s, en lien avec le Groupe de soutien a\u0300 l\u2019islam et aux musulmans (JNIM), dirige\u0301 par Iyad Ag Ghaly, et des rebelles du Front de libe\u0301ration de l\u2019Azawad (FLA). Les ope\u0301rations se sont de\u0301roule\u0301es sur plusieurs fronts, notamment a\u0300 Bamako, Kati, Mopti, Gao et Kidal. Les Forces arme\u0301es maliennes (FAMa) ont mene\u0301 des ope\u0301rations de riposte.<\/p>\n<p>Selon les autorite\u0301s, ces affrontements ont fait des victimes civiles et militaires et cause\u0301 des de\u0301ga\u0302ts mate\u0301riels, tandis que des ope\u0301rations se poursuivent pour se\u0301curiser les zones concerne\u0301es.<\/p>\n<p>Dans ce contexte, les autorite\u0301s ont renforce\u0301 les dispositifs se\u0301curitaires a\u0300 l\u2019e\u0301chelle nationale, avec une intensification des patrouilles et des contro\u0302les.<\/p>\n<p>Le couvre-feu constitue une mesure de restriction des de\u0301placements destine\u0301e a\u0300 limiter les risques se\u0301curitaires et a\u0300 faciliter les ope\u0301rations des forces de de\u0301fense et de se\u0301curite\u0301 dans la re\u0301gion.<\/p>\n<p>Le Mali est confronte\u0301 depuis plusieurs anne\u0301es a\u0300 une inse\u0301curite\u0301 persistante lie\u0301e a\u0300 l\u2019activite\u0301 de groupes arme\u0301s dans diffe\u0301rentes re\u0301gions du pays.<\/p>\n<p>Plusieurs organisations internationales et partenaires e\u0301trangers ont condamne\u0301 ces attaques, appelant a\u0300 un renforcement de la coope\u0301ration pour faire face a\u0300 l\u2019inse\u0301curite\u0301 dans la re\u0301gion du Sahel.<\/p>\n<p>Le Mali fait face a\u0300 une inse\u0301curite\u0301 croissante depuis plusieurs anne\u0301es, exacerbe\u0301e par la pre\u0301sence de groupes arme\u0301s dans diffe\u0301rentes re\u0301gions. Les attaques re\u0301centes, attribue\u0301es a\u0300 des factions comme le JNIM et le FLA, soulignent la complexite\u0301 de la situation se\u0301curitaire dans le pays. Les autorite\u0301s maliennes intensifient leurs efforts pour restaurer la se\u0301curite\u0301 et prote\u0301ger les civils, tout en appelant a\u0300 une coope\u0301ration internationale pour faire face a\u0300 cette crise persistante. Les mesures comme le couvre-feu sont des re\u0301ponses directes a\u0300 cette escalade de violence.<\/p>\n<p class=\"ap-article-footer-note\">Retrouvez plus d\u2019actualit\u00e9s et d\u2019analyses sur <span class=\"ap-highlight-country\">Mali<\/span> sur le site <span class=\"ap-highlight-brand\">Africa Press<\/span><\/p>\n","protected":false},"excerpt":{"rendered":"<p>CE Qu\u2019Il Faut Savoir Les autorit\u00e9s maliennes ont instaur\u00e9 un couvre-feu de 30 jours \u00e0 Koutiala en raison d&rsquo;une d\u00e9gradation de la s\u00e9curit\u00e9. Cette mesure, effective du 27 avril au 26 mai 2026, vise \u00e0 limiter les d\u00e9placements et \u00e0 faciliter les op\u00e9rations des forces de s\u00e9curit\u00e9 apr\u00e8s des attaques men\u00e9es par des groupes arm\u00e9s. [&hellip;]<\/p>\n","protected":false},"author":82,"featured_media":60951,"comment_status":"open","ping_status":"closed","sticky":false,"template":"","format":"standard","meta":{"footnotes":""},"categories":[7,17],"tags":[1787,566,19,223,1995],"class_list":["post-60952","post","type-post","status-publish","format-standard","has-post-thumbnail","hentry","category-politique","category-toutes-les-actualites","tag-couvre-feu","tag-koutiala","tag-mali","tag-securite","tag-violences"],"yoast_head":"<!-- This site is optimized with the Yoast SEO Premium plugin v26.1 (Yoast SEO v27.0) - https:\/\/yoast.com\/product\/yoast-seo-premium-wordpress\/ -->\n<title>Couvre-Feu de 30 Jours \u00e0 Koutiala Suite aux Attaques - Mali<\/title>\n<meta name=\"description\" content=\"Les autorit\u00e9s maliennes instaurent un couvre-feu de 30 jours \u00e0 Koutiala apr\u00e8s des attaques coordonn\u00e9es. D\u00e9tails ici.\" \/>\n<meta name=\"robots\" content=\"index, follow, max-snippet:-1, max-image-preview:large, max-video-preview:-1\" \/>\n<link rel=\"canonical\" href=\"https:\/\/www.africa-press.net\/mali\/politique\/couvre-feu-de-30-jours-a-koutiala-suite-aux-attaques\" \/>\n<meta property=\"og:locale\" content=\"fr_FR\" \/>\n<meta property=\"og:type\" content=\"article\" \/>\n<meta property=\"og:title\" content=\"Couvre-Feu de 30 Jours \u00e0 Koutiala Suite aux Attaques\" \/>\n<meta property=\"og:description\" content=\"Les autorit\u00e9s maliennes instaurent un couvre-feu de 30 jours \u00e0 Koutiala apr\u00e8s des attaques coordonn\u00e9es. D\u00e9tails ici.\" \/>\n<meta property=\"og:url\" content=\"https:\/\/www.africa-press.net\/mali\/politique\/couvre-feu-de-30-jours-a-koutiala-suite-aux-attaques\" \/>\n<meta property=\"og:site_name\" content=\"Mali\" \/>\n<meta property=\"article:publisher\" content=\"https:\/\/www.facebook.com\/AfricaPressTunisiaa\" \/>\n<meta property=\"article:published_time\" content=\"2026-04-27T12:10:00+00:00\" \/>\n<meta property=\"article:modified_time\" content=\"2026-04-29T23:05:07+00:00\" \/>\n<meta property=\"og:image\" content=\"https:\/\/static.africa-press.net\/mali\/sites\/21\/2026\/04\/sm_1777503821.844478.jpg\" \/>\n\t<meta property=\"og:image:width\" content=\"864\" \/>\n\t<meta property=\"og:image:height\" content=\"486\" \/>\n\t<meta property=\"og:image:type\" content=\"image\/jpeg\" \/>\n<meta name=\"author\" content=\"cfeditorfr\" \/>\n<meta name=\"twitter:card\" content=\"summary_large_image\" \/>\n<meta name=\"twitter:label1\" content=\"\u00c9crit par\" \/>\n\t<meta name=\"twitter:data1\" content=\"cfeditorfr\" \/>\n\t<meta name=\"twitter:label2\" content=\"Dur\u00e9e de lecture estim\u00e9e\" \/>\n\t<meta name=\"twitter:data2\" content=\"3 minutes\" \/>\n<script type=\"application\/ld+json\" class=\"yoast-schema-graph\">{\"@context\":\"https:\/\/schema.org\",\"@graph\":[{\"@type\":\"Article\",\"@id\":\"https:\/\/www.africa-press.net\/mali\/politique\/couvre-feu-de-30-jours-a-koutiala-suite-aux-attaques#article\",\"isPartOf\":{\"@id\":\"https:\/\/www.africa-press.net\/mali\/politique\/couvre-feu-de-30-jours-a-koutiala-suite-aux-attaques\"},\"author\":{\"name\":\"cfeditorfr\",\"@id\":\"https:\/\/www.africa-press.net\/mali\/#\/schema\/person\/2b1cf3cd81a31e3cd26889ca66d677f1\"},\"headline\":\"Couvre-Feu de 30 Jours \u00e0 Koutiala Suite aux Attaques\",\"datePublished\":\"2026-04-27T12:10:00+00:00\",\"dateModified\":\"2026-04-29T23:05:07+00:00\",\"mainEntityOfPage\":{\"@id\":\"https:\/\/www.africa-press.net\/mali\/politique\/couvre-feu-de-30-jours-a-koutiala-suite-aux-attaques\"},\"wordCount\":580,\"commentCount\":0,\"image\":{\"@id\":\"https:\/\/www.africa-press.net\/mali\/politique\/couvre-feu-de-30-jours-a-koutiala-suite-aux-attaques#primaryimage\"},\"thumbnailUrl\":\"https:\/\/static.africa-press.net\/mali\/sites\/21\/2026\/04\/sm_1777503821.844478.jpg\",\"keywords\":[\"Couvre-feu\",\"Koutiala\",\"mali\",\"S\u00e9curit\u00e9\",\"violences\"],\"articleSection\":[\"Politique\",\"Toutes les actualit\u00e9s\"],\"inLanguage\":\"fr-FR\",\"potentialAction\":[{\"@type\":\"CommentAction\",\"name\":\"Comment\",\"target\":[\"https:\/\/www.africa-press.net\/mali\/politique\/couvre-feu-de-30-jours-a-koutiala-suite-aux-attaques#respond\"]}]},{\"@type\":\"WebPage\",\"@id\":\"https:\/\/www.africa-press.net\/mali\/politique\/couvre-feu-de-30-jours-a-koutiala-suite-aux-attaques\",\"url\":\"https:\/\/www.africa-press.net\/mali\/politique\/couvre-feu-de-30-jours-a-koutiala-suite-aux-attaques\",\"name\":\"Couvre-Feu de 30 Jours \u00e0 Koutiala Suite aux Attaques - Mali\",\"isPartOf\":{\"@id\":\"https:\/\/www.africa-press.net\/mali\/#website\"},\"primaryImageOfPage\":{\"@id\":\"https:\/\/www.africa-press.net\/mali\/politique\/couvre-feu-de-30-jours-a-koutiala-suite-aux-attaques#primaryimage\"},\"image\":{\"@id\":\"https:\/\/www.africa-press.net\/mali\/politique\/couvre-feu-de-30-jours-a-koutiala-suite-aux-attaques#primaryimage\"},\"thumbnailUrl\":\"https:\/\/static.africa-press.net\/mali\/sites\/21\/2026\/04\/sm_1777503821.844478.jpg\",\"datePublished\":\"2026-04-27T12:10:00+00:00\",\"dateModified\":\"2026-04-29T23:05:07+00:00\",\"author\":{\"@id\":\"https:\/\/www.africa-press.net\/mali\/#\/schema\/person\/2b1cf3cd81a31e3cd26889ca66d677f1\"},\"description\":\"Les autorit\u00e9s maliennes instaurent un couvre-feu de 30 jours \u00e0 Koutiala apr\u00e8s des attaques coordonn\u00e9es. D\u00e9tails ici.\",\"breadcrumb\":{\"@id\":\"https:\/\/www.africa-press.net\/mali\/politique\/couvre-feu-de-30-jours-a-koutiala-suite-aux-attaques#breadcrumb\"},\"inLanguage\":\"fr-FR\",\"potentialAction\":[{\"@type\":\"ReadAction\",\"target\":[\"https:\/\/www.africa-press.net\/mali\/politique\/couvre-feu-de-30-jours-a-koutiala-suite-aux-attaques\"]}]},{\"@type\":\"ImageObject\",\"inLanguage\":\"fr-FR\",\"@id\":\"https:\/\/www.africa-press.net\/mali\/politique\/couvre-feu-de-30-jours-a-koutiala-suite-aux-attaques#primaryimage\",\"url\":\"https:\/\/static.africa-press.net\/mali\/sites\/21\/2026\/04\/sm_1777503821.844478.jpg\",\"contentUrl\":\"https:\/\/static.africa-press.net\/mali\/sites\/21\/2026\/04\/sm_1777503821.844478.jpg\",\"width\":864,\"height\":486,\"caption\":\"Couvre-Feu de 30 Jours \u00e0 Koutiala Suite aux Attaques\"},{\"@type\":\"BreadcrumbList\",\"@id\":\"https:\/\/www.africa-press.net\/mali\/politique\/couvre-feu-de-30-jours-a-koutiala-suite-aux-attaques#breadcrumb\",\"itemListElement\":[{\"@type\":\"ListItem\",\"position\":1,\"name\":\"Home\",\"item\":\"https:\/\/www.africa-press.net\/mali\/\"},{\"@type\":\"ListItem\",\"position\":2,\"name\":\"Couvre-Feu de 30 Jours \u00e0 Koutiala Suite aux Attaques\"}]},{\"@type\":\"WebSite\",\"@id\":\"https:\/\/www.africa-press.net\/mali\/#website\",\"url\":\"https:\/\/www.africa-press.net\/mali\/\",\"name\":\"Mali\",\"description\":\"Just another Africa News Agency Sites site\",\"potentialAction\":[{\"@type\":\"SearchAction\",\"target\":{\"@type\":\"EntryPoint\",\"urlTemplate\":\"https:\/\/www.africa-press.net\/mali\/?s={search_term_string}\"},\"query-input\":{\"@type\":\"PropertyValueSpecification\",\"valueRequired\":true,\"valueName\":\"search_term_string\"}}],\"inLanguage\":\"fr-FR\"},{\"@type\":\"Person\",\"@id\":\"https:\/\/www.africa-press.net\/mali\/#\/schema\/person\/2b1cf3cd81a31e3cd26889ca66d677f1\",\"name\":\"cfeditorfr\"}]}<\/script>\n<!-- \/ Yoast SEO Premium plugin. -->","yoast_head_json":{"title":"Couvre-Feu de 30 Jours \u00e0 Koutiala Suite aux Attaques - Mali","description":"Les autorit\u00e9s maliennes instaurent un couvre-feu de 30 jours \u00e0 Koutiala apr\u00e8s des attaques coordonn\u00e9es. D\u00e9tails ici.","robots":{"index":"index","follow":"follow","max-snippet":"max-snippet:-1","max-image-preview":"max-image-preview:large","max-video-preview":"max-video-preview:-1"},"canonical":"https:\/\/www.africa-press.net\/mali\/politique\/couvre-feu-de-30-jours-a-koutiala-suite-aux-attaques","og_locale":"fr_FR","og_type":"article","og_title":"Couvre-Feu de 30 Jours \u00e0 Koutiala Suite aux Attaques","og_description":"Les autorit\u00e9s maliennes instaurent un couvre-feu de 30 jours \u00e0 Koutiala apr\u00e8s des attaques coordonn\u00e9es. D\u00e9tails ici.","og_url":"https:\/\/www.africa-press.net\/mali\/politique\/couvre-feu-de-30-jours-a-koutiala-suite-aux-attaques","og_site_name":"Mali","article_publisher":"https:\/\/www.facebook.com\/AfricaPressTunisiaa","article_published_time":"2026-04-27T12:10:00+00:00","article_modified_time":"2026-04-29T23:05:07+00:00","og_image":[{"width":864,"height":486,"url":"https:\/\/static.africa-press.net\/mali\/sites\/21\/2026\/04\/sm_1777503821.844478.jpg","type":"image\/jpeg"}],"author":"cfeditorfr","twitter_card":"summary_large_image","twitter_misc":{"\u00c9crit par":"cfeditorfr","Dur\u00e9e de lecture estim\u00e9e":"3 minutes"},"schema":{"@context":"https:\/\/schema.org","@graph":[{"@type":"Article","@id":"https:\/\/www.africa-press.net\/mali\/politique\/couvre-feu-de-30-jours-a-koutiala-suite-aux-attaques#article","isPartOf":{"@id":"https:\/\/www.africa-press.net\/mali\/politique\/couvre-feu-de-30-jours-a-koutiala-suite-aux-attaques"},"author":{"name":"cfeditorfr","@id":"https:\/\/www.africa-press.net\/mali\/#\/schema\/person\/2b1cf3cd81a31e3cd26889ca66d677f1"},"headline":"Couvre-Feu de 30 Jours \u00e0 Koutiala Suite aux Attaques","datePublished":"2026-04-27T12:10:00+00:00","dateModified":"2026-04-29T23:05:07+00:00","mainEntityOfPage":{"@id":"https:\/\/www.africa-press.net\/mali\/politique\/couvre-feu-de-30-jours-a-koutiala-suite-aux-attaques"},"wordCount":580,"commentCount":0,"image":{"@id":"https:\/\/www.africa-press.net\/mali\/politique\/couvre-feu-de-30-jours-a-koutiala-suite-aux-attaques#primaryimage"},"thumbnailUrl":"https:\/\/static.africa-press.net\/mali\/sites\/21\/2026\/04\/sm_1777503821.844478.jpg","keywords":["Couvre-feu","Koutiala","mali","S\u00e9curit\u00e9","violences"],"articleSection":["Politique","Toutes les actualit\u00e9s"],"inLanguage":"fr-FR","potentialAction":[{"@type":"CommentAction","name":"Comment","target":["https:\/\/www.africa-press.net\/mali\/politique\/couvre-feu-de-30-jours-a-koutiala-suite-aux-attaques#respond"]}]},{"@type":"WebPage","@id":"https:\/\/www.africa-press.net\/mali\/politique\/couvre-feu-de-30-jours-a-koutiala-suite-aux-attaques","url":"https:\/\/www.africa-press.net\/mali\/politique\/couvre-feu-de-30-jours-a-koutiala-suite-aux-attaques","name":"Couvre-Feu de 30 Jours \u00e0 Koutiala Suite aux Attaques - Mali","isPartOf":{"@id":"https:\/\/www.africa-press.net\/mali\/#website"},"primaryImageOfPage":{"@id":"https:\/\/www.africa-press.net\/mali\/politique\/couvre-feu-de-30-jours-a-koutiala-suite-aux-attaques#primaryimage"},"image":{"@id":"https:\/\/www.africa-press.net\/mali\/politique\/couvre-feu-de-30-jours-a-koutiala-suite-aux-attaques#primaryimage"},"thumbnailUrl":"https:\/\/static.africa-press.net\/mali\/sites\/21\/2026\/04\/sm_1777503821.844478.jpg","datePublished":"2026-04-27T12:10:00+00:00","dateModified":"2026-04-29T23:05:07+00:00","author":{"@id":"https:\/\/www.africa-press.net\/mali\/#\/schema\/person\/2b1cf3cd81a31e3cd26889ca66d677f1"},"description":"Les autorit\u00e9s maliennes instaurent un couvre-feu de 30 jours \u00e0 Koutiala apr\u00e8s des attaques coordonn\u00e9es. D\u00e9tails ici.","breadcrumb":{"@id":"https:\/\/www.africa-press.net\/mali\/politique\/couvre-feu-de-30-jours-a-koutiala-suite-aux-attaques#breadcrumb"},"inLanguage":"fr-FR","potentialAction":[{"@type":"ReadAction","target":["https:\/\/www.africa-press.net\/mali\/politique\/couvre-feu-de-30-jours-a-koutiala-suite-aux-attaques"]}]},{"@type":"ImageObject","inLanguage":"fr-FR","@id":"https:\/\/www.africa-press.net\/mali\/politique\/couvre-feu-de-30-jours-a-koutiala-suite-aux-attaques#primaryimage","url":"https:\/\/static.africa-press.net\/mali\/sites\/21\/2026\/04\/sm_1777503821.844478.jpg","contentUrl":"https:\/\/static.africa-press.net\/mali\/sites\/21\/2026\/04\/sm_1777503821.844478.jpg","width":864,"height":486,"caption":"Couvre-Feu de 30 Jours \u00e0 Koutiala Suite aux Attaques"},{"@type":"BreadcrumbList","@id":"https:\/\/www.africa-press.net\/mali\/politique\/couvre-feu-de-30-jours-a-koutiala-suite-aux-attaques#breadcrumb","itemListElement":[{"@type":"ListItem","position":1,"name":"Home","item":"https:\/\/www.africa-press.net\/mali\/"},{"@type":"ListItem","position":2,"name":"Couvre-Feu de 30 Jours \u00e0 Koutiala Suite aux Attaques"}]},{"@type":"WebSite","@id":"https:\/\/www.africa-press.net\/mali\/#website","url":"https:\/\/www.africa-press.net\/mali\/","name":"Mali","description":"Just another Africa News Agency Sites site","potentialAction":[{"@type":"SearchAction","target":{"@type":"EntryPoint","urlTemplate":"https:\/\/www.africa-press.net\/mali\/?s={search_term_string}"},"query-input":{"@type":"PropertyValueSpecification","valueRequired":true,"valueName":"search_term_string"}}],"inLanguage":"fr-FR"},{"@type":"Person","@id":"https:\/\/www.africa-press.net\/mali\/#\/schema\/person\/2b1cf3cd81a31e3cd26889ca66d677f1","name":"cfeditorfr"}]}},"_links":{"self":[{"href":"https:\/\/www.africa-press.net\/mali\/wp-json\/wp\/v2\/posts\/60952","targetHints":{"allow":["GET"]}}],"collection":[{"href":"https:\/\/www.africa-press.net\/mali\/wp-json\/wp\/v2\/posts"}],"about":[{"href":"https:\/\/www.africa-press.net\/mali\/wp-json\/wp\/v2\/types\/post"}],"author":[{"embeddable":true,"href":"https:\/\/www.africa-press.net\/mali\/wp-json\/wp\/v2\/users\/82"}],"replies":[{"embeddable":true,"href":"https:\/\/www.africa-press.net\/mali\/wp-json\/wp\/v2\/comments?post=60952"}],"version-history":[{"count":1,"href":"https:\/\/www.africa-press.net\/mali\/wp-json\/wp\/v2\/posts\/60952\/revisions"}],"predecessor-version":[{"id":60959,"href":"https:\/\/www.africa-press.net\/mali\/wp-json\/wp\/v2\/posts\/60952\/revisions\/60959"}],"wp:featuredmedia":[{"embeddable":true,"href":"https:\/\/www.africa-press.net\/mali\/wp-json\/wp\/v2\/media\/60951"}],"wp:attachment":[{"href":"https:\/\/www.africa-press.net\/mali\/wp-json\/wp\/v2\/media?parent=60952"}],"wp:term":[{"taxonomy":"category","embeddable":true,"href":"https:\/\/www.africa-press.net\/mali\/wp-json\/wp\/v2\/categories?post=60952"},{"taxonomy":"post_tag","embeddable":true,"href":"https:\/\/www.africa-press.net\/mali\/wp-json\/wp\/v2\/tags?post=60952"}],"curies":[{"name":"wp","href":"https:\/\/api.w.org\/{rel}","templated":true}]}}