{"id":60954,"date":"2026-04-28T12:10:00","date_gmt":"2026-04-28T12:10:00","guid":{"rendered":"https:\/\/www.africa-press.net\/mali\/politique\/kidal-controle-par-des-groupes-armes-apres-attaques-coordonn"},"modified":"2026-04-29T23:05:32","modified_gmt":"2026-04-29T23:05:32","slug":"kidal-controle-par-des-groupes-armes-apres-attaques-coordonn","status":"publish","type":"post","link":"https:\/\/www.africa-press.net\/mali\/politique\/kidal-controle-par-des-groupes-armes-apres-attaques-coordonn","title":{"rendered":"Kidal Contr\u00f4l\u00e9 par des Groupes Arm\u00e9s Apr\u00e8s Attaques Coordonn"},"content":{"rendered":"<div class=\"ap-summary\" dir=\"ltr\" lang=\"fr\">\n<h4>CE Qu\u2019Il Faut Savoir<\/h4>\n<p>La ville de Kidal, au Mali, est tomb\u00e9e sous le contr\u00f4le de groupes arm\u00e9s apr\u00e8s des attaques coordonn\u00e9es. Le ministre de la D\u00e9fense a \u00e9t\u00e9 tu\u00e9 lors d&rsquo;une attaque \u00e0 la voiture pi\u00e9g\u00e9e. Le gouvernement a renforc\u00e9 les mesures de s\u00e9curit\u00e9, notamment un couvre-feu, alors que la situation s\u00e9curitaire continue de se d\u00e9t\u00e9riorer.<\/p>\n<\/div>\n<p><span class=\"ap-article-header-tag\"> <strong>Africa-Press &#8211; Mali. <\/strong> <\/span>La ville de Kidal, dans le nord du Mali, est passe\u0301e sous le contro\u0302le de groupes arme\u0301s a\u0300 l\u2019issue d\u2019attaques coordonne\u0301es visant plusieurs positions strate\u0301giques, dans un contexte de de\u0301gradation rapide de la situation se\u0301curitaire, ont indique\u0301 lundi des sources concordantes.<\/p>\n<p>Ces ope\u0301rations, mene\u0301es simultane\u0301ment dans plusieurs re\u0301gions, ont e\u0301galement vise\u0301 des zones proches de la capitale Bamako, notamment la ville de Kati, site militaire majeur. Les Forces arme\u0301es maliennes (FAMa) ont annonce\u0301 s\u2019e\u0302tre repositionne\u0301es dans la localite\u0301 d\u2019Ane\u0301fis, dans la me\u0302me re\u0301gion.<\/p>\n<p>Le gouvernement de transition a confirme\u0301 la mort du ministre de la De\u0301fense, Sadio Camara, tue\u0301 lors d\u2019une attaque a\u0300 la voiture pie\u0301ge\u0301e contre sa re\u0301sidence a\u0300 Kati. Selon un communique\u0301 officiel, il a e\u0301te\u0301 blesse\u0301 apre\u0300s des e\u0301changes de tirs avec les assaillants avant de succomber a\u0300 ses blessures a\u0300 l\u2019ho\u0302pital. L\u2019attaque a e\u0301galement cause\u0301 d\u2019autres victimes et la destruction partielle de ba\u0302timents, dont un lieu de culte a\u0300 proximite\u0301.<\/p>\n<p>Le Premier ministre Abdoulaye Mai\u0308ga a affirme\u0301 que les forces arme\u0301es avaient \u00ab neutralise\u0301 des centaines d\u2019assaillants \u00bb au cours des ope\u0301rations de riposte, tout en appelant la population au calme et a\u0300 ne pas ce\u0301der a\u0300 la panique.<\/p>\n<p>Dans la capitale Bamako, les activite\u0301s ont repris lundi, bien que des dispositifs se\u0301curitaires restent visibles, avec la pre\u0301sence de militaires et le maintien de mesures de vigilance.<\/p>\n<p>Selon l\u2019e\u0301tat-major, les attaques ont e\u0301te\u0301 \u00ab coordonne\u0301es, simultane\u0301es et complexes \u00bb, impliquant notamment l\u2019utilisation de ve\u0301hicules pie\u0301ge\u0301s, d\u2019engins explosifs et de frappes indirectes contre des positions militaires.<\/p>\n<p>Plusieurs groupes arme\u0301s ont revendique\u0301 ces ope\u0301rations, qui ont permis la prise de contro\u0302le de Kidal, ville strate\u0301gique du nord du pays. Cette localite\u0301 avait e\u0301te\u0301 reprise par l\u2019arme\u0301e malienne en 2023 lors d\u2019une offensive soutenue par des combattants e\u0301trangers affilie\u0301s a\u0300 une structure paramilitaire russe.<\/p>\n<p>Dans ce contexte, un retrait des forces allie\u0301es e\u0301trange\u0300res pre\u0301sentes a\u0300 Kidal a e\u0301te\u0301 e\u0301voque\u0301, tandis que les autorite\u0301s maliennes indiquent poursuivre des ope\u0301rations pour se\u0301curiser le territoire.<\/p>\n<p>La Confe\u0301de\u0301ration des E\u0301tats du Sahel (AES) a de\u0301nonce\u0301 un \u00ab complot \u00bb derrie\u0300re ces attaques, estimant qu\u2019elles visaient a\u0300 de\u0301stabiliser les institutions.<\/p>\n<p>A\u0300 l\u2019international, plusieurs partenaires, dont la France, ont exprime\u0301 leur pre\u0301occupation face a\u0300 la situation et condamne\u0301 les violences visant des civils, appelant a\u0300 un retour a\u0300 la stabilite\u0301.<\/p>\n<p>Dans ce contexte se\u0301curitaire, les autorite\u0301s ont renforce\u0301 les mesures de restriction, notamment avec l\u2019instauration d\u2019un couvre-feu de 30 jours dans la re\u0301gion de Koutiala, dans le sud du pays, limitant les de\u0301placements nocturnes afin de soutenir les ope\u0301rations de se\u0301curite\u0301.<\/p>\n<p>Le Mali est confronte\u0301 depuis plus d\u2019une de\u0301cennie a\u0300 une inse\u0301curite\u0301 persistante lie\u0301e a\u0300 la pre\u0301sence de groupes arme\u0301s dans plusieurs re\u0301gions, dans un contexte marque\u0301 par la transition politique engage\u0301e depuis 2020.\u200b\u200b\u200b\u200b\u200b\u200b\u200b<\/p>\n<p>Depuis plus d&rsquo;une de\u0301cennie, le Mali fait face a\u0300 une inse\u0301curite\u0301 croissante due a\u0300 la pre\u0301sence de groupes arme\u0301s dans plusieurs re\u0301gions. Cette situation s&rsquo;est aggrave\u0301e avec la transition politique entame\u0301e en 2020, qui a vu une monte\u0301e des tensions et des violences. Kidal, une ville strate\u0301gique, a e\u0301te\u0301 reprise par l&rsquo;arme\u0301e malienne en 2023, mais les re\u0301cents e\u0301ve\u0301nements montrent la fragilite\u0301 de cette situation se\u0301curitaire. Les attaques re\u0301centes soulignent la complexite\u0301 des de\u0301fis auxquels le gouvernement malien est confronte\u0301 pour re\u0301tablir l&rsquo;ordre et la stabilite\u0301 dans le pays.<\/p>\n<p class=\"ap-article-footer-note\">Retrouvez plus d\u2019actualit\u00e9s et d\u2019analyses sur <span class=\"ap-highlight-country\">Mali<\/span> sur le site <span class=\"ap-highlight-brand\">Africa Press<\/span><\/p>\n","protected":false},"excerpt":{"rendered":"<p>CE Qu\u2019Il Faut Savoir La ville de Kidal, au Mali, est tomb\u00e9e sous le contr\u00f4le de groupes arm\u00e9s apr\u00e8s des attaques coordonn\u00e9es. Le ministre de la D\u00e9fense a \u00e9t\u00e9 tu\u00e9 lors d&rsquo;une attaque \u00e0 la voiture pi\u00e9g\u00e9e. Le gouvernement a renforc\u00e9 les mesures de s\u00e9curit\u00e9, notamment un couvre-feu, alors que la situation s\u00e9curitaire continue de [&hellip;]<\/p>\n","protected":false},"author":82,"featured_media":60953,"comment_status":"open","ping_status":"closed","sticky":false,"template":"","format":"standard","meta":{"footnotes":""},"categories":[7,17],"tags":[841,205,202,19,223],"class_list":["post-60954","post","type-post","status-publish","format-standard","has-post-thumbnail","hentry","category-politique","category-toutes-les-actualites","tag-gouvernement","tag-groupes-armes","tag-kidal","tag-mali","tag-securite"],"yoast_head":"<!-- This site is optimized with the Yoast SEO Premium plugin v26.1 (Yoast SEO v27.0) - https:\/\/yoast.com\/product\/yoast-seo-premium-wordpress\/ -->\n<title>Kidal Contr\u00f4l\u00e9 par des Groupes Arm\u00e9s Apr\u00e8s Attaques Coordonn - Mali<\/title>\n<meta name=\"description\" content=\"Kidal est d\u00e9sormais sous le contr\u00f4le de groupes arm\u00e9s suite \u00e0 des attaques coordonn\u00e9es, aggravant la situation s\u00e9curitaire au\" \/>\n<meta name=\"robots\" content=\"index, follow, max-snippet:-1, max-image-preview:large, max-video-preview:-1\" \/>\n<link rel=\"canonical\" href=\"https:\/\/www.africa-press.net\/mali\/politique\/kidal-controle-par-des-groupes-armes-apres-attaques-coordonn\" \/>\n<meta property=\"og:locale\" content=\"fr_FR\" \/>\n<meta property=\"og:type\" content=\"article\" \/>\n<meta property=\"og:title\" content=\"Kidal Contr\u00f4l\u00e9 par des Groupes Arm\u00e9s Apr\u00e8s Attaques Coordonn\" \/>\n<meta property=\"og:description\" content=\"Kidal est d\u00e9sormais sous le contr\u00f4le de groupes arm\u00e9s suite \u00e0 des attaques coordonn\u00e9es, aggravant la situation s\u00e9curitaire au\" \/>\n<meta property=\"og:url\" content=\"https:\/\/www.africa-press.net\/mali\/politique\/kidal-controle-par-des-groupes-armes-apres-attaques-coordonn\" \/>\n<meta property=\"og:site_name\" content=\"Mali\" \/>\n<meta property=\"article:publisher\" content=\"https:\/\/www.facebook.com\/AfricaPressTunisiaa\" \/>\n<meta property=\"article:published_time\" content=\"2026-04-28T12:10:00+00:00\" \/>\n<meta property=\"article:modified_time\" content=\"2026-04-29T23:05:32+00:00\" \/>\n<meta property=\"og:image\" content=\"https:\/\/static.africa-press.net\/mali\/sites\/21\/2026\/04\/sm_1777503841.62895.jpg\" \/>\n\t<meta property=\"og:image:width\" content=\"863\" \/>\n\t<meta property=\"og:image:height\" content=\"486\" \/>\n\t<meta property=\"og:image:type\" content=\"image\/jpeg\" \/>\n<meta name=\"author\" content=\"cfeditorfr\" \/>\n<meta name=\"twitter:card\" content=\"summary_large_image\" \/>\n<meta name=\"twitter:label1\" content=\"\u00c9crit par\" \/>\n\t<meta name=\"twitter:data1\" content=\"cfeditorfr\" \/>\n\t<meta name=\"twitter:label2\" content=\"Dur\u00e9e de lecture estim\u00e9e\" \/>\n\t<meta name=\"twitter:data2\" content=\"4 minutes\" \/>\n<script type=\"application\/ld+json\" class=\"yoast-schema-graph\">{\"@context\":\"https:\/\/schema.org\",\"@graph\":[{\"@type\":\"Article\",\"@id\":\"https:\/\/www.africa-press.net\/mali\/politique\/kidal-controle-par-des-groupes-armes-apres-attaques-coordonn#article\",\"isPartOf\":{\"@id\":\"https:\/\/www.africa-press.net\/mali\/politique\/kidal-controle-par-des-groupes-armes-apres-attaques-coordonn\"},\"author\":{\"name\":\"cfeditorfr\",\"@id\":\"https:\/\/www.africa-press.net\/mali\/#\/schema\/person\/2b1cf3cd81a31e3cd26889ca66d677f1\"},\"headline\":\"Kidal Contr\u00f4l\u00e9 par des Groupes Arm\u00e9s Apr\u00e8s Attaques Coordonn\",\"datePublished\":\"2026-04-28T12:10:00+00:00\",\"dateModified\":\"2026-04-29T23:05:32+00:00\",\"mainEntityOfPage\":{\"@id\":\"https:\/\/www.africa-press.net\/mali\/politique\/kidal-controle-par-des-groupes-armes-apres-attaques-coordonn\"},\"wordCount\":747,\"commentCount\":0,\"image\":{\"@id\":\"https:\/\/www.africa-press.net\/mali\/politique\/kidal-controle-par-des-groupes-armes-apres-attaques-coordonn#primaryimage\"},\"thumbnailUrl\":\"https:\/\/static.africa-press.net\/mali\/sites\/21\/2026\/04\/sm_1777503841.62895.jpg\",\"keywords\":[\"Gouvernement\",\"Groupes arm\u00e9s\",\"Kidal\",\"mali\",\"S\u00e9curit\u00e9\"],\"articleSection\":[\"Politique\",\"Toutes les actualit\u00e9s\"],\"inLanguage\":\"fr-FR\",\"potentialAction\":[{\"@type\":\"CommentAction\",\"name\":\"Comment\",\"target\":[\"https:\/\/www.africa-press.net\/mali\/politique\/kidal-controle-par-des-groupes-armes-apres-attaques-coordonn#respond\"]}]},{\"@type\":\"WebPage\",\"@id\":\"https:\/\/www.africa-press.net\/mali\/politique\/kidal-controle-par-des-groupes-armes-apres-attaques-coordonn\",\"url\":\"https:\/\/www.africa-press.net\/mali\/politique\/kidal-controle-par-des-groupes-armes-apres-attaques-coordonn\",\"name\":\"Kidal Contr\u00f4l\u00e9 par des Groupes Arm\u00e9s Apr\u00e8s Attaques Coordonn - Mali\",\"isPartOf\":{\"@id\":\"https:\/\/www.africa-press.net\/mali\/#website\"},\"primaryImageOfPage\":{\"@id\":\"https:\/\/www.africa-press.net\/mali\/politique\/kidal-controle-par-des-groupes-armes-apres-attaques-coordonn#primaryimage\"},\"image\":{\"@id\":\"https:\/\/www.africa-press.net\/mali\/politique\/kidal-controle-par-des-groupes-armes-apres-attaques-coordonn#primaryimage\"},\"thumbnailUrl\":\"https:\/\/static.africa-press.net\/mali\/sites\/21\/2026\/04\/sm_1777503841.62895.jpg\",\"datePublished\":\"2026-04-28T12:10:00+00:00\",\"dateModified\":\"2026-04-29T23:05:32+00:00\",\"author\":{\"@id\":\"https:\/\/www.africa-press.net\/mali\/#\/schema\/person\/2b1cf3cd81a31e3cd26889ca66d677f1\"},\"description\":\"Kidal est d\u00e9sormais sous le contr\u00f4le de groupes arm\u00e9s suite \u00e0 des attaques coordonn\u00e9es, aggravant la situation s\u00e9curitaire au\",\"breadcrumb\":{\"@id\":\"https:\/\/www.africa-press.net\/mali\/politique\/kidal-controle-par-des-groupes-armes-apres-attaques-coordonn#breadcrumb\"},\"inLanguage\":\"fr-FR\",\"potentialAction\":[{\"@type\":\"ReadAction\",\"target\":[\"https:\/\/www.africa-press.net\/mali\/politique\/kidal-controle-par-des-groupes-armes-apres-attaques-coordonn\"]}]},{\"@type\":\"ImageObject\",\"inLanguage\":\"fr-FR\",\"@id\":\"https:\/\/www.africa-press.net\/mali\/politique\/kidal-controle-par-des-groupes-armes-apres-attaques-coordonn#primaryimage\",\"url\":\"https:\/\/static.africa-press.net\/mali\/sites\/21\/2026\/04\/sm_1777503841.62895.jpg\",\"contentUrl\":\"https:\/\/static.africa-press.net\/mali\/sites\/21\/2026\/04\/sm_1777503841.62895.jpg\",\"width\":863,\"height\":486,\"caption\":\"Kidal Contr\u00f4l\u00e9 par des Groupes Arm\u00e9s Apr\u00e8s Attaques Coordonn\"},{\"@type\":\"BreadcrumbList\",\"@id\":\"https:\/\/www.africa-press.net\/mali\/politique\/kidal-controle-par-des-groupes-armes-apres-attaques-coordonn#breadcrumb\",\"itemListElement\":[{\"@type\":\"ListItem\",\"position\":1,\"name\":\"Home\",\"item\":\"https:\/\/www.africa-press.net\/mali\/\"},{\"@type\":\"ListItem\",\"position\":2,\"name\":\"Kidal Contr\u00f4l\u00e9 par des Groupes Arm\u00e9s Apr\u00e8s Attaques Coordonn\"}]},{\"@type\":\"WebSite\",\"@id\":\"https:\/\/www.africa-press.net\/mali\/#website\",\"url\":\"https:\/\/www.africa-press.net\/mali\/\",\"name\":\"Mali\",\"description\":\"Just another Africa News Agency Sites site\",\"potentialAction\":[{\"@type\":\"SearchAction\",\"target\":{\"@type\":\"EntryPoint\",\"urlTemplate\":\"https:\/\/www.africa-press.net\/mali\/?s={search_term_string}\"},\"query-input\":{\"@type\":\"PropertyValueSpecification\",\"valueRequired\":true,\"valueName\":\"search_term_string\"}}],\"inLanguage\":\"fr-FR\"},{\"@type\":\"Person\",\"@id\":\"https:\/\/www.africa-press.net\/mali\/#\/schema\/person\/2b1cf3cd81a31e3cd26889ca66d677f1\",\"name\":\"cfeditorfr\"}]}<\/script>\n<!-- \/ Yoast SEO Premium plugin. -->","yoast_head_json":{"title":"Kidal Contr\u00f4l\u00e9 par des Groupes Arm\u00e9s Apr\u00e8s Attaques Coordonn - Mali","description":"Kidal est d\u00e9sormais sous le contr\u00f4le de groupes arm\u00e9s suite \u00e0 des attaques coordonn\u00e9es, aggravant la situation s\u00e9curitaire au","robots":{"index":"index","follow":"follow","max-snippet":"max-snippet:-1","max-image-preview":"max-image-preview:large","max-video-preview":"max-video-preview:-1"},"canonical":"https:\/\/www.africa-press.net\/mali\/politique\/kidal-controle-par-des-groupes-armes-apres-attaques-coordonn","og_locale":"fr_FR","og_type":"article","og_title":"Kidal Contr\u00f4l\u00e9 par des Groupes Arm\u00e9s Apr\u00e8s Attaques Coordonn","og_description":"Kidal est d\u00e9sormais sous le contr\u00f4le de groupes arm\u00e9s suite \u00e0 des attaques coordonn\u00e9es, aggravant la situation s\u00e9curitaire au","og_url":"https:\/\/www.africa-press.net\/mali\/politique\/kidal-controle-par-des-groupes-armes-apres-attaques-coordonn","og_site_name":"Mali","article_publisher":"https:\/\/www.facebook.com\/AfricaPressTunisiaa","article_published_time":"2026-04-28T12:10:00+00:00","article_modified_time":"2026-04-29T23:05:32+00:00","og_image":[{"width":863,"height":486,"url":"https:\/\/static.africa-press.net\/mali\/sites\/21\/2026\/04\/sm_1777503841.62895.jpg","type":"image\/jpeg"}],"author":"cfeditorfr","twitter_card":"summary_large_image","twitter_misc":{"\u00c9crit par":"cfeditorfr","Dur\u00e9e de lecture estim\u00e9e":"4 minutes"},"schema":{"@context":"https:\/\/schema.org","@graph":[{"@type":"Article","@id":"https:\/\/www.africa-press.net\/mali\/politique\/kidal-controle-par-des-groupes-armes-apres-attaques-coordonn#article","isPartOf":{"@id":"https:\/\/www.africa-press.net\/mali\/politique\/kidal-controle-par-des-groupes-armes-apres-attaques-coordonn"},"author":{"name":"cfeditorfr","@id":"https:\/\/www.africa-press.net\/mali\/#\/schema\/person\/2b1cf3cd81a31e3cd26889ca66d677f1"},"headline":"Kidal Contr\u00f4l\u00e9 par des Groupes Arm\u00e9s Apr\u00e8s Attaques Coordonn","datePublished":"2026-04-28T12:10:00+00:00","dateModified":"2026-04-29T23:05:32+00:00","mainEntityOfPage":{"@id":"https:\/\/www.africa-press.net\/mali\/politique\/kidal-controle-par-des-groupes-armes-apres-attaques-coordonn"},"wordCount":747,"commentCount":0,"image":{"@id":"https:\/\/www.africa-press.net\/mali\/politique\/kidal-controle-par-des-groupes-armes-apres-attaques-coordonn#primaryimage"},"thumbnailUrl":"https:\/\/static.africa-press.net\/mali\/sites\/21\/2026\/04\/sm_1777503841.62895.jpg","keywords":["Gouvernement","Groupes arm\u00e9s","Kidal","mali","S\u00e9curit\u00e9"],"articleSection":["Politique","Toutes les actualit\u00e9s"],"inLanguage":"fr-FR","potentialAction":[{"@type":"CommentAction","name":"Comment","target":["https:\/\/www.africa-press.net\/mali\/politique\/kidal-controle-par-des-groupes-armes-apres-attaques-coordonn#respond"]}]},{"@type":"WebPage","@id":"https:\/\/www.africa-press.net\/mali\/politique\/kidal-controle-par-des-groupes-armes-apres-attaques-coordonn","url":"https:\/\/www.africa-press.net\/mali\/politique\/kidal-controle-par-des-groupes-armes-apres-attaques-coordonn","name":"Kidal Contr\u00f4l\u00e9 par des Groupes Arm\u00e9s Apr\u00e8s Attaques Coordonn - Mali","isPartOf":{"@id":"https:\/\/www.africa-press.net\/mali\/#website"},"primaryImageOfPage":{"@id":"https:\/\/www.africa-press.net\/mali\/politique\/kidal-controle-par-des-groupes-armes-apres-attaques-coordonn#primaryimage"},"image":{"@id":"https:\/\/www.africa-press.net\/mali\/politique\/kidal-controle-par-des-groupes-armes-apres-attaques-coordonn#primaryimage"},"thumbnailUrl":"https:\/\/static.africa-press.net\/mali\/sites\/21\/2026\/04\/sm_1777503841.62895.jpg","datePublished":"2026-04-28T12:10:00+00:00","dateModified":"2026-04-29T23:05:32+00:00","author":{"@id":"https:\/\/www.africa-press.net\/mali\/#\/schema\/person\/2b1cf3cd81a31e3cd26889ca66d677f1"},"description":"Kidal est d\u00e9sormais sous le contr\u00f4le de groupes arm\u00e9s suite \u00e0 des attaques coordonn\u00e9es, aggravant la situation s\u00e9curitaire au","breadcrumb":{"@id":"https:\/\/www.africa-press.net\/mali\/politique\/kidal-controle-par-des-groupes-armes-apres-attaques-coordonn#breadcrumb"},"inLanguage":"fr-FR","potentialAction":[{"@type":"ReadAction","target":["https:\/\/www.africa-press.net\/mali\/politique\/kidal-controle-par-des-groupes-armes-apres-attaques-coordonn"]}]},{"@type":"ImageObject","inLanguage":"fr-FR","@id":"https:\/\/www.africa-press.net\/mali\/politique\/kidal-controle-par-des-groupes-armes-apres-attaques-coordonn#primaryimage","url":"https:\/\/static.africa-press.net\/mali\/sites\/21\/2026\/04\/sm_1777503841.62895.jpg","contentUrl":"https:\/\/static.africa-press.net\/mali\/sites\/21\/2026\/04\/sm_1777503841.62895.jpg","width":863,"height":486,"caption":"Kidal Contr\u00f4l\u00e9 par des Groupes Arm\u00e9s Apr\u00e8s Attaques Coordonn"},{"@type":"BreadcrumbList","@id":"https:\/\/www.africa-press.net\/mali\/politique\/kidal-controle-par-des-groupes-armes-apres-attaques-coordonn#breadcrumb","itemListElement":[{"@type":"ListItem","position":1,"name":"Home","item":"https:\/\/www.africa-press.net\/mali\/"},{"@type":"ListItem","position":2,"name":"Kidal Contr\u00f4l\u00e9 par des Groupes Arm\u00e9s Apr\u00e8s Attaques Coordonn"}]},{"@type":"WebSite","@id":"https:\/\/www.africa-press.net\/mali\/#website","url":"https:\/\/www.africa-press.net\/mali\/","name":"Mali","description":"Just another Africa News Agency Sites site","potentialAction":[{"@type":"SearchAction","target":{"@type":"EntryPoint","urlTemplate":"https:\/\/www.africa-press.net\/mali\/?s={search_term_string}"},"query-input":{"@type":"PropertyValueSpecification","valueRequired":true,"valueName":"search_term_string"}}],"inLanguage":"fr-FR"},{"@type":"Person","@id":"https:\/\/www.africa-press.net\/mali\/#\/schema\/person\/2b1cf3cd81a31e3cd26889ca66d677f1","name":"cfeditorfr"}]}},"_links":{"self":[{"href":"https:\/\/www.africa-press.net\/mali\/wp-json\/wp\/v2\/posts\/60954","targetHints":{"allow":["GET"]}}],"collection":[{"href":"https:\/\/www.africa-press.net\/mali\/wp-json\/wp\/v2\/posts"}],"about":[{"href":"https:\/\/www.africa-press.net\/mali\/wp-json\/wp\/v2\/types\/post"}],"author":[{"embeddable":true,"href":"https:\/\/www.africa-press.net\/mali\/wp-json\/wp\/v2\/users\/82"}],"replies":[{"embeddable":true,"href":"https:\/\/www.africa-press.net\/mali\/wp-json\/wp\/v2\/comments?post=60954"}],"version-history":[{"count":1,"href":"https:\/\/www.africa-press.net\/mali\/wp-json\/wp\/v2\/posts\/60954\/revisions"}],"predecessor-version":[{"id":60960,"href":"https:\/\/www.africa-press.net\/mali\/wp-json\/wp\/v2\/posts\/60954\/revisions\/60960"}],"wp:featuredmedia":[{"embeddable":true,"href":"https:\/\/www.africa-press.net\/mali\/wp-json\/wp\/v2\/media\/60953"}],"wp:attachment":[{"href":"https:\/\/www.africa-press.net\/mali\/wp-json\/wp\/v2\/media?parent=60954"}],"wp:term":[{"taxonomy":"category","embeddable":true,"href":"https:\/\/www.africa-press.net\/mali\/wp-json\/wp\/v2\/categories?post=60954"},{"taxonomy":"post_tag","embeddable":true,"href":"https:\/\/www.africa-press.net\/mali\/wp-json\/wp\/v2\/tags?post=60954"}],"curies":[{"name":"wp","href":"https:\/\/api.w.org\/{rel}","templated":true}]}}