{"id":60956,"date":"2026-04-29T22:18:33","date_gmt":"2026-04-29T22:18:33","guid":{"rendered":"https:\/\/www.africa-press.net\/mali\/politique\/promesse-de-poursuite-des-operations-militaires"},"modified":"2026-04-29T23:05:54","modified_gmt":"2026-04-29T23:05:54","slug":"promesse-de-poursuite-des-operations-militaires","status":"publish","type":"post","link":"https:\/\/www.africa-press.net\/mali\/top-nouvelles\/promesse-de-poursuite-des-operations-militaires","title":{"rendered":"Promesse de Poursuite des Op\u00e9rations Militaires"},"content":{"rendered":"<p><span class=\"ap-article-header-tag\"> <strong>Africa-Press &#8211; Mali. <\/strong> <\/span>NoneLe pre\u0301sident de la transition malienne, Assimi Goi\u0308ta, a affirme\u0301, mardi soir, que les ope\u0301rations militaires se poursuivront \u00ab jusqu\u2019a\u0300 la neutralisation comple\u0300te des groupes terroristes et le re\u0301tablissement durable de la se\u0301curite\u0301 sur l\u2019ensemble du territoire national \u00bb, a\u0300 la suite des attaques coordonne\u0301es du 25 avril.<\/p>\n<p>Dans un discours solennel a\u0300 la nation, le chef de l\u2019E\u0301tat a qualifie\u0301 la situation de \u00ab moment d\u2019extre\u0302me gravite\u0301 \u00bb, apre\u0300s des attaques simultane\u0301es ayant vise\u0301 plusieurs localite\u0301s, dont Bamako et des zones strate\u0301giques du centre du pays.<\/p>\n<p>Il a toutefois assure\u0301 que \u00ab gra\u0302ce au professionnalisme et a\u0300 la re\u0301activite\u0301 des forces arme\u0301es \u00bb, les assaillants ont subi un \u00ab coup d\u2019arre\u0302t \u00bb, permettant de contenir leur tentative d\u2019instaurer un climat de violences ge\u0301ne\u0301ralise\u0301es.<\/p>\n<p>Le pre\u0301sident a pre\u0301cise\u0301 que les ope\u0301rations de ratissage, de renseignement et de se\u0301curisation sont actuellement en cours et ont e\u0301te\u0301 renforce\u0301es, soulignant que \u00ab la situation est mai\u0302trise\u0301e \u00bb a\u0300 ce stade.<\/p>\n<p>Rendant hommage aux victimes civiles et militaires, Assimi Goi\u0308ta a e\u0301galement salue\u0301 la me\u0301moire du ministre de la De\u0301fense, le ge\u0301ne\u0301ral Sadio Camara, dont la disparition constitue, selon lui, \u00ab une perte immense pour la nation \u00bb.<\/p>\n<p>Le chef de la transition a estime\u0301 que ces attaques s\u2019inscrivent dans \u00ab un vaste plan de de\u0301stabilisation \u00bb impliquant des soutiens internes et externes aux groupes arme\u0301s, visant a\u0300 fragiliser la souverainete\u0301 du pays.<\/p>\n<p>Face a\u0300 cette menace, il a appele\u0301 a\u0300 l\u2019unite\u0301 nationale et a\u0300 la vigilance, exhortant les citoyens a\u0300 collaborer avec les forces de se\u0301curite\u0301 et a\u0300 ne pas ce\u0301der a\u0300 la de\u0301sinformation, qu\u2019il a qualifie\u0301e \u00ab d\u2019arme au service des terroristes \u00bb.<\/p>\n<p>Re\u0301affirmant le choix \u00ab assume\u0301 \u00bb de la souverainete\u0301, Assimi Goi\u0308ta a insiste\u0301 sur la ne\u0301cessite\u0301 de maintenir le cap malgre\u0301 les difficulte\u0301s, estimant qu\u2019il s\u2019agit \u00ab du seul chemin vers un avenir libre, juste et prospe\u0300re \u00bb.<\/p>\n<p>Enfin, il a indique\u0301 avoir instruit le gouvernement de renforcer l\u2019assistance aux victimes et aux familles touche\u0301es, tout en saluant la coope\u0301ration se\u0301curitaire avec les partenaires internationaux.<\/p>\n<p>\u00ab Aucune tentative de de\u0301stabilisation ne saurait inverser la marche de notre pays \u00bb, a-t-il conclu.<\/p>\n<p>Par ailleurs, le couvre-feu instaure\u0301 dans le District de Bamako a e\u0301te\u0301 proroge\u0301 de 72 heures, selon une de\u0301cision officielle rendue publique mardi par les autorite\u0301s locales.<\/p>\n<p>La mesure reste en vigueur de 21h00 a\u0300 06h00 du matin, a\u0300 compter du mardi 28 avril 2026.<\/p>\n<p>Les autorite\u0301s pre\u0301cisent que les sous-pre\u0301fets d\u2019arrondissement du District de Bamako, les maires ainsi que les agents charge\u0301s d\u2019expe\u0301dier les affaires courantes dans les communes sont responsables de l\u2019application de cette de\u0301cision. Les chefs de services re\u0301gionaux de se\u0301curite\u0301 sont e\u0301galement mobilise\u0301s pour veiller a\u0300 son exe\u0301cution.<\/p>\n<p class=\"ap-article-footer-note\">Retrouvez plus d\u2019actualit\u00e9s et d\u2019analyses sur <span class=\"ap-highlight-country\">Mali<\/span> sur le site <span class=\"ap-highlight-brand\">Africa Press<\/span><\/p>\n","protected":false},"excerpt":{"rendered":"<p>Africa-Press &#8211; Mali. NoneLe pre\u0301sident de la transition malienne, Assimi Goi\u0308ta, a affirme\u0301, mardi soir, que les ope\u0301rations militaires se poursuivront \u00ab jusqu\u2019a\u0300 la neutralisation comple\u0300te des groupes terroristes et le re\u0301tablissement durable de la se\u0301curite\u0301 sur l\u2019ensemble du territoire national \u00bb, a\u0300 la suite des attaques coordonne\u0301es du 25 avril. Dans un discours solennel [&hellip;]<\/p>\n","protected":false},"author":82,"featured_media":60955,"comment_status":"open","ping_status":"closed","sticky":false,"template":"","format":"standard","meta":{"footnotes":""},"categories":[7,5,17],"tags":[19],"class_list":["post-60956","post","type-post","status-publish","format-standard","has-post-thumbnail","hentry","category-politique","category-top-nouvelles","category-toutes-les-actualites","tag-mali"],"yoast_head":"<!-- This site is optimized with the Yoast SEO Premium plugin v26.1 (Yoast SEO v27.0) - https:\/\/yoast.com\/product\/yoast-seo-premium-wordpress\/ -->\n<title>Promesse de Poursuite des Op\u00e9rations Militaires - Mali<\/title>\n<meta name=\"description\" content=\"-article-header-tag&quot;&gt; Africa-Press - Mali. NoneLe pre\u0301sident de la transition ...\" \/>\n<meta name=\"robots\" content=\"index, follow, max-snippet:-1, max-image-preview:large, max-video-preview:-1\" \/>\n<link rel=\"canonical\" href=\"https:\/\/www.africa-press.net\/mali\/top-nouvelles\/promesse-de-poursuite-des-operations-militaires\" \/>\n<meta property=\"og:locale\" content=\"fr_FR\" \/>\n<meta property=\"og:type\" content=\"article\" \/>\n<meta property=\"og:title\" content=\"Promesse de Poursuite des Op\u00e9rations Militaires\" \/>\n<meta property=\"og:description\" content=\"-article-header-tag&quot;&gt; Africa-Press - Mali. NoneLe pre\u0301sident de la transition ...\" \/>\n<meta property=\"og:url\" content=\"https:\/\/www.africa-press.net\/mali\/top-nouvelles\/promesse-de-poursuite-des-operations-militaires\" \/>\n<meta property=\"og:site_name\" content=\"Mali\" \/>\n<meta property=\"article:publisher\" content=\"https:\/\/www.facebook.com\/AfricaPressTunisiaa\" \/>\n<meta property=\"article:published_time\" content=\"2026-04-29T22:18:33+00:00\" \/>\n<meta property=\"article:modified_time\" content=\"2026-04-29T23:05:54+00:00\" \/>\n<meta property=\"og:image\" content=\"https:\/\/static.africa-press.net\/mali\/sites\/21\/2026\/04\/sm_1777503867.080208.jpg\" \/>\n\t<meta property=\"og:image:width\" content=\"863\" \/>\n\t<meta property=\"og:image:height\" content=\"486\" \/>\n\t<meta property=\"og:image:type\" content=\"image\/jpeg\" \/>\n<meta name=\"author\" content=\"cfeditorfr\" \/>\n<meta name=\"twitter:card\" content=\"summary_large_image\" \/>\n<meta name=\"twitter:label1\" content=\"\u00c9crit par\" \/>\n\t<meta name=\"twitter:data1\" content=\"cfeditorfr\" \/>\n\t<meta name=\"twitter:label2\" content=\"Dur\u00e9e de lecture estim\u00e9e\" \/>\n\t<meta name=\"twitter:data2\" content=\"3 minutes\" \/>\n<script type=\"application\/ld+json\" class=\"yoast-schema-graph\">{\"@context\":\"https:\/\/schema.org\",\"@graph\":[{\"@type\":\"Article\",\"@id\":\"https:\/\/www.africa-press.net\/mali\/top-nouvelles\/promesse-de-poursuite-des-operations-militaires#article\",\"isPartOf\":{\"@id\":\"https:\/\/www.africa-press.net\/mali\/top-nouvelles\/promesse-de-poursuite-des-operations-militaires\"},\"author\":{\"name\":\"cfeditorfr\",\"@id\":\"https:\/\/www.africa-press.net\/mali\/#\/schema\/person\/2b1cf3cd81a31e3cd26889ca66d677f1\"},\"headline\":\"Promesse de Poursuite des Op\u00e9rations Militaires\",\"datePublished\":\"2026-04-29T22:18:33+00:00\",\"dateModified\":\"2026-04-29T23:05:54+00:00\",\"mainEntityOfPage\":{\"@id\":\"https:\/\/www.africa-press.net\/mali\/top-nouvelles\/promesse-de-poursuite-des-operations-militaires\"},\"wordCount\":522,\"commentCount\":0,\"image\":{\"@id\":\"https:\/\/www.africa-press.net\/mali\/top-nouvelles\/promesse-de-poursuite-des-operations-militaires#primaryimage\"},\"thumbnailUrl\":\"https:\/\/static.africa-press.net\/mali\/sites\/21\/2026\/04\/sm_1777503867.080208.jpg\",\"keywords\":[\"mali\"],\"articleSection\":[\"Politique\",\"Top Nouvelles\",\"Toutes les actualit\u00e9s\"],\"inLanguage\":\"fr-FR\",\"potentialAction\":[{\"@type\":\"CommentAction\",\"name\":\"Comment\",\"target\":[\"https:\/\/www.africa-press.net\/mali\/top-nouvelles\/promesse-de-poursuite-des-operations-militaires#respond\"]}]},{\"@type\":\"WebPage\",\"@id\":\"https:\/\/www.africa-press.net\/mali\/top-nouvelles\/promesse-de-poursuite-des-operations-militaires\",\"url\":\"https:\/\/www.africa-press.net\/mali\/top-nouvelles\/promesse-de-poursuite-des-operations-militaires\",\"name\":\"Promesse de Poursuite des Op\u00e9rations Militaires - Mali\",\"isPartOf\":{\"@id\":\"https:\/\/www.africa-press.net\/mali\/#website\"},\"primaryImageOfPage\":{\"@id\":\"https:\/\/www.africa-press.net\/mali\/top-nouvelles\/promesse-de-poursuite-des-operations-militaires#primaryimage\"},\"image\":{\"@id\":\"https:\/\/www.africa-press.net\/mali\/top-nouvelles\/promesse-de-poursuite-des-operations-militaires#primaryimage\"},\"thumbnailUrl\":\"https:\/\/static.africa-press.net\/mali\/sites\/21\/2026\/04\/sm_1777503867.080208.jpg\",\"datePublished\":\"2026-04-29T22:18:33+00:00\",\"dateModified\":\"2026-04-29T23:05:54+00:00\",\"author\":{\"@id\":\"https:\/\/www.africa-press.net\/mali\/#\/schema\/person\/2b1cf3cd81a31e3cd26889ca66d677f1\"},\"description\":\"-article-header-tag\\\"> Africa-Press - Mali. NoneLe pre\u0301sident de la transition ...\",\"breadcrumb\":{\"@id\":\"https:\/\/www.africa-press.net\/mali\/top-nouvelles\/promesse-de-poursuite-des-operations-militaires#breadcrumb\"},\"inLanguage\":\"fr-FR\",\"potentialAction\":[{\"@type\":\"ReadAction\",\"target\":[\"https:\/\/www.africa-press.net\/mali\/top-nouvelles\/promesse-de-poursuite-des-operations-militaires\"]}]},{\"@type\":\"ImageObject\",\"inLanguage\":\"fr-FR\",\"@id\":\"https:\/\/www.africa-press.net\/mali\/top-nouvelles\/promesse-de-poursuite-des-operations-militaires#primaryimage\",\"url\":\"https:\/\/static.africa-press.net\/mali\/sites\/21\/2026\/04\/sm_1777503867.080208.jpg\",\"contentUrl\":\"https:\/\/static.africa-press.net\/mali\/sites\/21\/2026\/04\/sm_1777503867.080208.jpg\",\"width\":863,\"height\":486,\"caption\":\"Promesse de Poursuite des Op\u00e9rations Militaires\"},{\"@type\":\"BreadcrumbList\",\"@id\":\"https:\/\/www.africa-press.net\/mali\/top-nouvelles\/promesse-de-poursuite-des-operations-militaires#breadcrumb\",\"itemListElement\":[{\"@type\":\"ListItem\",\"position\":1,\"name\":\"Home\",\"item\":\"https:\/\/www.africa-press.net\/mali\/\"},{\"@type\":\"ListItem\",\"position\":2,\"name\":\"Promesse de Poursuite des Op\u00e9rations Militaires\"}]},{\"@type\":\"WebSite\",\"@id\":\"https:\/\/www.africa-press.net\/mali\/#website\",\"url\":\"https:\/\/www.africa-press.net\/mali\/\",\"name\":\"Mali\",\"description\":\"Just another Africa News Agency Sites site\",\"potentialAction\":[{\"@type\":\"SearchAction\",\"target\":{\"@type\":\"EntryPoint\",\"urlTemplate\":\"https:\/\/www.africa-press.net\/mali\/?s={search_term_string}\"},\"query-input\":{\"@type\":\"PropertyValueSpecification\",\"valueRequired\":true,\"valueName\":\"search_term_string\"}}],\"inLanguage\":\"fr-FR\"},{\"@type\":\"Person\",\"@id\":\"https:\/\/www.africa-press.net\/mali\/#\/schema\/person\/2b1cf3cd81a31e3cd26889ca66d677f1\",\"name\":\"cfeditorfr\"}]}<\/script>\n<!-- \/ Yoast SEO Premium plugin. -->","yoast_head_json":{"title":"Promesse de Poursuite des Op\u00e9rations Militaires - Mali","description":"-article-header-tag\"> Africa-Press - Mali. NoneLe pre\u0301sident de la transition ...","robots":{"index":"index","follow":"follow","max-snippet":"max-snippet:-1","max-image-preview":"max-image-preview:large","max-video-preview":"max-video-preview:-1"},"canonical":"https:\/\/www.africa-press.net\/mali\/top-nouvelles\/promesse-de-poursuite-des-operations-militaires","og_locale":"fr_FR","og_type":"article","og_title":"Promesse de Poursuite des Op\u00e9rations Militaires","og_description":"-article-header-tag\"> Africa-Press - Mali. NoneLe pre\u0301sident de la transition ...","og_url":"https:\/\/www.africa-press.net\/mali\/top-nouvelles\/promesse-de-poursuite-des-operations-militaires","og_site_name":"Mali","article_publisher":"https:\/\/www.facebook.com\/AfricaPressTunisiaa","article_published_time":"2026-04-29T22:18:33+00:00","article_modified_time":"2026-04-29T23:05:54+00:00","og_image":[{"width":863,"height":486,"url":"https:\/\/static.africa-press.net\/mali\/sites\/21\/2026\/04\/sm_1777503867.080208.jpg","type":"image\/jpeg"}],"author":"cfeditorfr","twitter_card":"summary_large_image","twitter_misc":{"\u00c9crit par":"cfeditorfr","Dur\u00e9e de lecture estim\u00e9e":"3 minutes"},"schema":{"@context":"https:\/\/schema.org","@graph":[{"@type":"Article","@id":"https:\/\/www.africa-press.net\/mali\/top-nouvelles\/promesse-de-poursuite-des-operations-militaires#article","isPartOf":{"@id":"https:\/\/www.africa-press.net\/mali\/top-nouvelles\/promesse-de-poursuite-des-operations-militaires"},"author":{"name":"cfeditorfr","@id":"https:\/\/www.africa-press.net\/mali\/#\/schema\/person\/2b1cf3cd81a31e3cd26889ca66d677f1"},"headline":"Promesse de Poursuite des Op\u00e9rations Militaires","datePublished":"2026-04-29T22:18:33+00:00","dateModified":"2026-04-29T23:05:54+00:00","mainEntityOfPage":{"@id":"https:\/\/www.africa-press.net\/mali\/top-nouvelles\/promesse-de-poursuite-des-operations-militaires"},"wordCount":522,"commentCount":0,"image":{"@id":"https:\/\/www.africa-press.net\/mali\/top-nouvelles\/promesse-de-poursuite-des-operations-militaires#primaryimage"},"thumbnailUrl":"https:\/\/static.africa-press.net\/mali\/sites\/21\/2026\/04\/sm_1777503867.080208.jpg","keywords":["mali"],"articleSection":["Politique","Top Nouvelles","Toutes les actualit\u00e9s"],"inLanguage":"fr-FR","potentialAction":[{"@type":"CommentAction","name":"Comment","target":["https:\/\/www.africa-press.net\/mali\/top-nouvelles\/promesse-de-poursuite-des-operations-militaires#respond"]}]},{"@type":"WebPage","@id":"https:\/\/www.africa-press.net\/mali\/top-nouvelles\/promesse-de-poursuite-des-operations-militaires","url":"https:\/\/www.africa-press.net\/mali\/top-nouvelles\/promesse-de-poursuite-des-operations-militaires","name":"Promesse de Poursuite des Op\u00e9rations Militaires - Mali","isPartOf":{"@id":"https:\/\/www.africa-press.net\/mali\/#website"},"primaryImageOfPage":{"@id":"https:\/\/www.africa-press.net\/mali\/top-nouvelles\/promesse-de-poursuite-des-operations-militaires#primaryimage"},"image":{"@id":"https:\/\/www.africa-press.net\/mali\/top-nouvelles\/promesse-de-poursuite-des-operations-militaires#primaryimage"},"thumbnailUrl":"https:\/\/static.africa-press.net\/mali\/sites\/21\/2026\/04\/sm_1777503867.080208.jpg","datePublished":"2026-04-29T22:18:33+00:00","dateModified":"2026-04-29T23:05:54+00:00","author":{"@id":"https:\/\/www.africa-press.net\/mali\/#\/schema\/person\/2b1cf3cd81a31e3cd26889ca66d677f1"},"description":"-article-header-tag\"> Africa-Press - Mali. NoneLe pre\u0301sident de la transition ...","breadcrumb":{"@id":"https:\/\/www.africa-press.net\/mali\/top-nouvelles\/promesse-de-poursuite-des-operations-militaires#breadcrumb"},"inLanguage":"fr-FR","potentialAction":[{"@type":"ReadAction","target":["https:\/\/www.africa-press.net\/mali\/top-nouvelles\/promesse-de-poursuite-des-operations-militaires"]}]},{"@type":"ImageObject","inLanguage":"fr-FR","@id":"https:\/\/www.africa-press.net\/mali\/top-nouvelles\/promesse-de-poursuite-des-operations-militaires#primaryimage","url":"https:\/\/static.africa-press.net\/mali\/sites\/21\/2026\/04\/sm_1777503867.080208.jpg","contentUrl":"https:\/\/static.africa-press.net\/mali\/sites\/21\/2026\/04\/sm_1777503867.080208.jpg","width":863,"height":486,"caption":"Promesse de Poursuite des Op\u00e9rations Militaires"},{"@type":"BreadcrumbList","@id":"https:\/\/www.africa-press.net\/mali\/top-nouvelles\/promesse-de-poursuite-des-operations-militaires#breadcrumb","itemListElement":[{"@type":"ListItem","position":1,"name":"Home","item":"https:\/\/www.africa-press.net\/mali\/"},{"@type":"ListItem","position":2,"name":"Promesse de Poursuite des Op\u00e9rations Militaires"}]},{"@type":"WebSite","@id":"https:\/\/www.africa-press.net\/mali\/#website","url":"https:\/\/www.africa-press.net\/mali\/","name":"Mali","description":"Just another Africa News Agency Sites site","potentialAction":[{"@type":"SearchAction","target":{"@type":"EntryPoint","urlTemplate":"https:\/\/www.africa-press.net\/mali\/?s={search_term_string}"},"query-input":{"@type":"PropertyValueSpecification","valueRequired":true,"valueName":"search_term_string"}}],"inLanguage":"fr-FR"},{"@type":"Person","@id":"https:\/\/www.africa-press.net\/mali\/#\/schema\/person\/2b1cf3cd81a31e3cd26889ca66d677f1","name":"cfeditorfr"}]}},"_links":{"self":[{"href":"https:\/\/www.africa-press.net\/mali\/wp-json\/wp\/v2\/posts\/60956","targetHints":{"allow":["GET"]}}],"collection":[{"href":"https:\/\/www.africa-press.net\/mali\/wp-json\/wp\/v2\/posts"}],"about":[{"href":"https:\/\/www.africa-press.net\/mali\/wp-json\/wp\/v2\/types\/post"}],"author":[{"embeddable":true,"href":"https:\/\/www.africa-press.net\/mali\/wp-json\/wp\/v2\/users\/82"}],"replies":[{"embeddable":true,"href":"https:\/\/www.africa-press.net\/mali\/wp-json\/wp\/v2\/comments?post=60956"}],"version-history":[{"count":1,"href":"https:\/\/www.africa-press.net\/mali\/wp-json\/wp\/v2\/posts\/60956\/revisions"}],"predecessor-version":[{"id":60963,"href":"https:\/\/www.africa-press.net\/mali\/wp-json\/wp\/v2\/posts\/60956\/revisions\/60963"}],"wp:featuredmedia":[{"embeddable":true,"href":"https:\/\/www.africa-press.net\/mali\/wp-json\/wp\/v2\/media\/60955"}],"wp:attachment":[{"href":"https:\/\/www.africa-press.net\/mali\/wp-json\/wp\/v2\/media?parent=60956"}],"wp:term":[{"taxonomy":"category","embeddable":true,"href":"https:\/\/www.africa-press.net\/mali\/wp-json\/wp\/v2\/categories?post=60956"},{"taxonomy":"post_tag","embeddable":true,"href":"https:\/\/www.africa-press.net\/mali\/wp-json\/wp\/v2\/tags?post=60956"}],"curies":[{"name":"wp","href":"https:\/\/api.w.org\/{rel}","templated":true}]}}