{"id":60958,"date":"2026-04-27T22:19:55","date_gmt":"2026-04-27T22:19:55","guid":{"rendered":"https:\/\/www.africa-press.net\/mali\/politique\/abdoulaye-maiga-appelle-a-lunite-apres-attaques"},"modified":"2026-04-29T23:06:15","modified_gmt":"2026-04-29T23:06:15","slug":"abdoulaye-maiga-appelle-a-lunite-apres-attaques","status":"publish","type":"post","link":"https:\/\/www.africa-press.net\/mali\/top-nouvelles\/abdoulaye-maiga-appelle-a-lunite-apres-attaques","title":{"rendered":"Abdoulaye Ma\u00efga Appelle \u00e0 L&rsquo;Unit\u00e9 Apr\u00e8s Attaques"},"content":{"rendered":"<p><span class=\"ap-article-header-tag\"> <strong>Africa-Press &#8211; Mali. <\/strong> <\/span>Le Premier ministre malien, le Ge\u0301ne\u0301ral de division Abdoulaye Mai\u0308ga, a affirme\u0301 lundi que \u00ab la peur n\u2019a pas sa place \u00bb au sein de la Nation, au lendemain d\u2019attaques terroristes simultane\u0301es ayant vise\u0301 plusieurs localite\u0301s du pays. Cette de\u0301claration a e\u0301te\u0301 faite lors d\u2019un point de presse tenu en plein deuil national de\u0301cre\u0301te\u0301 en hommage au Ge\u0301ne\u0301ral Sadio Camara.<\/p>\n<p>\u00ab M\u2019exprimer aujourd\u2019hui n\u2019est pas aise\u0301 \u00bb, a de\u0301clare\u0301 le chef du gouvernement, rappelant que cette intervention intervient au premier jour d\u2019un deuil national de deux jours de\u0301cre\u0301te\u0301 par le Pre\u0301sident de la Transition, afin d\u2019honorer la me\u0301moire du de\u0301funt ge\u0301ne\u0301ral ainsi que celle des victimes civiles et militaires.<\/p>\n<p>Selon Abdoulaye Mai\u0308ga, les attaques du 25 avril 2026 visaient a\u0300 \u00ab semer la peur, briser la cohe\u0301sion nationale et affaiblir la de\u0301termination \u00bb des Maliens. \u00ab Nous n\u2019avons pas eu peur, nous n\u2019avons pas doute\u0301 et nous n\u2019aurons jamais peur \u00bb, a-t-il martele\u0301.<\/p>\n<p>Le Premier ministre a e\u0301galement de\u0301nonce\u0301 des actes \u00ab la\u0302ches et barbares \u00bb, estimant que leur ampleur laisse supposer \u00ab l\u2019appui de sponsors \u00bb. Il a, par ailleurs, affirme\u0301 que les forces arme\u0301es maliennes ont inflige\u0301 une \u00ab re\u0301ponse cinglante \u00bb, neutralisant \u00ab des centaines de terroristes \u00bb a\u0300 travers le territoire.<\/p>\n<p>Il a salue\u0301 \u00ab le professionnalisme \u00bb des forces de de\u0301fense et de se\u0301curite\u0301, tout en soulignant la ne\u0301cessite\u0301 d\u2019adapter en permanence les strate\u0301gies face a\u0300 la nature asyme\u0301trique de la menace terroriste.<\/p>\n<p>En outre, le chef du gouvernement a insiste\u0301 sur la re\u0301silience de la population malienne et a re\u0301affirme\u0301 l\u2019engagement des autorite\u0301s a\u0300 poursuivre la lutte \u00ab jusqu\u2019a\u0300 l\u2019e\u0301radication totale du terrorisme et l\u2019e\u0301dification du Mali Kura \u00bb.<\/p>\n<p>Dans un registre solennel, il a rendu hommage au Ge\u0301ne\u0301ral Sadio Camara, soulignant que celui-ci \u00ab a fait le choix de mourir les armes a\u0300 la main pour de\u0301fendre sa patrie \u00bb.<\/p>\n<p>S\u2019adressant aux groupes arme\u0301s, il a appele\u0301 ceux qui \u00ab se font manipuler \u00bb a\u0300 \u00ab retrouver le droit chemin \u00bb, tout en re\u0301affirmant que \u00ab le combat pour notre dignite\u0301 et notre honneur n\u2019est pas ne\u0301gociable \u00bb.<\/p>\n<p>Enfin, concluant son allocution par une re\u0301fe\u0301rence a\u0300 l\u2019hymne national, il a appele\u0301 a\u0300 \u00ab courage, de\u0301vouement et vigilance \u00bb, affirmant que \u00ab ensemble, nous ferons le Mali Kura \u00bb.<\/p>\n<p>Le Mali reste confronte\u0301 a\u0300 une inse\u0301curite\u0301 persistante, marque\u0301e par des attaques attribue\u0301es a\u0300 des groupes terroristes ope\u0301rant dans plusieurs re\u0301gions du pays.<\/p>\n<p class=\"ap-article-footer-note\">Retrouvez plus d\u2019actualit\u00e9s et d\u2019analyses sur <span class=\"ap-highlight-country\">Mali<\/span> sur le site <span class=\"ap-highlight-brand\">Africa Press<\/span><\/p>\n","protected":false},"excerpt":{"rendered":"<p>Africa-Press &#8211; Mali. Le Premier ministre malien, le Ge\u0301ne\u0301ral de division Abdoulaye Mai\u0308ga, a affirme\u0301 lundi que \u00ab la peur n\u2019a pas sa place \u00bb au sein de la Nation, au lendemain d\u2019attaques terroristes simultane\u0301es ayant vise\u0301 plusieurs localite\u0301s du pays. Cette de\u0301claration a e\u0301te\u0301 faite lors d\u2019un point de presse tenu en plein deuil [&hellip;]<\/p>\n","protected":false},"author":82,"featured_media":60957,"comment_status":"open","ping_status":"closed","sticky":false,"template":"","format":"standard","meta":{"footnotes":""},"categories":[7,5,17],"tags":[19],"class_list":["post-60958","post","type-post","status-publish","format-standard","has-post-thumbnail","hentry","category-politique","category-top-nouvelles","category-toutes-les-actualites","tag-mali"],"yoast_head":"<!-- This site is optimized with the Yoast SEO Premium plugin v26.1 (Yoast SEO v27.0) - https:\/\/yoast.com\/product\/yoast-seo-premium-wordpress\/ -->\n<title>Abdoulaye Ma\u00efga Appelle \u00e0 L&#039;Unit\u00e9 Apr\u00e8s Attaques - Mali<\/title>\n<meta name=\"description\" content=\"-article-header-tag&quot;&gt; Africa-Press - Mali. Le Premier ministre malien, le Ge\u0301 ...\" \/>\n<meta name=\"robots\" content=\"index, follow, max-snippet:-1, max-image-preview:large, max-video-preview:-1\" \/>\n<link rel=\"canonical\" href=\"https:\/\/www.africa-press.net\/mali\/top-nouvelles\/abdoulaye-maiga-appelle-a-lunite-apres-attaques\" \/>\n<meta property=\"og:locale\" content=\"fr_FR\" \/>\n<meta property=\"og:type\" content=\"article\" \/>\n<meta property=\"og:title\" content=\"Abdoulaye Ma\u00efga Appelle \u00e0 L&#039;Unit\u00e9 Apr\u00e8s Attaques\" \/>\n<meta property=\"og:description\" content=\"-article-header-tag&quot;&gt; Africa-Press - Mali. Le Premier ministre malien, le Ge\u0301 ...\" \/>\n<meta property=\"og:url\" content=\"https:\/\/www.africa-press.net\/mali\/top-nouvelles\/abdoulaye-maiga-appelle-a-lunite-apres-attaques\" \/>\n<meta property=\"og:site_name\" content=\"Mali\" \/>\n<meta property=\"article:publisher\" content=\"https:\/\/www.facebook.com\/AfricaPressTunisiaa\" \/>\n<meta property=\"article:published_time\" content=\"2026-04-27T22:19:55+00:00\" \/>\n<meta property=\"article:modified_time\" content=\"2026-04-29T23:06:15+00:00\" \/>\n<meta property=\"og:image\" content=\"https:\/\/static.africa-press.net\/mali\/sites\/21\/2026\/04\/sm_1777503882.319148.jpg\" \/>\n\t<meta property=\"og:image:width\" content=\"864\" \/>\n\t<meta property=\"og:image:height\" content=\"486\" \/>\n\t<meta property=\"og:image:type\" content=\"image\/jpeg\" \/>\n<meta name=\"author\" content=\"cfeditorfr\" \/>\n<meta name=\"twitter:card\" content=\"summary_large_image\" \/>\n<meta name=\"twitter:label1\" content=\"\u00c9crit par\" \/>\n\t<meta name=\"twitter:data1\" content=\"cfeditorfr\" \/>\n\t<meta name=\"twitter:label2\" content=\"Dur\u00e9e de lecture estim\u00e9e\" \/>\n\t<meta name=\"twitter:data2\" content=\"3 minutes\" \/>\n<script type=\"application\/ld+json\" class=\"yoast-schema-graph\">{\"@context\":\"https:\/\/schema.org\",\"@graph\":[{\"@type\":\"Article\",\"@id\":\"https:\/\/www.africa-press.net\/mali\/top-nouvelles\/abdoulaye-maiga-appelle-a-lunite-apres-attaques#article\",\"isPartOf\":{\"@id\":\"https:\/\/www.africa-press.net\/mali\/top-nouvelles\/abdoulaye-maiga-appelle-a-lunite-apres-attaques\"},\"author\":{\"name\":\"cfeditorfr\",\"@id\":\"https:\/\/www.africa-press.net\/mali\/#\/schema\/person\/2b1cf3cd81a31e3cd26889ca66d677f1\"},\"headline\":\"Abdoulaye Ma\u00efga Appelle \u00e0 L&rsquo;Unit\u00e9 Apr\u00e8s Attaques\",\"datePublished\":\"2026-04-27T22:19:55+00:00\",\"dateModified\":\"2026-04-29T23:06:15+00:00\",\"mainEntityOfPage\":{\"@id\":\"https:\/\/www.africa-press.net\/mali\/top-nouvelles\/abdoulaye-maiga-appelle-a-lunite-apres-attaques\"},\"wordCount\":462,\"commentCount\":0,\"image\":{\"@id\":\"https:\/\/www.africa-press.net\/mali\/top-nouvelles\/abdoulaye-maiga-appelle-a-lunite-apres-attaques#primaryimage\"},\"thumbnailUrl\":\"https:\/\/static.africa-press.net\/mali\/sites\/21\/2026\/04\/sm_1777503882.319148.jpg\",\"keywords\":[\"mali\"],\"articleSection\":[\"Politique\",\"Top Nouvelles\",\"Toutes les actualit\u00e9s\"],\"inLanguage\":\"fr-FR\",\"potentialAction\":[{\"@type\":\"CommentAction\",\"name\":\"Comment\",\"target\":[\"https:\/\/www.africa-press.net\/mali\/top-nouvelles\/abdoulaye-maiga-appelle-a-lunite-apres-attaques#respond\"]}]},{\"@type\":\"WebPage\",\"@id\":\"https:\/\/www.africa-press.net\/mali\/top-nouvelles\/abdoulaye-maiga-appelle-a-lunite-apres-attaques\",\"url\":\"https:\/\/www.africa-press.net\/mali\/top-nouvelles\/abdoulaye-maiga-appelle-a-lunite-apres-attaques\",\"name\":\"Abdoulaye Ma\u00efga Appelle \u00e0 L'Unit\u00e9 Apr\u00e8s Attaques - Mali\",\"isPartOf\":{\"@id\":\"https:\/\/www.africa-press.net\/mali\/#website\"},\"primaryImageOfPage\":{\"@id\":\"https:\/\/www.africa-press.net\/mali\/top-nouvelles\/abdoulaye-maiga-appelle-a-lunite-apres-attaques#primaryimage\"},\"image\":{\"@id\":\"https:\/\/www.africa-press.net\/mali\/top-nouvelles\/abdoulaye-maiga-appelle-a-lunite-apres-attaques#primaryimage\"},\"thumbnailUrl\":\"https:\/\/static.africa-press.net\/mali\/sites\/21\/2026\/04\/sm_1777503882.319148.jpg\",\"datePublished\":\"2026-04-27T22:19:55+00:00\",\"dateModified\":\"2026-04-29T23:06:15+00:00\",\"author\":{\"@id\":\"https:\/\/www.africa-press.net\/mali\/#\/schema\/person\/2b1cf3cd81a31e3cd26889ca66d677f1\"},\"description\":\"-article-header-tag\\\"> Africa-Press - Mali. Le Premier ministre malien, le Ge\u0301 ...\",\"breadcrumb\":{\"@id\":\"https:\/\/www.africa-press.net\/mali\/top-nouvelles\/abdoulaye-maiga-appelle-a-lunite-apres-attaques#breadcrumb\"},\"inLanguage\":\"fr-FR\",\"potentialAction\":[{\"@type\":\"ReadAction\",\"target\":[\"https:\/\/www.africa-press.net\/mali\/top-nouvelles\/abdoulaye-maiga-appelle-a-lunite-apres-attaques\"]}]},{\"@type\":\"ImageObject\",\"inLanguage\":\"fr-FR\",\"@id\":\"https:\/\/www.africa-press.net\/mali\/top-nouvelles\/abdoulaye-maiga-appelle-a-lunite-apres-attaques#primaryimage\",\"url\":\"https:\/\/static.africa-press.net\/mali\/sites\/21\/2026\/04\/sm_1777503882.319148.jpg\",\"contentUrl\":\"https:\/\/static.africa-press.net\/mali\/sites\/21\/2026\/04\/sm_1777503882.319148.jpg\",\"width\":864,\"height\":486,\"caption\":\"Abdoulaye Ma\u00efga Appelle \u00e0 L'Unit\u00e9 Apr\u00e8s Attaques\"},{\"@type\":\"BreadcrumbList\",\"@id\":\"https:\/\/www.africa-press.net\/mali\/top-nouvelles\/abdoulaye-maiga-appelle-a-lunite-apres-attaques#breadcrumb\",\"itemListElement\":[{\"@type\":\"ListItem\",\"position\":1,\"name\":\"Home\",\"item\":\"https:\/\/www.africa-press.net\/mali\/\"},{\"@type\":\"ListItem\",\"position\":2,\"name\":\"Abdoulaye Ma\u00efga Appelle \u00e0 L&#8217;Unit\u00e9 Apr\u00e8s Attaques\"}]},{\"@type\":\"WebSite\",\"@id\":\"https:\/\/www.africa-press.net\/mali\/#website\",\"url\":\"https:\/\/www.africa-press.net\/mali\/\",\"name\":\"Mali\",\"description\":\"Just another Africa News Agency Sites site\",\"potentialAction\":[{\"@type\":\"SearchAction\",\"target\":{\"@type\":\"EntryPoint\",\"urlTemplate\":\"https:\/\/www.africa-press.net\/mali\/?s={search_term_string}\"},\"query-input\":{\"@type\":\"PropertyValueSpecification\",\"valueRequired\":true,\"valueName\":\"search_term_string\"}}],\"inLanguage\":\"fr-FR\"},{\"@type\":\"Person\",\"@id\":\"https:\/\/www.africa-press.net\/mali\/#\/schema\/person\/2b1cf3cd81a31e3cd26889ca66d677f1\",\"name\":\"cfeditorfr\"}]}<\/script>\n<!-- \/ Yoast SEO Premium plugin. -->","yoast_head_json":{"title":"Abdoulaye Ma\u00efga Appelle \u00e0 L'Unit\u00e9 Apr\u00e8s Attaques - Mali","description":"-article-header-tag\"> Africa-Press - Mali. Le Premier ministre malien, le Ge\u0301 ...","robots":{"index":"index","follow":"follow","max-snippet":"max-snippet:-1","max-image-preview":"max-image-preview:large","max-video-preview":"max-video-preview:-1"},"canonical":"https:\/\/www.africa-press.net\/mali\/top-nouvelles\/abdoulaye-maiga-appelle-a-lunite-apres-attaques","og_locale":"fr_FR","og_type":"article","og_title":"Abdoulaye Ma\u00efga Appelle \u00e0 L'Unit\u00e9 Apr\u00e8s Attaques","og_description":"-article-header-tag\"> Africa-Press - Mali. Le Premier ministre malien, le Ge\u0301 ...","og_url":"https:\/\/www.africa-press.net\/mali\/top-nouvelles\/abdoulaye-maiga-appelle-a-lunite-apres-attaques","og_site_name":"Mali","article_publisher":"https:\/\/www.facebook.com\/AfricaPressTunisiaa","article_published_time":"2026-04-27T22:19:55+00:00","article_modified_time":"2026-04-29T23:06:15+00:00","og_image":[{"width":864,"height":486,"url":"https:\/\/static.africa-press.net\/mali\/sites\/21\/2026\/04\/sm_1777503882.319148.jpg","type":"image\/jpeg"}],"author":"cfeditorfr","twitter_card":"summary_large_image","twitter_misc":{"\u00c9crit par":"cfeditorfr","Dur\u00e9e de lecture estim\u00e9e":"3 minutes"},"schema":{"@context":"https:\/\/schema.org","@graph":[{"@type":"Article","@id":"https:\/\/www.africa-press.net\/mali\/top-nouvelles\/abdoulaye-maiga-appelle-a-lunite-apres-attaques#article","isPartOf":{"@id":"https:\/\/www.africa-press.net\/mali\/top-nouvelles\/abdoulaye-maiga-appelle-a-lunite-apres-attaques"},"author":{"name":"cfeditorfr","@id":"https:\/\/www.africa-press.net\/mali\/#\/schema\/person\/2b1cf3cd81a31e3cd26889ca66d677f1"},"headline":"Abdoulaye Ma\u00efga Appelle \u00e0 L&rsquo;Unit\u00e9 Apr\u00e8s Attaques","datePublished":"2026-04-27T22:19:55+00:00","dateModified":"2026-04-29T23:06:15+00:00","mainEntityOfPage":{"@id":"https:\/\/www.africa-press.net\/mali\/top-nouvelles\/abdoulaye-maiga-appelle-a-lunite-apres-attaques"},"wordCount":462,"commentCount":0,"image":{"@id":"https:\/\/www.africa-press.net\/mali\/top-nouvelles\/abdoulaye-maiga-appelle-a-lunite-apres-attaques#primaryimage"},"thumbnailUrl":"https:\/\/static.africa-press.net\/mali\/sites\/21\/2026\/04\/sm_1777503882.319148.jpg","keywords":["mali"],"articleSection":["Politique","Top Nouvelles","Toutes les actualit\u00e9s"],"inLanguage":"fr-FR","potentialAction":[{"@type":"CommentAction","name":"Comment","target":["https:\/\/www.africa-press.net\/mali\/top-nouvelles\/abdoulaye-maiga-appelle-a-lunite-apres-attaques#respond"]}]},{"@type":"WebPage","@id":"https:\/\/www.africa-press.net\/mali\/top-nouvelles\/abdoulaye-maiga-appelle-a-lunite-apres-attaques","url":"https:\/\/www.africa-press.net\/mali\/top-nouvelles\/abdoulaye-maiga-appelle-a-lunite-apres-attaques","name":"Abdoulaye Ma\u00efga Appelle \u00e0 L'Unit\u00e9 Apr\u00e8s Attaques - Mali","isPartOf":{"@id":"https:\/\/www.africa-press.net\/mali\/#website"},"primaryImageOfPage":{"@id":"https:\/\/www.africa-press.net\/mali\/top-nouvelles\/abdoulaye-maiga-appelle-a-lunite-apres-attaques#primaryimage"},"image":{"@id":"https:\/\/www.africa-press.net\/mali\/top-nouvelles\/abdoulaye-maiga-appelle-a-lunite-apres-attaques#primaryimage"},"thumbnailUrl":"https:\/\/static.africa-press.net\/mali\/sites\/21\/2026\/04\/sm_1777503882.319148.jpg","datePublished":"2026-04-27T22:19:55+00:00","dateModified":"2026-04-29T23:06:15+00:00","author":{"@id":"https:\/\/www.africa-press.net\/mali\/#\/schema\/person\/2b1cf3cd81a31e3cd26889ca66d677f1"},"description":"-article-header-tag\"> Africa-Press - Mali. Le Premier ministre malien, le Ge\u0301 ...","breadcrumb":{"@id":"https:\/\/www.africa-press.net\/mali\/top-nouvelles\/abdoulaye-maiga-appelle-a-lunite-apres-attaques#breadcrumb"},"inLanguage":"fr-FR","potentialAction":[{"@type":"ReadAction","target":["https:\/\/www.africa-press.net\/mali\/top-nouvelles\/abdoulaye-maiga-appelle-a-lunite-apres-attaques"]}]},{"@type":"ImageObject","inLanguage":"fr-FR","@id":"https:\/\/www.africa-press.net\/mali\/top-nouvelles\/abdoulaye-maiga-appelle-a-lunite-apres-attaques#primaryimage","url":"https:\/\/static.africa-press.net\/mali\/sites\/21\/2026\/04\/sm_1777503882.319148.jpg","contentUrl":"https:\/\/static.africa-press.net\/mali\/sites\/21\/2026\/04\/sm_1777503882.319148.jpg","width":864,"height":486,"caption":"Abdoulaye Ma\u00efga Appelle \u00e0 L'Unit\u00e9 Apr\u00e8s Attaques"},{"@type":"BreadcrumbList","@id":"https:\/\/www.africa-press.net\/mali\/top-nouvelles\/abdoulaye-maiga-appelle-a-lunite-apres-attaques#breadcrumb","itemListElement":[{"@type":"ListItem","position":1,"name":"Home","item":"https:\/\/www.africa-press.net\/mali\/"},{"@type":"ListItem","position":2,"name":"Abdoulaye Ma\u00efga Appelle \u00e0 L&#8217;Unit\u00e9 Apr\u00e8s Attaques"}]},{"@type":"WebSite","@id":"https:\/\/www.africa-press.net\/mali\/#website","url":"https:\/\/www.africa-press.net\/mali\/","name":"Mali","description":"Just another Africa News Agency Sites site","potentialAction":[{"@type":"SearchAction","target":{"@type":"EntryPoint","urlTemplate":"https:\/\/www.africa-press.net\/mali\/?s={search_term_string}"},"query-input":{"@type":"PropertyValueSpecification","valueRequired":true,"valueName":"search_term_string"}}],"inLanguage":"fr-FR"},{"@type":"Person","@id":"https:\/\/www.africa-press.net\/mali\/#\/schema\/person\/2b1cf3cd81a31e3cd26889ca66d677f1","name":"cfeditorfr"}]}},"_links":{"self":[{"href":"https:\/\/www.africa-press.net\/mali\/wp-json\/wp\/v2\/posts\/60958","targetHints":{"allow":["GET"]}}],"collection":[{"href":"https:\/\/www.africa-press.net\/mali\/wp-json\/wp\/v2\/posts"}],"about":[{"href":"https:\/\/www.africa-press.net\/mali\/wp-json\/wp\/v2\/types\/post"}],"author":[{"embeddable":true,"href":"https:\/\/www.africa-press.net\/mali\/wp-json\/wp\/v2\/users\/82"}],"replies":[{"embeddable":true,"href":"https:\/\/www.africa-press.net\/mali\/wp-json\/wp\/v2\/comments?post=60958"}],"version-history":[{"count":1,"href":"https:\/\/www.africa-press.net\/mali\/wp-json\/wp\/v2\/posts\/60958\/revisions"}],"predecessor-version":[{"id":60965,"href":"https:\/\/www.africa-press.net\/mali\/wp-json\/wp\/v2\/posts\/60958\/revisions\/60965"}],"wp:featuredmedia":[{"embeddable":true,"href":"https:\/\/www.africa-press.net\/mali\/wp-json\/wp\/v2\/media\/60957"}],"wp:attachment":[{"href":"https:\/\/www.africa-press.net\/mali\/wp-json\/wp\/v2\/media?parent=60958"}],"wp:term":[{"taxonomy":"category","embeddable":true,"href":"https:\/\/www.africa-press.net\/mali\/wp-json\/wp\/v2\/categories?post=60958"},{"taxonomy":"post_tag","embeddable":true,"href":"https:\/\/www.africa-press.net\/mali\/wp-json\/wp\/v2\/tags?post=60958"}],"curies":[{"name":"wp","href":"https:\/\/api.w.org\/{rel}","templated":true}]}}