{"id":60964,"date":"2026-04-29T22:35:14","date_gmt":"2026-04-29T22:35:14","guid":{"rendered":"https:\/\/www.africa-press.net\/mali\/politique\/guerre-asymetrique-et-cohesion-nationale-en-debat"},"modified":"2026-04-29T23:07:59","modified_gmt":"2026-04-29T23:07:59","slug":"guerre-asymetrique-et-cohesion-nationale-en-debat","status":"publish","type":"post","link":"https:\/\/www.africa-press.net\/mali\/dossiers\/guerre-asymetrique-et-cohesion-nationale-en-debat","title":{"rendered":"Guerre Asym\u00e9trique et Coh\u00e9sion Nationale en D\u00e9bat"},"content":{"rendered":"<p><b>Amarana Malga<br \/>\n<\/b><\/p>\n<p><span class=\"ap-article-header-tag\"> <strong>Africa-Press &#8211; Mali. <\/strong> <\/span>Les attaques complexes, coordonne\u0301es et simultane\u0301es survenues le samedi 25 avril 2026 dans plusieurs localite\u0301s du Mali, notamment Kati, Bamako, Mopti, Gao et Kidal, ont relance\u0301 le de\u0301bat sur la nature de la faille du renseignement militaire, les capacite\u0301s de re\u0301ponse de l\u2019E\u0301tat et les pistes de sortie durable de crise, selon de nombreux observateurs contacte\u0301s par Anadolu.<\/p>\n<p>Pour le spe\u0301cialiste en gouvernance locale, le Dr Ahmadou Toure\u0301, cet e\u0301pisode rappelle d\u2019abord une re\u0301alite\u0301 universelle: \u00ab la se\u0301curite\u0301 a\u0300 100 % n\u2019existe nulle part \u00bb. Face a\u0300 des adversaires recourant a\u0300 des tactiques asyme\u0301triques, il souligne ne\u0301anmoins la \u00ab vigueur \u00bb et le \u00ab professionnalisme \u00bb de la re\u0301action des Forces arme\u0301es maliennes (FAMa), tout en insistant sur la ne\u0301cessite\u0301 d\u2019enque\u0302tes approfondies pour identifier d\u2019e\u0301ventuelles failles et en tirer des lec\u0327ons ope\u0301rationnelles.<\/p>\n<p><b>Une guerre asyme\u0301trique installe\u0301e dans la dure\u0301e<\/b><\/p>\n<p>De son co\u0302te\u0301, le spe\u0301cialiste des questions se\u0301curitaires Soumai\u0308la Lah estime que les e\u0301ve\u0301nements re\u0301cents s\u2019inscrivent dans une dynamique plus large. \u00ab Nous ne sommes plus face a\u0300 une simple re\u0301bellion, mais a\u0300 une guerre asyme\u0301trique hybride \u00bb, explique-t-il. Selon lui, les groupes arme\u0301s terroristes me\u0300nent une strate\u0301gie d\u2019usure visant a\u0300 affaiblir a\u0300 la fois le moral des populations et la le\u0301gitimite\u0301 de l\u2019E\u0301tat.<\/p>\n<p>Il a rappele\u0301 que cette menace est renforce\u0301e par des facteurs structurels, notamment l\u2019immensite\u0301 du territoire malien et la porosite\u0301 des frontie\u0300res, qui offrent aux assaillants des capacite\u0301s de mobilite\u0301 et de repli importantes. L\u2019attaque du 25 avril serait ainsi, selon lui, \u00ab un test de la re\u0301activite\u0301 du nouvel appareil de de\u0301fense \u00bb.<\/p>\n<p><b>Des \u00ab vulne\u0301rabilite\u0301s \u00bb dans la chai\u0302ne du renseignement<\/b><\/p>\n<p>La capacite\u0301 de plusieurs centaines d\u2019assaillants a\u0300 atteindre une cible strate\u0301gique soule\u0300ve des interrogations sur le dispositif de renseignement. Soumai\u0308la Lah e\u0301voque la possibilite\u0301 d\u2019un \u00ab blackout du renseignement de proximite\u0301 \u00bb, soulignant l\u2019importance cruciale du renseignement humain dans ce type de conflit.<\/p>\n<p>Il pointe e\u0301galement des failles potentielles dans la chai\u0302ne de transmission de l\u2019alerte: \u00ab Le renseignement existe peut-e\u0302tre, mais son exploitation en temps re\u0301el et la coordination avec les forces d\u2019intervention rapide semblent avoir e\u0301te\u0301 de\u0301faillantes \u00bb, a-t-il note\u0301.<\/p>\n<p>Le Dr Ahmadou Toure\u0301 confirme que les services compe\u0301tents sont mobilise\u0301s pour faire toute la lumie\u0300re sur ces aspects, notamment les e\u0301ventuelles complicite\u0301s et les insuffisances du dispositif se\u0301curitaire.<\/p>\n<p><b>L\u2019AES, entre solidarite\u0301 politique et coordination strate\u0301gique<\/b><\/p>\n<p>Sur le plan re\u0301gional, le Dr Toure\u0301 rappelle le ro\u0302le de la Force unifie\u0301e de l\u2019Alliance des E\u0301tats du Sahel (AES), qui regroupe le Mali, le Burkina Faso et le Niger. Sans entrer dans les de\u0301tails ope\u0301rationnels, il insiste sur une solidarite\u0301 \u00ab concre\u0300te \u00bb, qui peut se traduire par des appuis logistiques, politiques et en matie\u0300re de renseignement.<\/p>\n<p>Il pre\u0301cise toutefois que la de\u0301fense collective ne signifie pas ne\u0301cessairement un de\u0301ploiement visible a\u0300 chaque incident, mais s\u2019inscrit dans une logique de coordination strate\u0301gique globale.<\/p>\n<p><b>-Face a\u0300 ces de\u0301fis, plusieurs pistes de solutions e\u0301mergent.<\/b><\/p>\n<p>Soumai\u0308la Lah plaide pour une \u00ab re\u0301volution dans l\u2019approche se\u0301curitaire \u00bb, notamment a\u0300 travers: le de\u0301ploiement de drones de surveillance a\u0300 longue endurance e\u0301quipe\u0301s de capteurs avance\u0301s ;<\/p>\n<p>la cre\u0301ation d\u2019unite\u0301s d\u2019intervention hypermobiles capables de re\u0301agir en moins de 15 minutes ; une meilleure inte\u0301gration entre collecte de renseignement et action ope\u0301rationnelle.<\/p>\n<p>Il insiste toutefois sur un point central: la technologie ne peut se substituer a\u0300 la coope\u0301ration avec les populations locales, conside\u0301re\u0301e comme un levier cle\u0301 dans la lutte contre l\u2019inse\u0301curite\u0301.<\/p>\n<p><b>L\u2019enjeu crucial de la cohe\u0301sion nationale<\/b><\/p>\n<p>Au-dela\u0300 des aspects militaires, l\u2019analyste Alhousseini Guindo met l\u2019accent sur la dimension sociale et politique de la crise. Pour lui, les difficulte\u0301s actuelles du Mali trouvent en partie leur origine dans les divisions internes.<\/p>\n<p>Il appelle a\u0300 une prise de conscience collective, de\u0301nonc\u0327ant les logiques de clanisme et de de\u0301fense d\u2019inte\u0301re\u0302ts individuels au de\u0301triment de l\u2019inte\u0301re\u0302t national. \u00ab Le Mali ne sera ni construit ni de\u0301truit sans ses propres filles et fils \u00bb, affirme-t-il, plaidant pour un sursaut patriotique.<\/p>\n<p>Guindo insiste e\u0301galement sur la ne\u0301cessite\u0301 du dialogue, y compris avec les acteurs arme\u0301s, afin de pre\u0301server les vies humaines et restaurer la stabilite\u0301. Selon lui, \u00ab aucun sacrifice n\u2019est de trop \u00bb pour construire un Mali apaise\u0301, fonde\u0301 sur l\u2019unite\u0301 et la responsabilite\u0301 partage\u0301e.<\/p>\n<p><b>Entre re\u0301ponse se\u0301curitaire et refondation nationale<\/b><\/p>\n<p>L\u2019attaque du 25 avril met ainsi en lumie\u0300re la complexite\u0301 de la crise malienne, a\u0300 la croise\u0301e des enjeux se\u0301curitaires, politiques et sociaux. Si la re\u0301ponse militaire reste indispensable, les experts s\u2019accordent a\u0300 dire qu\u2019elle doit s\u2019accompagner d\u2019une ame\u0301lioration du renseignement, d\u2019innovations strate\u0301giques et d\u2019un renforcement de la cohe\u0301sion nationale.<\/p>\n<p>Dans un contexte re\u0301gional marque\u0301 par des menaces persistantes, l\u2019avenir du Mali de\u0301pendra autant de sa capacite\u0301 a\u0300 adapter son dispositif se\u0301curitaire que de sa faculte\u0301 a\u0300 recre\u0301er un consensus national autour de l\u2019inte\u0301re\u0302t collectif.<\/p>\n<p><img loading=\"lazy\" decoding=\"async\" width=\"1120\" height=\"1426\" class=\"alignnone wp-image-60961 size-full\" src=\"https:\/\/static.africa-press.net\/mali\/sites\/21\/2026\/04\/sm_1777503942.742707.jpg\" srcset=\"https:\/\/static.africa-press.net\/mali\/sites\/21\/2026\/04\/sm_1777503942.742707.jpg 1120w, https:\/\/static.africa-press.net\/mali\/sites\/21\/2026\/04\/sm_1777503942.742707-236x300.jpg 236w, https:\/\/static.africa-press.net\/mali\/sites\/21\/2026\/04\/sm_1777503942.742707-804x1024.jpg 804w, https:\/\/static.africa-press.net\/mali\/sites\/21\/2026\/04\/sm_1777503942.742707-768x978.jpg 768w\" sizes=\"auto, (max-width: 1120px) 100vw, 1120px\" \/><br \/>\n<b>Le de\u0301roule\u0301 des attaques coordonne\u0301es et simultane\u0301es dans plusieurs re\u0301gions<\/b><\/p>\n<p>Le chef d\u2019e\u0301tat-major des arme\u0301es, le ge\u0301ne\u0301ral Diarra, a annonce\u0301 que \u00ab plus de 200 terroristes \u00bb ont e\u0301te\u0301 neutralise\u0301s a\u0300 la suite des attaques coordonne\u0301es survenues le 25 avril dans plusieurs localite\u0301s du pays, notamment Kidal, Gao, Mopti, Kati et Konna.<\/p>\n<p>Au cours de cette attaque le ministre malien de la De\u0301fense et des anciens combattants, le ge\u0301ne\u0301ral d\u2019arme\u0301e, Sadio Camara, a perdu la vie ainsi que sa deuxie\u0300me e\u0301pouse et ses enfants.<\/p>\n<p>S\u2019exprimant a\u0300 la te\u0301le\u0301vision nationale dans la nuit de dimanche a\u0300 lundi, le responsable militaire a qualifie\u0301 ces ope\u0301rations de \u00ab attaques coordonne\u0301es, simultane\u0301es et complexes \u00bb, estimant qu\u2019elles s\u2019inscrivent dans \u00ab un plan de de\u0301stabilisation visant a\u0300 plonger le pays dans une inse\u0301curite\u0301 permanente \u00bb.<\/p>\n<p>Selon lui, les assaillants ont utilise\u0301 plusieurs modes ope\u0301ratoires, dont des ve\u0301hicules pie\u0301ge\u0301s, des engins explosifs improvise\u0301s, des drones kamikazes, des tirs indirects ainsi que des assauts directs contre des positions militaires.<\/p>\n<p>Le ge\u0301ne\u0301ral Diarra a assure\u0301 que \u00ab la situation se re\u0301tablit progressivement \u00bb dans la majorite\u0301 des zones concerne\u0301es, tout en e\u0301voquant une \u00ab re\u0301adaptation du dispositif militaire \u00bb, notamment dans la re\u0301gion de Kidal avec un repositionnement vers Anefis.<\/p>\n<p>Il a e\u0301galement mis en garde contre des tentatives d\u2019infiltration et de perturbation des axes logistiques par les groupes arme\u0301s, appelant la population au calme et a\u0300 la vigilance face aux \u00ab propagandes \u00bb et fausses informations.<\/p>\n<p><b>Contre-offensive dans l\u2019ouest du pays<\/b><\/p>\n<p>Dans un second temps, une contre-offensive mene\u0301e apre\u0300s les attaques du 25 avril 2026 a permis la neutralisation de plus d\u2019une centaine de terroristes dans l\u2019ouest du pays, selon un communique\u0301 officiel.<\/p>\n<p>Les Forces arme\u0301es maliennes (FAMa) ont indique\u0301 avoir de\u0301tecte\u0301 une colonne de terroristes a\u0300 moto en de\u0301placement vers un refuge situe\u0301 a\u0300 l\u2019ouest de Kolokani, dans la re\u0301gion de Koulikoro.<\/p>\n<p>Des frappes ae\u0301riennes cible\u0301es ont e\u0301te\u0301 mene\u0301es, conduisant a\u0300 la destruction de la colonne ainsi que de sa logistique, pre\u0301cise la me\u0302me source.<\/p>\n<p>Les autorite\u0301s militaires affirment poursuivre les ope\u0301rations de se\u0301curisation dans les zones concerne\u0301es.<\/p>\n<p class=\"ap-article-footer-note\">Retrouvez plus d\u2019actualit\u00e9s et d\u2019analyses sur <span class=\"ap-highlight-country\">Mali<\/span> sur le site <span class=\"ap-highlight-brand\">Africa Press<\/span><\/p>\n","protected":false},"excerpt":{"rendered":"<p>Amarana Malga Africa-Press &#8211; Mali. Les attaques complexes, coordonne\u0301es et simultane\u0301es survenues le samedi 25 avril 2026 dans plusieurs localite\u0301s du Mali, notamment Kati, Bamako, Mopti, Gao et Kidal, ont relance\u0301 le de\u0301bat sur la nature de la faille du renseignement militaire, les capacite\u0301s de re\u0301ponse de l\u2019E\u0301tat et les pistes de sortie durable de [&hellip;]<\/p>\n","protected":false},"author":82,"featured_media":60962,"comment_status":"open","ping_status":"closed","sticky":false,"template":"","format":"standard","meta":{"footnotes":""},"categories":[13,17],"tags":[19],"class_list":["post-60964","post","type-post","status-publish","format-standard","has-post-thumbnail","hentry","category-dossiers","category-toutes-les-actualites","tag-mali"],"yoast_head":"<!-- This site is optimized with the Yoast SEO Premium plugin v26.1 (Yoast SEO v27.0) - https:\/\/yoast.com\/product\/yoast-seo-premium-wordpress\/ -->\n<title>Guerre Asym\u00e9trique et Coh\u00e9sion Nationale en D\u00e9bat - Mali<\/title>\n<meta name=\"description\" content=\"a Africa-Press - Mali. Les attaque ...\" \/>\n<meta name=\"robots\" content=\"index, follow, max-snippet:-1, max-image-preview:large, max-video-preview:-1\" \/>\n<link rel=\"canonical\" href=\"https:\/\/www.africa-press.net\/mali\/dossiers\/guerre-asymetrique-et-cohesion-nationale-en-debat\" \/>\n<meta property=\"og:locale\" content=\"fr_FR\" \/>\n<meta property=\"og:type\" content=\"article\" \/>\n<meta property=\"og:title\" content=\"Guerre Asym\u00e9trique et Coh\u00e9sion Nationale en D\u00e9bat\" \/>\n<meta property=\"og:description\" content=\"a Africa-Press - Mali. Les attaque ...\" \/>\n<meta property=\"og:url\" content=\"https:\/\/www.africa-press.net\/mali\/dossiers\/guerre-asymetrique-et-cohesion-nationale-en-debat\" \/>\n<meta property=\"og:site_name\" content=\"Mali\" \/>\n<meta property=\"article:publisher\" content=\"https:\/\/www.facebook.com\/AfricaPressTunisiaa\" \/>\n<meta property=\"article:published_time\" content=\"2026-04-29T22:35:14+00:00\" \/>\n<meta property=\"article:modified_time\" content=\"2026-04-29T23:07:59+00:00\" \/>\n<meta property=\"og:image\" content=\"https:\/\/static.africa-press.net\/mali\/sites\/21\/2026\/04\/sm_1777503951.133292.jpg\" \/>\n\t<meta property=\"og:image:width\" content=\"864\" \/>\n\t<meta property=\"og:image:height\" content=\"486\" \/>\n\t<meta property=\"og:image:type\" content=\"image\/jpeg\" \/>\n<meta name=\"author\" content=\"cfeditorfr\" \/>\n<meta name=\"twitter:card\" content=\"summary_large_image\" \/>\n<meta name=\"twitter:label1\" content=\"\u00c9crit par\" \/>\n\t<meta name=\"twitter:data1\" content=\"cfeditorfr\" \/>\n\t<meta name=\"twitter:label2\" content=\"Dur\u00e9e de lecture estim\u00e9e\" \/>\n\t<meta name=\"twitter:data2\" content=\"7 minutes\" \/>\n<script type=\"application\/ld+json\" class=\"yoast-schema-graph\">{\"@context\":\"https:\/\/schema.org\",\"@graph\":[{\"@type\":\"Article\",\"@id\":\"https:\/\/www.africa-press.net\/mali\/dossiers\/guerre-asymetrique-et-cohesion-nationale-en-debat#article\",\"isPartOf\":{\"@id\":\"https:\/\/www.africa-press.net\/mali\/dossiers\/guerre-asymetrique-et-cohesion-nationale-en-debat\"},\"author\":{\"name\":\"cfeditorfr\",\"@id\":\"https:\/\/www.africa-press.net\/mali\/#\/schema\/person\/2b1cf3cd81a31e3cd26889ca66d677f1\"},\"headline\":\"Guerre Asym\u00e9trique et Coh\u00e9sion Nationale en D\u00e9bat\",\"datePublished\":\"2026-04-29T22:35:14+00:00\",\"dateModified\":\"2026-04-29T23:07:59+00:00\",\"mainEntityOfPage\":{\"@id\":\"https:\/\/www.africa-press.net\/mali\/dossiers\/guerre-asymetrique-et-cohesion-nationale-en-debat\"},\"wordCount\":1332,\"commentCount\":0,\"image\":{\"@id\":\"https:\/\/www.africa-press.net\/mali\/dossiers\/guerre-asymetrique-et-cohesion-nationale-en-debat#primaryimage\"},\"thumbnailUrl\":\"https:\/\/static.africa-press.net\/mali\/sites\/21\/2026\/04\/sm_1777503951.133292.jpg\",\"keywords\":[\"mali\"],\"articleSection\":[\"Dossiers\",\"Toutes les actualit\u00e9s\"],\"inLanguage\":\"fr-FR\",\"potentialAction\":[{\"@type\":\"CommentAction\",\"name\":\"Comment\",\"target\":[\"https:\/\/www.africa-press.net\/mali\/dossiers\/guerre-asymetrique-et-cohesion-nationale-en-debat#respond\"]}]},{\"@type\":\"WebPage\",\"@id\":\"https:\/\/www.africa-press.net\/mali\/dossiers\/guerre-asymetrique-et-cohesion-nationale-en-debat\",\"url\":\"https:\/\/www.africa-press.net\/mali\/dossiers\/guerre-asymetrique-et-cohesion-nationale-en-debat\",\"name\":\"Guerre Asym\u00e9trique et Coh\u00e9sion Nationale en D\u00e9bat - Mali\",\"isPartOf\":{\"@id\":\"https:\/\/www.africa-press.net\/mali\/#website\"},\"primaryImageOfPage\":{\"@id\":\"https:\/\/www.africa-press.net\/mali\/dossiers\/guerre-asymetrique-et-cohesion-nationale-en-debat#primaryimage\"},\"image\":{\"@id\":\"https:\/\/www.africa-press.net\/mali\/dossiers\/guerre-asymetrique-et-cohesion-nationale-en-debat#primaryimage\"},\"thumbnailUrl\":\"https:\/\/static.africa-press.net\/mali\/sites\/21\/2026\/04\/sm_1777503951.133292.jpg\",\"datePublished\":\"2026-04-29T22:35:14+00:00\",\"dateModified\":\"2026-04-29T23:07:59+00:00\",\"author\":{\"@id\":\"https:\/\/www.africa-press.net\/mali\/#\/schema\/person\/2b1cf3cd81a31e3cd26889ca66d677f1\"},\"description\":\"a Africa-Press - Mali. Les attaque ...\",\"breadcrumb\":{\"@id\":\"https:\/\/www.africa-press.net\/mali\/dossiers\/guerre-asymetrique-et-cohesion-nationale-en-debat#breadcrumb\"},\"inLanguage\":\"fr-FR\",\"potentialAction\":[{\"@type\":\"ReadAction\",\"target\":[\"https:\/\/www.africa-press.net\/mali\/dossiers\/guerre-asymetrique-et-cohesion-nationale-en-debat\"]}]},{\"@type\":\"ImageObject\",\"inLanguage\":\"fr-FR\",\"@id\":\"https:\/\/www.africa-press.net\/mali\/dossiers\/guerre-asymetrique-et-cohesion-nationale-en-debat#primaryimage\",\"url\":\"https:\/\/static.africa-press.net\/mali\/sites\/21\/2026\/04\/sm_1777503951.133292.jpg\",\"contentUrl\":\"https:\/\/static.africa-press.net\/mali\/sites\/21\/2026\/04\/sm_1777503951.133292.jpg\",\"width\":864,\"height\":486,\"caption\":\"Guerre Asym\u00e9trique et Coh\u00e9sion Nationale en D\u00e9bat\"},{\"@type\":\"BreadcrumbList\",\"@id\":\"https:\/\/www.africa-press.net\/mali\/dossiers\/guerre-asymetrique-et-cohesion-nationale-en-debat#breadcrumb\",\"itemListElement\":[{\"@type\":\"ListItem\",\"position\":1,\"name\":\"Home\",\"item\":\"https:\/\/www.africa-press.net\/mali\/\"},{\"@type\":\"ListItem\",\"position\":2,\"name\":\"Guerre Asym\u00e9trique et Coh\u00e9sion Nationale en D\u00e9bat\"}]},{\"@type\":\"WebSite\",\"@id\":\"https:\/\/www.africa-press.net\/mali\/#website\",\"url\":\"https:\/\/www.africa-press.net\/mali\/\",\"name\":\"Mali\",\"description\":\"Just another Africa News Agency Sites site\",\"potentialAction\":[{\"@type\":\"SearchAction\",\"target\":{\"@type\":\"EntryPoint\",\"urlTemplate\":\"https:\/\/www.africa-press.net\/mali\/?s={search_term_string}\"},\"query-input\":{\"@type\":\"PropertyValueSpecification\",\"valueRequired\":true,\"valueName\":\"search_term_string\"}}],\"inLanguage\":\"fr-FR\"},{\"@type\":\"Person\",\"@id\":\"https:\/\/www.africa-press.net\/mali\/#\/schema\/person\/2b1cf3cd81a31e3cd26889ca66d677f1\",\"name\":\"cfeditorfr\"}]}<\/script>\n<!-- \/ Yoast SEO Premium plugin. -->","yoast_head_json":{"title":"Guerre Asym\u00e9trique et Coh\u00e9sion Nationale en D\u00e9bat - Mali","description":"a Africa-Press - Mali. Les attaque ...","robots":{"index":"index","follow":"follow","max-snippet":"max-snippet:-1","max-image-preview":"max-image-preview:large","max-video-preview":"max-video-preview:-1"},"canonical":"https:\/\/www.africa-press.net\/mali\/dossiers\/guerre-asymetrique-et-cohesion-nationale-en-debat","og_locale":"fr_FR","og_type":"article","og_title":"Guerre Asym\u00e9trique et Coh\u00e9sion Nationale en D\u00e9bat","og_description":"a Africa-Press - Mali. Les attaque ...","og_url":"https:\/\/www.africa-press.net\/mali\/dossiers\/guerre-asymetrique-et-cohesion-nationale-en-debat","og_site_name":"Mali","article_publisher":"https:\/\/www.facebook.com\/AfricaPressTunisiaa","article_published_time":"2026-04-29T22:35:14+00:00","article_modified_time":"2026-04-29T23:07:59+00:00","og_image":[{"width":864,"height":486,"url":"https:\/\/static.africa-press.net\/mali\/sites\/21\/2026\/04\/sm_1777503951.133292.jpg","type":"image\/jpeg"}],"author":"cfeditorfr","twitter_card":"summary_large_image","twitter_misc":{"\u00c9crit par":"cfeditorfr","Dur\u00e9e de lecture estim\u00e9e":"7 minutes"},"schema":{"@context":"https:\/\/schema.org","@graph":[{"@type":"Article","@id":"https:\/\/www.africa-press.net\/mali\/dossiers\/guerre-asymetrique-et-cohesion-nationale-en-debat#article","isPartOf":{"@id":"https:\/\/www.africa-press.net\/mali\/dossiers\/guerre-asymetrique-et-cohesion-nationale-en-debat"},"author":{"name":"cfeditorfr","@id":"https:\/\/www.africa-press.net\/mali\/#\/schema\/person\/2b1cf3cd81a31e3cd26889ca66d677f1"},"headline":"Guerre Asym\u00e9trique et Coh\u00e9sion Nationale en D\u00e9bat","datePublished":"2026-04-29T22:35:14+00:00","dateModified":"2026-04-29T23:07:59+00:00","mainEntityOfPage":{"@id":"https:\/\/www.africa-press.net\/mali\/dossiers\/guerre-asymetrique-et-cohesion-nationale-en-debat"},"wordCount":1332,"commentCount":0,"image":{"@id":"https:\/\/www.africa-press.net\/mali\/dossiers\/guerre-asymetrique-et-cohesion-nationale-en-debat#primaryimage"},"thumbnailUrl":"https:\/\/static.africa-press.net\/mali\/sites\/21\/2026\/04\/sm_1777503951.133292.jpg","keywords":["mali"],"articleSection":["Dossiers","Toutes les actualit\u00e9s"],"inLanguage":"fr-FR","potentialAction":[{"@type":"CommentAction","name":"Comment","target":["https:\/\/www.africa-press.net\/mali\/dossiers\/guerre-asymetrique-et-cohesion-nationale-en-debat#respond"]}]},{"@type":"WebPage","@id":"https:\/\/www.africa-press.net\/mali\/dossiers\/guerre-asymetrique-et-cohesion-nationale-en-debat","url":"https:\/\/www.africa-press.net\/mali\/dossiers\/guerre-asymetrique-et-cohesion-nationale-en-debat","name":"Guerre Asym\u00e9trique et Coh\u00e9sion Nationale en D\u00e9bat - Mali","isPartOf":{"@id":"https:\/\/www.africa-press.net\/mali\/#website"},"primaryImageOfPage":{"@id":"https:\/\/www.africa-press.net\/mali\/dossiers\/guerre-asymetrique-et-cohesion-nationale-en-debat#primaryimage"},"image":{"@id":"https:\/\/www.africa-press.net\/mali\/dossiers\/guerre-asymetrique-et-cohesion-nationale-en-debat#primaryimage"},"thumbnailUrl":"https:\/\/static.africa-press.net\/mali\/sites\/21\/2026\/04\/sm_1777503951.133292.jpg","datePublished":"2026-04-29T22:35:14+00:00","dateModified":"2026-04-29T23:07:59+00:00","author":{"@id":"https:\/\/www.africa-press.net\/mali\/#\/schema\/person\/2b1cf3cd81a31e3cd26889ca66d677f1"},"description":"a Africa-Press - Mali. Les attaque ...","breadcrumb":{"@id":"https:\/\/www.africa-press.net\/mali\/dossiers\/guerre-asymetrique-et-cohesion-nationale-en-debat#breadcrumb"},"inLanguage":"fr-FR","potentialAction":[{"@type":"ReadAction","target":["https:\/\/www.africa-press.net\/mali\/dossiers\/guerre-asymetrique-et-cohesion-nationale-en-debat"]}]},{"@type":"ImageObject","inLanguage":"fr-FR","@id":"https:\/\/www.africa-press.net\/mali\/dossiers\/guerre-asymetrique-et-cohesion-nationale-en-debat#primaryimage","url":"https:\/\/static.africa-press.net\/mali\/sites\/21\/2026\/04\/sm_1777503951.133292.jpg","contentUrl":"https:\/\/static.africa-press.net\/mali\/sites\/21\/2026\/04\/sm_1777503951.133292.jpg","width":864,"height":486,"caption":"Guerre Asym\u00e9trique et Coh\u00e9sion Nationale en D\u00e9bat"},{"@type":"BreadcrumbList","@id":"https:\/\/www.africa-press.net\/mali\/dossiers\/guerre-asymetrique-et-cohesion-nationale-en-debat#breadcrumb","itemListElement":[{"@type":"ListItem","position":1,"name":"Home","item":"https:\/\/www.africa-press.net\/mali\/"},{"@type":"ListItem","position":2,"name":"Guerre Asym\u00e9trique et Coh\u00e9sion Nationale en D\u00e9bat"}]},{"@type":"WebSite","@id":"https:\/\/www.africa-press.net\/mali\/#website","url":"https:\/\/www.africa-press.net\/mali\/","name":"Mali","description":"Just another Africa News Agency Sites site","potentialAction":[{"@type":"SearchAction","target":{"@type":"EntryPoint","urlTemplate":"https:\/\/www.africa-press.net\/mali\/?s={search_term_string}"},"query-input":{"@type":"PropertyValueSpecification","valueRequired":true,"valueName":"search_term_string"}}],"inLanguage":"fr-FR"},{"@type":"Person","@id":"https:\/\/www.africa-press.net\/mali\/#\/schema\/person\/2b1cf3cd81a31e3cd26889ca66d677f1","name":"cfeditorfr"}]}},"_links":{"self":[{"href":"https:\/\/www.africa-press.net\/mali\/wp-json\/wp\/v2\/posts\/60964","targetHints":{"allow":["GET"]}}],"collection":[{"href":"https:\/\/www.africa-press.net\/mali\/wp-json\/wp\/v2\/posts"}],"about":[{"href":"https:\/\/www.africa-press.net\/mali\/wp-json\/wp\/v2\/types\/post"}],"author":[{"embeddable":true,"href":"https:\/\/www.africa-press.net\/mali\/wp-json\/wp\/v2\/users\/82"}],"replies":[{"embeddable":true,"href":"https:\/\/www.africa-press.net\/mali\/wp-json\/wp\/v2\/comments?post=60964"}],"version-history":[{"count":1,"href":"https:\/\/www.africa-press.net\/mali\/wp-json\/wp\/v2\/posts\/60964\/revisions"}],"predecessor-version":[{"id":60968,"href":"https:\/\/www.africa-press.net\/mali\/wp-json\/wp\/v2\/posts\/60964\/revisions\/60968"}],"wp:featuredmedia":[{"embeddable":true,"href":"https:\/\/www.africa-press.net\/mali\/wp-json\/wp\/v2\/media\/60962"}],"wp:attachment":[{"href":"https:\/\/www.africa-press.net\/mali\/wp-json\/wp\/v2\/media?parent=60964"}],"wp:term":[{"taxonomy":"category","embeddable":true,"href":"https:\/\/www.africa-press.net\/mali\/wp-json\/wp\/v2\/categories?post=60964"},{"taxonomy":"post_tag","embeddable":true,"href":"https:\/\/www.africa-press.net\/mali\/wp-json\/wp\/v2\/tags?post=60964"}],"curies":[{"name":"wp","href":"https:\/\/api.w.org\/{rel}","templated":true}]}}