{"id":60998,"date":"2026-04-30T15:39:30","date_gmt":"2026-04-30T15:39:30","guid":{"rendered":"https:\/\/www.africa-press.net\/mali\/politique\/maroc-condamne-attaques-terroristes-au-mali-et-soutien-2"},"modified":"2026-04-30T16:36:50","modified_gmt":"2026-04-30T16:36:50","slug":"maroc-condamne-attaques-terroristes-au-mali-et-soutien-2","status":"publish","type":"post","link":"https:\/\/www.africa-press.net\/mali\/top-nouvelles\/maroc-condamne-attaques-terroristes-au-mali-et-soutien-2","title":{"rendered":"Maroc Condamne Attaques Terroristes au Mali et Soutien"},"content":{"rendered":"<p><span class=\"ap-article-header-tag\"> <strong>Africa-Press &#8211; Mali. <\/strong> <\/span>Le Maroc a condamne\u0301, mercredi, les \u00ab attaques terroristes \u00bb ayant vise\u0301 des installations civiles et militaires au Mali, tout en re\u0301affirmant son soutien a\u0300 la stabilite\u0301 et a\u0300 l\u2019unite\u0301 de ce pays africain.<\/p>\n<p>Cette de\u0301claration a e\u0301te\u0301 faite par le ministre marocain des Affaires e\u0301trange\u0300res, Nasser Bourita, lors d\u2019une confe\u0301rence de presse tenue a\u0300 Rabat avec le vice-secre\u0301taire d\u2019E\u0301tat ame\u0301ricain Christopher Landau.<\/p>\n<p>Nasser Bourita a indique\u0301 que son pays \u00ab constate une collusion manifeste entre se\u0301paratisme et groupes terroristes \u00bb, renouvelant le soutien du Maroc \u00ab a\u0300 la stabilite\u0301, a\u0300 la souverainete\u0301 et a\u0300 l\u2019unite\u0301 nationale du Mali \u00bb.<\/p>\n<p>Il a averti que \u00ab cette alliance constitue une menace pour la stabilite\u0301 de la re\u0301gion \u00bb.<\/p>\n<p>Le chef de la diplomatie marocaine a ajoute\u0301 que son pays condamnait ces attaques, qu\u2019il juge inacceptables, \u00ab apre\u0300s qu\u2019elles ont cause\u0301 de nombreuses victimes civiles \u00bb.<\/p>\n<p>Dans ce contexte, le pre\u0301sident de transition malien, Assimi Goi\u0308ta, a annonce\u0301 mardi que \u00ab la situation sur le terrain est de\u0301sormais sous contro\u0302le \u00bb, a\u0300 la suite des attaques simultane\u0301es de\u0301clenche\u0301es le 25 avril.<\/p>\n<p>Dans une allocution te\u0301le\u0301vise\u0301e, Assimi Goi\u0308ta a qualifie\u0301 les attaques ayant vise\u0301 la capitale Bamako, ainsi que les villes de Kati, Kona, Mopti, Gao et Kidal, de \u00ab moment d\u2019une extre\u0302me gravite\u0301 \u00bb.<\/p>\n<p>Le Mali a e\u0301te\u0301 secoue\u0301 samedi par des attaques coordonne\u0301es mene\u0301es par des groupes arme\u0301s, accompagne\u0301es de violents affrontements et d\u2019explosions dans plusieurs re\u0301gions, ayant notamment entrai\u0302ne\u0301 la mort du ministre malien de la De\u0301fense, Sadio Camara.<\/p>\n<p>Cette de\u0301claration intervient dans un contexte de recrudescence des violences au Mali, apre\u0300s une se\u0301rie d\u2019attaques coordonne\u0301es mene\u0301es le 25 avril par des groupes arme\u0301s, en lien avec le Groupe de soutien a\u0300 l\u2019islam et aux musulmans (JNIM), dirige\u0301 par Iyad Ag Ghaly, et des rebelles du Front de libe\u0301ration de l\u2019Azawad (FLA). Les ope\u0301rations, dans lesquelles le ministre de la De\u0301fense Sadio Kamara a e\u0301te\u0301 tue\u0301, se sont de\u0301roule\u0301es sur plusieurs fronts, notamment a\u0300 Bamako, Kati, Mopti, Gao et Kidal et ont notamment Les Forces arme\u0301es maliennes (FAMa) ont mene\u0301 des ope\u0301rations de riposte.<\/p>\n<p class=\"ap-article-footer-note\">Retrouvez plus d\u2019actualit\u00e9s et d\u2019analyses sur <span class=\"ap-highlight-country\">Mali<\/span> sur le site <span class=\"ap-highlight-brand\">Africa Press<\/span><\/p>\n","protected":false},"excerpt":{"rendered":"<p>Africa-Press &#8211; Mali. Le Maroc a condamne\u0301, mercredi, les \u00ab attaques terroristes \u00bb ayant vise\u0301 des installations civiles et militaires au Mali, tout en re\u0301affirmant son soutien a\u0300 la stabilite\u0301 et a\u0300 l\u2019unite\u0301 de ce pays africain. Cette de\u0301claration a e\u0301te\u0301 faite par le ministre marocain des Affaires e\u0301trange\u0300res, Nasser Bourita, lors d\u2019une confe\u0301rence de [&hellip;]<\/p>\n","protected":false},"author":82,"featured_media":60997,"comment_status":"open","ping_status":"closed","sticky":false,"template":"","format":"standard","meta":{"footnotes":""},"categories":[7,5,17],"tags":[19],"class_list":["post-60998","post","type-post","status-publish","format-standard","has-post-thumbnail","hentry","category-politique","category-top-nouvelles","category-toutes-les-actualites","tag-mali"],"yoast_head":"<!-- This site is optimized with the Yoast SEO Premium plugin v26.1 (Yoast SEO v27.0) - https:\/\/yoast.com\/product\/yoast-seo-premium-wordpress\/ -->\n<title>Maroc Condamne Attaques Terroristes au Mali et Soutien - Mali<\/title>\n<meta name=\"description\" content=\"-article-header-tag&quot;&gt; Africa-Press - Mali. Le Maroc a condamne\u0301, mercredi, le ...\" \/>\n<meta name=\"robots\" content=\"index, follow, max-snippet:-1, max-image-preview:large, max-video-preview:-1\" \/>\n<link rel=\"canonical\" href=\"https:\/\/www.africa-press.net\/mali\/top-nouvelles\/maroc-condamne-attaques-terroristes-au-mali-et-soutien-2\" \/>\n<meta property=\"og:locale\" content=\"fr_FR\" \/>\n<meta property=\"og:type\" content=\"article\" \/>\n<meta property=\"og:title\" content=\"Maroc Condamne Attaques Terroristes au Mali et Soutien\" \/>\n<meta property=\"og:description\" content=\"-article-header-tag&quot;&gt; Africa-Press - Mali. Le Maroc a condamne\u0301, mercredi, le ...\" \/>\n<meta property=\"og:url\" content=\"https:\/\/www.africa-press.net\/mali\/top-nouvelles\/maroc-condamne-attaques-terroristes-au-mali-et-soutien-2\" \/>\n<meta property=\"og:site_name\" content=\"Mali\" \/>\n<meta property=\"article:publisher\" content=\"https:\/\/www.facebook.com\/AfricaPressTunisiaa\" \/>\n<meta property=\"article:published_time\" content=\"2026-04-30T15:39:30+00:00\" \/>\n<meta property=\"article:modified_time\" content=\"2026-04-30T16:36:50+00:00\" \/>\n<meta property=\"og:image\" content=\"https:\/\/static.africa-press.net\/mali\/sites\/21\/2026\/04\/sm_1777566739.630732-69f384cba8e5f.jpg\" \/>\n\t<meta property=\"og:image:width\" content=\"864\" \/>\n\t<meta property=\"og:image:height\" content=\"486\" \/>\n\t<meta property=\"og:image:type\" content=\"image\/jpeg\" \/>\n<meta name=\"author\" content=\"cfeditorfr\" \/>\n<meta name=\"twitter:card\" content=\"summary_large_image\" \/>\n<meta name=\"twitter:label1\" content=\"\u00c9crit par\" \/>\n\t<meta name=\"twitter:data1\" content=\"cfeditorfr\" \/>\n\t<meta name=\"twitter:label2\" content=\"Dur\u00e9e de lecture estim\u00e9e\" \/>\n\t<meta name=\"twitter:data2\" content=\"2 minutes\" \/>\n<script type=\"application\/ld+json\" class=\"yoast-schema-graph\">{\"@context\":\"https:\/\/schema.org\",\"@graph\":[{\"@type\":\"Article\",\"@id\":\"https:\/\/www.africa-press.net\/mali\/top-nouvelles\/maroc-condamne-attaques-terroristes-au-mali-et-soutien-2#article\",\"isPartOf\":{\"@id\":\"https:\/\/www.africa-press.net\/mali\/top-nouvelles\/maroc-condamne-attaques-terroristes-au-mali-et-soutien-2\"},\"author\":{\"name\":\"cfeditorfr\",\"@id\":\"https:\/\/www.africa-press.net\/mali\/#\/schema\/person\/2b1cf3cd81a31e3cd26889ca66d677f1\"},\"headline\":\"Maroc Condamne Attaques Terroristes au Mali et Soutien\",\"datePublished\":\"2026-04-30T15:39:30+00:00\",\"dateModified\":\"2026-04-30T16:36:50+00:00\",\"mainEntityOfPage\":{\"@id\":\"https:\/\/www.africa-press.net\/mali\/top-nouvelles\/maroc-condamne-attaques-terroristes-au-mali-et-soutien-2\"},\"wordCount\":411,\"commentCount\":0,\"image\":{\"@id\":\"https:\/\/www.africa-press.net\/mali\/top-nouvelles\/maroc-condamne-attaques-terroristes-au-mali-et-soutien-2#primaryimage\"},\"thumbnailUrl\":\"https:\/\/static.africa-press.net\/mali\/sites\/21\/2026\/04\/sm_1777566739.630732-69f384cba8e5f.jpg\",\"keywords\":[\"mali\"],\"articleSection\":[\"Politique\",\"Top Nouvelles\",\"Toutes les actualit\u00e9s\"],\"inLanguage\":\"fr-FR\",\"potentialAction\":[{\"@type\":\"CommentAction\",\"name\":\"Comment\",\"target\":[\"https:\/\/www.africa-press.net\/mali\/top-nouvelles\/maroc-condamne-attaques-terroristes-au-mali-et-soutien-2#respond\"]}]},{\"@type\":\"WebPage\",\"@id\":\"https:\/\/www.africa-press.net\/mali\/top-nouvelles\/maroc-condamne-attaques-terroristes-au-mali-et-soutien-2\",\"url\":\"https:\/\/www.africa-press.net\/mali\/top-nouvelles\/maroc-condamne-attaques-terroristes-au-mali-et-soutien-2\",\"name\":\"Maroc Condamne Attaques Terroristes au Mali et Soutien - Mali\",\"isPartOf\":{\"@id\":\"https:\/\/www.africa-press.net\/mali\/#website\"},\"primaryImageOfPage\":{\"@id\":\"https:\/\/www.africa-press.net\/mali\/top-nouvelles\/maroc-condamne-attaques-terroristes-au-mali-et-soutien-2#primaryimage\"},\"image\":{\"@id\":\"https:\/\/www.africa-press.net\/mali\/top-nouvelles\/maroc-condamne-attaques-terroristes-au-mali-et-soutien-2#primaryimage\"},\"thumbnailUrl\":\"https:\/\/static.africa-press.net\/mali\/sites\/21\/2026\/04\/sm_1777566739.630732-69f384cba8e5f.jpg\",\"datePublished\":\"2026-04-30T15:39:30+00:00\",\"dateModified\":\"2026-04-30T16:36:50+00:00\",\"author\":{\"@id\":\"https:\/\/www.africa-press.net\/mali\/#\/schema\/person\/2b1cf3cd81a31e3cd26889ca66d677f1\"},\"description\":\"-article-header-tag\\\"> Africa-Press - Mali. Le Maroc a condamne\u0301, mercredi, le ...\",\"breadcrumb\":{\"@id\":\"https:\/\/www.africa-press.net\/mali\/top-nouvelles\/maroc-condamne-attaques-terroristes-au-mali-et-soutien-2#breadcrumb\"},\"inLanguage\":\"fr-FR\",\"potentialAction\":[{\"@type\":\"ReadAction\",\"target\":[\"https:\/\/www.africa-press.net\/mali\/top-nouvelles\/maroc-condamne-attaques-terroristes-au-mali-et-soutien-2\"]}]},{\"@type\":\"ImageObject\",\"inLanguage\":\"fr-FR\",\"@id\":\"https:\/\/www.africa-press.net\/mali\/top-nouvelles\/maroc-condamne-attaques-terroristes-au-mali-et-soutien-2#primaryimage\",\"url\":\"https:\/\/static.africa-press.net\/mali\/sites\/21\/2026\/04\/sm_1777566739.630732-69f384cba8e5f.jpg\",\"contentUrl\":\"https:\/\/static.africa-press.net\/mali\/sites\/21\/2026\/04\/sm_1777566739.630732-69f384cba8e5f.jpg\",\"width\":864,\"height\":486,\"caption\":\"Maroc Condamne Attaques Terroristes au Mali et Soutien\"},{\"@type\":\"BreadcrumbList\",\"@id\":\"https:\/\/www.africa-press.net\/mali\/top-nouvelles\/maroc-condamne-attaques-terroristes-au-mali-et-soutien-2#breadcrumb\",\"itemListElement\":[{\"@type\":\"ListItem\",\"position\":1,\"name\":\"Home\",\"item\":\"https:\/\/www.africa-press.net\/mali\/\"},{\"@type\":\"ListItem\",\"position\":2,\"name\":\"Maroc Condamne Attaques Terroristes au Mali et Soutien\"}]},{\"@type\":\"WebSite\",\"@id\":\"https:\/\/www.africa-press.net\/mali\/#website\",\"url\":\"https:\/\/www.africa-press.net\/mali\/\",\"name\":\"Mali\",\"description\":\"Just another Africa News Agency Sites site\",\"potentialAction\":[{\"@type\":\"SearchAction\",\"target\":{\"@type\":\"EntryPoint\",\"urlTemplate\":\"https:\/\/www.africa-press.net\/mali\/?s={search_term_string}\"},\"query-input\":{\"@type\":\"PropertyValueSpecification\",\"valueRequired\":true,\"valueName\":\"search_term_string\"}}],\"inLanguage\":\"fr-FR\"},{\"@type\":\"Person\",\"@id\":\"https:\/\/www.africa-press.net\/mali\/#\/schema\/person\/2b1cf3cd81a31e3cd26889ca66d677f1\",\"name\":\"cfeditorfr\"}]}<\/script>\n<!-- \/ Yoast SEO Premium plugin. -->","yoast_head_json":{"title":"Maroc Condamne Attaques Terroristes au Mali et Soutien - Mali","description":"-article-header-tag\"> Africa-Press - Mali. Le Maroc a condamne\u0301, mercredi, le ...","robots":{"index":"index","follow":"follow","max-snippet":"max-snippet:-1","max-image-preview":"max-image-preview:large","max-video-preview":"max-video-preview:-1"},"canonical":"https:\/\/www.africa-press.net\/mali\/top-nouvelles\/maroc-condamne-attaques-terroristes-au-mali-et-soutien-2","og_locale":"fr_FR","og_type":"article","og_title":"Maroc Condamne Attaques Terroristes au Mali et Soutien","og_description":"-article-header-tag\"> Africa-Press - Mali. Le Maroc a condamne\u0301, mercredi, le ...","og_url":"https:\/\/www.africa-press.net\/mali\/top-nouvelles\/maroc-condamne-attaques-terroristes-au-mali-et-soutien-2","og_site_name":"Mali","article_publisher":"https:\/\/www.facebook.com\/AfricaPressTunisiaa","article_published_time":"2026-04-30T15:39:30+00:00","article_modified_time":"2026-04-30T16:36:50+00:00","og_image":[{"width":864,"height":486,"url":"https:\/\/static.africa-press.net\/mali\/sites\/21\/2026\/04\/sm_1777566739.630732-69f384cba8e5f.jpg","type":"image\/jpeg"}],"author":"cfeditorfr","twitter_card":"summary_large_image","twitter_misc":{"\u00c9crit par":"cfeditorfr","Dur\u00e9e de lecture estim\u00e9e":"2 minutes"},"schema":{"@context":"https:\/\/schema.org","@graph":[{"@type":"Article","@id":"https:\/\/www.africa-press.net\/mali\/top-nouvelles\/maroc-condamne-attaques-terroristes-au-mali-et-soutien-2#article","isPartOf":{"@id":"https:\/\/www.africa-press.net\/mali\/top-nouvelles\/maroc-condamne-attaques-terroristes-au-mali-et-soutien-2"},"author":{"name":"cfeditorfr","@id":"https:\/\/www.africa-press.net\/mali\/#\/schema\/person\/2b1cf3cd81a31e3cd26889ca66d677f1"},"headline":"Maroc Condamne Attaques Terroristes au Mali et Soutien","datePublished":"2026-04-30T15:39:30+00:00","dateModified":"2026-04-30T16:36:50+00:00","mainEntityOfPage":{"@id":"https:\/\/www.africa-press.net\/mali\/top-nouvelles\/maroc-condamne-attaques-terroristes-au-mali-et-soutien-2"},"wordCount":411,"commentCount":0,"image":{"@id":"https:\/\/www.africa-press.net\/mali\/top-nouvelles\/maroc-condamne-attaques-terroristes-au-mali-et-soutien-2#primaryimage"},"thumbnailUrl":"https:\/\/static.africa-press.net\/mali\/sites\/21\/2026\/04\/sm_1777566739.630732-69f384cba8e5f.jpg","keywords":["mali"],"articleSection":["Politique","Top Nouvelles","Toutes les actualit\u00e9s"],"inLanguage":"fr-FR","potentialAction":[{"@type":"CommentAction","name":"Comment","target":["https:\/\/www.africa-press.net\/mali\/top-nouvelles\/maroc-condamne-attaques-terroristes-au-mali-et-soutien-2#respond"]}]},{"@type":"WebPage","@id":"https:\/\/www.africa-press.net\/mali\/top-nouvelles\/maroc-condamne-attaques-terroristes-au-mali-et-soutien-2","url":"https:\/\/www.africa-press.net\/mali\/top-nouvelles\/maroc-condamne-attaques-terroristes-au-mali-et-soutien-2","name":"Maroc Condamne Attaques Terroristes au Mali et Soutien - Mali","isPartOf":{"@id":"https:\/\/www.africa-press.net\/mali\/#website"},"primaryImageOfPage":{"@id":"https:\/\/www.africa-press.net\/mali\/top-nouvelles\/maroc-condamne-attaques-terroristes-au-mali-et-soutien-2#primaryimage"},"image":{"@id":"https:\/\/www.africa-press.net\/mali\/top-nouvelles\/maroc-condamne-attaques-terroristes-au-mali-et-soutien-2#primaryimage"},"thumbnailUrl":"https:\/\/static.africa-press.net\/mali\/sites\/21\/2026\/04\/sm_1777566739.630732-69f384cba8e5f.jpg","datePublished":"2026-04-30T15:39:30+00:00","dateModified":"2026-04-30T16:36:50+00:00","author":{"@id":"https:\/\/www.africa-press.net\/mali\/#\/schema\/person\/2b1cf3cd81a31e3cd26889ca66d677f1"},"description":"-article-header-tag\"> Africa-Press - Mali. Le Maroc a condamne\u0301, mercredi, le ...","breadcrumb":{"@id":"https:\/\/www.africa-press.net\/mali\/top-nouvelles\/maroc-condamne-attaques-terroristes-au-mali-et-soutien-2#breadcrumb"},"inLanguage":"fr-FR","potentialAction":[{"@type":"ReadAction","target":["https:\/\/www.africa-press.net\/mali\/top-nouvelles\/maroc-condamne-attaques-terroristes-au-mali-et-soutien-2"]}]},{"@type":"ImageObject","inLanguage":"fr-FR","@id":"https:\/\/www.africa-press.net\/mali\/top-nouvelles\/maroc-condamne-attaques-terroristes-au-mali-et-soutien-2#primaryimage","url":"https:\/\/static.africa-press.net\/mali\/sites\/21\/2026\/04\/sm_1777566739.630732-69f384cba8e5f.jpg","contentUrl":"https:\/\/static.africa-press.net\/mali\/sites\/21\/2026\/04\/sm_1777566739.630732-69f384cba8e5f.jpg","width":864,"height":486,"caption":"Maroc Condamne Attaques Terroristes au Mali et Soutien"},{"@type":"BreadcrumbList","@id":"https:\/\/www.africa-press.net\/mali\/top-nouvelles\/maroc-condamne-attaques-terroristes-au-mali-et-soutien-2#breadcrumb","itemListElement":[{"@type":"ListItem","position":1,"name":"Home","item":"https:\/\/www.africa-press.net\/mali\/"},{"@type":"ListItem","position":2,"name":"Maroc Condamne Attaques Terroristes au Mali et Soutien"}]},{"@type":"WebSite","@id":"https:\/\/www.africa-press.net\/mali\/#website","url":"https:\/\/www.africa-press.net\/mali\/","name":"Mali","description":"Just another Africa News Agency Sites site","potentialAction":[{"@type":"SearchAction","target":{"@type":"EntryPoint","urlTemplate":"https:\/\/www.africa-press.net\/mali\/?s={search_term_string}"},"query-input":{"@type":"PropertyValueSpecification","valueRequired":true,"valueName":"search_term_string"}}],"inLanguage":"fr-FR"},{"@type":"Person","@id":"https:\/\/www.africa-press.net\/mali\/#\/schema\/person\/2b1cf3cd81a31e3cd26889ca66d677f1","name":"cfeditorfr"}]}},"_links":{"self":[{"href":"https:\/\/www.africa-press.net\/mali\/wp-json\/wp\/v2\/posts\/60998","targetHints":{"allow":["GET"]}}],"collection":[{"href":"https:\/\/www.africa-press.net\/mali\/wp-json\/wp\/v2\/posts"}],"about":[{"href":"https:\/\/www.africa-press.net\/mali\/wp-json\/wp\/v2\/types\/post"}],"author":[{"embeddable":true,"href":"https:\/\/www.africa-press.net\/mali\/wp-json\/wp\/v2\/users\/82"}],"replies":[{"embeddable":true,"href":"https:\/\/www.africa-press.net\/mali\/wp-json\/wp\/v2\/comments?post=60998"}],"version-history":[{"count":1,"href":"https:\/\/www.africa-press.net\/mali\/wp-json\/wp\/v2\/posts\/60998\/revisions"}],"predecessor-version":[{"id":61001,"href":"https:\/\/www.africa-press.net\/mali\/wp-json\/wp\/v2\/posts\/60998\/revisions\/61001"}],"wp:featuredmedia":[{"embeddable":true,"href":"https:\/\/www.africa-press.net\/mali\/wp-json\/wp\/v2\/media\/60997"}],"wp:attachment":[{"href":"https:\/\/www.africa-press.net\/mali\/wp-json\/wp\/v2\/media?parent=60998"}],"wp:term":[{"taxonomy":"category","embeddable":true,"href":"https:\/\/www.africa-press.net\/mali\/wp-json\/wp\/v2\/categories?post=60998"},{"taxonomy":"post_tag","embeddable":true,"href":"https:\/\/www.africa-press.net\/mali\/wp-json\/wp\/v2\/tags?post=60998"}],"curies":[{"name":"wp","href":"https:\/\/api.w.org\/{rel}","templated":true}]}}