{"id":61000,"date":"2026-04-30T15:45:54","date_gmt":"2026-04-30T15:45:54","guid":{"rendered":"https:\/\/www.africa-press.net\/mali\/politique\/cpi-ordonne-725-millions-deuros-de-reparations"},"modified":"2026-04-30T16:39:03","modified_gmt":"2026-04-30T16:39:03","slug":"cpi-ordonne-725-millions-deuros-de-reparations","status":"publish","type":"post","link":"https:\/\/www.africa-press.net\/mali\/top-nouvelles\/cpi-ordonne-725-millions-deuros-de-reparations","title":{"rendered":"CPI Ordonne 7,25 Millions D&rsquo;Euros de R\u00e9parations"},"content":{"rendered":"<p><span class=\"ap-article-header-tag\"> <strong>Africa-Press &#8211; Mali. <\/strong> <\/span>La Cour pe\u0301nale internationale (CPI) a ordonne\u0301, mardi, le versement de re\u0301parations d\u2019un montant de 7,25 millions d\u2019euros en faveur des victimes de l\u2019ancien chef de la police d&rsquo;Ansar Dine Al Hassan, reconnu coupable en 2024 de crimes de guerre et de crimes contre l\u2019humanite\u0301.<\/p>\n<p>Selon la juge Kimberly Prost, qui pre\u0301sidait l\u2019audience, ces re\u0301parations incluent des mesures collectives axe\u0301es sur la communaute\u0301, des re\u0301parations individualise\u0301es oriente\u0301es vers la re\u0301insertion, ainsi que des mesures symboliques de satisfaction. Pre\u0300s de 65.202 victimes ont e\u0301te\u0301 de\u0301clare\u0301es e\u0301ligibles.<\/p>\n<p>\u00ab La chambre a e\u0301value\u0301 la responsabilite\u0301 d&rsquo;Al Hassan en matie\u0300re de re\u0301parations a\u0300 environ 7.250.000 euros, soit l\u2019e\u0301quivalent de 4.755.688.250 francs CFA \u00bb, a pre\u0301cise\u0301 la magistrate. Ce plan devra e\u0302tre soumis a\u0300 l\u2019approbation de la Chambre au plus tard le 25 janvier 2027.<\/p>\n<p>Al Hassan Ag Abdoul Aziz Ag Mohamed Ag Mahmoud, alias Al Hassan, a\u0302ge\u0301 de 48 ans, e\u0301tait membre du groupe terroriste Ansar Dine, qui avait pris le contro\u0302le de Tombouctou entre avril 2012 et janvier 2013, pe\u0301riode marque\u0301e par de graves exactions.<\/p>\n<p>Condamne\u0301 a\u0300 dix ans de prison, il a notamment e\u0301te\u0301 reconnu coupable de traitement cruel en tant que crime de guerre, pour avoir flagelle\u0301 un individu, de mutilation pour une amputation, ainsi que de torture constitutive de crime de guerre et de crime contre l\u2019humanite\u0301. L\u2019ancien chef de la police de Tombouctou a e\u0301galement e\u0301te\u0301 condamne\u0301 pour proce\u0300s ille\u0301gaux et perse\u0301cution religieuse.<\/p>\n<p>La Cour a pre\u0301cise\u0301 que, compte tenu de la situation financie\u0300re du condamne\u0301, les re\u0301parations seront verse\u0301es par l\u2019interme\u0301diaire du Fonds au profit des victimes.<\/p>\n<p>Arre\u0302te\u0301 par les autorite\u0301s maliennes, Al Hassan avait e\u0301te\u0301 transfe\u0301re\u0301 a\u0300 la CPI en mars 2018.<\/p>\n<p>Sa libe\u0301ration est de\u0301sormais pre\u0301vue pour mars 2027, au lieu de 2028, apre\u0300s une re\u0301duction de peine accorde\u0301e en juillet, la Cour estimant cette de\u0301cision \u00ab dans l\u2019inte\u0301re\u0302t de la justice \u00bb, notamment en raison de son renoncement a\u0300 faire appel.<\/p>\n<p class=\"ap-article-footer-note\">Retrouvez plus d\u2019actualit\u00e9s et d\u2019analyses sur <span class=\"ap-highlight-country\">Mali<\/span> sur le site <span class=\"ap-highlight-brand\">Africa Press<\/span><\/p>\n","protected":false},"excerpt":{"rendered":"<p>Africa-Press &#8211; Mali. La Cour pe\u0301nale internationale (CPI) a ordonne\u0301, mardi, le versement de re\u0301parations d\u2019un montant de 7,25 millions d\u2019euros en faveur des victimes de l\u2019ancien chef de la police d&rsquo;Ansar Dine Al Hassan, reconnu coupable en 2024 de crimes de guerre et de crimes contre l\u2019humanite\u0301. Selon la juge Kimberly Prost, qui pre\u0301sidait [&hellip;]<\/p>\n","protected":false},"author":82,"featured_media":60999,"comment_status":"open","ping_status":"closed","sticky":false,"template":"","format":"standard","meta":{"footnotes":""},"categories":[7,5,17],"tags":[19],"class_list":["post-61000","post","type-post","status-publish","format-standard","has-post-thumbnail","hentry","category-politique","category-top-nouvelles","category-toutes-les-actualites","tag-mali"],"yoast_head":"<!-- This site is optimized with the Yoast SEO Premium plugin v26.1 (Yoast SEO v27.0) - https:\/\/yoast.com\/product\/yoast-seo-premium-wordpress\/ -->\n<title>CPI Ordonne 7,25 Millions D&#039;Euros de R\u00e9parations - Mali<\/title>\n<meta name=\"description\" content=\"-article-header-tag&quot;&gt; Africa-Press - Mali. La Cour pe\u0301nale internationale (CP ...\" \/>\n<meta name=\"robots\" content=\"index, follow, max-snippet:-1, max-image-preview:large, max-video-preview:-1\" \/>\n<link rel=\"canonical\" href=\"https:\/\/www.africa-press.net\/mali\/top-nouvelles\/cpi-ordonne-725-millions-deuros-de-reparations\" \/>\n<meta property=\"og:locale\" content=\"fr_FR\" \/>\n<meta property=\"og:type\" content=\"article\" \/>\n<meta property=\"og:title\" content=\"CPI Ordonne 7,25 Millions D&#039;Euros de R\u00e9parations\" \/>\n<meta property=\"og:description\" content=\"-article-header-tag&quot;&gt; Africa-Press - Mali. La Cour pe\u0301nale internationale (CP ...\" \/>\n<meta property=\"og:url\" content=\"https:\/\/www.africa-press.net\/mali\/top-nouvelles\/cpi-ordonne-725-millions-deuros-de-reparations\" \/>\n<meta property=\"og:site_name\" content=\"Mali\" \/>\n<meta property=\"article:publisher\" content=\"https:\/\/www.facebook.com\/AfricaPressTunisiaa\" \/>\n<meta property=\"article:published_time\" content=\"2026-04-30T15:45:54+00:00\" \/>\n<meta property=\"article:modified_time\" content=\"2026-04-30T16:39:03+00:00\" \/>\n<meta property=\"og:image\" content=\"https:\/\/static.africa-press.net\/mali\/sites\/21\/2026\/04\/sm_1777566958.088442.jpg\" \/>\n\t<meta property=\"og:image:width\" content=\"720\" \/>\n\t<meta property=\"og:image:height\" content=\"540\" \/>\n\t<meta property=\"og:image:type\" content=\"image\/jpeg\" \/>\n<meta name=\"author\" content=\"cfeditorfr\" \/>\n<meta name=\"twitter:card\" content=\"summary_large_image\" \/>\n<meta name=\"twitter:label1\" content=\"\u00c9crit par\" \/>\n\t<meta name=\"twitter:data1\" content=\"cfeditorfr\" \/>\n\t<meta name=\"twitter:label2\" content=\"Dur\u00e9e de lecture estim\u00e9e\" \/>\n\t<meta name=\"twitter:data2\" content=\"2 minutes\" \/>\n<script type=\"application\/ld+json\" class=\"yoast-schema-graph\">{\"@context\":\"https:\/\/schema.org\",\"@graph\":[{\"@type\":\"Article\",\"@id\":\"https:\/\/www.africa-press.net\/mali\/top-nouvelles\/cpi-ordonne-725-millions-deuros-de-reparations#article\",\"isPartOf\":{\"@id\":\"https:\/\/www.africa-press.net\/mali\/top-nouvelles\/cpi-ordonne-725-millions-deuros-de-reparations\"},\"author\":{\"name\":\"cfeditorfr\",\"@id\":\"https:\/\/www.africa-press.net\/mali\/#\/schema\/person\/2b1cf3cd81a31e3cd26889ca66d677f1\"},\"headline\":\"CPI Ordonne 7,25 Millions D&rsquo;Euros de R\u00e9parations\",\"datePublished\":\"2026-04-30T15:45:54+00:00\",\"dateModified\":\"2026-04-30T16:39:03+00:00\",\"mainEntityOfPage\":{\"@id\":\"https:\/\/www.africa-press.net\/mali\/top-nouvelles\/cpi-ordonne-725-millions-deuros-de-reparations\"},\"wordCount\":387,\"commentCount\":0,\"image\":{\"@id\":\"https:\/\/www.africa-press.net\/mali\/top-nouvelles\/cpi-ordonne-725-millions-deuros-de-reparations#primaryimage\"},\"thumbnailUrl\":\"https:\/\/static.africa-press.net\/mali\/sites\/21\/2026\/04\/sm_1777566958.088442.jpg\",\"keywords\":[\"mali\"],\"articleSection\":[\"Politique\",\"Top Nouvelles\",\"Toutes les actualit\u00e9s\"],\"inLanguage\":\"fr-FR\",\"potentialAction\":[{\"@type\":\"CommentAction\",\"name\":\"Comment\",\"target\":[\"https:\/\/www.africa-press.net\/mali\/top-nouvelles\/cpi-ordonne-725-millions-deuros-de-reparations#respond\"]}]},{\"@type\":\"WebPage\",\"@id\":\"https:\/\/www.africa-press.net\/mali\/top-nouvelles\/cpi-ordonne-725-millions-deuros-de-reparations\",\"url\":\"https:\/\/www.africa-press.net\/mali\/top-nouvelles\/cpi-ordonne-725-millions-deuros-de-reparations\",\"name\":\"CPI Ordonne 7,25 Millions D'Euros de R\u00e9parations - Mali\",\"isPartOf\":{\"@id\":\"https:\/\/www.africa-press.net\/mali\/#website\"},\"primaryImageOfPage\":{\"@id\":\"https:\/\/www.africa-press.net\/mali\/top-nouvelles\/cpi-ordonne-725-millions-deuros-de-reparations#primaryimage\"},\"image\":{\"@id\":\"https:\/\/www.africa-press.net\/mali\/top-nouvelles\/cpi-ordonne-725-millions-deuros-de-reparations#primaryimage\"},\"thumbnailUrl\":\"https:\/\/static.africa-press.net\/mali\/sites\/21\/2026\/04\/sm_1777566958.088442.jpg\",\"datePublished\":\"2026-04-30T15:45:54+00:00\",\"dateModified\":\"2026-04-30T16:39:03+00:00\",\"author\":{\"@id\":\"https:\/\/www.africa-press.net\/mali\/#\/schema\/person\/2b1cf3cd81a31e3cd26889ca66d677f1\"},\"description\":\"-article-header-tag\\\"> Africa-Press - Mali. La Cour pe\u0301nale internationale (CP ...\",\"breadcrumb\":{\"@id\":\"https:\/\/www.africa-press.net\/mali\/top-nouvelles\/cpi-ordonne-725-millions-deuros-de-reparations#breadcrumb\"},\"inLanguage\":\"fr-FR\",\"potentialAction\":[{\"@type\":\"ReadAction\",\"target\":[\"https:\/\/www.africa-press.net\/mali\/top-nouvelles\/cpi-ordonne-725-millions-deuros-de-reparations\"]}]},{\"@type\":\"ImageObject\",\"inLanguage\":\"fr-FR\",\"@id\":\"https:\/\/www.africa-press.net\/mali\/top-nouvelles\/cpi-ordonne-725-millions-deuros-de-reparations#primaryimage\",\"url\":\"https:\/\/static.africa-press.net\/mali\/sites\/21\/2026\/04\/sm_1777566958.088442.jpg\",\"contentUrl\":\"https:\/\/static.africa-press.net\/mali\/sites\/21\/2026\/04\/sm_1777566958.088442.jpg\",\"width\":720,\"height\":540,\"caption\":\"CPI Ordonne 7,25 Millions D'Euros de R\u00e9parations\"},{\"@type\":\"BreadcrumbList\",\"@id\":\"https:\/\/www.africa-press.net\/mali\/top-nouvelles\/cpi-ordonne-725-millions-deuros-de-reparations#breadcrumb\",\"itemListElement\":[{\"@type\":\"ListItem\",\"position\":1,\"name\":\"Home\",\"item\":\"https:\/\/www.africa-press.net\/mali\/\"},{\"@type\":\"ListItem\",\"position\":2,\"name\":\"CPI Ordonne 7,25 Millions D&#8217;Euros de R\u00e9parations\"}]},{\"@type\":\"WebSite\",\"@id\":\"https:\/\/www.africa-press.net\/mali\/#website\",\"url\":\"https:\/\/www.africa-press.net\/mali\/\",\"name\":\"Mali\",\"description\":\"Just another Africa News Agency Sites site\",\"potentialAction\":[{\"@type\":\"SearchAction\",\"target\":{\"@type\":\"EntryPoint\",\"urlTemplate\":\"https:\/\/www.africa-press.net\/mali\/?s={search_term_string}\"},\"query-input\":{\"@type\":\"PropertyValueSpecification\",\"valueRequired\":true,\"valueName\":\"search_term_string\"}}],\"inLanguage\":\"fr-FR\"},{\"@type\":\"Person\",\"@id\":\"https:\/\/www.africa-press.net\/mali\/#\/schema\/person\/2b1cf3cd81a31e3cd26889ca66d677f1\",\"name\":\"cfeditorfr\"}]}<\/script>\n<!-- \/ Yoast SEO Premium plugin. -->","yoast_head_json":{"title":"CPI Ordonne 7,25 Millions D'Euros de R\u00e9parations - Mali","description":"-article-header-tag\"> Africa-Press - Mali. La Cour pe\u0301nale internationale (CP ...","robots":{"index":"index","follow":"follow","max-snippet":"max-snippet:-1","max-image-preview":"max-image-preview:large","max-video-preview":"max-video-preview:-1"},"canonical":"https:\/\/www.africa-press.net\/mali\/top-nouvelles\/cpi-ordonne-725-millions-deuros-de-reparations","og_locale":"fr_FR","og_type":"article","og_title":"CPI Ordonne 7,25 Millions D'Euros de R\u00e9parations","og_description":"-article-header-tag\"> Africa-Press - Mali. La Cour pe\u0301nale internationale (CP ...","og_url":"https:\/\/www.africa-press.net\/mali\/top-nouvelles\/cpi-ordonne-725-millions-deuros-de-reparations","og_site_name":"Mali","article_publisher":"https:\/\/www.facebook.com\/AfricaPressTunisiaa","article_published_time":"2026-04-30T15:45:54+00:00","article_modified_time":"2026-04-30T16:39:03+00:00","og_image":[{"width":720,"height":540,"url":"https:\/\/static.africa-press.net\/mali\/sites\/21\/2026\/04\/sm_1777566958.088442.jpg","type":"image\/jpeg"}],"author":"cfeditorfr","twitter_card":"summary_large_image","twitter_misc":{"\u00c9crit par":"cfeditorfr","Dur\u00e9e de lecture estim\u00e9e":"2 minutes"},"schema":{"@context":"https:\/\/schema.org","@graph":[{"@type":"Article","@id":"https:\/\/www.africa-press.net\/mali\/top-nouvelles\/cpi-ordonne-725-millions-deuros-de-reparations#article","isPartOf":{"@id":"https:\/\/www.africa-press.net\/mali\/top-nouvelles\/cpi-ordonne-725-millions-deuros-de-reparations"},"author":{"name":"cfeditorfr","@id":"https:\/\/www.africa-press.net\/mali\/#\/schema\/person\/2b1cf3cd81a31e3cd26889ca66d677f1"},"headline":"CPI Ordonne 7,25 Millions D&rsquo;Euros de R\u00e9parations","datePublished":"2026-04-30T15:45:54+00:00","dateModified":"2026-04-30T16:39:03+00:00","mainEntityOfPage":{"@id":"https:\/\/www.africa-press.net\/mali\/top-nouvelles\/cpi-ordonne-725-millions-deuros-de-reparations"},"wordCount":387,"commentCount":0,"image":{"@id":"https:\/\/www.africa-press.net\/mali\/top-nouvelles\/cpi-ordonne-725-millions-deuros-de-reparations#primaryimage"},"thumbnailUrl":"https:\/\/static.africa-press.net\/mali\/sites\/21\/2026\/04\/sm_1777566958.088442.jpg","keywords":["mali"],"articleSection":["Politique","Top Nouvelles","Toutes les actualit\u00e9s"],"inLanguage":"fr-FR","potentialAction":[{"@type":"CommentAction","name":"Comment","target":["https:\/\/www.africa-press.net\/mali\/top-nouvelles\/cpi-ordonne-725-millions-deuros-de-reparations#respond"]}]},{"@type":"WebPage","@id":"https:\/\/www.africa-press.net\/mali\/top-nouvelles\/cpi-ordonne-725-millions-deuros-de-reparations","url":"https:\/\/www.africa-press.net\/mali\/top-nouvelles\/cpi-ordonne-725-millions-deuros-de-reparations","name":"CPI Ordonne 7,25 Millions D'Euros de R\u00e9parations - Mali","isPartOf":{"@id":"https:\/\/www.africa-press.net\/mali\/#website"},"primaryImageOfPage":{"@id":"https:\/\/www.africa-press.net\/mali\/top-nouvelles\/cpi-ordonne-725-millions-deuros-de-reparations#primaryimage"},"image":{"@id":"https:\/\/www.africa-press.net\/mali\/top-nouvelles\/cpi-ordonne-725-millions-deuros-de-reparations#primaryimage"},"thumbnailUrl":"https:\/\/static.africa-press.net\/mali\/sites\/21\/2026\/04\/sm_1777566958.088442.jpg","datePublished":"2026-04-30T15:45:54+00:00","dateModified":"2026-04-30T16:39:03+00:00","author":{"@id":"https:\/\/www.africa-press.net\/mali\/#\/schema\/person\/2b1cf3cd81a31e3cd26889ca66d677f1"},"description":"-article-header-tag\"> Africa-Press - Mali. La Cour pe\u0301nale internationale (CP ...","breadcrumb":{"@id":"https:\/\/www.africa-press.net\/mali\/top-nouvelles\/cpi-ordonne-725-millions-deuros-de-reparations#breadcrumb"},"inLanguage":"fr-FR","potentialAction":[{"@type":"ReadAction","target":["https:\/\/www.africa-press.net\/mali\/top-nouvelles\/cpi-ordonne-725-millions-deuros-de-reparations"]}]},{"@type":"ImageObject","inLanguage":"fr-FR","@id":"https:\/\/www.africa-press.net\/mali\/top-nouvelles\/cpi-ordonne-725-millions-deuros-de-reparations#primaryimage","url":"https:\/\/static.africa-press.net\/mali\/sites\/21\/2026\/04\/sm_1777566958.088442.jpg","contentUrl":"https:\/\/static.africa-press.net\/mali\/sites\/21\/2026\/04\/sm_1777566958.088442.jpg","width":720,"height":540,"caption":"CPI Ordonne 7,25 Millions D'Euros de R\u00e9parations"},{"@type":"BreadcrumbList","@id":"https:\/\/www.africa-press.net\/mali\/top-nouvelles\/cpi-ordonne-725-millions-deuros-de-reparations#breadcrumb","itemListElement":[{"@type":"ListItem","position":1,"name":"Home","item":"https:\/\/www.africa-press.net\/mali\/"},{"@type":"ListItem","position":2,"name":"CPI Ordonne 7,25 Millions D&#8217;Euros de R\u00e9parations"}]},{"@type":"WebSite","@id":"https:\/\/www.africa-press.net\/mali\/#website","url":"https:\/\/www.africa-press.net\/mali\/","name":"Mali","description":"Just another Africa News Agency Sites site","potentialAction":[{"@type":"SearchAction","target":{"@type":"EntryPoint","urlTemplate":"https:\/\/www.africa-press.net\/mali\/?s={search_term_string}"},"query-input":{"@type":"PropertyValueSpecification","valueRequired":true,"valueName":"search_term_string"}}],"inLanguage":"fr-FR"},{"@type":"Person","@id":"https:\/\/www.africa-press.net\/mali\/#\/schema\/person\/2b1cf3cd81a31e3cd26889ca66d677f1","name":"cfeditorfr"}]}},"_links":{"self":[{"href":"https:\/\/www.africa-press.net\/mali\/wp-json\/wp\/v2\/posts\/61000","targetHints":{"allow":["GET"]}}],"collection":[{"href":"https:\/\/www.africa-press.net\/mali\/wp-json\/wp\/v2\/posts"}],"about":[{"href":"https:\/\/www.africa-press.net\/mali\/wp-json\/wp\/v2\/types\/post"}],"author":[{"embeddable":true,"href":"https:\/\/www.africa-press.net\/mali\/wp-json\/wp\/v2\/users\/82"}],"replies":[{"embeddable":true,"href":"https:\/\/www.africa-press.net\/mali\/wp-json\/wp\/v2\/comments?post=61000"}],"version-history":[{"count":1,"href":"https:\/\/www.africa-press.net\/mali\/wp-json\/wp\/v2\/posts\/61000\/revisions"}],"predecessor-version":[{"id":61002,"href":"https:\/\/www.africa-press.net\/mali\/wp-json\/wp\/v2\/posts\/61000\/revisions\/61002"}],"wp:featuredmedia":[{"embeddable":true,"href":"https:\/\/www.africa-press.net\/mali\/wp-json\/wp\/v2\/media\/60999"}],"wp:attachment":[{"href":"https:\/\/www.africa-press.net\/mali\/wp-json\/wp\/v2\/media?parent=61000"}],"wp:term":[{"taxonomy":"category","embeddable":true,"href":"https:\/\/www.africa-press.net\/mali\/wp-json\/wp\/v2\/categories?post=61000"},{"taxonomy":"post_tag","embeddable":true,"href":"https:\/\/www.africa-press.net\/mali\/wp-json\/wp\/v2\/tags?post=61000"}],"curies":[{"name":"wp","href":"https:\/\/api.w.org\/{rel}","templated":true}]}}