{"id":61004,"date":"2026-04-30T12:10:00","date_gmt":"2026-04-30T12:10:00","guid":{"rendered":"https:\/\/www.africa-press.net\/mali\/politique\/augmentation-des-prix-de-la-viande-et-crise-au-mali"},"modified":"2026-04-30T18:27:00","modified_gmt":"2026-04-30T18:27:00","slug":"augmentation-des-prix-de-la-viande-et-crise-au-mali","status":"publish","type":"post","link":"https:\/\/www.africa-press.net\/mali\/economie\/augmentation-des-prix-de-la-viande-et-crise-au-mali","title":{"rendered":"Augmentation des Prix de la Viande et Crise au Mali"},"content":{"rendered":"<div class=\"ap-summary\" dir=\"ltr\" lang=\"fr\">\n<h4>CE Qu\u2019Il Faut Savoir<\/h4>\n<p>La hausse des prix de la viande au Mali, passant de 3 200 F CFA \u00e0 4 200 F CFA le kilo, affecte le march\u00e9 local. Les causes incluent l&rsquo;exportation massive de b\u00e9tail et la d\u00e9sorganisation des circuits traditionnels, entra\u00eenant une baisse des ventes et une contraction du pouvoir d&rsquo;achat des m\u00e9nages. Les commer\u00e7ants craignent une crise durable.<\/p>\n<\/div>\n<p><span class=\"ap-article-header-tag\"> <strong>Africa-Press &#8211; Mali. <\/strong> <\/span>Sur les marche\u0301s, la viande devient de plus en plus che\u0300re et difficile a\u0300 e\u0301couler. Entre la sortie massive du be\u0301tail vers les pays voisins, la de\u0301localisation des Garbals et les difficulte\u0301s structurelles de l\u2019e\u0301levage, les commerc\u0327ants peinent a\u0300 maintenir leurs ventes, tandis que les consommateurs re\u0301duisent leurs achats.<\/p>\n<p>Selon Cheikne Sissoko, vendeur, le kilo de viande est passe\u0301 d\u2019environ 3 200 F CFA a\u0300 pre\u0300s de 4 200 F CFA. Cette augmentation affecte directement la dynamique des marche\u0301s: \u00ab Avant, la viande se vendait facilement, mais maintenant c\u2019est devenu lent \u00bb, confie t il. Les e\u0301tals s\u2019installent de\u0300s le matin, mais les clients se font rares au fil de la journe\u0301e.<\/p>\n<p>La flambe\u0301e des prix s\u2019explique d\u2019abord par le de\u0301part du be\u0301tail vers la Co\u0302te d\u2019Ivoire, le Se\u0301ne\u0301gal et la Guine\u0301e, re\u0301duisant la disponibilite\u0301 sur le marche\u0301 local. A\u0300 cela s\u2019ajoute la de\u0301localisation des Garbals (marche\u0301s a\u0300 be\u0301tail), unanimement pointe\u0301e par les acteurs comme un facteur aggravant. Cette mesure a de\u0301sorganise\u0301 les circuits traditionnels d\u2019approvisionnement et contribue\u0301 a\u0300 la hausse des cou\u0302ts.<\/p>\n<p>Au dela\u0300 de ces causes imme\u0301diates, les difficulte\u0301s de l\u2019e\u0301levage pe\u0300sent lourdement sur la filie\u0300re. Les cou\u0302ts de production, fortement impacte\u0301s par le prix de l\u2019aliment be\u0301tail, notamment les tourteaux, demeurent un point critique. Plusieurs intervenants e\u0301voquent e\u0301galement une e\u0301rosion pre\u0301occupante du cheptel national, traduisant un rela\u0302chement dans la gestion et la valorisation du potentiel pastoral du Mali.<\/p>\n<p>La hausse des prix se re\u0301percute directement sur les me\u0301nages. \u00ab Ceux qui achetaient deux kilos ne de\u0301passent me\u0302me plus un kilo \u00bb, explique le vendeur. Certains clients se contentent de\u0301sormais de petites portions, parfois pour 1 000 F CFA seulement. Cette contraction du pouvoir d\u2019achat entrai\u0302ne une baisse des volumes e\u0301coule\u0301s, accentuant la morosite\u0301 des commerc\u0327ants.<\/p>\n<p>La situation illustre un de\u0301se\u0301quilibre entre l\u2019offre et la demande. Tant que le be\u0301tail continuera de quitter le pays, que les circuits resteront de\u0301sorganise\u0301s et que les cou\u0302ts de production pe\u0300seront sur les e\u0301leveurs, les prix risquent de demeurer e\u0301leve\u0301s. Les vendeurs, pris en e\u0301tau entre la rarete\u0301 de l\u2019approvisionnement et la baisse de la cliente\u0300le, redoutent une crise durable.<\/p>\n<p>Le Mali, avec une riche tradition d&rsquo;e\u0301levage, fait face a\u0300 des de\u0301fis structurels dans son secteur bovin. La concurrence des marche\u0301s voisins et les difficulte\u0301s internes, telles que la gestion des ressources pastorales, exacerbent la situation. La de\u0301sorganisation des circuits de vente, notamment avec la de\u0301localisation des Garbals, complique encore la dynamique du marche\u0301 local. Ces facteurs combine\u0301s mettent en pe\u0301ril la stabilite\u0301 e\u0301conomique des e\u0301leveurs et des commerc\u0327ants, affectant ainsi les consommateurs.<\/p>\n<p class=\"ap-article-footer-note\">Retrouvez plus d\u2019actualit\u00e9s et d\u2019analyses sur <span class=\"ap-highlight-country\">Mali<\/span> sur le site <span class=\"ap-highlight-brand\">Africa Press<\/span><\/p>\n","protected":false},"excerpt":{"rendered":"<p>CE Qu\u2019Il Faut Savoir La hausse des prix de la viande au Mali, passant de 3 200 F CFA \u00e0 4 200 F CFA le kilo, affecte le march\u00e9 local. Les causes incluent l&rsquo;exportation massive de b\u00e9tail et la d\u00e9sorganisation des circuits traditionnels, entra\u00eenant une baisse des ventes et une contraction du pouvoir d&rsquo;achat des [&hellip;]<\/p>\n","protected":false},"author":82,"featured_media":61003,"comment_status":"open","ping_status":"closed","sticky":false,"template":"","format":"standard","meta":{"footnotes":""},"categories":[12,17],"tags":[1998,2000,19,372,1999,1996,1997],"class_list":["post-61004","post","type-post","status-publish","format-standard","has-post-thumbnail","hentry","category-economie","category-toutes-les-actualites","tag-consommation","tag-elevage","tag-mali","tag-marche","tag-marche-local","tag-pouvoir-dachat","tag-prix-de-la-viande"],"yoast_head":"<!-- This site is optimized with the Yoast SEO Premium plugin v26.1 (Yoast SEO v27.0) - https:\/\/yoast.com\/product\/yoast-seo-premium-wordpress\/ -->\n<title>Augmentation des Prix de la Viande et Crise au Mali - Mali<\/title>\n<meta name=\"description\" content=\"La flamb\u00e9e des prix de la viande au Mali impacte les consommateurs et d\u00e9sorganise les circuits d&#039;approvisionnement.\" \/>\n<meta name=\"robots\" content=\"index, follow, max-snippet:-1, max-image-preview:large, max-video-preview:-1\" \/>\n<link rel=\"canonical\" href=\"https:\/\/www.africa-press.net\/mali\/economie\/augmentation-des-prix-de-la-viande-et-crise-au-mali\" \/>\n<meta property=\"og:locale\" content=\"fr_FR\" \/>\n<meta property=\"og:type\" content=\"article\" \/>\n<meta property=\"og:title\" content=\"Augmentation des Prix de la Viande et Crise au Mali\" \/>\n<meta property=\"og:description\" content=\"La flamb\u00e9e des prix de la viande au Mali impacte les consommateurs et d\u00e9sorganise les circuits d&#039;approvisionnement.\" \/>\n<meta property=\"og:url\" content=\"https:\/\/www.africa-press.net\/mali\/economie\/augmentation-des-prix-de-la-viande-et-crise-au-mali\" \/>\n<meta property=\"og:site_name\" content=\"Mali\" \/>\n<meta property=\"article:publisher\" content=\"https:\/\/www.facebook.com\/AfricaPressTunisiaa\" \/>\n<meta property=\"article:published_time\" content=\"2026-04-30T12:10:00+00:00\" \/>\n<meta property=\"article:modified_time\" content=\"2026-04-30T18:27:00+00:00\" \/>\n<meta property=\"og:image\" content=\"https:\/\/static.africa-press.net\/mali\/sites\/21\/2026\/04\/sm_1777573431.800137.jpg\" \/>\n\t<meta property=\"og:image:width\" content=\"720\" \/>\n\t<meta property=\"og:image:height\" content=\"479\" \/>\n\t<meta property=\"og:image:type\" content=\"image\/jpeg\" \/>\n<meta name=\"author\" content=\"cfeditorfr\" \/>\n<meta name=\"twitter:card\" content=\"summary_large_image\" \/>\n<meta name=\"twitter:label1\" content=\"\u00c9crit par\" \/>\n\t<meta name=\"twitter:data1\" content=\"cfeditorfr\" \/>\n\t<meta name=\"twitter:label2\" content=\"Dur\u00e9e de lecture estim\u00e9e\" \/>\n\t<meta name=\"twitter:data2\" content=\"3 minutes\" \/>\n<script type=\"application\/ld+json\" class=\"yoast-schema-graph\">{\"@context\":\"https:\/\/schema.org\",\"@graph\":[{\"@type\":\"Article\",\"@id\":\"https:\/\/www.africa-press.net\/mali\/economie\/augmentation-des-prix-de-la-viande-et-crise-au-mali#article\",\"isPartOf\":{\"@id\":\"https:\/\/www.africa-press.net\/mali\/economie\/augmentation-des-prix-de-la-viande-et-crise-au-mali\"},\"author\":{\"name\":\"cfeditorfr\",\"@id\":\"https:\/\/www.africa-press.net\/mali\/#\/schema\/person\/2b1cf3cd81a31e3cd26889ca66d677f1\"},\"headline\":\"Augmentation des Prix de la Viande et Crise au Mali\",\"datePublished\":\"2026-04-30T12:10:00+00:00\",\"dateModified\":\"2026-04-30T18:27:00+00:00\",\"mainEntityOfPage\":{\"@id\":\"https:\/\/www.africa-press.net\/mali\/economie\/augmentation-des-prix-de-la-viande-et-crise-au-mali\"},\"wordCount\":592,\"commentCount\":0,\"image\":{\"@id\":\"https:\/\/www.africa-press.net\/mali\/economie\/augmentation-des-prix-de-la-viande-et-crise-au-mali#primaryimage\"},\"thumbnailUrl\":\"https:\/\/static.africa-press.net\/mali\/sites\/21\/2026\/04\/sm_1777573431.800137.jpg\",\"keywords\":[\"consommation\",\"\u00e9levage\",\"mali\",\"March\u00e9\",\"march\u00e9 local\",\"pouvoir d'achat\",\"prix de la viande\"],\"articleSection\":[\"\u00c9conomie\",\"Toutes les actualit\u00e9s\"],\"inLanguage\":\"fr-FR\",\"potentialAction\":[{\"@type\":\"CommentAction\",\"name\":\"Comment\",\"target\":[\"https:\/\/www.africa-press.net\/mali\/economie\/augmentation-des-prix-de-la-viande-et-crise-au-mali#respond\"]}]},{\"@type\":\"WebPage\",\"@id\":\"https:\/\/www.africa-press.net\/mali\/economie\/augmentation-des-prix-de-la-viande-et-crise-au-mali\",\"url\":\"https:\/\/www.africa-press.net\/mali\/economie\/augmentation-des-prix-de-la-viande-et-crise-au-mali\",\"name\":\"Augmentation des Prix de la Viande et Crise au Mali - Mali\",\"isPartOf\":{\"@id\":\"https:\/\/www.africa-press.net\/mali\/#website\"},\"primaryImageOfPage\":{\"@id\":\"https:\/\/www.africa-press.net\/mali\/economie\/augmentation-des-prix-de-la-viande-et-crise-au-mali#primaryimage\"},\"image\":{\"@id\":\"https:\/\/www.africa-press.net\/mali\/economie\/augmentation-des-prix-de-la-viande-et-crise-au-mali#primaryimage\"},\"thumbnailUrl\":\"https:\/\/static.africa-press.net\/mali\/sites\/21\/2026\/04\/sm_1777573431.800137.jpg\",\"datePublished\":\"2026-04-30T12:10:00+00:00\",\"dateModified\":\"2026-04-30T18:27:00+00:00\",\"author\":{\"@id\":\"https:\/\/www.africa-press.net\/mali\/#\/schema\/person\/2b1cf3cd81a31e3cd26889ca66d677f1\"},\"description\":\"La flamb\u00e9e des prix de la viande au Mali impacte les consommateurs et d\u00e9sorganise les circuits d'approvisionnement.\",\"breadcrumb\":{\"@id\":\"https:\/\/www.africa-press.net\/mali\/economie\/augmentation-des-prix-de-la-viande-et-crise-au-mali#breadcrumb\"},\"inLanguage\":\"fr-FR\",\"potentialAction\":[{\"@type\":\"ReadAction\",\"target\":[\"https:\/\/www.africa-press.net\/mali\/economie\/augmentation-des-prix-de-la-viande-et-crise-au-mali\"]}]},{\"@type\":\"ImageObject\",\"inLanguage\":\"fr-FR\",\"@id\":\"https:\/\/www.africa-press.net\/mali\/economie\/augmentation-des-prix-de-la-viande-et-crise-au-mali#primaryimage\",\"url\":\"https:\/\/static.africa-press.net\/mali\/sites\/21\/2026\/04\/sm_1777573431.800137.jpg\",\"contentUrl\":\"https:\/\/static.africa-press.net\/mali\/sites\/21\/2026\/04\/sm_1777573431.800137.jpg\",\"width\":720,\"height\":479,\"caption\":\"Augmentation des Prix de la Viande et Crise au Mali\"},{\"@type\":\"BreadcrumbList\",\"@id\":\"https:\/\/www.africa-press.net\/mali\/economie\/augmentation-des-prix-de-la-viande-et-crise-au-mali#breadcrumb\",\"itemListElement\":[{\"@type\":\"ListItem\",\"position\":1,\"name\":\"Home\",\"item\":\"https:\/\/www.africa-press.net\/mali\/\"},{\"@type\":\"ListItem\",\"position\":2,\"name\":\"Augmentation des Prix de la Viande et Crise au Mali\"}]},{\"@type\":\"WebSite\",\"@id\":\"https:\/\/www.africa-press.net\/mali\/#website\",\"url\":\"https:\/\/www.africa-press.net\/mali\/\",\"name\":\"Mali\",\"description\":\"Just another Africa News Agency Sites site\",\"potentialAction\":[{\"@type\":\"SearchAction\",\"target\":{\"@type\":\"EntryPoint\",\"urlTemplate\":\"https:\/\/www.africa-press.net\/mali\/?s={search_term_string}\"},\"query-input\":{\"@type\":\"PropertyValueSpecification\",\"valueRequired\":true,\"valueName\":\"search_term_string\"}}],\"inLanguage\":\"fr-FR\"},{\"@type\":\"Person\",\"@id\":\"https:\/\/www.africa-press.net\/mali\/#\/schema\/person\/2b1cf3cd81a31e3cd26889ca66d677f1\",\"name\":\"cfeditorfr\"}]}<\/script>\n<!-- \/ Yoast SEO Premium plugin. -->","yoast_head_json":{"title":"Augmentation des Prix de la Viande et Crise au Mali - Mali","description":"La flamb\u00e9e des prix de la viande au Mali impacte les consommateurs et d\u00e9sorganise les circuits d'approvisionnement.","robots":{"index":"index","follow":"follow","max-snippet":"max-snippet:-1","max-image-preview":"max-image-preview:large","max-video-preview":"max-video-preview:-1"},"canonical":"https:\/\/www.africa-press.net\/mali\/economie\/augmentation-des-prix-de-la-viande-et-crise-au-mali","og_locale":"fr_FR","og_type":"article","og_title":"Augmentation des Prix de la Viande et Crise au Mali","og_description":"La flamb\u00e9e des prix de la viande au Mali impacte les consommateurs et d\u00e9sorganise les circuits d'approvisionnement.","og_url":"https:\/\/www.africa-press.net\/mali\/economie\/augmentation-des-prix-de-la-viande-et-crise-au-mali","og_site_name":"Mali","article_publisher":"https:\/\/www.facebook.com\/AfricaPressTunisiaa","article_published_time":"2026-04-30T12:10:00+00:00","article_modified_time":"2026-04-30T18:27:00+00:00","og_image":[{"width":720,"height":479,"url":"https:\/\/static.africa-press.net\/mali\/sites\/21\/2026\/04\/sm_1777573431.800137.jpg","type":"image\/jpeg"}],"author":"cfeditorfr","twitter_card":"summary_large_image","twitter_misc":{"\u00c9crit par":"cfeditorfr","Dur\u00e9e de lecture estim\u00e9e":"3 minutes"},"schema":{"@context":"https:\/\/schema.org","@graph":[{"@type":"Article","@id":"https:\/\/www.africa-press.net\/mali\/economie\/augmentation-des-prix-de-la-viande-et-crise-au-mali#article","isPartOf":{"@id":"https:\/\/www.africa-press.net\/mali\/economie\/augmentation-des-prix-de-la-viande-et-crise-au-mali"},"author":{"name":"cfeditorfr","@id":"https:\/\/www.africa-press.net\/mali\/#\/schema\/person\/2b1cf3cd81a31e3cd26889ca66d677f1"},"headline":"Augmentation des Prix de la Viande et Crise au Mali","datePublished":"2026-04-30T12:10:00+00:00","dateModified":"2026-04-30T18:27:00+00:00","mainEntityOfPage":{"@id":"https:\/\/www.africa-press.net\/mali\/economie\/augmentation-des-prix-de-la-viande-et-crise-au-mali"},"wordCount":592,"commentCount":0,"image":{"@id":"https:\/\/www.africa-press.net\/mali\/economie\/augmentation-des-prix-de-la-viande-et-crise-au-mali#primaryimage"},"thumbnailUrl":"https:\/\/static.africa-press.net\/mali\/sites\/21\/2026\/04\/sm_1777573431.800137.jpg","keywords":["consommation","\u00e9levage","mali","March\u00e9","march\u00e9 local","pouvoir d'achat","prix de la viande"],"articleSection":["\u00c9conomie","Toutes les actualit\u00e9s"],"inLanguage":"fr-FR","potentialAction":[{"@type":"CommentAction","name":"Comment","target":["https:\/\/www.africa-press.net\/mali\/economie\/augmentation-des-prix-de-la-viande-et-crise-au-mali#respond"]}]},{"@type":"WebPage","@id":"https:\/\/www.africa-press.net\/mali\/economie\/augmentation-des-prix-de-la-viande-et-crise-au-mali","url":"https:\/\/www.africa-press.net\/mali\/economie\/augmentation-des-prix-de-la-viande-et-crise-au-mali","name":"Augmentation des Prix de la Viande et Crise au Mali - Mali","isPartOf":{"@id":"https:\/\/www.africa-press.net\/mali\/#website"},"primaryImageOfPage":{"@id":"https:\/\/www.africa-press.net\/mali\/economie\/augmentation-des-prix-de-la-viande-et-crise-au-mali#primaryimage"},"image":{"@id":"https:\/\/www.africa-press.net\/mali\/economie\/augmentation-des-prix-de-la-viande-et-crise-au-mali#primaryimage"},"thumbnailUrl":"https:\/\/static.africa-press.net\/mali\/sites\/21\/2026\/04\/sm_1777573431.800137.jpg","datePublished":"2026-04-30T12:10:00+00:00","dateModified":"2026-04-30T18:27:00+00:00","author":{"@id":"https:\/\/www.africa-press.net\/mali\/#\/schema\/person\/2b1cf3cd81a31e3cd26889ca66d677f1"},"description":"La flamb\u00e9e des prix de la viande au Mali impacte les consommateurs et d\u00e9sorganise les circuits d'approvisionnement.","breadcrumb":{"@id":"https:\/\/www.africa-press.net\/mali\/economie\/augmentation-des-prix-de-la-viande-et-crise-au-mali#breadcrumb"},"inLanguage":"fr-FR","potentialAction":[{"@type":"ReadAction","target":["https:\/\/www.africa-press.net\/mali\/economie\/augmentation-des-prix-de-la-viande-et-crise-au-mali"]}]},{"@type":"ImageObject","inLanguage":"fr-FR","@id":"https:\/\/www.africa-press.net\/mali\/economie\/augmentation-des-prix-de-la-viande-et-crise-au-mali#primaryimage","url":"https:\/\/static.africa-press.net\/mali\/sites\/21\/2026\/04\/sm_1777573431.800137.jpg","contentUrl":"https:\/\/static.africa-press.net\/mali\/sites\/21\/2026\/04\/sm_1777573431.800137.jpg","width":720,"height":479,"caption":"Augmentation des Prix de la Viande et Crise au Mali"},{"@type":"BreadcrumbList","@id":"https:\/\/www.africa-press.net\/mali\/economie\/augmentation-des-prix-de-la-viande-et-crise-au-mali#breadcrumb","itemListElement":[{"@type":"ListItem","position":1,"name":"Home","item":"https:\/\/www.africa-press.net\/mali\/"},{"@type":"ListItem","position":2,"name":"Augmentation des Prix de la Viande et Crise au Mali"}]},{"@type":"WebSite","@id":"https:\/\/www.africa-press.net\/mali\/#website","url":"https:\/\/www.africa-press.net\/mali\/","name":"Mali","description":"Just another Africa News Agency Sites site","potentialAction":[{"@type":"SearchAction","target":{"@type":"EntryPoint","urlTemplate":"https:\/\/www.africa-press.net\/mali\/?s={search_term_string}"},"query-input":{"@type":"PropertyValueSpecification","valueRequired":true,"valueName":"search_term_string"}}],"inLanguage":"fr-FR"},{"@type":"Person","@id":"https:\/\/www.africa-press.net\/mali\/#\/schema\/person\/2b1cf3cd81a31e3cd26889ca66d677f1","name":"cfeditorfr"}]}},"_links":{"self":[{"href":"https:\/\/www.africa-press.net\/mali\/wp-json\/wp\/v2\/posts\/61004","targetHints":{"allow":["GET"]}}],"collection":[{"href":"https:\/\/www.africa-press.net\/mali\/wp-json\/wp\/v2\/posts"}],"about":[{"href":"https:\/\/www.africa-press.net\/mali\/wp-json\/wp\/v2\/types\/post"}],"author":[{"embeddable":true,"href":"https:\/\/www.africa-press.net\/mali\/wp-json\/wp\/v2\/users\/82"}],"replies":[{"embeddable":true,"href":"https:\/\/www.africa-press.net\/mali\/wp-json\/wp\/v2\/comments?post=61004"}],"version-history":[{"count":1,"href":"https:\/\/www.africa-press.net\/mali\/wp-json\/wp\/v2\/posts\/61004\/revisions"}],"predecessor-version":[{"id":61005,"href":"https:\/\/www.africa-press.net\/mali\/wp-json\/wp\/v2\/posts\/61004\/revisions\/61005"}],"wp:featuredmedia":[{"embeddable":true,"href":"https:\/\/www.africa-press.net\/mali\/wp-json\/wp\/v2\/media\/61003"}],"wp:attachment":[{"href":"https:\/\/www.africa-press.net\/mali\/wp-json\/wp\/v2\/media?parent=61004"}],"wp:term":[{"taxonomy":"category","embeddable":true,"href":"https:\/\/www.africa-press.net\/mali\/wp-json\/wp\/v2\/categories?post=61004"},{"taxonomy":"post_tag","embeddable":true,"href":"https:\/\/www.africa-press.net\/mali\/wp-json\/wp\/v2\/tags?post=61004"}],"curies":[{"name":"wp","href":"https:\/\/api.w.org\/{rel}","templated":true}]}}