{"id":61010,"date":"2026-04-30T12:18:35","date_gmt":"2026-04-30T12:18:35","guid":{"rendered":"https:\/\/www.africa-press.net\/mali\/politique\/le-mali-face-a-lhydre-terroriste-hybride"},"modified":"2026-04-30T18:28:13","modified_gmt":"2026-04-30T18:28:13","slug":"le-mali-face-a-lhydre-terroriste-hybride","status":"publish","type":"post","link":"https:\/\/www.africa-press.net\/mali\/dossiers\/le-mali-face-a-lhydre-terroriste-hybride","title":{"rendered":"Le Mali Face \u00e0 L\u2019Hydre Terroriste Hybride"},"content":{"rendered":"<p><b>Mohamed Lamine Kaba<\/b><\/p>\n<div class=\"ap-summary\" dir=\"ltr\" lang=\"fr\">\n<h4>CE Qu\u2019Il Faut Savoir<\/h4>\n<p>Le Mali fait face \u00e0 une menace terroriste hybride, orchestr\u00e9e par des forces ext\u00e9rieures cherchant \u00e0 d\u00e9stabiliser le pays. Malgr\u00e9 les tentatives de coup d&rsquo;\u00c9tat et les mercenaires, la coh\u00e9sion entre l&rsquo;arm\u00e9e et le peuple malien se renforce, affirmant la souverainet\u00e9 nationale. Le 25 avril 2026 pourrait marquer un tournant dans cette lutte.<\/p>\n<\/div>\n<p><span class=\"ap-article-header-tag\"> <strong>Africa-Press &#8211; Mali. <\/strong> <\/span>Paris mobilise ses allie\u0301s atlantistes, instrumentalise ses proxys ukrainiens et active les mercenaires de la sous-re\u0301gion pour projeter une guerre hybride totale. Sous le masque de l\u2019hydre terroriste, une strate\u0301gie de de\u0301stabilisation coordonne\u0301e tente de briser la souverainete\u0301 de Bamako.<\/p>\n<p>Paradoxalement, l\u2019illusion ide\u0301ologique s\u2019effondre devant la re\u0301alite\u0301 comptable. Les terroristes capture\u0301s apre\u0300s les affrontements a\u0300 Niono, dans la zone de Bandiagara et dans le quartier Samake\u0301bougou ont rompu le silence: 500 dollars par jour. Ce n\u2019est pas le prix du fanatisme, c\u2019est le tarif d\u2019un mercenariat de masse. Ce financement massif, impossible a\u0300 ge\u0301ne\u0301rer localement, provient de circuits financiers occultes pilote\u0301s depuis les capitales occidentales ; Paris en te\u0302te de liste de la mobilisation des forces de terreur. Le terrorisme sahe\u0301lien est devenu une e\u0301conomie de services. Une sous-traitance de la violence visant a\u0300 rendre le pays ingouvernable pour justifier, a\u0300 terme, un retour de la tutelle internationale.<\/p>\n<p><b>Le terrorisme informationnel: la synchro de Paris<\/b><\/p>\n<p>La guerre ne se joue pas qu\u2019au fusil. Elle se gagne dans les esprits. La rapidite\u0301 avec laquelle les me\u0301dias franc\u0327ais ont relaye\u0301 les pre\u0301tendus \u00absucce\u0300s\u00bb terroristes lors de l\u2019intrusion avorte\u0301e a\u0300 Gao, a\u0300 Kidal et a\u0300 Tombouctou n\u2019est pas du journalisme, c\u2019est de la logistique psychologique. Diffuser l\u2019information avant me\u0302me la confirmation des autorite\u0301s maliennes rele\u0300ve d\u2019une strate\u0301gie de panique planifie\u0301e pour distille\u0301e au sein de la population civile et a\u0300 soutenir les terroristes. En agissant comme la caisse de re\u0301sonance des assaillants, la presse hexagonale s\u2019est mue\u0301e en unite\u0301 d\u2019appui tactique, cherchant a\u0300 briser le moral de la population civile pour isoler l\u2019E\u0301tat. L\u2019Union africaine elle-me\u0302me a du\u0302 tirer la sonnette d\u2019alarme, condamnant fermement ces actes qui menacent la stabilite\u0301 de tout le continent.<\/p>\n<p><b>Le rempart de la souverainete\u0301<\/b><\/p>\n<p>Le plan a e\u0301choue\u0301 sur un e\u0301cueil impre\u0301vu: la cohe\u0301sion organique. L\u2019unite\u0301 entre l\u2019arme\u0301e et le peuple n\u2019est plus un slogan, c\u2019est une arme de\u0301fensive. En survivant a\u0300 cette tentative de de\u0301capitation administrative a\u0300 travers tout le territoire, de Kayes aux confins du Nord, Bamako a valide\u0301 son mode\u0300le de de\u0301veloppement souverain. La re\u0301silience malienne de\u0301samorce les logiques de domination. L\u2019assaut du 25 avril e\u0301tait cense\u0301 e\u0302tre un coup de gra\u0302ce ; il est devenu le catalyseur d\u2019une nation qui ne demande plus l\u2019autorisation d\u2019exister.<\/p>\n<p><b>La fin de l\u2019impunite\u0301<\/b><\/p>\n<p>Le Mali de\u0301nonce. Le Mali expose. Les masques tombent un a\u0300 un. Cette tentative de coup d\u2019E\u0301tat, orchestre\u0301e par l\u2019Occident via ses proxys re\u0301gionaux et ukrainiens, marque la fin d\u2019un cycle. On ne renverse pas un gouvernement porte\u0301 par son peuple avec des mercenaires a\u0300 500 dollars. L\u2019histoire retiendra que le 25 avril 2026 fut le jour ou\u0300 la strate\u0301gie du chaos a rencontre\u0301 son mai\u0302tre. La souverainete\u0301 n\u2019est plus une option, c\u2019est une re\u0301alite\u0301 de combat. Le Mali est debout. L\u2019Occident a perdu la main.<\/p>\n<p>On peut dire que le Mali n\u2019est plus une proie ; il est le tombeau des velle\u0301ite\u0301s impe\u0301riales.<\/p>\n<p>Depuis plusieurs anne\u0301es, le Mali est confronte\u0301 a\u0300 des de\u0301fis se\u0301curitaires majeurs, notamment en raison de la monte\u0301e du terrorisme dans la re\u0301gion du Sahel. Les interventions militaires e\u0301trange\u0300res, souvent critique\u0301es, ont e\u0301te\u0301 perc\u0327ues comme des tentatives d&rsquo;inge\u0301rence dans les affaires internes du pays. La situation a conduit a\u0300 une prise de conscience croissante de la ne\u0301cessite\u0301 de de\u0301fendre la souverainete\u0301 nationale et de renforcer la re\u0301silience face aux menaces exte\u0301rieures.<\/p>\n<p class=\"ap-article-footer-note\">Retrouvez plus d\u2019actualit\u00e9s et d\u2019analyses sur <span class=\"ap-highlight-country\">Mali<\/span> sur le site <span class=\"ap-highlight-brand\">Africa Press<\/span><\/p>\n","protected":false},"excerpt":{"rendered":"<p>Mohamed Lamine Kaba CE Qu\u2019Il Faut Savoir Le Mali fait face \u00e0 une menace terroriste hybride, orchestr\u00e9e par des forces ext\u00e9rieures cherchant \u00e0 d\u00e9stabiliser le pays. Malgr\u00e9 les tentatives de coup d&rsquo;\u00c9tat et les mercenaires, la coh\u00e9sion entre l&rsquo;arm\u00e9e et le peuple malien se renforce, affirmant la souverainet\u00e9 nationale. Le 25 avril 2026 pourrait marquer [&hellip;]<\/p>\n","protected":false},"author":82,"featured_media":61008,"comment_status":"open","ping_status":"closed","sticky":false,"template":"","format":"standard","meta":{"footnotes":""},"categories":[13,17],"tags":[2003,19,2002,900,191],"class_list":["post-61010","post","type-post","status-publish","format-standard","has-post-thumbnail","hentry","category-dossiers","category-toutes-les-actualites","tag-guerre-hybride","tag-mali","tag-resilience","tag-souverainete","tag-terrorisme"],"yoast_head":"<!-- This site is optimized with the Yoast SEO Premium plugin v26.1 (Yoast SEO v27.0) - https:\/\/yoast.com\/product\/yoast-seo-premium-wordpress\/ -->\n<title>Le Mali Face \u00e0 L\u2019Hydre Terroriste Hybride - Mali<\/title>\n<meta name=\"description\" content=\"D\u00e9couvrez comment le Mali r\u00e9siste \u00e0 la menace terroriste hybride et d\u00e9fend sa souverainet\u00e9 face aux ing\u00e9rences ext\u00e9rieures.\" \/>\n<meta name=\"robots\" content=\"index, follow, max-snippet:-1, max-image-preview:large, max-video-preview:-1\" \/>\n<link rel=\"canonical\" href=\"https:\/\/www.africa-press.net\/mali\/dossiers\/le-mali-face-a-lhydre-terroriste-hybride\" \/>\n<meta property=\"og:locale\" content=\"fr_FR\" \/>\n<meta property=\"og:type\" content=\"article\" \/>\n<meta property=\"og:title\" content=\"Le Mali Face \u00e0 L\u2019Hydre Terroriste Hybride\" \/>\n<meta property=\"og:description\" content=\"D\u00e9couvrez comment le Mali r\u00e9siste \u00e0 la menace terroriste hybride et d\u00e9fend sa souverainet\u00e9 face aux ing\u00e9rences ext\u00e9rieures.\" \/>\n<meta property=\"og:url\" content=\"https:\/\/www.africa-press.net\/mali\/dossiers\/le-mali-face-a-lhydre-terroriste-hybride\" \/>\n<meta property=\"og:site_name\" content=\"Mali\" \/>\n<meta property=\"article:publisher\" content=\"https:\/\/www.facebook.com\/AfricaPressTunisiaa\" \/>\n<meta property=\"article:published_time\" content=\"2026-04-30T12:18:35+00:00\" \/>\n<meta property=\"article:modified_time\" content=\"2026-04-30T18:28:13+00:00\" \/>\n<meta property=\"og:image\" content=\"https:\/\/static.africa-press.net\/mali\/sites\/21\/2026\/04\/sm_1777573657.273352.jpg\" \/>\n\t<meta property=\"og:image:width\" content=\"720\" \/>\n\t<meta property=\"og:image:height\" content=\"413\" \/>\n\t<meta property=\"og:image:type\" content=\"image\/jpeg\" \/>\n<meta name=\"author\" content=\"cfeditorfr\" \/>\n<meta name=\"twitter:card\" content=\"summary_large_image\" \/>\n<meta name=\"twitter:label1\" content=\"\u00c9crit par\" \/>\n\t<meta name=\"twitter:data1\" content=\"cfeditorfr\" \/>\n\t<meta name=\"twitter:label2\" content=\"Dur\u00e9e de lecture estim\u00e9e\" \/>\n\t<meta name=\"twitter:data2\" content=\"4 minutes\" \/>\n<script type=\"application\/ld+json\" class=\"yoast-schema-graph\">{\"@context\":\"https:\/\/schema.org\",\"@graph\":[{\"@type\":\"Article\",\"@id\":\"https:\/\/www.africa-press.net\/mali\/dossiers\/le-mali-face-a-lhydre-terroriste-hybride#article\",\"isPartOf\":{\"@id\":\"https:\/\/www.africa-press.net\/mali\/dossiers\/le-mali-face-a-lhydre-terroriste-hybride\"},\"author\":{\"name\":\"cfeditorfr\",\"@id\":\"https:\/\/www.africa-press.net\/mali\/#\/schema\/person\/2b1cf3cd81a31e3cd26889ca66d677f1\"},\"headline\":\"Le Mali Face \u00e0 L\u2019Hydre Terroriste Hybride\",\"datePublished\":\"2026-04-30T12:18:35+00:00\",\"dateModified\":\"2026-04-30T18:28:13+00:00\",\"mainEntityOfPage\":{\"@id\":\"https:\/\/www.africa-press.net\/mali\/dossiers\/le-mali-face-a-lhydre-terroriste-hybride\"},\"wordCount\":736,\"commentCount\":0,\"image\":{\"@id\":\"https:\/\/www.africa-press.net\/mali\/dossiers\/le-mali-face-a-lhydre-terroriste-hybride#primaryimage\"},\"thumbnailUrl\":\"https:\/\/static.africa-press.net\/mali\/sites\/21\/2026\/04\/sm_1777573657.273352.jpg\",\"keywords\":[\"guerre hybride\",\"mali\",\"r\u00e9silience\",\"Souverainet\u00e9\",\"terrorisme\"],\"articleSection\":[\"Dossiers\",\"Toutes les actualit\u00e9s\"],\"inLanguage\":\"fr-FR\",\"potentialAction\":[{\"@type\":\"CommentAction\",\"name\":\"Comment\",\"target\":[\"https:\/\/www.africa-press.net\/mali\/dossiers\/le-mali-face-a-lhydre-terroriste-hybride#respond\"]}]},{\"@type\":\"WebPage\",\"@id\":\"https:\/\/www.africa-press.net\/mali\/dossiers\/le-mali-face-a-lhydre-terroriste-hybride\",\"url\":\"https:\/\/www.africa-press.net\/mali\/dossiers\/le-mali-face-a-lhydre-terroriste-hybride\",\"name\":\"Le Mali Face \u00e0 L\u2019Hydre Terroriste Hybride - Mali\",\"isPartOf\":{\"@id\":\"https:\/\/www.africa-press.net\/mali\/#website\"},\"primaryImageOfPage\":{\"@id\":\"https:\/\/www.africa-press.net\/mali\/dossiers\/le-mali-face-a-lhydre-terroriste-hybride#primaryimage\"},\"image\":{\"@id\":\"https:\/\/www.africa-press.net\/mali\/dossiers\/le-mali-face-a-lhydre-terroriste-hybride#primaryimage\"},\"thumbnailUrl\":\"https:\/\/static.africa-press.net\/mali\/sites\/21\/2026\/04\/sm_1777573657.273352.jpg\",\"datePublished\":\"2026-04-30T12:18:35+00:00\",\"dateModified\":\"2026-04-30T18:28:13+00:00\",\"author\":{\"@id\":\"https:\/\/www.africa-press.net\/mali\/#\/schema\/person\/2b1cf3cd81a31e3cd26889ca66d677f1\"},\"description\":\"D\u00e9couvrez comment le Mali r\u00e9siste \u00e0 la menace terroriste hybride et d\u00e9fend sa souverainet\u00e9 face aux ing\u00e9rences ext\u00e9rieures.\",\"breadcrumb\":{\"@id\":\"https:\/\/www.africa-press.net\/mali\/dossiers\/le-mali-face-a-lhydre-terroriste-hybride#breadcrumb\"},\"inLanguage\":\"fr-FR\",\"potentialAction\":[{\"@type\":\"ReadAction\",\"target\":[\"https:\/\/www.africa-press.net\/mali\/dossiers\/le-mali-face-a-lhydre-terroriste-hybride\"]}]},{\"@type\":\"ImageObject\",\"inLanguage\":\"fr-FR\",\"@id\":\"https:\/\/www.africa-press.net\/mali\/dossiers\/le-mali-face-a-lhydre-terroriste-hybride#primaryimage\",\"url\":\"https:\/\/static.africa-press.net\/mali\/sites\/21\/2026\/04\/sm_1777573657.273352.jpg\",\"contentUrl\":\"https:\/\/static.africa-press.net\/mali\/sites\/21\/2026\/04\/sm_1777573657.273352.jpg\",\"width\":720,\"height\":413,\"caption\":\"Le Mali Face \u00e0 L\u2019Hydre Terroriste Hybride\"},{\"@type\":\"BreadcrumbList\",\"@id\":\"https:\/\/www.africa-press.net\/mali\/dossiers\/le-mali-face-a-lhydre-terroriste-hybride#breadcrumb\",\"itemListElement\":[{\"@type\":\"ListItem\",\"position\":1,\"name\":\"Home\",\"item\":\"https:\/\/www.africa-press.net\/mali\/\"},{\"@type\":\"ListItem\",\"position\":2,\"name\":\"Le Mali Face \u00e0 L\u2019Hydre Terroriste Hybride\"}]},{\"@type\":\"WebSite\",\"@id\":\"https:\/\/www.africa-press.net\/mali\/#website\",\"url\":\"https:\/\/www.africa-press.net\/mali\/\",\"name\":\"Mali\",\"description\":\"Just another Africa News Agency Sites site\",\"potentialAction\":[{\"@type\":\"SearchAction\",\"target\":{\"@type\":\"EntryPoint\",\"urlTemplate\":\"https:\/\/www.africa-press.net\/mali\/?s={search_term_string}\"},\"query-input\":{\"@type\":\"PropertyValueSpecification\",\"valueRequired\":true,\"valueName\":\"search_term_string\"}}],\"inLanguage\":\"fr-FR\"},{\"@type\":\"Person\",\"@id\":\"https:\/\/www.africa-press.net\/mali\/#\/schema\/person\/2b1cf3cd81a31e3cd26889ca66d677f1\",\"name\":\"cfeditorfr\"}]}<\/script>\n<!-- \/ Yoast SEO Premium plugin. -->","yoast_head_json":{"title":"Le Mali Face \u00e0 L\u2019Hydre Terroriste Hybride - Mali","description":"D\u00e9couvrez comment le Mali r\u00e9siste \u00e0 la menace terroriste hybride et d\u00e9fend sa souverainet\u00e9 face aux ing\u00e9rences ext\u00e9rieures.","robots":{"index":"index","follow":"follow","max-snippet":"max-snippet:-1","max-image-preview":"max-image-preview:large","max-video-preview":"max-video-preview:-1"},"canonical":"https:\/\/www.africa-press.net\/mali\/dossiers\/le-mali-face-a-lhydre-terroriste-hybride","og_locale":"fr_FR","og_type":"article","og_title":"Le Mali Face \u00e0 L\u2019Hydre Terroriste Hybride","og_description":"D\u00e9couvrez comment le Mali r\u00e9siste \u00e0 la menace terroriste hybride et d\u00e9fend sa souverainet\u00e9 face aux ing\u00e9rences ext\u00e9rieures.","og_url":"https:\/\/www.africa-press.net\/mali\/dossiers\/le-mali-face-a-lhydre-terroriste-hybride","og_site_name":"Mali","article_publisher":"https:\/\/www.facebook.com\/AfricaPressTunisiaa","article_published_time":"2026-04-30T12:18:35+00:00","article_modified_time":"2026-04-30T18:28:13+00:00","og_image":[{"width":720,"height":413,"url":"https:\/\/static.africa-press.net\/mali\/sites\/21\/2026\/04\/sm_1777573657.273352.jpg","type":"image\/jpeg"}],"author":"cfeditorfr","twitter_card":"summary_large_image","twitter_misc":{"\u00c9crit par":"cfeditorfr","Dur\u00e9e de lecture estim\u00e9e":"4 minutes"},"schema":{"@context":"https:\/\/schema.org","@graph":[{"@type":"Article","@id":"https:\/\/www.africa-press.net\/mali\/dossiers\/le-mali-face-a-lhydre-terroriste-hybride#article","isPartOf":{"@id":"https:\/\/www.africa-press.net\/mali\/dossiers\/le-mali-face-a-lhydre-terroriste-hybride"},"author":{"name":"cfeditorfr","@id":"https:\/\/www.africa-press.net\/mali\/#\/schema\/person\/2b1cf3cd81a31e3cd26889ca66d677f1"},"headline":"Le Mali Face \u00e0 L\u2019Hydre Terroriste Hybride","datePublished":"2026-04-30T12:18:35+00:00","dateModified":"2026-04-30T18:28:13+00:00","mainEntityOfPage":{"@id":"https:\/\/www.africa-press.net\/mali\/dossiers\/le-mali-face-a-lhydre-terroriste-hybride"},"wordCount":736,"commentCount":0,"image":{"@id":"https:\/\/www.africa-press.net\/mali\/dossiers\/le-mali-face-a-lhydre-terroriste-hybride#primaryimage"},"thumbnailUrl":"https:\/\/static.africa-press.net\/mali\/sites\/21\/2026\/04\/sm_1777573657.273352.jpg","keywords":["guerre hybride","mali","r\u00e9silience","Souverainet\u00e9","terrorisme"],"articleSection":["Dossiers","Toutes les actualit\u00e9s"],"inLanguage":"fr-FR","potentialAction":[{"@type":"CommentAction","name":"Comment","target":["https:\/\/www.africa-press.net\/mali\/dossiers\/le-mali-face-a-lhydre-terroriste-hybride#respond"]}]},{"@type":"WebPage","@id":"https:\/\/www.africa-press.net\/mali\/dossiers\/le-mali-face-a-lhydre-terroriste-hybride","url":"https:\/\/www.africa-press.net\/mali\/dossiers\/le-mali-face-a-lhydre-terroriste-hybride","name":"Le Mali Face \u00e0 L\u2019Hydre Terroriste Hybride - Mali","isPartOf":{"@id":"https:\/\/www.africa-press.net\/mali\/#website"},"primaryImageOfPage":{"@id":"https:\/\/www.africa-press.net\/mali\/dossiers\/le-mali-face-a-lhydre-terroriste-hybride#primaryimage"},"image":{"@id":"https:\/\/www.africa-press.net\/mali\/dossiers\/le-mali-face-a-lhydre-terroriste-hybride#primaryimage"},"thumbnailUrl":"https:\/\/static.africa-press.net\/mali\/sites\/21\/2026\/04\/sm_1777573657.273352.jpg","datePublished":"2026-04-30T12:18:35+00:00","dateModified":"2026-04-30T18:28:13+00:00","author":{"@id":"https:\/\/www.africa-press.net\/mali\/#\/schema\/person\/2b1cf3cd81a31e3cd26889ca66d677f1"},"description":"D\u00e9couvrez comment le Mali r\u00e9siste \u00e0 la menace terroriste hybride et d\u00e9fend sa souverainet\u00e9 face aux ing\u00e9rences ext\u00e9rieures.","breadcrumb":{"@id":"https:\/\/www.africa-press.net\/mali\/dossiers\/le-mali-face-a-lhydre-terroriste-hybride#breadcrumb"},"inLanguage":"fr-FR","potentialAction":[{"@type":"ReadAction","target":["https:\/\/www.africa-press.net\/mali\/dossiers\/le-mali-face-a-lhydre-terroriste-hybride"]}]},{"@type":"ImageObject","inLanguage":"fr-FR","@id":"https:\/\/www.africa-press.net\/mali\/dossiers\/le-mali-face-a-lhydre-terroriste-hybride#primaryimage","url":"https:\/\/static.africa-press.net\/mali\/sites\/21\/2026\/04\/sm_1777573657.273352.jpg","contentUrl":"https:\/\/static.africa-press.net\/mali\/sites\/21\/2026\/04\/sm_1777573657.273352.jpg","width":720,"height":413,"caption":"Le Mali Face \u00e0 L\u2019Hydre Terroriste Hybride"},{"@type":"BreadcrumbList","@id":"https:\/\/www.africa-press.net\/mali\/dossiers\/le-mali-face-a-lhydre-terroriste-hybride#breadcrumb","itemListElement":[{"@type":"ListItem","position":1,"name":"Home","item":"https:\/\/www.africa-press.net\/mali\/"},{"@type":"ListItem","position":2,"name":"Le Mali Face \u00e0 L\u2019Hydre Terroriste Hybride"}]},{"@type":"WebSite","@id":"https:\/\/www.africa-press.net\/mali\/#website","url":"https:\/\/www.africa-press.net\/mali\/","name":"Mali","description":"Just another Africa News Agency Sites site","potentialAction":[{"@type":"SearchAction","target":{"@type":"EntryPoint","urlTemplate":"https:\/\/www.africa-press.net\/mali\/?s={search_term_string}"},"query-input":{"@type":"PropertyValueSpecification","valueRequired":true,"valueName":"search_term_string"}}],"inLanguage":"fr-FR"},{"@type":"Person","@id":"https:\/\/www.africa-press.net\/mali\/#\/schema\/person\/2b1cf3cd81a31e3cd26889ca66d677f1","name":"cfeditorfr"}]}},"_links":{"self":[{"href":"https:\/\/www.africa-press.net\/mali\/wp-json\/wp\/v2\/posts\/61010","targetHints":{"allow":["GET"]}}],"collection":[{"href":"https:\/\/www.africa-press.net\/mali\/wp-json\/wp\/v2\/posts"}],"about":[{"href":"https:\/\/www.africa-press.net\/mali\/wp-json\/wp\/v2\/types\/post"}],"author":[{"embeddable":true,"href":"https:\/\/www.africa-press.net\/mali\/wp-json\/wp\/v2\/users\/82"}],"replies":[{"embeddable":true,"href":"https:\/\/www.africa-press.net\/mali\/wp-json\/wp\/v2\/comments?post=61010"}],"version-history":[{"count":1,"href":"https:\/\/www.africa-press.net\/mali\/wp-json\/wp\/v2\/posts\/61010\/revisions"}],"predecessor-version":[{"id":61011,"href":"https:\/\/www.africa-press.net\/mali\/wp-json\/wp\/v2\/posts\/61010\/revisions\/61011"}],"wp:featuredmedia":[{"embeddable":true,"href":"https:\/\/www.africa-press.net\/mali\/wp-json\/wp\/v2\/media\/61008"}],"wp:attachment":[{"href":"https:\/\/www.africa-press.net\/mali\/wp-json\/wp\/v2\/media?parent=61010"}],"wp:term":[{"taxonomy":"category","embeddable":true,"href":"https:\/\/www.africa-press.net\/mali\/wp-json\/wp\/v2\/categories?post=61010"},{"taxonomy":"post_tag","embeddable":true,"href":"https:\/\/www.africa-press.net\/mali\/wp-json\/wp\/v2\/tags?post=61010"}],"curies":[{"name":"wp","href":"https:\/\/api.w.org\/{rel}","templated":true}]}}