{"id":61016,"date":"2026-04-30T17:27:23","date_gmt":"2026-04-30T17:27:23","guid":{"rendered":"https:\/\/www.africa-press.net\/mali\/politique\/frappes-aeriennes-a-kidal-cache-logistique-destruire"},"modified":"2026-04-30T18:32:35","modified_gmt":"2026-04-30T18:32:35","slug":"frappes-aeriennes-a-kidal-cache-logistique-destruire","status":"publish","type":"post","link":"https:\/\/www.africa-press.net\/mali\/politique\/frappes-aeriennes-a-kidal-cache-logistique-destruire","title":{"rendered":"Frappes A\u00e9riennes \u00e0 Kidal: Cache Logistique Destruire"},"content":{"rendered":"<div class=\"ap-summary\" dir=\"ltr\" lang=\"fr\">\n<h4>CE Qu\u2019Il Faut Savoir<\/h4>\n<p>Les Forces arm\u00e9es maliennes (FAMa) ont effectu\u00e9 des frappes a\u00e9riennes \u00e0 Kidal, ciblant une cache logistique de groupes terroristes. Ces op\u00e9rations, men\u00e9es le 29 avril 2026, ont abouti \u00e0 la destruction d&rsquo;\u00e9quipements militaires et \u00e0 la neutralisation de plusieurs terroristes. L&rsquo;\u00c9tat-Major a salu\u00e9 l&rsquo;engagement des FAMa dans la lutte contre le terrorisme.<\/p>\n<\/div>\n<p><span class=\"ap-article-header-tag\"> <strong>Africa-Press &#8211; Mali. <\/strong> <\/span><b>L\u2019E\u0301tat-Major ge\u0301ne\u0301ral des Arme\u0301es a annonce\u0301, dans un communique\u0301, de nouvelles frappes ae\u0301riennes mene\u0301es le mercredi 29 avril 2026 dans la ville de Kidal, dans le cadre des ope\u0301rations de reconnaissance offensive en cours.<\/b><\/p>\n<p>Selon l\u2019arme\u0301e, les vecteurs ae\u0301riens des Forces arme\u0301es maliennes (FAMa) ont cible\u0301 une cache d\u2019armes et de moyens logistiques appartenant a\u0300 des groupes arme\u0301s terroristes, apre\u0300s les frappes pre\u0301ce\u0301dentes sur le camp et le gouvernorat.<\/p>\n<p>Le bilan fait e\u0301tat de plusieurs terroristes neutralise\u0301s ainsi que de la destruction totale des e\u0301quipements vise\u0301s, dont une citerne de carburant, un ve\u0301hicule pick-up arme\u0301 et un engin blinde\u0301.<\/p>\n<p>Le Chef d\u2019E\u0301tat-Major ge\u0301ne\u0301ral des Arme\u0301es a salue\u0301 la de\u0301termination et l\u2019engagement des FAMa, tout en re\u0301affirmant que les groupes arme\u0301s terroristes seront traque\u0301s sur l\u2019ensemble du territoire national.<\/p>\n<p>Le Mali fait face a\u0300 une insurrection arme\u0301e depuis 2012, avec des groupes terroristes ope\u0301rant principalement dans le nord du pays. Kidal, une ville strate\u0301gique, a e\u0301te\u0301 un bastion pour ces groupes, rendant les ope\u0301rations militaires cruciales pour la se\u0301curite\u0301 nationale. Les Forces arme\u0301es maliennes intensifient leurs efforts pour restaurer l&rsquo;ordre et traquer les e\u0301le\u0301ments terroristes a\u0300 travers le pays, dans un contexte de de\u0301fis se\u0301curitaires persistants. La coope\u0301ration internationale et les ope\u0301rations militaires sont essentielles pour contrer cette menace.<\/p>\n<p class=\"ap-article-footer-note\">Retrouvez plus d\u2019actualit\u00e9s et d\u2019analyses sur <span class=\"ap-highlight-country\">Mali<\/span> sur le site <span class=\"ap-highlight-brand\">Africa Press<\/span><\/p>\n","protected":false},"excerpt":{"rendered":"<p>CE Qu\u2019Il Faut Savoir Les Forces arm\u00e9es maliennes (FAMa) ont effectu\u00e9 des frappes a\u00e9riennes \u00e0 Kidal, ciblant une cache logistique de groupes terroristes. Ces op\u00e9rations, men\u00e9es le 29 avril 2026, ont abouti \u00e0 la destruction d&rsquo;\u00e9quipements militaires et \u00e0 la neutralisation de plusieurs terroristes. L&rsquo;\u00c9tat-Major a salu\u00e9 l&rsquo;engagement des FAMa dans la lutte contre le [&hellip;]<\/p>\n","protected":false},"author":82,"featured_media":61015,"comment_status":"open","ping_status":"closed","sticky":false,"template":"","format":"standard","meta":{"footnotes":""},"categories":[7,17],"tags":[538,2004,202,19,191],"class_list":["post-61016","post","type-post","status-publish","format-standard","has-post-thumbnail","hentry","category-politique","category-toutes-les-actualites","tag-fama","tag-frappes-aeriennes","tag-kidal","tag-mali","tag-terrorisme"],"yoast_head":"<!-- This site is optimized with the Yoast SEO Premium plugin v26.1 (Yoast SEO v27.0) - https:\/\/yoast.com\/product\/yoast-seo-premium-wordpress\/ -->\n<title>Frappes A\u00e9riennes \u00e0 Kidal: Cache Logistique Destruire - Mali<\/title>\n<meta name=\"description\" content=\"Les FAMa ont men\u00e9 des frappes \u00e0 Kidal, d\u00e9truisant une cache logistique de terroristes et neutralisant plusieurs d&#039;entre eux.\" \/>\n<meta name=\"robots\" content=\"index, follow, max-snippet:-1, max-image-preview:large, max-video-preview:-1\" \/>\n<link rel=\"canonical\" href=\"https:\/\/www.africa-press.net\/mali\/politique\/frappes-aeriennes-a-kidal-cache-logistique-destruire\" \/>\n<meta property=\"og:locale\" content=\"fr_FR\" \/>\n<meta property=\"og:type\" content=\"article\" \/>\n<meta property=\"og:title\" content=\"Frappes A\u00e9riennes \u00e0 Kidal: Cache Logistique Destruire\" \/>\n<meta property=\"og:description\" content=\"Les FAMa ont men\u00e9 des frappes \u00e0 Kidal, d\u00e9truisant une cache logistique de terroristes et neutralisant plusieurs d&#039;entre eux.\" \/>\n<meta property=\"og:url\" content=\"https:\/\/www.africa-press.net\/mali\/politique\/frappes-aeriennes-a-kidal-cache-logistique-destruire\" \/>\n<meta property=\"og:site_name\" content=\"Mali\" \/>\n<meta property=\"article:publisher\" content=\"https:\/\/www.facebook.com\/AfricaPressTunisiaa\" \/>\n<meta property=\"article:published_time\" content=\"2026-04-30T17:27:23+00:00\" \/>\n<meta property=\"article:modified_time\" content=\"2026-04-30T18:32:35+00:00\" \/>\n<meta property=\"og:image\" content=\"https:\/\/static.africa-press.net\/mali\/sites\/21\/2026\/04\/sm_1777573858.739377.jpg\" \/>\n\t<meta property=\"og:image:width\" content=\"720\" \/>\n\t<meta property=\"og:image:height\" content=\"479\" \/>\n\t<meta property=\"og:image:type\" content=\"image\/jpeg\" \/>\n<meta name=\"author\" content=\"cfeditorfr\" \/>\n<meta name=\"twitter:card\" content=\"summary_large_image\" \/>\n<meta name=\"twitter:label1\" content=\"\u00c9crit par\" \/>\n\t<meta name=\"twitter:data1\" content=\"cfeditorfr\" \/>\n\t<meta name=\"twitter:label2\" content=\"Dur\u00e9e de lecture estim\u00e9e\" \/>\n\t<meta name=\"twitter:data2\" content=\"2 minutes\" \/>\n<script type=\"application\/ld+json\" class=\"yoast-schema-graph\">{\"@context\":\"https:\/\/schema.org\",\"@graph\":[{\"@type\":\"Article\",\"@id\":\"https:\/\/www.africa-press.net\/mali\/politique\/frappes-aeriennes-a-kidal-cache-logistique-destruire#article\",\"isPartOf\":{\"@id\":\"https:\/\/www.africa-press.net\/mali\/politique\/frappes-aeriennes-a-kidal-cache-logistique-destruire\"},\"author\":{\"name\":\"cfeditorfr\",\"@id\":\"https:\/\/www.africa-press.net\/mali\/#\/schema\/person\/2b1cf3cd81a31e3cd26889ca66d677f1\"},\"headline\":\"Frappes A\u00e9riennes \u00e0 Kidal: Cache Logistique Destruire\",\"datePublished\":\"2026-04-30T17:27:23+00:00\",\"dateModified\":\"2026-04-30T18:32:35+00:00\",\"mainEntityOfPage\":{\"@id\":\"https:\/\/www.africa-press.net\/mali\/politique\/frappes-aeriennes-a-kidal-cache-logistique-destruire\"},\"wordCount\":336,\"commentCount\":0,\"image\":{\"@id\":\"https:\/\/www.africa-press.net\/mali\/politique\/frappes-aeriennes-a-kidal-cache-logistique-destruire#primaryimage\"},\"thumbnailUrl\":\"https:\/\/static.africa-press.net\/mali\/sites\/21\/2026\/04\/sm_1777573858.739377.jpg\",\"keywords\":[\"FAMA\",\"frappes a\u00e9riennes\",\"Kidal\",\"mali\",\"terrorisme\"],\"articleSection\":[\"Politique\",\"Toutes les actualit\u00e9s\"],\"inLanguage\":\"fr-FR\",\"potentialAction\":[{\"@type\":\"CommentAction\",\"name\":\"Comment\",\"target\":[\"https:\/\/www.africa-press.net\/mali\/politique\/frappes-aeriennes-a-kidal-cache-logistique-destruire#respond\"]}]},{\"@type\":\"WebPage\",\"@id\":\"https:\/\/www.africa-press.net\/mali\/politique\/frappes-aeriennes-a-kidal-cache-logistique-destruire\",\"url\":\"https:\/\/www.africa-press.net\/mali\/politique\/frappes-aeriennes-a-kidal-cache-logistique-destruire\",\"name\":\"Frappes A\u00e9riennes \u00e0 Kidal: Cache Logistique Destruire - Mali\",\"isPartOf\":{\"@id\":\"https:\/\/www.africa-press.net\/mali\/#website\"},\"primaryImageOfPage\":{\"@id\":\"https:\/\/www.africa-press.net\/mali\/politique\/frappes-aeriennes-a-kidal-cache-logistique-destruire#primaryimage\"},\"image\":{\"@id\":\"https:\/\/www.africa-press.net\/mali\/politique\/frappes-aeriennes-a-kidal-cache-logistique-destruire#primaryimage\"},\"thumbnailUrl\":\"https:\/\/static.africa-press.net\/mali\/sites\/21\/2026\/04\/sm_1777573858.739377.jpg\",\"datePublished\":\"2026-04-30T17:27:23+00:00\",\"dateModified\":\"2026-04-30T18:32:35+00:00\",\"author\":{\"@id\":\"https:\/\/www.africa-press.net\/mali\/#\/schema\/person\/2b1cf3cd81a31e3cd26889ca66d677f1\"},\"description\":\"Les FAMa ont men\u00e9 des frappes \u00e0 Kidal, d\u00e9truisant une cache logistique de terroristes et neutralisant plusieurs d'entre eux.\",\"breadcrumb\":{\"@id\":\"https:\/\/www.africa-press.net\/mali\/politique\/frappes-aeriennes-a-kidal-cache-logistique-destruire#breadcrumb\"},\"inLanguage\":\"fr-FR\",\"potentialAction\":[{\"@type\":\"ReadAction\",\"target\":[\"https:\/\/www.africa-press.net\/mali\/politique\/frappes-aeriennes-a-kidal-cache-logistique-destruire\"]}]},{\"@type\":\"ImageObject\",\"inLanguage\":\"fr-FR\",\"@id\":\"https:\/\/www.africa-press.net\/mali\/politique\/frappes-aeriennes-a-kidal-cache-logistique-destruire#primaryimage\",\"url\":\"https:\/\/static.africa-press.net\/mali\/sites\/21\/2026\/04\/sm_1777573858.739377.jpg\",\"contentUrl\":\"https:\/\/static.africa-press.net\/mali\/sites\/21\/2026\/04\/sm_1777573858.739377.jpg\",\"width\":720,\"height\":479,\"caption\":\"Frappes A\u00e9riennes \u00e0 Kidal: Cache Logistique Destruire\"},{\"@type\":\"BreadcrumbList\",\"@id\":\"https:\/\/www.africa-press.net\/mali\/politique\/frappes-aeriennes-a-kidal-cache-logistique-destruire#breadcrumb\",\"itemListElement\":[{\"@type\":\"ListItem\",\"position\":1,\"name\":\"Home\",\"item\":\"https:\/\/www.africa-press.net\/mali\/\"},{\"@type\":\"ListItem\",\"position\":2,\"name\":\"Frappes A\u00e9riennes \u00e0 Kidal: Cache Logistique Destruire\"}]},{\"@type\":\"WebSite\",\"@id\":\"https:\/\/www.africa-press.net\/mali\/#website\",\"url\":\"https:\/\/www.africa-press.net\/mali\/\",\"name\":\"Mali\",\"description\":\"Just another Africa News Agency Sites site\",\"potentialAction\":[{\"@type\":\"SearchAction\",\"target\":{\"@type\":\"EntryPoint\",\"urlTemplate\":\"https:\/\/www.africa-press.net\/mali\/?s={search_term_string}\"},\"query-input\":{\"@type\":\"PropertyValueSpecification\",\"valueRequired\":true,\"valueName\":\"search_term_string\"}}],\"inLanguage\":\"fr-FR\"},{\"@type\":\"Person\",\"@id\":\"https:\/\/www.africa-press.net\/mali\/#\/schema\/person\/2b1cf3cd81a31e3cd26889ca66d677f1\",\"name\":\"cfeditorfr\"}]}<\/script>\n<!-- \/ Yoast SEO Premium plugin. -->","yoast_head_json":{"title":"Frappes A\u00e9riennes \u00e0 Kidal: Cache Logistique Destruire - Mali","description":"Les FAMa ont men\u00e9 des frappes \u00e0 Kidal, d\u00e9truisant une cache logistique de terroristes et neutralisant plusieurs d'entre eux.","robots":{"index":"index","follow":"follow","max-snippet":"max-snippet:-1","max-image-preview":"max-image-preview:large","max-video-preview":"max-video-preview:-1"},"canonical":"https:\/\/www.africa-press.net\/mali\/politique\/frappes-aeriennes-a-kidal-cache-logistique-destruire","og_locale":"fr_FR","og_type":"article","og_title":"Frappes A\u00e9riennes \u00e0 Kidal: Cache Logistique Destruire","og_description":"Les FAMa ont men\u00e9 des frappes \u00e0 Kidal, d\u00e9truisant une cache logistique de terroristes et neutralisant plusieurs d'entre eux.","og_url":"https:\/\/www.africa-press.net\/mali\/politique\/frappes-aeriennes-a-kidal-cache-logistique-destruire","og_site_name":"Mali","article_publisher":"https:\/\/www.facebook.com\/AfricaPressTunisiaa","article_published_time":"2026-04-30T17:27:23+00:00","article_modified_time":"2026-04-30T18:32:35+00:00","og_image":[{"width":720,"height":479,"url":"https:\/\/static.africa-press.net\/mali\/sites\/21\/2026\/04\/sm_1777573858.739377.jpg","type":"image\/jpeg"}],"author":"cfeditorfr","twitter_card":"summary_large_image","twitter_misc":{"\u00c9crit par":"cfeditorfr","Dur\u00e9e de lecture estim\u00e9e":"2 minutes"},"schema":{"@context":"https:\/\/schema.org","@graph":[{"@type":"Article","@id":"https:\/\/www.africa-press.net\/mali\/politique\/frappes-aeriennes-a-kidal-cache-logistique-destruire#article","isPartOf":{"@id":"https:\/\/www.africa-press.net\/mali\/politique\/frappes-aeriennes-a-kidal-cache-logistique-destruire"},"author":{"name":"cfeditorfr","@id":"https:\/\/www.africa-press.net\/mali\/#\/schema\/person\/2b1cf3cd81a31e3cd26889ca66d677f1"},"headline":"Frappes A\u00e9riennes \u00e0 Kidal: Cache Logistique Destruire","datePublished":"2026-04-30T17:27:23+00:00","dateModified":"2026-04-30T18:32:35+00:00","mainEntityOfPage":{"@id":"https:\/\/www.africa-press.net\/mali\/politique\/frappes-aeriennes-a-kidal-cache-logistique-destruire"},"wordCount":336,"commentCount":0,"image":{"@id":"https:\/\/www.africa-press.net\/mali\/politique\/frappes-aeriennes-a-kidal-cache-logistique-destruire#primaryimage"},"thumbnailUrl":"https:\/\/static.africa-press.net\/mali\/sites\/21\/2026\/04\/sm_1777573858.739377.jpg","keywords":["FAMA","frappes a\u00e9riennes","Kidal","mali","terrorisme"],"articleSection":["Politique","Toutes les actualit\u00e9s"],"inLanguage":"fr-FR","potentialAction":[{"@type":"CommentAction","name":"Comment","target":["https:\/\/www.africa-press.net\/mali\/politique\/frappes-aeriennes-a-kidal-cache-logistique-destruire#respond"]}]},{"@type":"WebPage","@id":"https:\/\/www.africa-press.net\/mali\/politique\/frappes-aeriennes-a-kidal-cache-logistique-destruire","url":"https:\/\/www.africa-press.net\/mali\/politique\/frappes-aeriennes-a-kidal-cache-logistique-destruire","name":"Frappes A\u00e9riennes \u00e0 Kidal: Cache Logistique Destruire - Mali","isPartOf":{"@id":"https:\/\/www.africa-press.net\/mali\/#website"},"primaryImageOfPage":{"@id":"https:\/\/www.africa-press.net\/mali\/politique\/frappes-aeriennes-a-kidal-cache-logistique-destruire#primaryimage"},"image":{"@id":"https:\/\/www.africa-press.net\/mali\/politique\/frappes-aeriennes-a-kidal-cache-logistique-destruire#primaryimage"},"thumbnailUrl":"https:\/\/static.africa-press.net\/mali\/sites\/21\/2026\/04\/sm_1777573858.739377.jpg","datePublished":"2026-04-30T17:27:23+00:00","dateModified":"2026-04-30T18:32:35+00:00","author":{"@id":"https:\/\/www.africa-press.net\/mali\/#\/schema\/person\/2b1cf3cd81a31e3cd26889ca66d677f1"},"description":"Les FAMa ont men\u00e9 des frappes \u00e0 Kidal, d\u00e9truisant une cache logistique de terroristes et neutralisant plusieurs d'entre eux.","breadcrumb":{"@id":"https:\/\/www.africa-press.net\/mali\/politique\/frappes-aeriennes-a-kidal-cache-logistique-destruire#breadcrumb"},"inLanguage":"fr-FR","potentialAction":[{"@type":"ReadAction","target":["https:\/\/www.africa-press.net\/mali\/politique\/frappes-aeriennes-a-kidal-cache-logistique-destruire"]}]},{"@type":"ImageObject","inLanguage":"fr-FR","@id":"https:\/\/www.africa-press.net\/mali\/politique\/frappes-aeriennes-a-kidal-cache-logistique-destruire#primaryimage","url":"https:\/\/static.africa-press.net\/mali\/sites\/21\/2026\/04\/sm_1777573858.739377.jpg","contentUrl":"https:\/\/static.africa-press.net\/mali\/sites\/21\/2026\/04\/sm_1777573858.739377.jpg","width":720,"height":479,"caption":"Frappes A\u00e9riennes \u00e0 Kidal: Cache Logistique Destruire"},{"@type":"BreadcrumbList","@id":"https:\/\/www.africa-press.net\/mali\/politique\/frappes-aeriennes-a-kidal-cache-logistique-destruire#breadcrumb","itemListElement":[{"@type":"ListItem","position":1,"name":"Home","item":"https:\/\/www.africa-press.net\/mali\/"},{"@type":"ListItem","position":2,"name":"Frappes A\u00e9riennes \u00e0 Kidal: Cache Logistique Destruire"}]},{"@type":"WebSite","@id":"https:\/\/www.africa-press.net\/mali\/#website","url":"https:\/\/www.africa-press.net\/mali\/","name":"Mali","description":"Just another Africa News Agency Sites site","potentialAction":[{"@type":"SearchAction","target":{"@type":"EntryPoint","urlTemplate":"https:\/\/www.africa-press.net\/mali\/?s={search_term_string}"},"query-input":{"@type":"PropertyValueSpecification","valueRequired":true,"valueName":"search_term_string"}}],"inLanguage":"fr-FR"},{"@type":"Person","@id":"https:\/\/www.africa-press.net\/mali\/#\/schema\/person\/2b1cf3cd81a31e3cd26889ca66d677f1","name":"cfeditorfr"}]}},"_links":{"self":[{"href":"https:\/\/www.africa-press.net\/mali\/wp-json\/wp\/v2\/posts\/61016","targetHints":{"allow":["GET"]}}],"collection":[{"href":"https:\/\/www.africa-press.net\/mali\/wp-json\/wp\/v2\/posts"}],"about":[{"href":"https:\/\/www.africa-press.net\/mali\/wp-json\/wp\/v2\/types\/post"}],"author":[{"embeddable":true,"href":"https:\/\/www.africa-press.net\/mali\/wp-json\/wp\/v2\/users\/82"}],"replies":[{"embeddable":true,"href":"https:\/\/www.africa-press.net\/mali\/wp-json\/wp\/v2\/comments?post=61016"}],"version-history":[{"count":1,"href":"https:\/\/www.africa-press.net\/mali\/wp-json\/wp\/v2\/posts\/61016\/revisions"}],"predecessor-version":[{"id":61021,"href":"https:\/\/www.africa-press.net\/mali\/wp-json\/wp\/v2\/posts\/61016\/revisions\/61021"}],"wp:featuredmedia":[{"embeddable":true,"href":"https:\/\/www.africa-press.net\/mali\/wp-json\/wp\/v2\/media\/61015"}],"wp:attachment":[{"href":"https:\/\/www.africa-press.net\/mali\/wp-json\/wp\/v2\/media?parent=61016"}],"wp:term":[{"taxonomy":"category","embeddable":true,"href":"https:\/\/www.africa-press.net\/mali\/wp-json\/wp\/v2\/categories?post=61016"},{"taxonomy":"post_tag","embeddable":true,"href":"https:\/\/www.africa-press.net\/mali\/wp-json\/wp\/v2\/tags?post=61016"}],"curies":[{"name":"wp","href":"https:\/\/api.w.org\/{rel}","templated":true}]}}