{"id":61020,"date":"2026-04-30T12:33:00","date_gmt":"2026-04-30T12:33:00","guid":{"rendered":"https:\/\/www.africa-press.net\/mali\/politique\/hommage-national-au-general-sadio-camara-eleve-posthumement"},"modified":"2026-04-30T18:33:23","modified_gmt":"2026-04-30T18:33:23","slug":"hommage-national-au-general-sadio-camara-eleve-posthumement","status":"publish","type":"post","link":"https:\/\/www.africa-press.net\/mali\/politique\/hommage-national-au-general-sadio-camara-eleve-posthumement","title":{"rendered":"Hommage National au G\u00e9n\u00e9ral Sadio Camara \u00c9lev\u00e9 Posthum\u00e9ment"},"content":{"rendered":"<div class=\"ap-summary\" dir=\"ltr\" lang=\"fr\">\n<h4>CE Qu\u2019Il Faut Savoir<\/h4>\n<p>Le Conseil des ministres du Mali a \u00e9lev\u00e9 le G\u00e9n\u00e9ral Sadio Camara au grade de G\u00e9n\u00e9ral d&rsquo;Arm\u00e9e \u00e0 titre posthume. Cette d\u00e9cision, prise sous la pr\u00e9sidence du Chef de l&rsquo;\u00c9tat Assimi Go\u00efta, rend hommage \u00e0 un officier qui a marqu\u00e9 l&rsquo;histoire des Forces arm\u00e9es maliennes. Ancien ministre de la D\u00e9fense, Camara est reconnu pour son r\u00f4le dans la modernisation de l&rsquo;arm\u00e9e et le renforcement de la souverainet\u00e9.<\/p>\n<\/div>\n<p><span class=\"ap-article-header-tag\"> <strong>Africa-Press &#8211; Mali. <\/strong> <\/span>Lors de sa re\u0301union de ce mercredi, pre\u0301side\u0301e par le Chef de l&rsquo;E\u0301tat, le Ge\u0301ne\u0301ral d&rsquo;Arme\u0301e Assimi Goi\u0308ta, le Conseil des ministres a pris une de\u0301cision empreinte d&rsquo;une grande signification. Dans un geste d&rsquo;hommage posthume, il a e\u0301leve\u0301 le regrette\u0301 Ge\u0301ne\u0301ral de corps d&rsquo;arme\u0301e Sadio Camara a\u0300 la dignite\u0301 de Ge\u0301ne\u0301ral d&rsquo;Arme\u0301e, le plus haut rang de l&rsquo;arme\u0301e.<\/p>\n<p>Cette distinction, la plus haute dignite\u0301 de la hie\u0301rarchie militaire malienne, vient consacrer le parcours d\u2019un officier qui a profonde\u0301ment marque\u0301 l\u2019histoire re\u0301cente des Forces arme\u0301es maliennes (FAMa). Ancien ministre de la De\u0301fense et des Anciens combattants, Sadio Camara est pre\u0301sente\u0301 comme l\u2019un des artisans de la refondation de l\u2019outil de de\u0301fense nationale et du renforcement de la souverainete\u0301 du pays.<\/p>\n<p>A\u0300 travers cette promotion, le Conseil des ministres rend hommage a\u0300 un homme de devoir, tout en saluant l\u2019excellence de la Garde nationale du Mali, corps dont il e\u0301tait issu.<\/p>\n<p>Cette e\u0301le\u0301vation posthume traduit, selon les autorite\u0301s, la reconnaissance de la Nation envers un officier qui a consacre\u0301 sa vie a\u0300 la modernisation de l\u2019arme\u0301e et au renforcement des capacite\u0301s ope\u0301rationnelles nationales.<\/p>\n<p>Au-dela\u0300 de la porte\u0301e symbolique du grade, cette de\u0301cision s\u2019inscrit dans la volonte\u0301 des autorite\u0301s de valoriser le sacrifice, le me\u0301rite et l\u2019engagement au sein des forces de de\u0301fense.<\/p>\n<p>Le Mali rend ainsi un hommage solennel a\u0300 un strate\u0300ge et patriote dont le nom s\u2019inscrit de\u0301sormais au sommet de la hie\u0301rarchie militaire nationale.<\/p>\n<p>Le Ge\u0301ne\u0301ral Sadio Camara a joue\u0301 un ro\u0302le crucial dans l&rsquo;histoire militaire du Mali, notamment en tant qu&rsquo;ancien ministre de la De\u0301fense. Sa carrie\u0300re a e\u0301te\u0301 marque\u0301e par des efforts significatifs pour moderniser les Forces arme\u0301es maliennes, en re\u0301ponse aux de\u0301fis se\u0301curitaires du pays. Son e\u0301le\u0301vation posthume au grade de Ge\u0301ne\u0301ral d&rsquo;Arme\u0301e souligne l&rsquo;importance de son engagement et de ses contributions a\u0300 la de\u0301fense nationale. Cette reconnaissance s&rsquo;inscrit dans un contexte ou\u0300 le Mali cherche a\u0300 renforcer ses capacite\u0301s militaires face a\u0300 des menaces persistantes.<\/p>\n<p class=\"ap-article-footer-note\">Retrouvez plus d\u2019actualit\u00e9s et d\u2019analyses sur <span class=\"ap-highlight-country\">Mali<\/span> sur le site <span class=\"ap-highlight-brand\">Africa Press<\/span><\/p>\n","protected":false},"excerpt":{"rendered":"<p>CE Qu\u2019Il Faut Savoir Le Conseil des ministres du Mali a \u00e9lev\u00e9 le G\u00e9n\u00e9ral Sadio Camara au grade de G\u00e9n\u00e9ral d&rsquo;Arm\u00e9e \u00e0 titre posthume. Cette d\u00e9cision, prise sous la pr\u00e9sidence du Chef de l&rsquo;\u00c9tat Assimi Go\u00efta, rend hommage \u00e0 un officier qui a marqu\u00e9 l&rsquo;histoire des Forces arm\u00e9es maliennes. Ancien ministre de la D\u00e9fense, Camara [&hellip;]<\/p>\n","protected":false},"author":82,"featured_media":61019,"comment_status":"open","ping_status":"closed","sticky":false,"template":"","format":"standard","meta":{"footnotes":""},"categories":[7,17],"tags":[510,149,1971,2008,2007,19],"class_list":["post-61020","post","type-post","status-publish","format-standard","has-post-thumbnail","hentry","category-politique","category-toutes-les-actualites","tag-armee-malienne","tag-assimi-goita","tag-conseil-des-ministres","tag-general-sadio-camara","tag-hommage-national","tag-mali"],"yoast_head":"<!-- This site is optimized with the Yoast SEO Premium plugin v26.1 (Yoast SEO v27.0) - https:\/\/yoast.com\/product\/yoast-seo-premium-wordpress\/ -->\n<title>Hommage National au G\u00e9n\u00e9ral Sadio Camara \u00c9lev\u00e9 Posthum\u00e9ment - Mali<\/title>\n<meta name=\"description\" content=\"Le G\u00e9n\u00e9ral Sadio Camara est \u00e9lev\u00e9 au grade de G\u00e9n\u00e9ral d&#039;Arm\u00e9e \u00e0 titre posthume lors d&#039;une r\u00e9union du Conseil des ministres.\" \/>\n<meta name=\"robots\" content=\"index, follow, max-snippet:-1, max-image-preview:large, max-video-preview:-1\" \/>\n<link rel=\"canonical\" href=\"https:\/\/www.africa-press.net\/mali\/politique\/hommage-national-au-general-sadio-camara-eleve-posthumement\" \/>\n<meta property=\"og:locale\" content=\"fr_FR\" \/>\n<meta property=\"og:type\" content=\"article\" \/>\n<meta property=\"og:title\" content=\"Hommage National au G\u00e9n\u00e9ral Sadio Camara \u00c9lev\u00e9 Posthum\u00e9ment\" \/>\n<meta property=\"og:description\" content=\"Le G\u00e9n\u00e9ral Sadio Camara est \u00e9lev\u00e9 au grade de G\u00e9n\u00e9ral d&#039;Arm\u00e9e \u00e0 titre posthume lors d&#039;une r\u00e9union du Conseil des ministres.\" \/>\n<meta property=\"og:url\" content=\"https:\/\/www.africa-press.net\/mali\/politique\/hommage-national-au-general-sadio-camara-eleve-posthumement\" \/>\n<meta property=\"og:site_name\" content=\"Mali\" \/>\n<meta property=\"article:publisher\" content=\"https:\/\/www.facebook.com\/AfricaPressTunisiaa\" \/>\n<meta property=\"article:published_time\" content=\"2026-04-30T12:33:00+00:00\" \/>\n<meta property=\"article:modified_time\" content=\"2026-04-30T18:33:23+00:00\" \/>\n<meta property=\"og:image\" content=\"https:\/\/static.africa-press.net\/mali\/sites\/21\/2026\/04\/sm_1777573891.258334.jpg\" \/>\n\t<meta property=\"og:image:width\" content=\"870\" \/>\n\t<meta property=\"og:image:height\" content=\"606\" \/>\n\t<meta property=\"og:image:type\" content=\"image\/jpeg\" \/>\n<meta name=\"author\" content=\"cfeditorfr\" \/>\n<meta name=\"twitter:card\" content=\"summary_large_image\" \/>\n<meta name=\"twitter:label1\" content=\"\u00c9crit par\" \/>\n\t<meta name=\"twitter:data1\" content=\"cfeditorfr\" \/>\n\t<meta name=\"twitter:label2\" content=\"Dur\u00e9e de lecture estim\u00e9e\" \/>\n\t<meta name=\"twitter:data2\" content=\"3 minutes\" \/>\n<script type=\"application\/ld+json\" class=\"yoast-schema-graph\">{\"@context\":\"https:\/\/schema.org\",\"@graph\":[{\"@type\":\"Article\",\"@id\":\"https:\/\/www.africa-press.net\/mali\/politique\/hommage-national-au-general-sadio-camara-eleve-posthumement#article\",\"isPartOf\":{\"@id\":\"https:\/\/www.africa-press.net\/mali\/politique\/hommage-national-au-general-sadio-camara-eleve-posthumement\"},\"author\":{\"name\":\"cfeditorfr\",\"@id\":\"https:\/\/www.africa-press.net\/mali\/#\/schema\/person\/2b1cf3cd81a31e3cd26889ca66d677f1\"},\"headline\":\"Hommage National au G\u00e9n\u00e9ral Sadio Camara \u00c9lev\u00e9 Posthum\u00e9ment\",\"datePublished\":\"2026-04-30T12:33:00+00:00\",\"dateModified\":\"2026-04-30T18:33:23+00:00\",\"mainEntityOfPage\":{\"@id\":\"https:\/\/www.africa-press.net\/mali\/politique\/hommage-national-au-general-sadio-camara-eleve-posthumement\"},\"wordCount\":512,\"commentCount\":0,\"image\":{\"@id\":\"https:\/\/www.africa-press.net\/mali\/politique\/hommage-national-au-general-sadio-camara-eleve-posthumement#primaryimage\"},\"thumbnailUrl\":\"https:\/\/static.africa-press.net\/mali\/sites\/21\/2026\/04\/sm_1777573891.258334.jpg\",\"keywords\":[\"Arm\u00e9e malienne\",\"Assimi Go\u00efta\",\"Conseil des ministres\",\"G\u00e9n\u00e9ral Sadio Camara\",\"hommage national\",\"mali\"],\"articleSection\":[\"Politique\",\"Toutes les actualit\u00e9s\"],\"inLanguage\":\"fr-FR\",\"potentialAction\":[{\"@type\":\"CommentAction\",\"name\":\"Comment\",\"target\":[\"https:\/\/www.africa-press.net\/mali\/politique\/hommage-national-au-general-sadio-camara-eleve-posthumement#respond\"]}]},{\"@type\":\"WebPage\",\"@id\":\"https:\/\/www.africa-press.net\/mali\/politique\/hommage-national-au-general-sadio-camara-eleve-posthumement\",\"url\":\"https:\/\/www.africa-press.net\/mali\/politique\/hommage-national-au-general-sadio-camara-eleve-posthumement\",\"name\":\"Hommage National au G\u00e9n\u00e9ral Sadio Camara \u00c9lev\u00e9 Posthum\u00e9ment - Mali\",\"isPartOf\":{\"@id\":\"https:\/\/www.africa-press.net\/mali\/#website\"},\"primaryImageOfPage\":{\"@id\":\"https:\/\/www.africa-press.net\/mali\/politique\/hommage-national-au-general-sadio-camara-eleve-posthumement#primaryimage\"},\"image\":{\"@id\":\"https:\/\/www.africa-press.net\/mali\/politique\/hommage-national-au-general-sadio-camara-eleve-posthumement#primaryimage\"},\"thumbnailUrl\":\"https:\/\/static.africa-press.net\/mali\/sites\/21\/2026\/04\/sm_1777573891.258334.jpg\",\"datePublished\":\"2026-04-30T12:33:00+00:00\",\"dateModified\":\"2026-04-30T18:33:23+00:00\",\"author\":{\"@id\":\"https:\/\/www.africa-press.net\/mali\/#\/schema\/person\/2b1cf3cd81a31e3cd26889ca66d677f1\"},\"description\":\"Le G\u00e9n\u00e9ral Sadio Camara est \u00e9lev\u00e9 au grade de G\u00e9n\u00e9ral d'Arm\u00e9e \u00e0 titre posthume lors d'une r\u00e9union du Conseil des ministres.\",\"breadcrumb\":{\"@id\":\"https:\/\/www.africa-press.net\/mali\/politique\/hommage-national-au-general-sadio-camara-eleve-posthumement#breadcrumb\"},\"inLanguage\":\"fr-FR\",\"potentialAction\":[{\"@type\":\"ReadAction\",\"target\":[\"https:\/\/www.africa-press.net\/mali\/politique\/hommage-national-au-general-sadio-camara-eleve-posthumement\"]}]},{\"@type\":\"ImageObject\",\"inLanguage\":\"fr-FR\",\"@id\":\"https:\/\/www.africa-press.net\/mali\/politique\/hommage-national-au-general-sadio-camara-eleve-posthumement#primaryimage\",\"url\":\"https:\/\/static.africa-press.net\/mali\/sites\/21\/2026\/04\/sm_1777573891.258334.jpg\",\"contentUrl\":\"https:\/\/static.africa-press.net\/mali\/sites\/21\/2026\/04\/sm_1777573891.258334.jpg\",\"width\":870,\"height\":606,\"caption\":\"Hommage National au G\u00e9n\u00e9ral Sadio Camara \u00c9lev\u00e9 Posthum\u00e9ment\"},{\"@type\":\"BreadcrumbList\",\"@id\":\"https:\/\/www.africa-press.net\/mali\/politique\/hommage-national-au-general-sadio-camara-eleve-posthumement#breadcrumb\",\"itemListElement\":[{\"@type\":\"ListItem\",\"position\":1,\"name\":\"Home\",\"item\":\"https:\/\/www.africa-press.net\/mali\/\"},{\"@type\":\"ListItem\",\"position\":2,\"name\":\"Hommage National au G\u00e9n\u00e9ral Sadio Camara \u00c9lev\u00e9 Posthum\u00e9ment\"}]},{\"@type\":\"WebSite\",\"@id\":\"https:\/\/www.africa-press.net\/mali\/#website\",\"url\":\"https:\/\/www.africa-press.net\/mali\/\",\"name\":\"Mali\",\"description\":\"Just another Africa News Agency Sites site\",\"potentialAction\":[{\"@type\":\"SearchAction\",\"target\":{\"@type\":\"EntryPoint\",\"urlTemplate\":\"https:\/\/www.africa-press.net\/mali\/?s={search_term_string}\"},\"query-input\":{\"@type\":\"PropertyValueSpecification\",\"valueRequired\":true,\"valueName\":\"search_term_string\"}}],\"inLanguage\":\"fr-FR\"},{\"@type\":\"Person\",\"@id\":\"https:\/\/www.africa-press.net\/mali\/#\/schema\/person\/2b1cf3cd81a31e3cd26889ca66d677f1\",\"name\":\"cfeditorfr\"}]}<\/script>\n<!-- \/ Yoast SEO Premium plugin. -->","yoast_head_json":{"title":"Hommage National au G\u00e9n\u00e9ral Sadio Camara \u00c9lev\u00e9 Posthum\u00e9ment - Mali","description":"Le G\u00e9n\u00e9ral Sadio Camara est \u00e9lev\u00e9 au grade de G\u00e9n\u00e9ral d'Arm\u00e9e \u00e0 titre posthume lors d'une r\u00e9union du Conseil des ministres.","robots":{"index":"index","follow":"follow","max-snippet":"max-snippet:-1","max-image-preview":"max-image-preview:large","max-video-preview":"max-video-preview:-1"},"canonical":"https:\/\/www.africa-press.net\/mali\/politique\/hommage-national-au-general-sadio-camara-eleve-posthumement","og_locale":"fr_FR","og_type":"article","og_title":"Hommage National au G\u00e9n\u00e9ral Sadio Camara \u00c9lev\u00e9 Posthum\u00e9ment","og_description":"Le G\u00e9n\u00e9ral Sadio Camara est \u00e9lev\u00e9 au grade de G\u00e9n\u00e9ral d'Arm\u00e9e \u00e0 titre posthume lors d'une r\u00e9union du Conseil des ministres.","og_url":"https:\/\/www.africa-press.net\/mali\/politique\/hommage-national-au-general-sadio-camara-eleve-posthumement","og_site_name":"Mali","article_publisher":"https:\/\/www.facebook.com\/AfricaPressTunisiaa","article_published_time":"2026-04-30T12:33:00+00:00","article_modified_time":"2026-04-30T18:33:23+00:00","og_image":[{"width":870,"height":606,"url":"https:\/\/static.africa-press.net\/mali\/sites\/21\/2026\/04\/sm_1777573891.258334.jpg","type":"image\/jpeg"}],"author":"cfeditorfr","twitter_card":"summary_large_image","twitter_misc":{"\u00c9crit par":"cfeditorfr","Dur\u00e9e de lecture estim\u00e9e":"3 minutes"},"schema":{"@context":"https:\/\/schema.org","@graph":[{"@type":"Article","@id":"https:\/\/www.africa-press.net\/mali\/politique\/hommage-national-au-general-sadio-camara-eleve-posthumement#article","isPartOf":{"@id":"https:\/\/www.africa-press.net\/mali\/politique\/hommage-national-au-general-sadio-camara-eleve-posthumement"},"author":{"name":"cfeditorfr","@id":"https:\/\/www.africa-press.net\/mali\/#\/schema\/person\/2b1cf3cd81a31e3cd26889ca66d677f1"},"headline":"Hommage National au G\u00e9n\u00e9ral Sadio Camara \u00c9lev\u00e9 Posthum\u00e9ment","datePublished":"2026-04-30T12:33:00+00:00","dateModified":"2026-04-30T18:33:23+00:00","mainEntityOfPage":{"@id":"https:\/\/www.africa-press.net\/mali\/politique\/hommage-national-au-general-sadio-camara-eleve-posthumement"},"wordCount":512,"commentCount":0,"image":{"@id":"https:\/\/www.africa-press.net\/mali\/politique\/hommage-national-au-general-sadio-camara-eleve-posthumement#primaryimage"},"thumbnailUrl":"https:\/\/static.africa-press.net\/mali\/sites\/21\/2026\/04\/sm_1777573891.258334.jpg","keywords":["Arm\u00e9e malienne","Assimi Go\u00efta","Conseil des ministres","G\u00e9n\u00e9ral Sadio Camara","hommage national","mali"],"articleSection":["Politique","Toutes les actualit\u00e9s"],"inLanguage":"fr-FR","potentialAction":[{"@type":"CommentAction","name":"Comment","target":["https:\/\/www.africa-press.net\/mali\/politique\/hommage-national-au-general-sadio-camara-eleve-posthumement#respond"]}]},{"@type":"WebPage","@id":"https:\/\/www.africa-press.net\/mali\/politique\/hommage-national-au-general-sadio-camara-eleve-posthumement","url":"https:\/\/www.africa-press.net\/mali\/politique\/hommage-national-au-general-sadio-camara-eleve-posthumement","name":"Hommage National au G\u00e9n\u00e9ral Sadio Camara \u00c9lev\u00e9 Posthum\u00e9ment - Mali","isPartOf":{"@id":"https:\/\/www.africa-press.net\/mali\/#website"},"primaryImageOfPage":{"@id":"https:\/\/www.africa-press.net\/mali\/politique\/hommage-national-au-general-sadio-camara-eleve-posthumement#primaryimage"},"image":{"@id":"https:\/\/www.africa-press.net\/mali\/politique\/hommage-national-au-general-sadio-camara-eleve-posthumement#primaryimage"},"thumbnailUrl":"https:\/\/static.africa-press.net\/mali\/sites\/21\/2026\/04\/sm_1777573891.258334.jpg","datePublished":"2026-04-30T12:33:00+00:00","dateModified":"2026-04-30T18:33:23+00:00","author":{"@id":"https:\/\/www.africa-press.net\/mali\/#\/schema\/person\/2b1cf3cd81a31e3cd26889ca66d677f1"},"description":"Le G\u00e9n\u00e9ral Sadio Camara est \u00e9lev\u00e9 au grade de G\u00e9n\u00e9ral d'Arm\u00e9e \u00e0 titre posthume lors d'une r\u00e9union du Conseil des ministres.","breadcrumb":{"@id":"https:\/\/www.africa-press.net\/mali\/politique\/hommage-national-au-general-sadio-camara-eleve-posthumement#breadcrumb"},"inLanguage":"fr-FR","potentialAction":[{"@type":"ReadAction","target":["https:\/\/www.africa-press.net\/mali\/politique\/hommage-national-au-general-sadio-camara-eleve-posthumement"]}]},{"@type":"ImageObject","inLanguage":"fr-FR","@id":"https:\/\/www.africa-press.net\/mali\/politique\/hommage-national-au-general-sadio-camara-eleve-posthumement#primaryimage","url":"https:\/\/static.africa-press.net\/mali\/sites\/21\/2026\/04\/sm_1777573891.258334.jpg","contentUrl":"https:\/\/static.africa-press.net\/mali\/sites\/21\/2026\/04\/sm_1777573891.258334.jpg","width":870,"height":606,"caption":"Hommage National au G\u00e9n\u00e9ral Sadio Camara \u00c9lev\u00e9 Posthum\u00e9ment"},{"@type":"BreadcrumbList","@id":"https:\/\/www.africa-press.net\/mali\/politique\/hommage-national-au-general-sadio-camara-eleve-posthumement#breadcrumb","itemListElement":[{"@type":"ListItem","position":1,"name":"Home","item":"https:\/\/www.africa-press.net\/mali\/"},{"@type":"ListItem","position":2,"name":"Hommage National au G\u00e9n\u00e9ral Sadio Camara \u00c9lev\u00e9 Posthum\u00e9ment"}]},{"@type":"WebSite","@id":"https:\/\/www.africa-press.net\/mali\/#website","url":"https:\/\/www.africa-press.net\/mali\/","name":"Mali","description":"Just another Africa News Agency Sites site","potentialAction":[{"@type":"SearchAction","target":{"@type":"EntryPoint","urlTemplate":"https:\/\/www.africa-press.net\/mali\/?s={search_term_string}"},"query-input":{"@type":"PropertyValueSpecification","valueRequired":true,"valueName":"search_term_string"}}],"inLanguage":"fr-FR"},{"@type":"Person","@id":"https:\/\/www.africa-press.net\/mali\/#\/schema\/person\/2b1cf3cd81a31e3cd26889ca66d677f1","name":"cfeditorfr"}]}},"_links":{"self":[{"href":"https:\/\/www.africa-press.net\/mali\/wp-json\/wp\/v2\/posts\/61020","targetHints":{"allow":["GET"]}}],"collection":[{"href":"https:\/\/www.africa-press.net\/mali\/wp-json\/wp\/v2\/posts"}],"about":[{"href":"https:\/\/www.africa-press.net\/mali\/wp-json\/wp\/v2\/types\/post"}],"author":[{"embeddable":true,"href":"https:\/\/www.africa-press.net\/mali\/wp-json\/wp\/v2\/users\/82"}],"replies":[{"embeddable":true,"href":"https:\/\/www.africa-press.net\/mali\/wp-json\/wp\/v2\/comments?post=61020"}],"version-history":[{"count":1,"href":"https:\/\/www.africa-press.net\/mali\/wp-json\/wp\/v2\/posts\/61020\/revisions"}],"predecessor-version":[{"id":61023,"href":"https:\/\/www.africa-press.net\/mali\/wp-json\/wp\/v2\/posts\/61020\/revisions\/61023"}],"wp:featuredmedia":[{"embeddable":true,"href":"https:\/\/www.africa-press.net\/mali\/wp-json\/wp\/v2\/media\/61019"}],"wp:attachment":[{"href":"https:\/\/www.africa-press.net\/mali\/wp-json\/wp\/v2\/media?parent=61020"}],"wp:term":[{"taxonomy":"category","embeddable":true,"href":"https:\/\/www.africa-press.net\/mali\/wp-json\/wp\/v2\/categories?post=61020"},{"taxonomy":"post_tag","embeddable":true,"href":"https:\/\/www.africa-press.net\/mali\/wp-json\/wp\/v2\/tags?post=61020"}],"curies":[{"name":"wp","href":"https:\/\/api.w.org\/{rel}","templated":true}]}}