{"id":61037,"date":"2026-04-30T19:42:56","date_gmt":"2026-04-30T19:42:56","guid":{"rendered":"https:\/\/www.africa-press.net\/mali\/politique\/que-se-passe%e2%80%90t%e2%80%90il-au-mali"},"modified":"2026-05-01T00:08:36","modified_gmt":"2026-05-01T00:08:36","slug":"que-se-passe%e2%80%90t%e2%80%90il-au-mali","status":"publish","type":"post","link":"https:\/\/www.africa-press.net\/mali\/dossiers\/que-se-passe%e2%80%90t%e2%80%90il-au-mali","title":{"rendered":"Que se Passe\u2010T\u2010Il au Mali?"},"content":{"rendered":"<div class=\"ap-summary\" dir=\"ltr\" lang=\"fr\">\n<h4>CE Qu\u2019Il Faut Savoir<\/h4>\n<p>La crise au Mali a \u00e9volu\u00e9 d&rsquo;un simple conflit arm\u00e9 \u00e0 une menace existentielle pour le gouvernement. Les attaques r\u00e9centes montrent un changement dans la nature de la guerre, avec des groupes arm\u00e9s ciblant non seulement l&rsquo;arm\u00e9e, mais aussi les symboles du pouvoir. Ce contexte soul\u00e8ve des questions sur la capacit\u00e9 de l&rsquo;\u00c9tat \u00e0 maintenir son autorit\u00e9 et sa l\u00e9gitimit\u00e9.<\/p>\n<\/div>\n<p><span class=\"ap-article-header-tag\"> <strong>Africa-Press &#8211; Mali. <\/strong> <\/span>La crise malienne, comme l&rsquo;expose le chercheur Sidi Ahmed Ould El Amine, n&rsquo;est plus simplement une re\u0301bellion arme\u0301e en pe\u0301riphe\u0301rie ou un conflit traditionnel aux marges e\u0301loigne\u0301es de l&rsquo;E\u0301tat, mais s&rsquo;est transforme\u0301e en un test existentiel touchant a\u0300 la structure me\u0302me du pouvoir. Les attaques coordonne\u0301es qui ont frappe\u0301 le pays a\u0300 la fin d&rsquo;avril 2026 n&rsquo;e\u0301taient pas un e\u0301ve\u0301nement militaire passager, mais pluto\u0302t une de\u0301claration du passage de la guerre des pe\u0301riphe\u0301ries au centre, et d&rsquo;un e\u0301puisement de l&rsquo;arme\u0301e a\u0300 une menace pour le syste\u0300me politique dans sa profondeur.<\/p>\n<p>Ce changement est la cle\u0301 pour comprendre l&rsquo;ensemble de la situation, car il re\u0301ve\u0300le que ce qui e\u0301tait pre\u0301sente\u0301 pendant des anne\u0301es comme une crise se\u0301curitaire contenable est de\u0301sormais une crise d&rsquo;E\u0301tat, me\u0302lant niveaux militaire, politique, social et e\u0301conomique, et posant une question directe: l&rsquo;autorite\u0301 a\u0300 Bamako est-elle encore capable de tenir les fils du pays?<\/p>\n<p><b>Changement des re\u0300gles de la guerre<\/b><\/p>\n<p>Sidi Ahmed Ould El Amine montre que ce qui se passe au Mali n&rsquo;est pas seulement une intensification de la violence, mais un changement dans la nature me\u0302me de la guerre. Le \u00ab\u00a0Groupe de soutien a\u0300 l&rsquo;islam et aux musulmans\u00a0\u00bb est passe\u0301 d&rsquo;une logique d&rsquo;attaques sporadiques a\u0300 une strate\u0301gie d&rsquo;asphyxie, ou\u0300 l&rsquo;objectif n&rsquo;est plus seulement de causer des pertes a\u0300 l&rsquo;arme\u0301e, mais de paralyser la capacite\u0301 de l&rsquo;E\u0301tat a\u0300 fonctionner.<\/p>\n<p>Dans ce contexte, les routes ne sont plus simplement des voies de transport, mais se sont transforme\u0301es en champs de bataille, le carburant n&rsquo;est plus une marchandise e\u0301conomique, mais un outil de pression, et les marche\u0301s ne sont plus des espaces civils neutres, mais une extension de la guerre. Ce changement met la capitale elle-me\u0302me sous pression indirecte, car cibler les approvisionnements signifie frapper la vie quotidienne, et ainsi transfe\u0301rer la crise des pe\u0301riphe\u0301ries a\u0300 l&rsquo;ensemble de la socie\u0301te\u0301.<\/p>\n<p>C&rsquo;est une guerre qui ne se me\u0300ne pas seulement avec des armes, mais par une asphyxie lente ou\u0300 une route est ferme\u0301e, un convoi est cible\u0301, un prix augmente, et une ville est perturbe\u0301e. Ici, l&rsquo;E\u0301tat se retrouve face a\u0300 un adversaire qui ne cherche pas seulement a\u0300 le vaincre militairement, mais a\u0300 l&rsquo;e\u0301puiser politiquement et socialement.<\/p>\n<p><b>Effondrement de l&rsquo;ancienne e\u0301quation<\/b><\/p>\n<p>Depuis son arrive\u0301e au pouvoir en 2020, le conseil militaire a construit sa le\u0301gitimite\u0301 sur une triade claire: la souverainete\u0301, l&rsquo;inde\u0301pendance de l&rsquo;influence occidentale, et le re\u0301tablissement de la se\u0301curite\u0301. Cependant, les faits pre\u0301sente\u0301s par le chercheur re\u0301ve\u0300lent que cette e\u0301quation est entre\u0301e dans une phase de de\u0301clin profond. Le retrait des troupes franc\u0327aises, le de\u0301part de la mission des Nations Unies, et le tournant vers un partenariat avec la Russie n&rsquo;ont pas conduit a\u0300 une stabilite\u0301 se\u0301curitaire, mais ont coi\u0308ncide\u0301 avec une expansion de la menace, se de\u0301plac\u0327ant vers des zones qui n&rsquo;e\u0301taient pas cible\u0301es auparavant.<\/p>\n<p>Plus inquie\u0301tant encore, les re\u0301centes attaques n&rsquo;ont pas seulement vise\u0301 des sites militaires traditionnels, mais ont touche\u0301 les symboles me\u0302mes du pouvoir, y compris Kati, le bastion militaire du re\u0301gime, atteignant me\u0302me le niveau de l&rsquo;assassinat du ministre de la De\u0301fense. Ce moment porte une signification qui de\u0301passe l&rsquo;e\u0301ve\u0301nement lui-me\u0302me, car il indique que le cercle dur du re\u0301gime n&rsquo;est plus prote\u0301ge\u0301, et que la guerre ne se de\u0301roule plus en dehors du pouvoir, mais a\u0300 l&rsquo;inte\u0301rieur de son pe\u0301rime\u0300tre direct.<\/p>\n<p>Ici, le discours officiel perd une partie de sa capacite\u0301 a\u0300 convaincre. Lorsque des slogans de contro\u0302le sont brandis alors que les attaques atteignent le c\u0153ur de la capitale, le contraste entre le dire et le faire devient plus e\u0301vident, se transformant en un facteur de pression interne, non seulement au sein de la socie\u0301te\u0301, mais aussi au sein de l&rsquo;institution militaire elle-me\u0302me.<\/p>\n<p><b>Alliances de ne\u0301cessite\u0301<\/b><\/p>\n<p>Un des aspects les plus frappants de l&rsquo;analyse de l&rsquo;e\u0301tude est la convergence ope\u0301rationnelle entre le \u00ab\u00a0Groupe de soutien a\u0300 l&rsquo;islam et aux musulmans\u00a0\u00bb et le \u00ab\u00a0Mouvement de libe\u0301ration de l&rsquo;Azawad\u00a0\u00bb. Cette convergence ne signifie pas une fusion ide\u0301ologique, chaque partie ayant un projet diffe\u0301rent ; le premier e\u0301tant transnational et lie\u0301 a\u0300 un discours jihadiste, tandis que le second est local et lie\u0301 a\u0300 des revendications politiques des Touaregs. Mais ce qui les unit en ce moment est l&rsquo;ennemi commun: l&rsquo;E\u0301tat militaire a\u0300 Bamako et ses allie\u0301s.<\/p>\n<p>Ce type d&rsquo;alliances re\u0301ve\u0300le la nature du conflit au Mali, ou\u0300 les relations ne sont pas uniquement re\u0301gies par l&rsquo;ide\u0301ologie, mais par des inte\u0301re\u0302ts changeants et un vide politique. Avec l&rsquo;effondrement de l&rsquo;accord d&rsquo;Alger et l&rsquo;absence d&rsquo;un cadre politique unificateur, le nord est revenu a\u0300 une logique d&rsquo;alliances flexibles, qui peuvent se former rapidement et se de\u0301faire tout aussi vite.<\/p>\n<p>Dans ce contexte, la question n&rsquo;est plus: qui combat qui? mais: qui s&rsquo;allie avec qui, et pourquoi maintenant? C&rsquo;est une question qui refle\u0300te plus la fluidite\u0301 de la situation que sa stabilite\u0301.<\/p>\n<p><b>Symbole de la souverainete\u0301 fragile<\/b><\/p>\n<p>Kidal occupe une position particulie\u0300re dans ce conflit, non seulement en tant que ville, mais comme symbole historique de la re\u0301bellion du nord et des limites du contro\u0302le de l&rsquo;E\u0301tat. Sa reprise en 2023 avec le soutien russe a e\u0301te\u0301 pre\u0301sente\u0301e comme un accomplissement strate\u0301gique pour le conseil militaire, et comme une preuve du succe\u0300s de son choix souverain. Cependant, le retour des combats dans la re\u0301gion et l&rsquo;annonce par les rebelles de leur contro\u0302le sur des sites la\u0300-bas ont relance\u0301 la question de la nature de ce contro\u0302le: s&rsquo;agissait-il d&rsquo;une souverainete\u0301 stable ou d&rsquo;une supe\u0301riorite\u0301 militaire temporaire?<\/p>\n<p>Cette question ne concerne pas seulement Kidal, mais toutes les re\u0301gions ou\u0300 le contro\u0302le est reproduit sans un cadre politique garantissant sa durabilite\u0301. L&rsquo;E\u0301tat qui reprend le territoire par la force sans le re\u0301inte\u0301grer politiquement reste expose\u0301 a\u0300 le perdre a\u0300 nouveau lors du premier de\u0301se\u0301quilibre dans la balance des forces.<\/p>\n<p><b>Moment de perce\u0301e<\/b><\/p>\n<p>Le changement le plus important que l&rsquo;e\u0301tude identifie est le passage des groupes arme\u0301s d&rsquo;une menace pe\u0301riphe\u0301rique a\u0300 une infiltration du centre. Les attaques qui ont cible\u0301 des sites symboliques a\u0300 Bamako, de l&rsquo;ae\u0301roport aux bureaux du pouvoir, n&rsquo;e\u0301taient pas de simples ope\u0301rations qualitatives, mais des messages politiques clairs: l&rsquo;E\u0301tat n&rsquo;est plus capable de se prote\u0301ger en son c\u0153ur.<\/p>\n<p>Cette infiltration porte une dimension psychologique tout aussi importante que sa dimension militaire. La capitale n&rsquo;est pas simplement un site ge\u0301ographique, mais un symbole de stabilite\u0301 et de contro\u0302le. Lorsque celle-ci est frappe\u0301e, la perception des gens sur la nature du conflit change, et les craintes d&rsquo;e\u0301ventualite\u0301s lointaines se transforment en une re\u0301alite\u0301 quotidienne.<\/p>\n<p><b>Champ de bataille silencieux<\/b><\/p>\n<p>La crise ne se limite pas a\u0300 l&rsquo;E\u0301tat et aux groupes arme\u0301s, mais s&rsquo;e\u0301tend a\u0300 la socie\u0301te\u0301 elle-me\u0302me. Comme le souligne Sidi Ahmed Ould El Amine, la nouvelle guerre ne se mesure pas seulement au nombre d&rsquo;attaques, mais a\u0300 son impact sur la vie quotidienne: carburant, routes, prix, e\u0301coles, et se\u0301curite\u0301.<\/p>\n<p>A\u0300 ce niveau, un troisie\u0300me type d&rsquo;acteurs e\u0301merge: la socie\u0301te\u0301 qui ne s&rsquo;aligne pas ne\u0301cessairement avec un camp, mais qui juge l&rsquo;E\u0301tat sur sa capacite\u0301 a\u0300 assurer la vie. Ce jugement peut e\u0302tre plus influent que le discours politique, car il se forme a\u0300 partir de l&rsquo;expe\u0301rience quotidienne, et non des slogans.<\/p>\n<p>Ici re\u0301side le danger de l&rsquo;e\u0301rosion lente de la confiance. Les E\u0301tats ne s&rsquo;effondrent pas toujours d&rsquo;un seul coup, mais peuvent se de\u0301composer progressivement lorsqu&rsquo;ils perdent leur capacite\u0301 a\u0300 ge\u0301rer les petits de\u0301tails qui constituent la vie des gens.<\/p>\n<p><b>Crise qui de\u0301passe les frontie\u0300res<\/b><\/p>\n<p>Ce qui se passe au Mali ne reste pas a\u0300 l&rsquo;inte\u0301rieur de ses frontie\u0300res. L&rsquo;e\u0301tude met en e\u0301vidence que les pays voisins, du Niger et du Burkina Faso a\u0300 l&rsquo;Alge\u0301rie et au Se\u0301ne\u0301gal, sont directement affecte\u0301s par ce qui se passe, que ce soit a\u0300 travers les routes commerciales ou les mouvements des groupes arme\u0301s.<\/p>\n<p>Dans le cadre de l&rsquo;alliance du Sahel, qui comprend le Mali, le Niger et le Burkina Faso, tout de\u0301se\u0301quilibre dans l&rsquo;un de ces pays exerce une pression sur les autres, surtout dans un contexte de similitudes des situations politiques et se\u0301curitaires. Cela rend la crise de nature re\u0301gionale, dont les trajectoires ne peuvent e\u0302tre dissocie\u0301es.<\/p>\n<p><b>Russie&#8230; Partenaire ou fardeau?<\/b><\/p>\n<p>Une des questions souleve\u0301es par l&rsquo;e\u0301tude concerne la pre\u0301sence russe au Mali. Cette pre\u0301sence a e\u0301te\u0301 pre\u0301sente\u0301e comme une alternative a\u0300 l&rsquo;influence occidentale et un symbole de la restauration de la souverainete\u0301. Cependant, la persistance et l&rsquo;expansion des attaques ouvrent la porte a\u0300 une lecture inverse: cette pre\u0301sence a-t-elle contribue\u0301 a\u0300 re\u0301soudre la crise, ou est-elle devenue une partie de sa complexite\u0301?<\/p>\n<p>Cette question ne se limite pas a\u0300 la dimension militaire, mais s&rsquo;e\u0301tend a\u0300 la dimension politique, ou\u0300 elle pourrait e\u0302tre utilise\u0301e par les opposants au conseil militaire pour saper sa le\u0301gitimite\u0301, en le pre\u0301sentant comme un choix qui n&rsquo;a pas produit les re\u0301sultats escompte\u0301s.<\/p>\n<p><b>Sce\u0301narios ouverts<\/b><\/p>\n<p>A\u0300 la lumie\u0300re de cette situation, l&rsquo;e\u0301tude propose une se\u0301rie de sce\u0301narios allant du renforcement de la se\u0301curite\u0301, a\u0300 la re\u0301organisation du pouvoir, a\u0300 l&rsquo;ouverture a\u0300 des compromis, jusqu&rsquo;au sce\u0301nario de l&rsquo;e\u0301rosion progressive de l&rsquo;E\u0301tat, ou\u0300 la capitale demeure tout en voyant le contro\u0302le effectif se re\u0301partir dans les pe\u0301riphe\u0301ries.<\/p>\n<p>Cependant, ce qui unit tous ces sce\u0301narios est qu&rsquo;ils tournent tous autour d&rsquo;une seule question: comment reconstruire l&rsquo;E\u0301tat dans un environnement ou\u0300 il a perdu le contro\u0302le de ses pe\u0301riphe\u0301ries et commence a\u0300 perdre le contro\u0302le de son centre?<\/p>\n<p><b>Conclusion<\/b><\/p>\n<p>Ce que pre\u0301sente l&rsquo;e\u0301tude de Sidi Ahmed Ould El Amine est plus qu&rsquo;une simple description d&rsquo;une crise se\u0301curitaire ; c&rsquo;est une lecture d&rsquo;un moment de transformation, ou\u0300 le Mali ne fait plus face a\u0300 une re\u0301bellion, mais a\u0300 un test de survie. La guerre qui a commence\u0301 en pe\u0301riphe\u0301rie a atteint le c\u0153ur du pouvoir, et la le\u0301gitimite\u0301 qui a e\u0301te\u0301 construite sur la promesse de se\u0301curite\u0301 fait face a\u0300 son e\u0301preuve la plus difficile.<\/p>\n<p>Entre des groupes arme\u0301s qui ont prouve\u0301 leur capacite\u0301 d&rsquo;adaptation, un pouvoir qui tente de maintenir sa cohe\u0301sion, et une socie\u0301te\u0301 qui e\u0301value tout a\u0300 l&rsquo;aune de la vie quotidienne, le Mali se trouve a\u0300 un carrefour. La question qui demeure en suspens, comme le sugge\u0300re le texte implicitement, n&rsquo;est pas seulement comment cette guerre se termine, mais quel E\u0301tat en sortira, si tant est qu&rsquo;il en sorte.<\/p>\n<p>Depuis 2020, le conseil militaire au Mali a tente\u0301 de consolider son pouvoir en promettant se\u0301curite\u0301 et inde\u0301pendance. Cependant, le retrait des forces franc\u0327aises et l&rsquo;augmentation des attaques ont re\u0301ve\u0301le\u0301 une fragilite\u0301 croissante de l&rsquo;E\u0301tat. Les re\u0301cents e\u0301ve\u0301nements, y compris l&rsquo;assassinat de figures cle\u0301s, indiquent que la situation se\u0301curitaire s&rsquo;est de\u0301te\u0301riore\u0301e, remettant en question la le\u0301gitimite\u0301 du re\u0301gime en place. La dynamique du conflit a e\u0301galement e\u0301volue\u0301, avec des alliances opportunistes entre diffe\u0301rents groupes arme\u0301s, rendant la situation encore plus complexe.<\/p>\n<p class=\"ap-article-footer-note\">Retrouvez plus d\u2019actualit\u00e9s et d\u2019analyses sur <span class=\"ap-highlight-country\">Mali<\/span> sur le site <span class=\"ap-highlight-brand\">Africa Press<\/span><\/p>\n","protected":false},"excerpt":{"rendered":"<p>CE Qu\u2019Il Faut Savoir La crise au Mali a \u00e9volu\u00e9 d&rsquo;un simple conflit arm\u00e9 \u00e0 une menace existentielle pour le gouvernement. Les attaques r\u00e9centes montrent un changement dans la nature de la guerre, avec des groupes arm\u00e9s ciblant non seulement l&rsquo;arm\u00e9e, mais aussi les symboles du pouvoir. Ce contexte soul\u00e8ve des questions sur la capacit\u00e9 [&hellip;]<\/p>\n","protected":false},"author":82,"featured_media":61036,"comment_status":"open","ping_status":"closed","sticky":false,"template":"","format":"standard","meta":{"footnotes":""},"categories":[13,17],"tags":[553,507,19,255,223],"class_list":["post-61037","post","type-post","status-publish","format-standard","has-post-thumbnail","hentry","category-dossiers","category-toutes-les-actualites","tag-crise","tag-guerre","tag-mali","tag-politique","tag-securite"],"yoast_head":"<!-- This site is optimized with the Yoast SEO Premium plugin v26.1 (Yoast SEO v27.0) - https:\/\/yoast.com\/product\/yoast-seo-premium-wordpress\/ -->\n<title>Que se Passe\u2010T\u2010Il au Mali? - Mali<\/title>\n<meta name=\"description\" content=\"D\u00e9couvrez comment la crise au Mali teste la structure du pouvoir et la s\u00e9curit\u00e9 nationale face \u00e0 des menaces croissantes.\" \/>\n<meta name=\"robots\" content=\"index, follow, max-snippet:-1, max-image-preview:large, max-video-preview:-1\" \/>\n<link rel=\"canonical\" href=\"https:\/\/www.africa-press.net\/mali\/dossiers\/que-se-passe\u2010t\u2010il-au-mali\" \/>\n<meta property=\"og:locale\" content=\"fr_FR\" \/>\n<meta property=\"og:type\" content=\"article\" \/>\n<meta property=\"og:title\" content=\"Que se Passe\u2010T\u2010Il au Mali?\" \/>\n<meta property=\"og:description\" content=\"D\u00e9couvrez comment la crise au Mali teste la structure du pouvoir et la s\u00e9curit\u00e9 nationale face \u00e0 des menaces croissantes.\" \/>\n<meta property=\"og:url\" content=\"https:\/\/www.africa-press.net\/mali\/dossiers\/que-se-passe\u2010t\u2010il-au-mali\" \/>\n<meta property=\"og:site_name\" content=\"Mali\" \/>\n<meta property=\"article:publisher\" content=\"https:\/\/www.facebook.com\/AfricaPressTunisiaa\" \/>\n<meta property=\"article:published_time\" content=\"2026-04-30T19:42:56+00:00\" \/>\n<meta property=\"article:modified_time\" content=\"2026-05-01T00:08:36+00:00\" \/>\n<meta property=\"og:image\" content=\"https:\/\/static.africa-press.net\/mali\/sites\/21\/2026\/05\/sm_1777593647.354076.jpg\" \/>\n\t<meta property=\"og:image:width\" content=\"1556\" \/>\n\t<meta property=\"og:image:height\" content=\"1167\" \/>\n\t<meta property=\"og:image:type\" content=\"image\/jpeg\" \/>\n<meta name=\"author\" content=\"cfeditorfr\" \/>\n<meta name=\"twitter:card\" content=\"summary_large_image\" \/>\n<meta name=\"twitter:label1\" content=\"\u00c9crit par\" \/>\n\t<meta name=\"twitter:data1\" content=\"cfeditorfr\" \/>\n\t<meta name=\"twitter:label2\" content=\"Dur\u00e9e de lecture estim\u00e9e\" \/>\n\t<meta name=\"twitter:data2\" content=\"10 minutes\" \/>\n<script type=\"application\/ld+json\" class=\"yoast-schema-graph\">{\"@context\":\"https:\/\/schema.org\",\"@graph\":[{\"@type\":\"Article\",\"@id\":\"https:\/\/www.africa-press.net\/mali\/dossiers\/que-se-passe%e2%80%90t%e2%80%90il-au-mali#article\",\"isPartOf\":{\"@id\":\"https:\/\/www.africa-press.net\/mali\/dossiers\/que-se-passe%e2%80%90t%e2%80%90il-au-mali\"},\"author\":{\"name\":\"cfeditorfr\",\"@id\":\"https:\/\/www.africa-press.net\/mali\/#\/schema\/person\/2b1cf3cd81a31e3cd26889ca66d677f1\"},\"headline\":\"Que se Passe\u2010T\u2010Il au Mali?\",\"datePublished\":\"2026-04-30T19:42:56+00:00\",\"dateModified\":\"2026-05-01T00:08:36+00:00\",\"mainEntityOfPage\":{\"@id\":\"https:\/\/www.africa-press.net\/mali\/dossiers\/que-se-passe%e2%80%90t%e2%80%90il-au-mali\"},\"wordCount\":2197,\"commentCount\":0,\"image\":{\"@id\":\"https:\/\/www.africa-press.net\/mali\/dossiers\/que-se-passe%e2%80%90t%e2%80%90il-au-mali#primaryimage\"},\"thumbnailUrl\":\"https:\/\/static.africa-press.net\/mali\/sites\/21\/2026\/05\/sm_1777593647.354076.jpg\",\"keywords\":[\"Crise\",\"Guerre\",\"mali\",\"Politique\",\"S\u00e9curit\u00e9\"],\"articleSection\":[\"Dossiers\",\"Toutes les actualit\u00e9s\"],\"inLanguage\":\"fr-FR\",\"potentialAction\":[{\"@type\":\"CommentAction\",\"name\":\"Comment\",\"target\":[\"https:\/\/www.africa-press.net\/mali\/dossiers\/que-se-passe%e2%80%90t%e2%80%90il-au-mali#respond\"]}]},{\"@type\":\"WebPage\",\"@id\":\"https:\/\/www.africa-press.net\/mali\/dossiers\/que-se-passe%e2%80%90t%e2%80%90il-au-mali\",\"url\":\"https:\/\/www.africa-press.net\/mali\/dossiers\/que-se-passe%e2%80%90t%e2%80%90il-au-mali\",\"name\":\"Que se Passe\u2010T\u2010Il au Mali? - Mali\",\"isPartOf\":{\"@id\":\"https:\/\/www.africa-press.net\/mali\/#website\"},\"primaryImageOfPage\":{\"@id\":\"https:\/\/www.africa-press.net\/mali\/dossiers\/que-se-passe%e2%80%90t%e2%80%90il-au-mali#primaryimage\"},\"image\":{\"@id\":\"https:\/\/www.africa-press.net\/mali\/dossiers\/que-se-passe%e2%80%90t%e2%80%90il-au-mali#primaryimage\"},\"thumbnailUrl\":\"https:\/\/static.africa-press.net\/mali\/sites\/21\/2026\/05\/sm_1777593647.354076.jpg\",\"datePublished\":\"2026-04-30T19:42:56+00:00\",\"dateModified\":\"2026-05-01T00:08:36+00:00\",\"author\":{\"@id\":\"https:\/\/www.africa-press.net\/mali\/#\/schema\/person\/2b1cf3cd81a31e3cd26889ca66d677f1\"},\"description\":\"D\u00e9couvrez comment la crise au Mali teste la structure du pouvoir et la s\u00e9curit\u00e9 nationale face \u00e0 des menaces croissantes.\",\"breadcrumb\":{\"@id\":\"https:\/\/www.africa-press.net\/mali\/dossiers\/que-se-passe%e2%80%90t%e2%80%90il-au-mali#breadcrumb\"},\"inLanguage\":\"fr-FR\",\"potentialAction\":[{\"@type\":\"ReadAction\",\"target\":[\"https:\/\/www.africa-press.net\/mali\/dossiers\/que-se-passe%e2%80%90t%e2%80%90il-au-mali\"]}]},{\"@type\":\"ImageObject\",\"inLanguage\":\"fr-FR\",\"@id\":\"https:\/\/www.africa-press.net\/mali\/dossiers\/que-se-passe%e2%80%90t%e2%80%90il-au-mali#primaryimage\",\"url\":\"https:\/\/static.africa-press.net\/mali\/sites\/21\/2026\/05\/sm_1777593647.354076.jpg\",\"contentUrl\":\"https:\/\/static.africa-press.net\/mali\/sites\/21\/2026\/05\/sm_1777593647.354076.jpg\",\"width\":1556,\"height\":1167,\"caption\":\"Que se Passe\u2010T\u2010Il au Mali?\"},{\"@type\":\"BreadcrumbList\",\"@id\":\"https:\/\/www.africa-press.net\/mali\/dossiers\/que-se-passe%e2%80%90t%e2%80%90il-au-mali#breadcrumb\",\"itemListElement\":[{\"@type\":\"ListItem\",\"position\":1,\"name\":\"Home\",\"item\":\"https:\/\/www.africa-press.net\/mali\/\"},{\"@type\":\"ListItem\",\"position\":2,\"name\":\"Que se Passe\u2010T\u2010Il au Mali?\"}]},{\"@type\":\"WebSite\",\"@id\":\"https:\/\/www.africa-press.net\/mali\/#website\",\"url\":\"https:\/\/www.africa-press.net\/mali\/\",\"name\":\"Mali\",\"description\":\"Just another Africa News Agency Sites site\",\"potentialAction\":[{\"@type\":\"SearchAction\",\"target\":{\"@type\":\"EntryPoint\",\"urlTemplate\":\"https:\/\/www.africa-press.net\/mali\/?s={search_term_string}\"},\"query-input\":{\"@type\":\"PropertyValueSpecification\",\"valueRequired\":true,\"valueName\":\"search_term_string\"}}],\"inLanguage\":\"fr-FR\"},{\"@type\":\"Person\",\"@id\":\"https:\/\/www.africa-press.net\/mali\/#\/schema\/person\/2b1cf3cd81a31e3cd26889ca66d677f1\",\"name\":\"cfeditorfr\"}]}<\/script>\n<!-- \/ Yoast SEO Premium plugin. -->","yoast_head_json":{"title":"Que se Passe\u2010T\u2010Il au Mali? - Mali","description":"D\u00e9couvrez comment la crise au Mali teste la structure du pouvoir et la s\u00e9curit\u00e9 nationale face \u00e0 des menaces croissantes.","robots":{"index":"index","follow":"follow","max-snippet":"max-snippet:-1","max-image-preview":"max-image-preview:large","max-video-preview":"max-video-preview:-1"},"canonical":"https:\/\/www.africa-press.net\/mali\/dossiers\/que-se-passe\u2010t\u2010il-au-mali","og_locale":"fr_FR","og_type":"article","og_title":"Que se Passe\u2010T\u2010Il au Mali?","og_description":"D\u00e9couvrez comment la crise au Mali teste la structure du pouvoir et la s\u00e9curit\u00e9 nationale face \u00e0 des menaces croissantes.","og_url":"https:\/\/www.africa-press.net\/mali\/dossiers\/que-se-passe\u2010t\u2010il-au-mali","og_site_name":"Mali","article_publisher":"https:\/\/www.facebook.com\/AfricaPressTunisiaa","article_published_time":"2026-04-30T19:42:56+00:00","article_modified_time":"2026-05-01T00:08:36+00:00","og_image":[{"width":1556,"height":1167,"url":"https:\/\/static.africa-press.net\/mali\/sites\/21\/2026\/05\/sm_1777593647.354076.jpg","type":"image\/jpeg"}],"author":"cfeditorfr","twitter_card":"summary_large_image","twitter_misc":{"\u00c9crit par":"cfeditorfr","Dur\u00e9e de lecture estim\u00e9e":"10 minutes"},"schema":{"@context":"https:\/\/schema.org","@graph":[{"@type":"Article","@id":"https:\/\/www.africa-press.net\/mali\/dossiers\/que-se-passe%e2%80%90t%e2%80%90il-au-mali#article","isPartOf":{"@id":"https:\/\/www.africa-press.net\/mali\/dossiers\/que-se-passe%e2%80%90t%e2%80%90il-au-mali"},"author":{"name":"cfeditorfr","@id":"https:\/\/www.africa-press.net\/mali\/#\/schema\/person\/2b1cf3cd81a31e3cd26889ca66d677f1"},"headline":"Que se Passe\u2010T\u2010Il au Mali?","datePublished":"2026-04-30T19:42:56+00:00","dateModified":"2026-05-01T00:08:36+00:00","mainEntityOfPage":{"@id":"https:\/\/www.africa-press.net\/mali\/dossiers\/que-se-passe%e2%80%90t%e2%80%90il-au-mali"},"wordCount":2197,"commentCount":0,"image":{"@id":"https:\/\/www.africa-press.net\/mali\/dossiers\/que-se-passe%e2%80%90t%e2%80%90il-au-mali#primaryimage"},"thumbnailUrl":"https:\/\/static.africa-press.net\/mali\/sites\/21\/2026\/05\/sm_1777593647.354076.jpg","keywords":["Crise","Guerre","mali","Politique","S\u00e9curit\u00e9"],"articleSection":["Dossiers","Toutes les actualit\u00e9s"],"inLanguage":"fr-FR","potentialAction":[{"@type":"CommentAction","name":"Comment","target":["https:\/\/www.africa-press.net\/mali\/dossiers\/que-se-passe%e2%80%90t%e2%80%90il-au-mali#respond"]}]},{"@type":"WebPage","@id":"https:\/\/www.africa-press.net\/mali\/dossiers\/que-se-passe%e2%80%90t%e2%80%90il-au-mali","url":"https:\/\/www.africa-press.net\/mali\/dossiers\/que-se-passe%e2%80%90t%e2%80%90il-au-mali","name":"Que se Passe\u2010T\u2010Il au Mali? - Mali","isPartOf":{"@id":"https:\/\/www.africa-press.net\/mali\/#website"},"primaryImageOfPage":{"@id":"https:\/\/www.africa-press.net\/mali\/dossiers\/que-se-passe%e2%80%90t%e2%80%90il-au-mali#primaryimage"},"image":{"@id":"https:\/\/www.africa-press.net\/mali\/dossiers\/que-se-passe%e2%80%90t%e2%80%90il-au-mali#primaryimage"},"thumbnailUrl":"https:\/\/static.africa-press.net\/mali\/sites\/21\/2026\/05\/sm_1777593647.354076.jpg","datePublished":"2026-04-30T19:42:56+00:00","dateModified":"2026-05-01T00:08:36+00:00","author":{"@id":"https:\/\/www.africa-press.net\/mali\/#\/schema\/person\/2b1cf3cd81a31e3cd26889ca66d677f1"},"description":"D\u00e9couvrez comment la crise au Mali teste la structure du pouvoir et la s\u00e9curit\u00e9 nationale face \u00e0 des menaces croissantes.","breadcrumb":{"@id":"https:\/\/www.africa-press.net\/mali\/dossiers\/que-se-passe%e2%80%90t%e2%80%90il-au-mali#breadcrumb"},"inLanguage":"fr-FR","potentialAction":[{"@type":"ReadAction","target":["https:\/\/www.africa-press.net\/mali\/dossiers\/que-se-passe%e2%80%90t%e2%80%90il-au-mali"]}]},{"@type":"ImageObject","inLanguage":"fr-FR","@id":"https:\/\/www.africa-press.net\/mali\/dossiers\/que-se-passe%e2%80%90t%e2%80%90il-au-mali#primaryimage","url":"https:\/\/static.africa-press.net\/mali\/sites\/21\/2026\/05\/sm_1777593647.354076.jpg","contentUrl":"https:\/\/static.africa-press.net\/mali\/sites\/21\/2026\/05\/sm_1777593647.354076.jpg","width":1556,"height":1167,"caption":"Que se Passe\u2010T\u2010Il au Mali?"},{"@type":"BreadcrumbList","@id":"https:\/\/www.africa-press.net\/mali\/dossiers\/que-se-passe%e2%80%90t%e2%80%90il-au-mali#breadcrumb","itemListElement":[{"@type":"ListItem","position":1,"name":"Home","item":"https:\/\/www.africa-press.net\/mali\/"},{"@type":"ListItem","position":2,"name":"Que se Passe\u2010T\u2010Il au Mali?"}]},{"@type":"WebSite","@id":"https:\/\/www.africa-press.net\/mali\/#website","url":"https:\/\/www.africa-press.net\/mali\/","name":"Mali","description":"Just another Africa News Agency Sites site","potentialAction":[{"@type":"SearchAction","target":{"@type":"EntryPoint","urlTemplate":"https:\/\/www.africa-press.net\/mali\/?s={search_term_string}"},"query-input":{"@type":"PropertyValueSpecification","valueRequired":true,"valueName":"search_term_string"}}],"inLanguage":"fr-FR"},{"@type":"Person","@id":"https:\/\/www.africa-press.net\/mali\/#\/schema\/person\/2b1cf3cd81a31e3cd26889ca66d677f1","name":"cfeditorfr"}]}},"_links":{"self":[{"href":"https:\/\/www.africa-press.net\/mali\/wp-json\/wp\/v2\/posts\/61037","targetHints":{"allow":["GET"]}}],"collection":[{"href":"https:\/\/www.africa-press.net\/mali\/wp-json\/wp\/v2\/posts"}],"about":[{"href":"https:\/\/www.africa-press.net\/mali\/wp-json\/wp\/v2\/types\/post"}],"author":[{"embeddable":true,"href":"https:\/\/www.africa-press.net\/mali\/wp-json\/wp\/v2\/users\/82"}],"replies":[{"embeddable":true,"href":"https:\/\/www.africa-press.net\/mali\/wp-json\/wp\/v2\/comments?post=61037"}],"version-history":[{"count":1,"href":"https:\/\/www.africa-press.net\/mali\/wp-json\/wp\/v2\/posts\/61037\/revisions"}],"predecessor-version":[{"id":61044,"href":"https:\/\/www.africa-press.net\/mali\/wp-json\/wp\/v2\/posts\/61037\/revisions\/61044"}],"wp:featuredmedia":[{"embeddable":true,"href":"https:\/\/www.africa-press.net\/mali\/wp-json\/wp\/v2\/media\/61036"}],"wp:attachment":[{"href":"https:\/\/www.africa-press.net\/mali\/wp-json\/wp\/v2\/media?parent=61037"}],"wp:term":[{"taxonomy":"category","embeddable":true,"href":"https:\/\/www.africa-press.net\/mali\/wp-json\/wp\/v2\/categories?post=61037"},{"taxonomy":"post_tag","embeddable":true,"href":"https:\/\/www.africa-press.net\/mali\/wp-json\/wp\/v2\/tags?post=61037"}],"curies":[{"name":"wp","href":"https:\/\/api.w.org\/{rel}","templated":true}]}}