{"id":61043,"date":"2026-04-30T20:22:33","date_gmt":"2026-04-30T20:22:33","guid":{"rendered":"https:\/\/www.africa-press.net\/mali\/politique\/front-de-liberation-de-lazawad-nouvelle-rebellion-au-mali"},"modified":"2026-05-01T00:23:12","modified_gmt":"2026-05-01T00:23:12","slug":"front-de-liberation-de-lazawad-nouvelle-rebellion-au-mali","status":"publish","type":"post","link":"https:\/\/www.africa-press.net\/mali\/dossiers\/front-de-liberation-de-lazawad-nouvelle-rebellion-au-mali","title":{"rendered":"Front de Lib\u00e9ration de L&rsquo;Azawad: Nouvelle R\u00e9bellion au Mali"},"content":{"rendered":"<p><span class=\"ap-article-header-tag\"> <strong>Africa-Press &#8211; Mali. <\/strong> <\/span>Le Mali a connu une intensification marque\u0301e de la violence, dans le cadre des efforts continus des Touaregs et de leurs allie\u0301s pour l&rsquo;inde\u0301pendance du nord du pays et le renversement du re\u0301gime militaire en place. Dans ce contexte, le Front de libe\u0301ration d&rsquo;Azawad a e\u0301merge\u0301 comme une coalition rebelle fonde\u0301e en 2024, regroupant plusieurs factions azawadiennes.<\/p>\n<p>L&rsquo;agenda du front vise a\u0300 revendiquer le droit a\u0300 l&rsquo;autode\u0301termination des habitants du nord, tout en plaidant pour une forme d&rsquo;autonomie dans cette re\u0301gion, dans un environnement politique et se\u0301curitaire tre\u0300s instable.<\/p>\n<p>Selon les rapports, le pays a e\u0301te\u0301 frappe\u0301 le 25 avril 2026 par des attaques ciblant des zones et des bases militaires, entrai\u0302nant la mort du ministre de la De\u0301fense, Sadio Kamara, et de sa femme, ainsi que d&rsquo;autres victimes. Des explosions sporadiques ont e\u0301galement e\u0301te\u0301 enregistre\u0301es autour de l&rsquo;ae\u0301roport international Modibo Kei\u0308ta a\u0300 Bamako, et la ville de Kidal, au nord, est tombe\u0301e aux mains des rebelles.<\/p>\n<p><b>Formation du Front de libe\u0301ration d&rsquo;Azawad<\/b><\/p>\n<p>L&rsquo;annonce de la formation du Front de libe\u0301ration d&rsquo;Azawad en novembre 2024 est le re\u0301sultat direct des tensions se\u0301curitaires et politiques dans le nord du Mali, qui ont rede\u0301fini le paysage des acteurs arme\u0301s dans la re\u0301gion.<\/p>\n<p>En 2017, le groupe de soutien a\u0300 l&rsquo;islam et aux musulmans a e\u0301merge\u0301 comme une force dominante apre\u0300s la fusion de plusieurs groupes lie\u0301s a\u0300 Al-Qai\u0308da, ce qui a entrai\u0302ne\u0301 une augmentation des attaques et une expansion de leur contro\u0302le dans le nord du Mali.<\/p>\n<p>Avec l&rsquo;aggravation de la situation se\u0301curitaire, Bamako a connu un coup d&rsquo;E\u0301tat militaire en aou\u0302t 2020, dirige\u0301 par le colonel Assimi Goi\u0308ta, qui a renverse\u0301 le pre\u0301sident e\u0301lu Ibrahim Boubacar Kei\u0308ta le 25 mai 2021. Un autre coup d&rsquo;E\u0301tat a suivi, e\u0301galement mene\u0301 par Goi\u0308ta, qui a destitue\u0301 le pre\u0301sident de transition Bah N&rsquo;Dao et son Premier ministre Moctar Ouane, affirmant qu&rsquo;ils avaient e\u0301choue\u0301 dans leurs fonctions et qu&rsquo;ils \u00ab\u00a0cherchaient a\u0300 saboter le processus de transition dans le pays\u00a0\u00bb.<\/p>\n<p>Paralle\u0300lement, les relations entre les autorite\u0301s militaires et les partenaires internationaux se sont tendues, notamment avec la France, qui a e\u0301te\u0301 contrainte de mettre fin a\u0300 sa pre\u0301sence militaire dans le pays sous la pression des militaires, dans un contexte de rejet populaire croissant de la pre\u0301sence des troupes franc\u0327aises.<\/p>\n<p>Avec le retrait des forces franc\u0327aises en 2022, des e\u0301le\u0301ments du groupe Wagner russe sont apparus pour combler le vide se\u0301curitaire, alors que le Mali re\u0301ajustait sa position politique apre\u0300s la suspension de son adhe\u0301sion a\u0300 la CEDEAO et sa demande de retrait de la mission des Nations Unies en 2023.<\/p>\n<p>Cette transformation a cre\u0301e\u0301 des vides sur le terrain, notamment dans le nord, ou\u0300 un conflit direct a e\u0301clate\u0301 entre l&rsquo;arme\u0301e malienne et les combattants des mouvements actifs en Azawad pour le contro\u0302le des bases abandonne\u0301es, aggravant les pertes humaines et forc\u0327ant des dizaines de milliers de civils a\u0300 fuir.<\/p>\n<p>En janvier 2024, l&rsquo;annulation de l&rsquo;accord d&rsquo;Alger signe\u0301 en 2015 a marque\u0301 un tournant de\u0301cisif, rouvrant les fronts de combat avec les groupes arme\u0301s, y compris les factions touaregs. Dans ce contexte de monte\u0301e des tensions, certaines factions azawadiennes ont ressenti le besoin de re\u0301organiser leurs rangs au sein d&rsquo;une structure unifie\u0301e plus efficace.<\/p>\n<p>Dans ce cadre, plusieurs factions, dont le Mouvement national de libe\u0301ration de l&rsquo;Azawad (Touaregs), le Conseil supe\u0301rieur de l&rsquo;unite\u0301 d&rsquo;Azawad, et le Mouvement arabe azawadien, ont annonce\u0301 la cre\u0301ation d&rsquo;une nouvelle entite\u0301, le Front de libe\u0301ration d&rsquo;Azawad, pour repre\u0301senter une plateforme politique et militaire unifie\u0301e, re\u0301affirmant la demande d&rsquo;autode\u0301termination et cherchant a\u0300 renforcer leur influence dans le nord du Mali dans un environnement re\u0301gional complexe et changeant.<\/p>\n<p><b>Origines du conflit<\/b><\/p>\n<p>Les racines du conflit dans la re\u0301gion d&rsquo;Azawad, au nord du Mali, remontent a\u0300 longtemps, les Touaregs ayant cherche\u0301 a\u0300 e\u0301tablir un E\u0301tat propre depuis le de\u0301but du XXe sie\u0300cle. Apre\u0300s l&rsquo;inde\u0301pendance du Mali vis-a\u0300-vis de la France en 1960, ces revendications se sont intensifie\u0301es.<\/p>\n<p>Le nord du Mali est principalement habite\u0301 par des Touaregs et des Arabes, qui ont des liens sociaux et culturels avec les pays voisins comme l&rsquo;Alge\u0301rie, le Niger et la Mauritanie, plus qu&rsquo;avec d&rsquo;autres composantes de la socie\u0301te\u0301 dans le sud du Mali.<\/p>\n<p>Les premie\u0300res re\u0301bellions ont commence\u0301 en 1962, lorsque les Touaregs ont attaque\u0301 des sites gouvernementaux, mais l&rsquo;arme\u0301e a re\u0301ussi a\u0300 les re\u0301primer, entrai\u0302nant le de\u0301placement d&rsquo;un grand nombre de personnes et une augmentation des tensions. Les vagues de se\u0301cheresse qui ont frappe\u0301 la re\u0301gion ont e\u0301galement aggrave\u0301 la situation, en raison de leur impact significatif sur la vie des populations nomades.<\/p>\n<p>En 1990, une nouvelle re\u0301bellion a e\u0301clate\u0301, impliquant des Touaregs du nord du Niger, et plusieurs mouvements arme\u0301s ont e\u0301merge\u0301, dont le Mouvement populaire de libe\u0301ration de l&rsquo;Azawad, le Front islamique arabe de l&rsquo;Azawad, et les mouvements et fronts unis de l&rsquo;Azawad.<\/p>\n<p>Bien qu&rsquo;un accord de paix ait e\u0301te\u0301 signe\u0301 avec certains de ces groupes en 1995, les tensions n&rsquo;ont pas disparu, et les attaques ont continue\u0301 de manie\u0300re sporadique dans le nord du Mali.<\/p>\n<p><b>Inde\u0301pendance inacheve\u0301e<\/b><\/p>\n<p>Au de\u0301but de l&rsquo;anne\u0301e 2012, apre\u0300s une nouvelle vague d&rsquo;attaques mene\u0301es par les Touaregs et d&rsquo;autres groupes arme\u0301s, certains lie\u0301s a\u0300 Al-Qai\u0308da, le Mouvement national de libe\u0301ration de l&rsquo;Azawad, dirige\u0301 par Bilal Ag Cherif, a proclame\u0301 l&rsquo;inde\u0301pendance d&rsquo;un E\u0301tat dans le nord du Mali.<\/p>\n<p>Au de\u0301but du conflit, le mouvement s&rsquo;est allie\u0301 au groupe Ansar Dine, dirige\u0301 par Iyad Ag Ghaly, mais cette alliance n&rsquo;a pas e\u0301te\u0301 stable, des affrontements e\u0301clatant rapidement entre les deux parties.<\/p>\n<p>Les rebelles ont profite\u0301 du chaos qui a suivi un coup d&rsquo;E\u0301tat militaire a\u0300 Bamako en mars 2012 pour prendre le contro\u0302le de villes cle\u0301s dans le nord comme Kidal, Tombouctou et Gao. Le 6 avril de la me\u0302me anne\u0301e, le Mouvement national de libe\u0301ration de l&rsquo;Azawad a de\u0301clare\u0301 l&rsquo;inde\u0301pendance de la re\u0301gion.<\/p>\n<p>Cependant, des de\u0301saccords sont rapidement apparus, les Touaregs visant l&rsquo;autonomie, tandis qu&rsquo;Ansar Dine et ses allie\u0301s cherchaient a\u0300 imposer la charia dans les zones sous leur contro\u0302le. Au fil du temps, ces groupes ont pris le contro\u0302le de l&rsquo;e\u0301volution des e\u0301ve\u0301nements, ce qui a conduit a\u0300 un recul du ro\u0302le du Mouvement national de libe\u0301ration de l&rsquo;Azawad.<\/p>\n<p>En 2013, la France est intervenue militairement a\u0300 la demande du gouvernement malien, de\u0301ployant environ 4 000 soldats pour soutenir les forces maliennes.<\/p>\n<p>En 2015, un accord a e\u0301te\u0301 signe\u0301 a\u0300 Alger entre le gouvernement et une coalition de groupes touaregs, visant a\u0300 apaiser la situation, avec des promesses d&rsquo;accorder plus d&rsquo;autonomie au nord et d&rsquo;ame\u0301liorer les conditions e\u0301conomiques. Des forces de maintien de la paix des Nations Unies ont e\u0301galement e\u0301te\u0301 envoye\u0301es dans la re\u0301gion pour soutenir la stabilite\u0301.<\/p>\n<p><b>Une attaque coordonne\u0301e sans pre\u0301ce\u0301dent depuis des anne\u0301es<\/b><\/p>\n<p>Samedi dernier, le groupe de soutien a\u0300 l&rsquo;islam et aux musulmans, lie\u0301 a\u0300 Al-Qai\u0308da, et le Front de libe\u0301ration d&rsquo;Azawad ont revendique\u0301 la responsabilite\u0301 d&rsquo;une se\u0301rie d&rsquo;attaques ciblant plusieurs sites au Mali, y compris la ville de Kati et l&rsquo;ae\u0301roport de la capitale Bamako, ainsi que des zones dans le nord comme Mopti, Se\u0301vare\u0301 et Gao, le 25 avril 2026. Ces attaques ont e\u0301te\u0301 de\u0301crites comme parmi les ope\u0301rations les plus audacieuses contre le gouvernement dirige\u0301 par l&rsquo;arme\u0301e malienne.<\/p>\n<p>Pour sa part, l&rsquo;arme\u0301e malienne a affirme\u0301 avoir repousse\u0301 les attaques visant plusieurs sites a\u0300 Bamako et dans ses environs, signalant la mort de centaines d&rsquo;assaillants et le de\u0301but d&rsquo;ope\u0301rations de ratissage a\u0300 Bamako et dans ses environs, ainsi que dans d&rsquo;autres re\u0301gions du pays, y compris des zones minie\u0300res.<\/p>\n<p>En revanche, le groupe arme\u0301 a de\u0301clare\u0301 avoir pris le contro\u0302le des villes de Kidal et Gao dans le nord du pays.<\/p>\n<p class=\"ap-article-footer-note\">Retrouvez plus d\u2019actualit\u00e9s et d\u2019analyses sur <span class=\"ap-highlight-country\">Mali<\/span> sur le site <span class=\"ap-highlight-brand\">Africa Press<\/span><\/p>\n","protected":false},"excerpt":{"rendered":"<p>Africa-Press &#8211; Mali. Le Mali a connu une intensification marque\u0301e de la violence, dans le cadre des efforts continus des Touaregs et de leurs allie\u0301s pour l&rsquo;inde\u0301pendance du nord du pays et le renversement du re\u0301gime militaire en place. Dans ce contexte, le Front de libe\u0301ration d&rsquo;Azawad a e\u0301merge\u0301 comme une coalition rebelle fonde\u0301e en [&hellip;]<\/p>\n","protected":false},"author":82,"featured_media":61042,"comment_status":"open","ping_status":"closed","sticky":false,"template":"","format":"standard","meta":{"footnotes":""},"categories":[13,17],"tags":[19],"class_list":["post-61043","post","type-post","status-publish","format-standard","has-post-thumbnail","hentry","category-dossiers","category-toutes-les-actualites","tag-mali"],"yoast_head":"<!-- This site is optimized with the Yoast SEO Premium plugin v26.1 (Yoast SEO v27.0) - https:\/\/yoast.com\/product\/yoast-seo-premium-wordpress\/ -->\n<title>Front de Lib\u00e9ration de L&#039;Azawad: Nouvelle R\u00e9bellion au Mali - Mali<\/title>\n<meta name=\"description\" content=\"-article-header-tag&quot;&gt; Africa-Press - Mali. Le Mali a connu une intensificatio ...\" \/>\n<meta name=\"robots\" content=\"index, follow, max-snippet:-1, max-image-preview:large, max-video-preview:-1\" \/>\n<link rel=\"canonical\" href=\"https:\/\/www.africa-press.net\/mali\/dossiers\/front-de-liberation-de-lazawad-nouvelle-rebellion-au-mali\" \/>\n<meta property=\"og:locale\" content=\"fr_FR\" \/>\n<meta property=\"og:type\" content=\"article\" \/>\n<meta property=\"og:title\" content=\"Front de Lib\u00e9ration de L&#039;Azawad: Nouvelle R\u00e9bellion au Mali\" \/>\n<meta property=\"og:description\" content=\"-article-header-tag&quot;&gt; Africa-Press - Mali. Le Mali a connu une intensificatio ...\" \/>\n<meta property=\"og:url\" content=\"https:\/\/www.africa-press.net\/mali\/dossiers\/front-de-liberation-de-lazawad-nouvelle-rebellion-au-mali\" \/>\n<meta property=\"og:site_name\" content=\"Mali\" \/>\n<meta property=\"article:publisher\" content=\"https:\/\/www.facebook.com\/AfricaPressTunisiaa\" \/>\n<meta property=\"article:published_time\" content=\"2026-04-30T20:22:33+00:00\" \/>\n<meta property=\"article:modified_time\" content=\"2026-05-01T00:23:12+00:00\" \/>\n<meta property=\"og:image\" content=\"https:\/\/static.africa-press.net\/mali\/sites\/21\/2026\/05\/sm_1777594037.94377.jpg\" \/>\n\t<meta property=\"og:image:width\" content=\"1556\" \/>\n\t<meta property=\"og:image:height\" content=\"1167\" \/>\n\t<meta property=\"og:image:type\" content=\"image\/jpeg\" \/>\n<meta name=\"author\" content=\"cfeditorfr\" \/>\n<meta name=\"twitter:card\" content=\"summary_large_image\" \/>\n<meta name=\"twitter:label1\" content=\"\u00c9crit par\" \/>\n\t<meta name=\"twitter:data1\" content=\"cfeditorfr\" \/>\n\t<meta name=\"twitter:label2\" content=\"Dur\u00e9e de lecture estim\u00e9e\" \/>\n\t<meta name=\"twitter:data2\" content=\"7 minutes\" \/>\n<script type=\"application\/ld+json\" class=\"yoast-schema-graph\">{\"@context\":\"https:\/\/schema.org\",\"@graph\":[{\"@type\":\"Article\",\"@id\":\"https:\/\/www.africa-press.net\/mali\/dossiers\/front-de-liberation-de-lazawad-nouvelle-rebellion-au-mali#article\",\"isPartOf\":{\"@id\":\"https:\/\/www.africa-press.net\/mali\/dossiers\/front-de-liberation-de-lazawad-nouvelle-rebellion-au-mali\"},\"author\":{\"name\":\"cfeditorfr\",\"@id\":\"https:\/\/www.africa-press.net\/mali\/#\/schema\/person\/2b1cf3cd81a31e3cd26889ca66d677f1\"},\"headline\":\"Front de Lib\u00e9ration de L&rsquo;Azawad: Nouvelle R\u00e9bellion au Mali\",\"datePublished\":\"2026-04-30T20:22:33+00:00\",\"dateModified\":\"2026-05-01T00:23:12+00:00\",\"mainEntityOfPage\":{\"@id\":\"https:\/\/www.africa-press.net\/mali\/dossiers\/front-de-liberation-de-lazawad-nouvelle-rebellion-au-mali\"},\"wordCount\":1490,\"commentCount\":0,\"image\":{\"@id\":\"https:\/\/www.africa-press.net\/mali\/dossiers\/front-de-liberation-de-lazawad-nouvelle-rebellion-au-mali#primaryimage\"},\"thumbnailUrl\":\"https:\/\/static.africa-press.net\/mali\/sites\/21\/2026\/05\/sm_1777594037.94377.jpg\",\"keywords\":[\"mali\"],\"articleSection\":[\"Dossiers\",\"Toutes les actualit\u00e9s\"],\"inLanguage\":\"fr-FR\",\"potentialAction\":[{\"@type\":\"CommentAction\",\"name\":\"Comment\",\"target\":[\"https:\/\/www.africa-press.net\/mali\/dossiers\/front-de-liberation-de-lazawad-nouvelle-rebellion-au-mali#respond\"]}]},{\"@type\":\"WebPage\",\"@id\":\"https:\/\/www.africa-press.net\/mali\/dossiers\/front-de-liberation-de-lazawad-nouvelle-rebellion-au-mali\",\"url\":\"https:\/\/www.africa-press.net\/mali\/dossiers\/front-de-liberation-de-lazawad-nouvelle-rebellion-au-mali\",\"name\":\"Front de Lib\u00e9ration de L'Azawad: Nouvelle R\u00e9bellion au Mali - Mali\",\"isPartOf\":{\"@id\":\"https:\/\/www.africa-press.net\/mali\/#website\"},\"primaryImageOfPage\":{\"@id\":\"https:\/\/www.africa-press.net\/mali\/dossiers\/front-de-liberation-de-lazawad-nouvelle-rebellion-au-mali#primaryimage\"},\"image\":{\"@id\":\"https:\/\/www.africa-press.net\/mali\/dossiers\/front-de-liberation-de-lazawad-nouvelle-rebellion-au-mali#primaryimage\"},\"thumbnailUrl\":\"https:\/\/static.africa-press.net\/mali\/sites\/21\/2026\/05\/sm_1777594037.94377.jpg\",\"datePublished\":\"2026-04-30T20:22:33+00:00\",\"dateModified\":\"2026-05-01T00:23:12+00:00\",\"author\":{\"@id\":\"https:\/\/www.africa-press.net\/mali\/#\/schema\/person\/2b1cf3cd81a31e3cd26889ca66d677f1\"},\"description\":\"-article-header-tag\\\"> Africa-Press - Mali. Le Mali a connu une intensificatio ...\",\"breadcrumb\":{\"@id\":\"https:\/\/www.africa-press.net\/mali\/dossiers\/front-de-liberation-de-lazawad-nouvelle-rebellion-au-mali#breadcrumb\"},\"inLanguage\":\"fr-FR\",\"potentialAction\":[{\"@type\":\"ReadAction\",\"target\":[\"https:\/\/www.africa-press.net\/mali\/dossiers\/front-de-liberation-de-lazawad-nouvelle-rebellion-au-mali\"]}]},{\"@type\":\"ImageObject\",\"inLanguage\":\"fr-FR\",\"@id\":\"https:\/\/www.africa-press.net\/mali\/dossiers\/front-de-liberation-de-lazawad-nouvelle-rebellion-au-mali#primaryimage\",\"url\":\"https:\/\/static.africa-press.net\/mali\/sites\/21\/2026\/05\/sm_1777594037.94377.jpg\",\"contentUrl\":\"https:\/\/static.africa-press.net\/mali\/sites\/21\/2026\/05\/sm_1777594037.94377.jpg\",\"width\":1556,\"height\":1167,\"caption\":\"Front de Lib\u00e9ration de L'Azawad: Nouvelle R\u00e9bellion au Mali\"},{\"@type\":\"BreadcrumbList\",\"@id\":\"https:\/\/www.africa-press.net\/mali\/dossiers\/front-de-liberation-de-lazawad-nouvelle-rebellion-au-mali#breadcrumb\",\"itemListElement\":[{\"@type\":\"ListItem\",\"position\":1,\"name\":\"Home\",\"item\":\"https:\/\/www.africa-press.net\/mali\/\"},{\"@type\":\"ListItem\",\"position\":2,\"name\":\"Front de Lib\u00e9ration de L&#8217;Azawad: Nouvelle R\u00e9bellion au Mali\"}]},{\"@type\":\"WebSite\",\"@id\":\"https:\/\/www.africa-press.net\/mali\/#website\",\"url\":\"https:\/\/www.africa-press.net\/mali\/\",\"name\":\"Mali\",\"description\":\"Just another Africa News Agency Sites site\",\"potentialAction\":[{\"@type\":\"SearchAction\",\"target\":{\"@type\":\"EntryPoint\",\"urlTemplate\":\"https:\/\/www.africa-press.net\/mali\/?s={search_term_string}\"},\"query-input\":{\"@type\":\"PropertyValueSpecification\",\"valueRequired\":true,\"valueName\":\"search_term_string\"}}],\"inLanguage\":\"fr-FR\"},{\"@type\":\"Person\",\"@id\":\"https:\/\/www.africa-press.net\/mali\/#\/schema\/person\/2b1cf3cd81a31e3cd26889ca66d677f1\",\"name\":\"cfeditorfr\"}]}<\/script>\n<!-- \/ Yoast SEO Premium plugin. -->","yoast_head_json":{"title":"Front de Lib\u00e9ration de L'Azawad: Nouvelle R\u00e9bellion au Mali - Mali","description":"-article-header-tag\"> Africa-Press - Mali. Le Mali a connu une intensificatio ...","robots":{"index":"index","follow":"follow","max-snippet":"max-snippet:-1","max-image-preview":"max-image-preview:large","max-video-preview":"max-video-preview:-1"},"canonical":"https:\/\/www.africa-press.net\/mali\/dossiers\/front-de-liberation-de-lazawad-nouvelle-rebellion-au-mali","og_locale":"fr_FR","og_type":"article","og_title":"Front de Lib\u00e9ration de L'Azawad: Nouvelle R\u00e9bellion au Mali","og_description":"-article-header-tag\"> Africa-Press - Mali. Le Mali a connu une intensificatio ...","og_url":"https:\/\/www.africa-press.net\/mali\/dossiers\/front-de-liberation-de-lazawad-nouvelle-rebellion-au-mali","og_site_name":"Mali","article_publisher":"https:\/\/www.facebook.com\/AfricaPressTunisiaa","article_published_time":"2026-04-30T20:22:33+00:00","article_modified_time":"2026-05-01T00:23:12+00:00","og_image":[{"width":1556,"height":1167,"url":"https:\/\/static.africa-press.net\/mali\/sites\/21\/2026\/05\/sm_1777594037.94377.jpg","type":"image\/jpeg"}],"author":"cfeditorfr","twitter_card":"summary_large_image","twitter_misc":{"\u00c9crit par":"cfeditorfr","Dur\u00e9e de lecture estim\u00e9e":"7 minutes"},"schema":{"@context":"https:\/\/schema.org","@graph":[{"@type":"Article","@id":"https:\/\/www.africa-press.net\/mali\/dossiers\/front-de-liberation-de-lazawad-nouvelle-rebellion-au-mali#article","isPartOf":{"@id":"https:\/\/www.africa-press.net\/mali\/dossiers\/front-de-liberation-de-lazawad-nouvelle-rebellion-au-mali"},"author":{"name":"cfeditorfr","@id":"https:\/\/www.africa-press.net\/mali\/#\/schema\/person\/2b1cf3cd81a31e3cd26889ca66d677f1"},"headline":"Front de Lib\u00e9ration de L&rsquo;Azawad: Nouvelle R\u00e9bellion au Mali","datePublished":"2026-04-30T20:22:33+00:00","dateModified":"2026-05-01T00:23:12+00:00","mainEntityOfPage":{"@id":"https:\/\/www.africa-press.net\/mali\/dossiers\/front-de-liberation-de-lazawad-nouvelle-rebellion-au-mali"},"wordCount":1490,"commentCount":0,"image":{"@id":"https:\/\/www.africa-press.net\/mali\/dossiers\/front-de-liberation-de-lazawad-nouvelle-rebellion-au-mali#primaryimage"},"thumbnailUrl":"https:\/\/static.africa-press.net\/mali\/sites\/21\/2026\/05\/sm_1777594037.94377.jpg","keywords":["mali"],"articleSection":["Dossiers","Toutes les actualit\u00e9s"],"inLanguage":"fr-FR","potentialAction":[{"@type":"CommentAction","name":"Comment","target":["https:\/\/www.africa-press.net\/mali\/dossiers\/front-de-liberation-de-lazawad-nouvelle-rebellion-au-mali#respond"]}]},{"@type":"WebPage","@id":"https:\/\/www.africa-press.net\/mali\/dossiers\/front-de-liberation-de-lazawad-nouvelle-rebellion-au-mali","url":"https:\/\/www.africa-press.net\/mali\/dossiers\/front-de-liberation-de-lazawad-nouvelle-rebellion-au-mali","name":"Front de Lib\u00e9ration de L'Azawad: Nouvelle R\u00e9bellion au Mali - Mali","isPartOf":{"@id":"https:\/\/www.africa-press.net\/mali\/#website"},"primaryImageOfPage":{"@id":"https:\/\/www.africa-press.net\/mali\/dossiers\/front-de-liberation-de-lazawad-nouvelle-rebellion-au-mali#primaryimage"},"image":{"@id":"https:\/\/www.africa-press.net\/mali\/dossiers\/front-de-liberation-de-lazawad-nouvelle-rebellion-au-mali#primaryimage"},"thumbnailUrl":"https:\/\/static.africa-press.net\/mali\/sites\/21\/2026\/05\/sm_1777594037.94377.jpg","datePublished":"2026-04-30T20:22:33+00:00","dateModified":"2026-05-01T00:23:12+00:00","author":{"@id":"https:\/\/www.africa-press.net\/mali\/#\/schema\/person\/2b1cf3cd81a31e3cd26889ca66d677f1"},"description":"-article-header-tag\"> Africa-Press - Mali. Le Mali a connu une intensificatio ...","breadcrumb":{"@id":"https:\/\/www.africa-press.net\/mali\/dossiers\/front-de-liberation-de-lazawad-nouvelle-rebellion-au-mali#breadcrumb"},"inLanguage":"fr-FR","potentialAction":[{"@type":"ReadAction","target":["https:\/\/www.africa-press.net\/mali\/dossiers\/front-de-liberation-de-lazawad-nouvelle-rebellion-au-mali"]}]},{"@type":"ImageObject","inLanguage":"fr-FR","@id":"https:\/\/www.africa-press.net\/mali\/dossiers\/front-de-liberation-de-lazawad-nouvelle-rebellion-au-mali#primaryimage","url":"https:\/\/static.africa-press.net\/mali\/sites\/21\/2026\/05\/sm_1777594037.94377.jpg","contentUrl":"https:\/\/static.africa-press.net\/mali\/sites\/21\/2026\/05\/sm_1777594037.94377.jpg","width":1556,"height":1167,"caption":"Front de Lib\u00e9ration de L'Azawad: Nouvelle R\u00e9bellion au Mali"},{"@type":"BreadcrumbList","@id":"https:\/\/www.africa-press.net\/mali\/dossiers\/front-de-liberation-de-lazawad-nouvelle-rebellion-au-mali#breadcrumb","itemListElement":[{"@type":"ListItem","position":1,"name":"Home","item":"https:\/\/www.africa-press.net\/mali\/"},{"@type":"ListItem","position":2,"name":"Front de Lib\u00e9ration de L&#8217;Azawad: Nouvelle R\u00e9bellion au Mali"}]},{"@type":"WebSite","@id":"https:\/\/www.africa-press.net\/mali\/#website","url":"https:\/\/www.africa-press.net\/mali\/","name":"Mali","description":"Just another Africa News Agency Sites site","potentialAction":[{"@type":"SearchAction","target":{"@type":"EntryPoint","urlTemplate":"https:\/\/www.africa-press.net\/mali\/?s={search_term_string}"},"query-input":{"@type":"PropertyValueSpecification","valueRequired":true,"valueName":"search_term_string"}}],"inLanguage":"fr-FR"},{"@type":"Person","@id":"https:\/\/www.africa-press.net\/mali\/#\/schema\/person\/2b1cf3cd81a31e3cd26889ca66d677f1","name":"cfeditorfr"}]}},"_links":{"self":[{"href":"https:\/\/www.africa-press.net\/mali\/wp-json\/wp\/v2\/posts\/61043","targetHints":{"allow":["GET"]}}],"collection":[{"href":"https:\/\/www.africa-press.net\/mali\/wp-json\/wp\/v2\/posts"}],"about":[{"href":"https:\/\/www.africa-press.net\/mali\/wp-json\/wp\/v2\/types\/post"}],"author":[{"embeddable":true,"href":"https:\/\/www.africa-press.net\/mali\/wp-json\/wp\/v2\/users\/82"}],"replies":[{"embeddable":true,"href":"https:\/\/www.africa-press.net\/mali\/wp-json\/wp\/v2\/comments?post=61043"}],"version-history":[{"count":1,"href":"https:\/\/www.africa-press.net\/mali\/wp-json\/wp\/v2\/posts\/61043\/revisions"}],"predecessor-version":[{"id":61061,"href":"https:\/\/www.africa-press.net\/mali\/wp-json\/wp\/v2\/posts\/61043\/revisions\/61061"}],"wp:featuredmedia":[{"embeddable":true,"href":"https:\/\/www.africa-press.net\/mali\/wp-json\/wp\/v2\/media\/61042"}],"wp:attachment":[{"href":"https:\/\/www.africa-press.net\/mali\/wp-json\/wp\/v2\/media?parent=61043"}],"wp:term":[{"taxonomy":"category","embeddable":true,"href":"https:\/\/www.africa-press.net\/mali\/wp-json\/wp\/v2\/categories?post=61043"},{"taxonomy":"post_tag","embeddable":true,"href":"https:\/\/www.africa-press.net\/mali\/wp-json\/wp\/v2\/tags?post=61043"}],"curies":[{"name":"wp","href":"https:\/\/api.w.org\/{rel}","templated":true}]}}