{"id":61050,"date":"2026-04-30T20:33:57","date_gmt":"2026-04-30T20:33:57","guid":{"rendered":"https:\/\/www.africa-press.net\/mali\/politique\/la-domination-militaire-au-mali-face-aux-attaques"},"modified":"2026-05-01T00:34:33","modified_gmt":"2026-05-01T00:34:33","slug":"la-domination-militaire-au-mali-face-aux-attaques","status":"publish","type":"post","link":"https:\/\/www.africa-press.net\/mali\/top-nouvelles\/la-domination-militaire-au-mali-face-aux-attaques","title":{"rendered":"La Domination Militaire au Mali Face aux Attaques"},"content":{"rendered":"<p><span class=\"ap-article-header-tag\"> <strong>Africa-Press &#8211; Mali. <\/strong> <\/span>Dans un contexte de monte\u0301e des attaques arme\u0301es et d&rsquo;accroissement des tensions se\u0301curitaires au Mali, l&rsquo;attention se tourne vers la capacite\u0301 des autorite\u0301s militaires de transition a\u0300 contenir la situation, surtout avec la re\u0301pe\u0301tition des ope\u0301rations dans des zones sensibles et l&rsquo;apparition d&rsquo;indicateurs de perturbation du paysage militaire et politique.<\/p>\n<p>Selon un expert des affaires du Sahel et de l&rsquo;Afrique de l&rsquo;Ouest, l&rsquo;attaque survenue le matin du 25 avril a e\u0301te\u0301 surprenante, ajoutant qu&rsquo;elle a constitue\u0301 un \u00ab\u00a0choc\u00a0\u00bb pour le gouvernement militaire de transition.<\/p>\n<p>Il a indique\u0301 lors d&rsquo;une interview avec une source locale que les de\u0301veloppements sur le terrain avaient pre\u0301ce\u0301de\u0301 l&rsquo;attaque de quelques jours, soulignant des tentatives de re\u0301tablir le contro\u0302le de la situation, notamment dans la capitale Bamako, mais que les e\u0301ve\u0301nements s&rsquo;e\u0301taient acce\u0301le\u0301re\u0301s avec le de\u0301part de plusieurs responsables, surtout apre\u0300s l&rsquo;assassinat du ministre de la De\u0301fense.<\/p>\n<p>L&rsquo;expert a pre\u0301cise\u0301 que les affrontements se poursuivent dans la ville de Kidal, au nord du pays, la qualifiant de ville principale de cette re\u0301gion, ou\u0300 les forces du Mouvement pour l&rsquo;Autode\u0301termination de l&rsquo;Azawad sont actives et ont forme\u0301 une alliance pour mener l&rsquo;attaque.<\/p>\n<p>Il a ajoute\u0301 que le gouvernement de transition cherche a\u0300 reprendre le contro\u0302le de villes comme Se\u0301gou et Gao et de ses environs, dans le cadre de ses efforts pour regagner l&rsquo;initiative sur le terrain.<\/p>\n<p><b>Avenir du gouvernement militaire<\/b><\/p>\n<p>En re\u0301ponse a\u0300 la question de savoir si les jours du gouvernement militaire sont compte\u0301s, l&rsquo;expert a e\u0301carte\u0301 ce sce\u0301nario, pre\u0301cisant que la situation est plus complexe.<\/p>\n<p>Il a de\u0301clare\u0301 que l&rsquo;absence du pre\u0301sident du conseil militaire au Mali, Assimi Goi\u0308ta, apre\u0300s l&rsquo;assassinat du ministre de la De\u0301fense, a suscite\u0301 des interrogations, avant qu&rsquo;il n&rsquo;apparaisse plus tard pour rassurer les citoyens et rendre visite a\u0300 la famille du ministre, une de\u0301marche qu&rsquo;il a conside\u0301re\u0301e comme \u00ab\u00a0une preuve d&rsquo;une tentative de re\u0301tablir le contro\u0302le\u00a0\u00bb.<\/p>\n<p>Concernant les allie\u0301s de Bamako, l&rsquo;expert a mentionne\u0301 l&rsquo;existence d&rsquo;accords de coope\u0301ration avec la Russie, incluant la formation et l&rsquo;assistance en cas d&rsquo;urgence.<\/p>\n<p>Il a explique\u0301 qu&rsquo;un soutien sur le terrain avait e\u0301te\u0301 fourni au de\u0301but des e\u0301ve\u0301nements, notamment a\u0300 Kidal et Bamako, avec la participation d&rsquo;e\u0301le\u0301ments arme\u0301s, mais que le retrait ulte\u0301rieur de Kidal e\u0301tait du\u0302 a\u0300 la difficulte\u0301 de contro\u0302ler la situation.<\/p>\n<p>Il a affirme\u0301 que cette coope\u0301ration avait contribue\u0301 au cours des dernie\u0300res anne\u0301es a\u0300 renforcer l&rsquo;influence du gouvernement et son contro\u0302le sur plusieurs re\u0301gions, mais qu&rsquo;elle fait maintenant face a\u0300 des de\u0301fis croissants avec l&rsquo;intensification des attaques.<\/p>\n<p>Le samedi, le Mali a connu des attaques coordonne\u0301es mene\u0301es par des groupes arme\u0301s, accompagne\u0301es d&rsquo;affrontements violents et d&rsquo;explosions dans plusieurs zones, entrai\u0302nant la mort du ministre de la De\u0301fense, Sadio Camara.<\/p>\n<p>Des rapports me\u0301diatiques indiquent que les attaques ont e\u0301te\u0301 mene\u0301es par le \u00ab\u00a0Front de Libe\u0301ration de l&rsquo;Azawad\u00a0\u00bb, qui regroupe des combattants des tribus touareg et arabes re\u0301clamant la se\u0301paration de leurs re\u0301gions dans le nord ou l&rsquo;obtention d&rsquo;une autonomie e\u0301largie, ainsi que des groupes arme\u0301s affilie\u0301s a\u0300 Al-Qai\u0308da connus sous le nom de \u00ab\u00a0Groupe de soutien a\u0300 l&rsquo;islam et aux musulmans\u00a0\u00bb.<\/p>\n<p class=\"ap-article-footer-note\">Retrouvez plus d\u2019actualit\u00e9s et d\u2019analyses sur <span class=\"ap-highlight-country\">Mali<\/span> sur le site <span class=\"ap-highlight-brand\">Africa Press<\/span><\/p>\n","protected":false},"excerpt":{"rendered":"<p>Africa-Press &#8211; Mali. Dans un contexte de monte\u0301e des attaques arme\u0301es et d&rsquo;accroissement des tensions se\u0301curitaires au Mali, l&rsquo;attention se tourne vers la capacite\u0301 des autorite\u0301s militaires de transition a\u0300 contenir la situation, surtout avec la re\u0301pe\u0301tition des ope\u0301rations dans des zones sensibles et l&rsquo;apparition d&rsquo;indicateurs de perturbation du paysage militaire et politique. Selon un [&hellip;]<\/p>\n","protected":false},"author":82,"featured_media":61049,"comment_status":"open","ping_status":"closed","sticky":false,"template":"","format":"standard","meta":{"footnotes":""},"categories":[7,5,17],"tags":[19],"class_list":["post-61050","post","type-post","status-publish","format-standard","has-post-thumbnail","hentry","category-politique","category-top-nouvelles","category-toutes-les-actualites","tag-mali"],"yoast_head":"<!-- This site is optimized with the Yoast SEO Premium plugin v26.1 (Yoast SEO v27.0) - https:\/\/yoast.com\/product\/yoast-seo-premium-wordpress\/ -->\n<title>La Domination Militaire au Mali Face aux Attaques - Mali<\/title>\n<meta name=\"description\" content=\"-article-header-tag&quot;&gt; Africa-Press - Mali. Dans un contexte de monte\u0301e des at ...\" \/>\n<meta name=\"robots\" content=\"index, follow, max-snippet:-1, max-image-preview:large, max-video-preview:-1\" \/>\n<link rel=\"canonical\" href=\"https:\/\/www.africa-press.net\/mali\/top-nouvelles\/la-domination-militaire-au-mali-face-aux-attaques\" \/>\n<meta property=\"og:locale\" content=\"fr_FR\" \/>\n<meta property=\"og:type\" content=\"article\" \/>\n<meta property=\"og:title\" content=\"La Domination Militaire au Mali Face aux Attaques\" \/>\n<meta property=\"og:description\" content=\"-article-header-tag&quot;&gt; Africa-Press - Mali. Dans un contexte de monte\u0301e des at ...\" \/>\n<meta property=\"og:url\" content=\"https:\/\/www.africa-press.net\/mali\/top-nouvelles\/la-domination-militaire-au-mali-face-aux-attaques\" \/>\n<meta property=\"og:site_name\" content=\"Mali\" \/>\n<meta property=\"article:publisher\" content=\"https:\/\/www.facebook.com\/AfricaPressTunisiaa\" \/>\n<meta property=\"article:published_time\" content=\"2026-04-30T20:33:57+00:00\" \/>\n<meta property=\"article:modified_time\" content=\"2026-05-01T00:34:33+00:00\" \/>\n<meta property=\"og:image\" content=\"https:\/\/static.africa-press.net\/mali\/sites\/21\/2026\/05\/sm_1777594443.265902.jpg\" \/>\n\t<meta property=\"og:image:width\" content=\"1556\" \/>\n\t<meta property=\"og:image:height\" content=\"1167\" \/>\n\t<meta property=\"og:image:type\" content=\"image\/jpeg\" \/>\n<meta name=\"author\" content=\"cfeditorfr\" \/>\n<meta name=\"twitter:card\" content=\"summary_large_image\" \/>\n<meta name=\"twitter:label1\" content=\"\u00c9crit par\" \/>\n\t<meta name=\"twitter:data1\" content=\"cfeditorfr\" \/>\n\t<meta name=\"twitter:label2\" content=\"Dur\u00e9e de lecture estim\u00e9e\" \/>\n\t<meta name=\"twitter:data2\" content=\"3 minutes\" \/>\n<script type=\"application\/ld+json\" class=\"yoast-schema-graph\">{\"@context\":\"https:\/\/schema.org\",\"@graph\":[{\"@type\":\"Article\",\"@id\":\"https:\/\/www.africa-press.net\/mali\/top-nouvelles\/la-domination-militaire-au-mali-face-aux-attaques#article\",\"isPartOf\":{\"@id\":\"https:\/\/www.africa-press.net\/mali\/top-nouvelles\/la-domination-militaire-au-mali-face-aux-attaques\"},\"author\":{\"name\":\"cfeditorfr\",\"@id\":\"https:\/\/www.africa-press.net\/mali\/#\/schema\/person\/2b1cf3cd81a31e3cd26889ca66d677f1\"},\"headline\":\"La Domination Militaire au Mali Face aux Attaques\",\"datePublished\":\"2026-04-30T20:33:57+00:00\",\"dateModified\":\"2026-05-01T00:34:33+00:00\",\"mainEntityOfPage\":{\"@id\":\"https:\/\/www.africa-press.net\/mali\/top-nouvelles\/la-domination-militaire-au-mali-face-aux-attaques\"},\"wordCount\":643,\"commentCount\":0,\"image\":{\"@id\":\"https:\/\/www.africa-press.net\/mali\/top-nouvelles\/la-domination-militaire-au-mali-face-aux-attaques#primaryimage\"},\"thumbnailUrl\":\"https:\/\/static.africa-press.net\/mali\/sites\/21\/2026\/05\/sm_1777594443.265902.jpg\",\"keywords\":[\"mali\"],\"articleSection\":[\"Politique\",\"Top Nouvelles\",\"Toutes les actualit\u00e9s\"],\"inLanguage\":\"fr-FR\",\"potentialAction\":[{\"@type\":\"CommentAction\",\"name\":\"Comment\",\"target\":[\"https:\/\/www.africa-press.net\/mali\/top-nouvelles\/la-domination-militaire-au-mali-face-aux-attaques#respond\"]}]},{\"@type\":\"WebPage\",\"@id\":\"https:\/\/www.africa-press.net\/mali\/top-nouvelles\/la-domination-militaire-au-mali-face-aux-attaques\",\"url\":\"https:\/\/www.africa-press.net\/mali\/top-nouvelles\/la-domination-militaire-au-mali-face-aux-attaques\",\"name\":\"La Domination Militaire au Mali Face aux Attaques - Mali\",\"isPartOf\":{\"@id\":\"https:\/\/www.africa-press.net\/mali\/#website\"},\"primaryImageOfPage\":{\"@id\":\"https:\/\/www.africa-press.net\/mali\/top-nouvelles\/la-domination-militaire-au-mali-face-aux-attaques#primaryimage\"},\"image\":{\"@id\":\"https:\/\/www.africa-press.net\/mali\/top-nouvelles\/la-domination-militaire-au-mali-face-aux-attaques#primaryimage\"},\"thumbnailUrl\":\"https:\/\/static.africa-press.net\/mali\/sites\/21\/2026\/05\/sm_1777594443.265902.jpg\",\"datePublished\":\"2026-04-30T20:33:57+00:00\",\"dateModified\":\"2026-05-01T00:34:33+00:00\",\"author\":{\"@id\":\"https:\/\/www.africa-press.net\/mali\/#\/schema\/person\/2b1cf3cd81a31e3cd26889ca66d677f1\"},\"description\":\"-article-header-tag\\\"> Africa-Press - Mali. Dans un contexte de monte\u0301e des at ...\",\"breadcrumb\":{\"@id\":\"https:\/\/www.africa-press.net\/mali\/top-nouvelles\/la-domination-militaire-au-mali-face-aux-attaques#breadcrumb\"},\"inLanguage\":\"fr-FR\",\"potentialAction\":[{\"@type\":\"ReadAction\",\"target\":[\"https:\/\/www.africa-press.net\/mali\/top-nouvelles\/la-domination-militaire-au-mali-face-aux-attaques\"]}]},{\"@type\":\"ImageObject\",\"inLanguage\":\"fr-FR\",\"@id\":\"https:\/\/www.africa-press.net\/mali\/top-nouvelles\/la-domination-militaire-au-mali-face-aux-attaques#primaryimage\",\"url\":\"https:\/\/static.africa-press.net\/mali\/sites\/21\/2026\/05\/sm_1777594443.265902.jpg\",\"contentUrl\":\"https:\/\/static.africa-press.net\/mali\/sites\/21\/2026\/05\/sm_1777594443.265902.jpg\",\"width\":1556,\"height\":1167,\"caption\":\"La Domination Militaire au Mali Face aux Attaques\"},{\"@type\":\"BreadcrumbList\",\"@id\":\"https:\/\/www.africa-press.net\/mali\/top-nouvelles\/la-domination-militaire-au-mali-face-aux-attaques#breadcrumb\",\"itemListElement\":[{\"@type\":\"ListItem\",\"position\":1,\"name\":\"Home\",\"item\":\"https:\/\/www.africa-press.net\/mali\/\"},{\"@type\":\"ListItem\",\"position\":2,\"name\":\"La Domination Militaire au Mali Face aux Attaques\"}]},{\"@type\":\"WebSite\",\"@id\":\"https:\/\/www.africa-press.net\/mali\/#website\",\"url\":\"https:\/\/www.africa-press.net\/mali\/\",\"name\":\"Mali\",\"description\":\"Just another Africa News Agency Sites site\",\"potentialAction\":[{\"@type\":\"SearchAction\",\"target\":{\"@type\":\"EntryPoint\",\"urlTemplate\":\"https:\/\/www.africa-press.net\/mali\/?s={search_term_string}\"},\"query-input\":{\"@type\":\"PropertyValueSpecification\",\"valueRequired\":true,\"valueName\":\"search_term_string\"}}],\"inLanguage\":\"fr-FR\"},{\"@type\":\"Person\",\"@id\":\"https:\/\/www.africa-press.net\/mali\/#\/schema\/person\/2b1cf3cd81a31e3cd26889ca66d677f1\",\"name\":\"cfeditorfr\"}]}<\/script>\n<!-- \/ Yoast SEO Premium plugin. -->","yoast_head_json":{"title":"La Domination Militaire au Mali Face aux Attaques - Mali","description":"-article-header-tag\"> Africa-Press - Mali. Dans un contexte de monte\u0301e des at ...","robots":{"index":"index","follow":"follow","max-snippet":"max-snippet:-1","max-image-preview":"max-image-preview:large","max-video-preview":"max-video-preview:-1"},"canonical":"https:\/\/www.africa-press.net\/mali\/top-nouvelles\/la-domination-militaire-au-mali-face-aux-attaques","og_locale":"fr_FR","og_type":"article","og_title":"La Domination Militaire au Mali Face aux Attaques","og_description":"-article-header-tag\"> Africa-Press - Mali. Dans un contexte de monte\u0301e des at ...","og_url":"https:\/\/www.africa-press.net\/mali\/top-nouvelles\/la-domination-militaire-au-mali-face-aux-attaques","og_site_name":"Mali","article_publisher":"https:\/\/www.facebook.com\/AfricaPressTunisiaa","article_published_time":"2026-04-30T20:33:57+00:00","article_modified_time":"2026-05-01T00:34:33+00:00","og_image":[{"width":1556,"height":1167,"url":"https:\/\/static.africa-press.net\/mali\/sites\/21\/2026\/05\/sm_1777594443.265902.jpg","type":"image\/jpeg"}],"author":"cfeditorfr","twitter_card":"summary_large_image","twitter_misc":{"\u00c9crit par":"cfeditorfr","Dur\u00e9e de lecture estim\u00e9e":"3 minutes"},"schema":{"@context":"https:\/\/schema.org","@graph":[{"@type":"Article","@id":"https:\/\/www.africa-press.net\/mali\/top-nouvelles\/la-domination-militaire-au-mali-face-aux-attaques#article","isPartOf":{"@id":"https:\/\/www.africa-press.net\/mali\/top-nouvelles\/la-domination-militaire-au-mali-face-aux-attaques"},"author":{"name":"cfeditorfr","@id":"https:\/\/www.africa-press.net\/mali\/#\/schema\/person\/2b1cf3cd81a31e3cd26889ca66d677f1"},"headline":"La Domination Militaire au Mali Face aux Attaques","datePublished":"2026-04-30T20:33:57+00:00","dateModified":"2026-05-01T00:34:33+00:00","mainEntityOfPage":{"@id":"https:\/\/www.africa-press.net\/mali\/top-nouvelles\/la-domination-militaire-au-mali-face-aux-attaques"},"wordCount":643,"commentCount":0,"image":{"@id":"https:\/\/www.africa-press.net\/mali\/top-nouvelles\/la-domination-militaire-au-mali-face-aux-attaques#primaryimage"},"thumbnailUrl":"https:\/\/static.africa-press.net\/mali\/sites\/21\/2026\/05\/sm_1777594443.265902.jpg","keywords":["mali"],"articleSection":["Politique","Top Nouvelles","Toutes les actualit\u00e9s"],"inLanguage":"fr-FR","potentialAction":[{"@type":"CommentAction","name":"Comment","target":["https:\/\/www.africa-press.net\/mali\/top-nouvelles\/la-domination-militaire-au-mali-face-aux-attaques#respond"]}]},{"@type":"WebPage","@id":"https:\/\/www.africa-press.net\/mali\/top-nouvelles\/la-domination-militaire-au-mali-face-aux-attaques","url":"https:\/\/www.africa-press.net\/mali\/top-nouvelles\/la-domination-militaire-au-mali-face-aux-attaques","name":"La Domination Militaire au Mali Face aux Attaques - Mali","isPartOf":{"@id":"https:\/\/www.africa-press.net\/mali\/#website"},"primaryImageOfPage":{"@id":"https:\/\/www.africa-press.net\/mali\/top-nouvelles\/la-domination-militaire-au-mali-face-aux-attaques#primaryimage"},"image":{"@id":"https:\/\/www.africa-press.net\/mali\/top-nouvelles\/la-domination-militaire-au-mali-face-aux-attaques#primaryimage"},"thumbnailUrl":"https:\/\/static.africa-press.net\/mali\/sites\/21\/2026\/05\/sm_1777594443.265902.jpg","datePublished":"2026-04-30T20:33:57+00:00","dateModified":"2026-05-01T00:34:33+00:00","author":{"@id":"https:\/\/www.africa-press.net\/mali\/#\/schema\/person\/2b1cf3cd81a31e3cd26889ca66d677f1"},"description":"-article-header-tag\"> Africa-Press - Mali. Dans un contexte de monte\u0301e des at ...","breadcrumb":{"@id":"https:\/\/www.africa-press.net\/mali\/top-nouvelles\/la-domination-militaire-au-mali-face-aux-attaques#breadcrumb"},"inLanguage":"fr-FR","potentialAction":[{"@type":"ReadAction","target":["https:\/\/www.africa-press.net\/mali\/top-nouvelles\/la-domination-militaire-au-mali-face-aux-attaques"]}]},{"@type":"ImageObject","inLanguage":"fr-FR","@id":"https:\/\/www.africa-press.net\/mali\/top-nouvelles\/la-domination-militaire-au-mali-face-aux-attaques#primaryimage","url":"https:\/\/static.africa-press.net\/mali\/sites\/21\/2026\/05\/sm_1777594443.265902.jpg","contentUrl":"https:\/\/static.africa-press.net\/mali\/sites\/21\/2026\/05\/sm_1777594443.265902.jpg","width":1556,"height":1167,"caption":"La Domination Militaire au Mali Face aux Attaques"},{"@type":"BreadcrumbList","@id":"https:\/\/www.africa-press.net\/mali\/top-nouvelles\/la-domination-militaire-au-mali-face-aux-attaques#breadcrumb","itemListElement":[{"@type":"ListItem","position":1,"name":"Home","item":"https:\/\/www.africa-press.net\/mali\/"},{"@type":"ListItem","position":2,"name":"La Domination Militaire au Mali Face aux Attaques"}]},{"@type":"WebSite","@id":"https:\/\/www.africa-press.net\/mali\/#website","url":"https:\/\/www.africa-press.net\/mali\/","name":"Mali","description":"Just another Africa News Agency Sites site","potentialAction":[{"@type":"SearchAction","target":{"@type":"EntryPoint","urlTemplate":"https:\/\/www.africa-press.net\/mali\/?s={search_term_string}"},"query-input":{"@type":"PropertyValueSpecification","valueRequired":true,"valueName":"search_term_string"}}],"inLanguage":"fr-FR"},{"@type":"Person","@id":"https:\/\/www.africa-press.net\/mali\/#\/schema\/person\/2b1cf3cd81a31e3cd26889ca66d677f1","name":"cfeditorfr"}]}},"_links":{"self":[{"href":"https:\/\/www.africa-press.net\/mali\/wp-json\/wp\/v2\/posts\/61050","targetHints":{"allow":["GET"]}}],"collection":[{"href":"https:\/\/www.africa-press.net\/mali\/wp-json\/wp\/v2\/posts"}],"about":[{"href":"https:\/\/www.africa-press.net\/mali\/wp-json\/wp\/v2\/types\/post"}],"author":[{"embeddable":true,"href":"https:\/\/www.africa-press.net\/mali\/wp-json\/wp\/v2\/users\/82"}],"replies":[{"embeddable":true,"href":"https:\/\/www.africa-press.net\/mali\/wp-json\/wp\/v2\/comments?post=61050"}],"version-history":[{"count":1,"href":"https:\/\/www.africa-press.net\/mali\/wp-json\/wp\/v2\/posts\/61050\/revisions"}],"predecessor-version":[{"id":61067,"href":"https:\/\/www.africa-press.net\/mali\/wp-json\/wp\/v2\/posts\/61050\/revisions\/61067"}],"wp:featuredmedia":[{"embeddable":true,"href":"https:\/\/www.africa-press.net\/mali\/wp-json\/wp\/v2\/media\/61049"}],"wp:attachment":[{"href":"https:\/\/www.africa-press.net\/mali\/wp-json\/wp\/v2\/media?parent=61050"}],"wp:term":[{"taxonomy":"category","embeddable":true,"href":"https:\/\/www.africa-press.net\/mali\/wp-json\/wp\/v2\/categories?post=61050"},{"taxonomy":"post_tag","embeddable":true,"href":"https:\/\/www.africa-press.net\/mali\/wp-json\/wp\/v2\/tags?post=61050"}],"curies":[{"name":"wp","href":"https:\/\/api.w.org\/{rel}","templated":true}]}}