{"id":61052,"date":"2026-04-29T20:55:31","date_gmt":"2026-04-29T20:55:31","guid":{"rendered":"https:\/\/www.africa-press.net\/mali\/politique\/situation-securitaire-au-mali-grave-mais-sous-controle"},"modified":"2026-05-01T00:35:22","modified_gmt":"2026-05-01T00:35:22","slug":"situation-securitaire-au-mali-grave-mais-sous-controle","status":"publish","type":"post","link":"https:\/\/www.africa-press.net\/mali\/top-nouvelles\/situation-securitaire-au-mali-grave-mais-sous-controle","title":{"rendered":"Situation Se\u0301curitaire au Mali: Grave mais sous Contro\u0302Le"},"content":{"rendered":"<p><span class=\"ap-article-header-tag\"> <strong>Africa-Press &#8211; Mali. <\/strong> <\/span>Le pre\u0301sident du conseil militaire de transition, Assimi Goi\u0308ta, a de\u0301clare\u0301 lors de sa premie\u0300re apparition apre\u0300s les premie\u0300res attaques qui ont vise\u0301 plusieurs villes au Mali, le samedi 25 avril, que la situation se\u0301curitaire dans le pays est \u00ab\u00a0tre\u0300s grave\u00a0\u00bb mais \u00ab\u00a0sous contro\u0302le\u00a0\u00bb.<\/p>\n<p>Dans un discours te\u0301le\u0301vise\u0301 a\u0300 la nation d&rsquo;une dure\u0301e d&rsquo;environ dix minutes, Goi\u0308ta a passe\u0301 en revue les e\u0301ve\u0301nements qui se sont de\u0301roule\u0301s dans le pays durant le week-end, qualifiant les attaques de \u00ab\u00a0coordonne\u0301es et extre\u0302mement dangereuses\u00a0\u00bb, tout en affirmant que les forces arme\u0301es maliennes y ont fait face et ont inflige\u0301 une \u00ab\u00a0forte frappe\u00a0\u00bb aux assaillants qui cherchaient a\u0300 semer la violence.<\/p>\n<p>Il a explique\u0301 que la rapidite\u0301 d&rsquo;intervention de l&rsquo;arme\u0301e et l&rsquo;efficacite\u0301 de ses membres, ainsi que le maintien de la cohe\u0301sion de la chai\u0302ne de commandement, ont contribue\u0301 a\u0300 contrecarrer ce qu&rsquo;il a qualifie\u0301 de \u00ab\u00a0plan mortel\u00a0\u00bb, en pre\u0301cisant qu&rsquo;un grand nombre d&rsquo;assaillants avaient e\u0301te\u0301 neutralise\u0301s.<\/p>\n<p>Le pre\u0301sident du conseil militaire a confirme\u0301 que le de\u0301ploiement militaire a e\u0301te\u0301 renforce\u0301 dans les zones touche\u0301es, et que la situation est de\u0301sormais \u00ab\u00a0sous contro\u0302le\u00a0\u00bb, avec la poursuite des ope\u0301rations de recherche, de reconnaissance et de collecte de renseignements, ainsi que la continuite\u0301 des ope\u0301rations de se\u0301curite\u0301.<\/p>\n<p><b>Appel a\u0300 l&rsquo;unite\u0301 nationale<\/b><\/p>\n<p>Goi\u0308ta a cherche\u0301 a\u0300 rassurer les citoyens, soulignant que le Mali a choisi la voie de la \u00ab\u00a0souverainete\u0301 et de la dignite\u0301\u00a0\u00bb, conside\u0301rant que ce choix refle\u0300te une volonte\u0301 nationale claire, malgre\u0301 son cou\u0302t. Il a ajoute\u0301 que cette voie reste le seul moyen d&rsquo;assurer un avenir libre, juste et prospe\u0300re pour les ge\u0301ne\u0301rations futures.<\/p>\n<p>Il a e\u0301galement affirme\u0301 que le renouveau national est une condition essentielle pour continuer la lutte contre le terrorisme, insistant sur le fait que les forces arme\u0301es poursuivront leurs ope\u0301rations jusqu&rsquo;a\u0300 ce que la se\u0301curite\u0301 soit re\u0301tablie de manie\u0300re durable dans tout le pays.<\/p>\n<p>Goi\u0308ta a appele\u0301 les citoyens a\u0300 se rassembler et a\u0300 faire front commun contre la division et la fragmentation, soulignant que la force de la nation se renforce en temps de crise. Il a mis en garde contre la propagation de rumeurs, affirmant que le pays a besoin de conscience collective et de responsabilite\u0301, et non de panique, avant de conclure son discours en louant la qualite\u0301 de la coope\u0301ration avec les partenaires strate\u0301giques, en te\u0302te desquels la Fe\u0301de\u0301ration de Russie.<\/p>\n<p><b>Rencontre avec l&rsquo;ambassadeur russe<\/b><\/p>\n<p>Dans son premier acte public, Goi\u0308ta a rencontre\u0301 l&rsquo;ambassadeur russe dans la capitale Bamako, a\u0300 un moment ou\u0300 la Russie, partenaire strate\u0301gique du Mali, avait retire\u0301 ses troupes alors que les rebelles avanc\u0327aient.<\/p>\n<p>Un message sur les re\u0301seaux sociaux du bureau de Goi\u0308ta a indique\u0301 que les deux hommes \u00ab\u00a0ont discute\u0301 de la situation actuelle et du partenariat solide entre Bamako et Moscou\u00a0\u00bb, et que l&rsquo;ambassadeur russe \u00ab\u00a0a de nouveau confirme\u0301 l&rsquo;engagement de son pays a\u0300 soutenir le Mali dans la lutte contre le terrorisme international\u00a0\u00bb. Il a e\u0301galement visite\u0301 un ho\u0302pital a\u0300 Bamako pour rendre visite aux soldats blesse\u0301s lors des combats, sans faire de de\u0301clarations durant sa visite.<\/p>\n<p><b>Attaques des groupes arme\u0301s<\/b><\/p>\n<p>Des assaillants du groupe de soutien a\u0300 l&rsquo;islam et aux musulmans et du Front de libe\u0301ration d&rsquo;Azawad ont mene\u0301 des attaques les 25 et 26 avril sur plusieurs villes, dans une escalade majeure ayant entrai\u0302ne\u0301 la mort du ministre de la De\u0301fense Sadio Camara et la prise de la ville de Kidal par les rebelles.<\/p>\n<p>Dans un message vide\u0301o diffuse\u0301 mardi, un porte-parole du groupe de soutien a\u0300 l&rsquo;islam et aux musulmans, affilie\u0301 a\u0300 Al-Qai\u0308da, s&rsquo;est vante\u0301 des actes de violence survenus samedi, les qualifiant de repre\u0301sailles aux frappes de drones et a\u0300 d&rsquo;autres attaques mene\u0301es par les forces maliennes.<\/p>\n<p>Le porte-parole, Bena Diara, a e\u0301galement menace\u0301 d&rsquo;imposer un blocus a\u0300 Bamako, une ville de 4 millions d&rsquo;habitants. Il a de\u0301clare\u0301 dans le message: \u00ab\u00a0Bamako est assie\u0301ge\u0301e de tous co\u0302te\u0301s a\u0300 partir d&rsquo;aujourd&rsquo;hui\u00a0\u00bb.<\/p>\n<p>La Russie a annonce\u0301 mardi que les groupes arme\u0301s et se\u0301paratistes au Mali re\u0301organisent leurs rangs apre\u0300s que les forces de Moscou ont aide\u0301 a\u0300 contrecarrer ce qu&rsquo;elle a qualifie\u0301 de tentative de coup d&rsquo;E\u0301tat samedi, empe\u0302chant les rebelles de s&#8217;emparer de sites cle\u0301s, y compris le palais pre\u0301sidentiel.<\/p>\n<p>Le ministe\u0300re russe de la De\u0301fense a de\u0301clare\u0301 dans un communique\u0301: \u00ab\u00a0L&rsquo;ennemi n&rsquo;a pas abandonne\u0301 ses intentions agressives et se re\u0301organise actuellement\u00a0\u00bb. Le communique\u0301 a ajoute\u0301 que les forces russes me\u0300nent des ope\u0301rations de reconnaissance actives pour de\u0301truire les camps de rebelles sur le terrain, et sont pre\u0302tes a\u0300 repousser toute autre attaque. Le Mali a demande\u0301 l&rsquo;aide de la Russie apre\u0300s avoir expulse\u0301 les forces franc\u0327aises et les forces des Nations Unies suite aux coups d&rsquo;E\u0301tat de 2020 et 2021.<\/p>\n<p class=\"ap-article-footer-note\">Retrouvez plus d\u2019actualit\u00e9s et d\u2019analyses sur <span class=\"ap-highlight-country\">Mali<\/span> sur le site <span class=\"ap-highlight-brand\">Africa Press<\/span><\/p>\n","protected":false},"excerpt":{"rendered":"<p>Africa-Press &#8211; Mali. Le pre\u0301sident du conseil militaire de transition, Assimi Goi\u0308ta, a de\u0301clare\u0301 lors de sa premie\u0300re apparition apre\u0300s les premie\u0300res attaques qui ont vise\u0301 plusieurs villes au Mali, le samedi 25 avril, que la situation se\u0301curitaire dans le pays est \u00ab\u00a0tre\u0300s grave\u00a0\u00bb mais \u00ab\u00a0sous contro\u0302le\u00a0\u00bb. Dans un discours te\u0301le\u0301vise\u0301 a\u0300 la nation d&rsquo;une [&hellip;]<\/p>\n","protected":false},"author":82,"featured_media":61051,"comment_status":"open","ping_status":"closed","sticky":false,"template":"","format":"standard","meta":{"footnotes":""},"categories":[7,5,17],"tags":[19],"class_list":["post-61052","post","type-post","status-publish","format-standard","has-post-thumbnail","hentry","category-politique","category-top-nouvelles","category-toutes-les-actualites","tag-mali"],"yoast_head":"<!-- This site is optimized with the Yoast SEO Premium plugin v26.1 (Yoast SEO v27.0) - https:\/\/yoast.com\/product\/yoast-seo-premium-wordpress\/ -->\n<title>Situation Se\u0301curitaire au Mali: Grave mais sous Contro\u0302Le - Mali<\/title>\n<meta name=\"description\" content=\"-article-header-tag&quot;&gt; Africa-Press - Mali. Le pre\u0301sident du conseil militaire ...\" \/>\n<meta name=\"robots\" content=\"index, follow, max-snippet:-1, max-image-preview:large, max-video-preview:-1\" \/>\n<link rel=\"canonical\" href=\"https:\/\/www.africa-press.net\/mali\/top-nouvelles\/situation-securitaire-au-mali-grave-mais-sous-controle\" \/>\n<meta property=\"og:locale\" content=\"fr_FR\" \/>\n<meta property=\"og:type\" content=\"article\" \/>\n<meta property=\"og:title\" content=\"Situation Se\u0301curitaire au Mali: Grave mais sous Contro\u0302Le\" \/>\n<meta property=\"og:description\" content=\"-article-header-tag&quot;&gt; Africa-Press - Mali. Le pre\u0301sident du conseil militaire ...\" \/>\n<meta property=\"og:url\" content=\"https:\/\/www.africa-press.net\/mali\/top-nouvelles\/situation-securitaire-au-mali-grave-mais-sous-controle\" \/>\n<meta property=\"og:site_name\" content=\"Mali\" \/>\n<meta property=\"article:publisher\" content=\"https:\/\/www.facebook.com\/AfricaPressTunisiaa\" \/>\n<meta property=\"article:published_time\" content=\"2026-04-29T20:55:31+00:00\" \/>\n<meta property=\"article:modified_time\" content=\"2026-05-01T00:35:22+00:00\" \/>\n<meta property=\"og:image\" content=\"https:\/\/static.africa-press.net\/mali\/sites\/21\/2026\/05\/sm_1777594476.829114.jpg\" \/>\n\t<meta property=\"og:image:width\" content=\"990\" \/>\n\t<meta property=\"og:image:height\" content=\"558\" \/>\n\t<meta property=\"og:image:type\" content=\"image\/jpeg\" \/>\n<meta name=\"author\" content=\"cfeditorfr\" \/>\n<meta name=\"twitter:card\" content=\"summary_large_image\" \/>\n<meta name=\"twitter:label1\" content=\"\u00c9crit par\" \/>\n\t<meta name=\"twitter:data1\" content=\"cfeditorfr\" \/>\n\t<meta name=\"twitter:label2\" content=\"Dur\u00e9e de lecture estim\u00e9e\" \/>\n\t<meta name=\"twitter:data2\" content=\"5 minutes\" \/>\n<script type=\"application\/ld+json\" class=\"yoast-schema-graph\">{\"@context\":\"https:\/\/schema.org\",\"@graph\":[{\"@type\":\"Article\",\"@id\":\"https:\/\/www.africa-press.net\/mali\/top-nouvelles\/situation-securitaire-au-mali-grave-mais-sous-controle#article\",\"isPartOf\":{\"@id\":\"https:\/\/www.africa-press.net\/mali\/top-nouvelles\/situation-securitaire-au-mali-grave-mais-sous-controle\"},\"author\":{\"name\":\"cfeditorfr\",\"@id\":\"https:\/\/www.africa-press.net\/mali\/#\/schema\/person\/2b1cf3cd81a31e3cd26889ca66d677f1\"},\"headline\":\"Situation Se\u0301curitaire au Mali: Grave mais sous Contro\u0302Le\",\"datePublished\":\"2026-04-29T20:55:31+00:00\",\"dateModified\":\"2026-05-01T00:35:22+00:00\",\"mainEntityOfPage\":{\"@id\":\"https:\/\/www.africa-press.net\/mali\/top-nouvelles\/situation-securitaire-au-mali-grave-mais-sous-controle\"},\"wordCount\":915,\"commentCount\":0,\"image\":{\"@id\":\"https:\/\/www.africa-press.net\/mali\/top-nouvelles\/situation-securitaire-au-mali-grave-mais-sous-controle#primaryimage\"},\"thumbnailUrl\":\"https:\/\/static.africa-press.net\/mali\/sites\/21\/2026\/05\/sm_1777594476.829114.jpg\",\"keywords\":[\"mali\"],\"articleSection\":[\"Politique\",\"Top Nouvelles\",\"Toutes les actualit\u00e9s\"],\"inLanguage\":\"fr-FR\",\"potentialAction\":[{\"@type\":\"CommentAction\",\"name\":\"Comment\",\"target\":[\"https:\/\/www.africa-press.net\/mali\/top-nouvelles\/situation-securitaire-au-mali-grave-mais-sous-controle#respond\"]}]},{\"@type\":\"WebPage\",\"@id\":\"https:\/\/www.africa-press.net\/mali\/top-nouvelles\/situation-securitaire-au-mali-grave-mais-sous-controle\",\"url\":\"https:\/\/www.africa-press.net\/mali\/top-nouvelles\/situation-securitaire-au-mali-grave-mais-sous-controle\",\"name\":\"Situation Se\u0301curitaire au Mali: Grave mais sous Contro\u0302Le - Mali\",\"isPartOf\":{\"@id\":\"https:\/\/www.africa-press.net\/mali\/#website\"},\"primaryImageOfPage\":{\"@id\":\"https:\/\/www.africa-press.net\/mali\/top-nouvelles\/situation-securitaire-au-mali-grave-mais-sous-controle#primaryimage\"},\"image\":{\"@id\":\"https:\/\/www.africa-press.net\/mali\/top-nouvelles\/situation-securitaire-au-mali-grave-mais-sous-controle#primaryimage\"},\"thumbnailUrl\":\"https:\/\/static.africa-press.net\/mali\/sites\/21\/2026\/05\/sm_1777594476.829114.jpg\",\"datePublished\":\"2026-04-29T20:55:31+00:00\",\"dateModified\":\"2026-05-01T00:35:22+00:00\",\"author\":{\"@id\":\"https:\/\/www.africa-press.net\/mali\/#\/schema\/person\/2b1cf3cd81a31e3cd26889ca66d677f1\"},\"description\":\"-article-header-tag\\\"> Africa-Press - Mali. Le pre\u0301sident du conseil militaire ...\",\"breadcrumb\":{\"@id\":\"https:\/\/www.africa-press.net\/mali\/top-nouvelles\/situation-securitaire-au-mali-grave-mais-sous-controle#breadcrumb\"},\"inLanguage\":\"fr-FR\",\"potentialAction\":[{\"@type\":\"ReadAction\",\"target\":[\"https:\/\/www.africa-press.net\/mali\/top-nouvelles\/situation-securitaire-au-mali-grave-mais-sous-controle\"]}]},{\"@type\":\"ImageObject\",\"inLanguage\":\"fr-FR\",\"@id\":\"https:\/\/www.africa-press.net\/mali\/top-nouvelles\/situation-securitaire-au-mali-grave-mais-sous-controle#primaryimage\",\"url\":\"https:\/\/static.africa-press.net\/mali\/sites\/21\/2026\/05\/sm_1777594476.829114.jpg\",\"contentUrl\":\"https:\/\/static.africa-press.net\/mali\/sites\/21\/2026\/05\/sm_1777594476.829114.jpg\",\"width\":990,\"height\":558,\"caption\":\"Situation Se\u0301curitaire au Mali: Grave mais sous Contro\u0302Le\"},{\"@type\":\"BreadcrumbList\",\"@id\":\"https:\/\/www.africa-press.net\/mali\/top-nouvelles\/situation-securitaire-au-mali-grave-mais-sous-controle#breadcrumb\",\"itemListElement\":[{\"@type\":\"ListItem\",\"position\":1,\"name\":\"Home\",\"item\":\"https:\/\/www.africa-press.net\/mali\/\"},{\"@type\":\"ListItem\",\"position\":2,\"name\":\"Situation Se\u0301curitaire au Mali: Grave mais sous Contro\u0302Le\"}]},{\"@type\":\"WebSite\",\"@id\":\"https:\/\/www.africa-press.net\/mali\/#website\",\"url\":\"https:\/\/www.africa-press.net\/mali\/\",\"name\":\"Mali\",\"description\":\"Just another Africa News Agency Sites site\",\"potentialAction\":[{\"@type\":\"SearchAction\",\"target\":{\"@type\":\"EntryPoint\",\"urlTemplate\":\"https:\/\/www.africa-press.net\/mali\/?s={search_term_string}\"},\"query-input\":{\"@type\":\"PropertyValueSpecification\",\"valueRequired\":true,\"valueName\":\"search_term_string\"}}],\"inLanguage\":\"fr-FR\"},{\"@type\":\"Person\",\"@id\":\"https:\/\/www.africa-press.net\/mali\/#\/schema\/person\/2b1cf3cd81a31e3cd26889ca66d677f1\",\"name\":\"cfeditorfr\"}]}<\/script>\n<!-- \/ Yoast SEO Premium plugin. -->","yoast_head_json":{"title":"Situation Se\u0301curitaire au Mali: Grave mais sous Contro\u0302Le - Mali","description":"-article-header-tag\"> Africa-Press - Mali. Le pre\u0301sident du conseil militaire ...","robots":{"index":"index","follow":"follow","max-snippet":"max-snippet:-1","max-image-preview":"max-image-preview:large","max-video-preview":"max-video-preview:-1"},"canonical":"https:\/\/www.africa-press.net\/mali\/top-nouvelles\/situation-securitaire-au-mali-grave-mais-sous-controle","og_locale":"fr_FR","og_type":"article","og_title":"Situation Se\u0301curitaire au Mali: Grave mais sous Contro\u0302Le","og_description":"-article-header-tag\"> Africa-Press - Mali. Le pre\u0301sident du conseil militaire ...","og_url":"https:\/\/www.africa-press.net\/mali\/top-nouvelles\/situation-securitaire-au-mali-grave-mais-sous-controle","og_site_name":"Mali","article_publisher":"https:\/\/www.facebook.com\/AfricaPressTunisiaa","article_published_time":"2026-04-29T20:55:31+00:00","article_modified_time":"2026-05-01T00:35:22+00:00","og_image":[{"width":990,"height":558,"url":"https:\/\/static.africa-press.net\/mali\/sites\/21\/2026\/05\/sm_1777594476.829114.jpg","type":"image\/jpeg"}],"author":"cfeditorfr","twitter_card":"summary_large_image","twitter_misc":{"\u00c9crit par":"cfeditorfr","Dur\u00e9e de lecture estim\u00e9e":"5 minutes"},"schema":{"@context":"https:\/\/schema.org","@graph":[{"@type":"Article","@id":"https:\/\/www.africa-press.net\/mali\/top-nouvelles\/situation-securitaire-au-mali-grave-mais-sous-controle#article","isPartOf":{"@id":"https:\/\/www.africa-press.net\/mali\/top-nouvelles\/situation-securitaire-au-mali-grave-mais-sous-controle"},"author":{"name":"cfeditorfr","@id":"https:\/\/www.africa-press.net\/mali\/#\/schema\/person\/2b1cf3cd81a31e3cd26889ca66d677f1"},"headline":"Situation Se\u0301curitaire au Mali: Grave mais sous Contro\u0302Le","datePublished":"2026-04-29T20:55:31+00:00","dateModified":"2026-05-01T00:35:22+00:00","mainEntityOfPage":{"@id":"https:\/\/www.africa-press.net\/mali\/top-nouvelles\/situation-securitaire-au-mali-grave-mais-sous-controle"},"wordCount":915,"commentCount":0,"image":{"@id":"https:\/\/www.africa-press.net\/mali\/top-nouvelles\/situation-securitaire-au-mali-grave-mais-sous-controle#primaryimage"},"thumbnailUrl":"https:\/\/static.africa-press.net\/mali\/sites\/21\/2026\/05\/sm_1777594476.829114.jpg","keywords":["mali"],"articleSection":["Politique","Top Nouvelles","Toutes les actualit\u00e9s"],"inLanguage":"fr-FR","potentialAction":[{"@type":"CommentAction","name":"Comment","target":["https:\/\/www.africa-press.net\/mali\/top-nouvelles\/situation-securitaire-au-mali-grave-mais-sous-controle#respond"]}]},{"@type":"WebPage","@id":"https:\/\/www.africa-press.net\/mali\/top-nouvelles\/situation-securitaire-au-mali-grave-mais-sous-controle","url":"https:\/\/www.africa-press.net\/mali\/top-nouvelles\/situation-securitaire-au-mali-grave-mais-sous-controle","name":"Situation Se\u0301curitaire au Mali: Grave mais sous Contro\u0302Le - Mali","isPartOf":{"@id":"https:\/\/www.africa-press.net\/mali\/#website"},"primaryImageOfPage":{"@id":"https:\/\/www.africa-press.net\/mali\/top-nouvelles\/situation-securitaire-au-mali-grave-mais-sous-controle#primaryimage"},"image":{"@id":"https:\/\/www.africa-press.net\/mali\/top-nouvelles\/situation-securitaire-au-mali-grave-mais-sous-controle#primaryimage"},"thumbnailUrl":"https:\/\/static.africa-press.net\/mali\/sites\/21\/2026\/05\/sm_1777594476.829114.jpg","datePublished":"2026-04-29T20:55:31+00:00","dateModified":"2026-05-01T00:35:22+00:00","author":{"@id":"https:\/\/www.africa-press.net\/mali\/#\/schema\/person\/2b1cf3cd81a31e3cd26889ca66d677f1"},"description":"-article-header-tag\"> Africa-Press - Mali. Le pre\u0301sident du conseil militaire ...","breadcrumb":{"@id":"https:\/\/www.africa-press.net\/mali\/top-nouvelles\/situation-securitaire-au-mali-grave-mais-sous-controle#breadcrumb"},"inLanguage":"fr-FR","potentialAction":[{"@type":"ReadAction","target":["https:\/\/www.africa-press.net\/mali\/top-nouvelles\/situation-securitaire-au-mali-grave-mais-sous-controle"]}]},{"@type":"ImageObject","inLanguage":"fr-FR","@id":"https:\/\/www.africa-press.net\/mali\/top-nouvelles\/situation-securitaire-au-mali-grave-mais-sous-controle#primaryimage","url":"https:\/\/static.africa-press.net\/mali\/sites\/21\/2026\/05\/sm_1777594476.829114.jpg","contentUrl":"https:\/\/static.africa-press.net\/mali\/sites\/21\/2026\/05\/sm_1777594476.829114.jpg","width":990,"height":558,"caption":"Situation Se\u0301curitaire au Mali: Grave mais sous Contro\u0302Le"},{"@type":"BreadcrumbList","@id":"https:\/\/www.africa-press.net\/mali\/top-nouvelles\/situation-securitaire-au-mali-grave-mais-sous-controle#breadcrumb","itemListElement":[{"@type":"ListItem","position":1,"name":"Home","item":"https:\/\/www.africa-press.net\/mali\/"},{"@type":"ListItem","position":2,"name":"Situation Se\u0301curitaire au Mali: Grave mais sous Contro\u0302Le"}]},{"@type":"WebSite","@id":"https:\/\/www.africa-press.net\/mali\/#website","url":"https:\/\/www.africa-press.net\/mali\/","name":"Mali","description":"Just another Africa News Agency Sites site","potentialAction":[{"@type":"SearchAction","target":{"@type":"EntryPoint","urlTemplate":"https:\/\/www.africa-press.net\/mali\/?s={search_term_string}"},"query-input":{"@type":"PropertyValueSpecification","valueRequired":true,"valueName":"search_term_string"}}],"inLanguage":"fr-FR"},{"@type":"Person","@id":"https:\/\/www.africa-press.net\/mali\/#\/schema\/person\/2b1cf3cd81a31e3cd26889ca66d677f1","name":"cfeditorfr"}]}},"_links":{"self":[{"href":"https:\/\/www.africa-press.net\/mali\/wp-json\/wp\/v2\/posts\/61052","targetHints":{"allow":["GET"]}}],"collection":[{"href":"https:\/\/www.africa-press.net\/mali\/wp-json\/wp\/v2\/posts"}],"about":[{"href":"https:\/\/www.africa-press.net\/mali\/wp-json\/wp\/v2\/types\/post"}],"author":[{"embeddable":true,"href":"https:\/\/www.africa-press.net\/mali\/wp-json\/wp\/v2\/users\/82"}],"replies":[{"embeddable":true,"href":"https:\/\/www.africa-press.net\/mali\/wp-json\/wp\/v2\/comments?post=61052"}],"version-history":[{"count":1,"href":"https:\/\/www.africa-press.net\/mali\/wp-json\/wp\/v2\/posts\/61052\/revisions"}],"predecessor-version":[{"id":61068,"href":"https:\/\/www.africa-press.net\/mali\/wp-json\/wp\/v2\/posts\/61052\/revisions\/61068"}],"wp:featuredmedia":[{"embeddable":true,"href":"https:\/\/www.africa-press.net\/mali\/wp-json\/wp\/v2\/media\/61051"}],"wp:attachment":[{"href":"https:\/\/www.africa-press.net\/mali\/wp-json\/wp\/v2\/media?parent=61052"}],"wp:term":[{"taxonomy":"category","embeddable":true,"href":"https:\/\/www.africa-press.net\/mali\/wp-json\/wp\/v2\/categories?post=61052"},{"taxonomy":"post_tag","embeddable":true,"href":"https:\/\/www.africa-press.net\/mali\/wp-json\/wp\/v2\/tags?post=61052"}],"curies":[{"name":"wp","href":"https:\/\/api.w.org\/{rel}","templated":true}]}}