{"id":61054,"date":"2026-04-29T21:02:23","date_gmt":"2026-04-29T21:02:23","guid":{"rendered":"https:\/\/www.africa-press.net\/mali\/politique\/armee-malienne-devoile-strategie-contre-groupes-armes"},"modified":"2026-05-01T00:36:31","modified_gmt":"2026-05-01T00:36:31","slug":"armee-malienne-devoile-strategie-contre-groupes-armes","status":"publish","type":"post","link":"https:\/\/www.africa-press.net\/mali\/top-nouvelles\/armee-malienne-devoile-strategie-contre-groupes-armes","title":{"rendered":"Arm\u00e9e Malienne D\u00e9voile Strat\u00e9gie Contre Groupes Arm\u00e9s"},"content":{"rendered":"<p><span class=\"ap-article-header-tag\"> <strong>Africa-Press &#8211; Mali. <\/strong> <\/span>L&rsquo;arme\u0301e malienne a annonce\u0301 avoir neutralise\u0301 plus de 200 terroristes et re\u0301cupe\u0301re\u0301 des e\u0301quipements militaires importants, en re\u0301ponse a\u0300 plus de vingt attaques survenues dans diffe\u0301rentes re\u0301gions du pays.<\/p>\n<p>Le chef d&rsquo;e\u0301tat-major de l&rsquo;arme\u0301e malienne, le ge\u0301ne\u0301ral Oumar Diarra, s&rsquo;exprimant a\u0300 la te\u0301le\u0301vision publique, a de\u0301clare\u0301 que la re\u0301ponse des forces arme\u0301es e\u0301tait \u00ab\u00a0approprie\u0301e et proportionne\u0301e\u00a0\u00bb, gra\u0302ce a\u0300 des ope\u0301rations mene\u0301es dans presque tous les sites cible\u0301s.<\/p>\n<p>Il a indique\u0301 que les groupes arme\u0301s utilisent de\u0301sormais des uniformes militaires pour se fondre parmi les civils et obtenir des fournitures a\u0300 proximite\u0301 des villes et villages.<\/p>\n<p>Le chef d&rsquo;e\u0301tat-major a pre\u0301cise\u0301 que la strate\u0301gie globale consiste a\u0300 renforcer les positions de\u0301fensives, tant dans les zones touche\u0301es que dans celles non touche\u0301es, tout en maintenant une grande flexibilite\u0301 ope\u0301rationnelle. Il a explique\u0301 que l&rsquo;objectif principal des groupes arme\u0301s est de de\u0301stabiliser le pays en exerc\u0327ant une pression continue sur les communaute\u0301s locales et les axes d&rsquo;approvisionnement.<\/p>\n<p>Le ge\u0301ne\u0301ral Diarra a appele\u0301 les habitants a\u0300 faire preuve de \u00ab\u00a0calme et de vigilance\u00a0\u00bb et a\u0300 laisser les forces de de\u0301fense et de se\u0301curite\u0301 accomplir leur mission. Il a de\u0301clare\u0301: \u00ab\u00a0Nous demandons aux populations de rester calmes, de ne pas ce\u0301der aux rumeurs ou aux informations trompeuses, et de se fier uniquement aux de\u0301clarations officielles e\u0301mises par l&rsquo;e\u0301tat-major\u00a0\u00bb, tout en les incitant e\u0301galement a\u0300 signaler toute activite\u0301 suspecte aux autorite\u0301s.<\/p>\n<p>Sur le plan international, la France a exhorte\u0301 ses citoyens a\u0300 quitter le Mali \u00ab\u00a0dans les plus brefs de\u0301lais\u00a0\u00bb, apre\u0300s une se\u0301rie d&rsquo;attaques coordonne\u0301es mene\u0301es par des combattants se\u0301paratistes et arme\u0301s durant le week-end.<\/p>\n<p>La France a mis en garde ses citoyens contre les voyages au Mali, qualifiant la situation de \u00ab\u00a0tre\u0300s volatile\u00a0\u00bb. Le ministe\u0300re franc\u0327ais des Affaires e\u0301trange\u0300res, ancienne puissance coloniale du Mali, a conseille\u0301 aux citoyens franc\u0327ais de prendre les dispositions ne\u0301cessaires pour quitter temporairement le Mali de\u0300s que possible sur les vols commerciaux disponibles.<\/p>\n<p>Le ministe\u0300re a ajoute\u0301 qu&rsquo;en attendant leur de\u0301part, ils devaient rester chez eux, limiter leurs de\u0301placements et suivre les instructions des autorite\u0301s locales, tout en informant leurs proches de toute e\u0301volution. Il a poursuivi: \u00ab\u00a0Les voyages au Mali restent fortement de\u0301conseille\u0301s, quelle qu&rsquo;en soit la raison\u00a0\u00bb.<\/p>\n<p>Le Royaume-Uni a e\u0301galement conseille\u0301 de \u00ab\u00a0ne pas voyager au Mali\u00a0\u00bb en raison de la situation se\u0301curitaire instable, demandant a\u0300 ses citoyens de partir. Les conseils de voyage, en vigueur depuis le week-end, recommandent aux citoyens britanniques pre\u0301sents au Mali de \u00ab\u00a0quitter imme\u0301diatement a\u0300 bord d&rsquo;un vol commercial si cela est juge\u0301 su\u0302r\u00a0\u00bb.<\/p>\n<p>Ils ont e\u0301galement e\u0301te\u0301 avertis de ne pas voyager par voie terrestre vers les pays voisins, conside\u0301rant cela comme \u00ab\u00a0tre\u0300s dangereux\u00a0\u00bb en raison des \u00ab\u00a0attaques terroristes le long des routes nationales\u00a0\u00bb.<\/p>\n<p>Le ministe\u0300re britannique des Affaires e\u0301trange\u0300res a de\u0301clare\u0301: \u00ab\u00a0Si vous choisissez de rester au Mali, vous le faites a\u0300 vos propres risques. Vous devez avoir un plan d&rsquo;urgence personnel qui ne de\u0301pend pas du gouvernement britannique\u00a0\u00bb.<\/p>\n<p>L&rsquo;ambassade ame\u0301ricaine au Mali a indique\u0301 qu&rsquo;elle continue de \u00ab\u00a0surveiller la situation de pre\u0300s\u00a0\u00bb et a conseille\u0301 aux citoyens \u00ab\u00a0de rester chez eux, de rester vigilants&#8230; et d&rsquo;e\u0301viter les zones susceptibles de connai\u0302tre des ope\u0301rations de se\u0301curite\u0301\u00a0\u00bb.<\/p>\n<p>Samedi, des informations ont fait e\u0301tat d&rsquo;affrontements a\u0300 Bamako et a\u0300 Kati, qui abrite une base militaire principale a\u0300 proximite\u0301 de la capitale, ainsi qu&rsquo;a\u0300 Gao et Kidal au nord, et dans les villes de Se\u0301vare\u0301 et Mopti au centre du pays. Des rapports ont signale\u0301 que les affrontements se poursuivaient jusqu&rsquo;a\u0300 dimanche a\u0300 Kidal et Kati.<\/p>\n<p>Les rapports indiquent que l&rsquo;attaque du Mouvement de libe\u0301ration d&rsquo;Azawad, qui cherche a\u0300 e\u0301tablir un E\u0301tat ethnique touareg se\u0301pare\u0301, s&rsquo;est principalement concentre\u0301e sur les villes du nord, tandis que le groupe de soutien a\u0300 l&rsquo;islam et aux musulmans a mene\u0301 des attaques simultane\u0301es sur plusieurs sites a\u0300 travers le pays.<\/p>\n<p>Le chef de l&rsquo;arme\u0301e malienne, le ge\u0301ne\u0301ral Assimi Goi\u0308ta, a de\u0301clare\u0301 que la situation se\u0301curitaire dans le pays e\u0301tait sous contro\u0302le. Lors de sa premie\u0300re apparition publique mardi soir, il a affirme\u0301 que l&rsquo;arme\u0301e avait porte\u0301 \u00ab\u00a0un coup dur\u00a0\u00bb aux assaillants, ajoutant que les ope\u0301rations e\u0301taient toujours en cours.<\/p>\n<p class=\"ap-article-footer-note\">Retrouvez plus d\u2019actualit\u00e9s et d\u2019analyses sur <span class=\"ap-highlight-country\">Mali<\/span> sur le site <span class=\"ap-highlight-brand\">Africa Press<\/span><\/p>\n","protected":false},"excerpt":{"rendered":"<p>Africa-Press &#8211; Mali. L&rsquo;arme\u0301e malienne a annonce\u0301 avoir neutralise\u0301 plus de 200 terroristes et re\u0301cupe\u0301re\u0301 des e\u0301quipements militaires importants, en re\u0301ponse a\u0300 plus de vingt attaques survenues dans diffe\u0301rentes re\u0301gions du pays. Le chef d&rsquo;e\u0301tat-major de l&rsquo;arme\u0301e malienne, le ge\u0301ne\u0301ral Oumar Diarra, s&rsquo;exprimant a\u0300 la te\u0301le\u0301vision publique, a de\u0301clare\u0301 que la re\u0301ponse des forces arme\u0301es [&hellip;]<\/p>\n","protected":false},"author":82,"featured_media":61053,"comment_status":"open","ping_status":"closed","sticky":false,"template":"","format":"standard","meta":{"footnotes":""},"categories":[7,5,17],"tags":[19],"class_list":["post-61054","post","type-post","status-publish","format-standard","has-post-thumbnail","hentry","category-politique","category-top-nouvelles","category-toutes-les-actualites","tag-mali"],"yoast_head":"<!-- This site is optimized with the Yoast SEO Premium plugin v26.1 (Yoast SEO v27.0) - https:\/\/yoast.com\/product\/yoast-seo-premium-wordpress\/ -->\n<title>Arm\u00e9e Malienne D\u00e9voile Strat\u00e9gie Contre Groupes Arm\u00e9s - Mali<\/title>\n<meta name=\"description\" content=\"-article-header-tag&quot;&gt; Africa-Press - Mali. L&#039;arme\u0301e malienne a annonce\u0301 avoir ...\" \/>\n<meta name=\"robots\" content=\"index, follow, max-snippet:-1, max-image-preview:large, max-video-preview:-1\" \/>\n<link rel=\"canonical\" href=\"https:\/\/www.africa-press.net\/mali\/top-nouvelles\/armee-malienne-devoile-strategie-contre-groupes-armes\" \/>\n<meta property=\"og:locale\" content=\"fr_FR\" \/>\n<meta property=\"og:type\" content=\"article\" \/>\n<meta property=\"og:title\" content=\"Arm\u00e9e Malienne D\u00e9voile Strat\u00e9gie Contre Groupes Arm\u00e9s\" \/>\n<meta property=\"og:description\" content=\"-article-header-tag&quot;&gt; Africa-Press - Mali. L&#039;arme\u0301e malienne a annonce\u0301 avoir ...\" \/>\n<meta property=\"og:url\" content=\"https:\/\/www.africa-press.net\/mali\/top-nouvelles\/armee-malienne-devoile-strategie-contre-groupes-armes\" \/>\n<meta property=\"og:site_name\" content=\"Mali\" \/>\n<meta property=\"article:publisher\" content=\"https:\/\/www.facebook.com\/AfricaPressTunisiaa\" \/>\n<meta property=\"article:published_time\" content=\"2026-04-29T21:02:23+00:00\" \/>\n<meta property=\"article:modified_time\" content=\"2026-05-01T00:36:31+00:00\" \/>\n<meta property=\"og:image\" content=\"https:\/\/static.africa-press.net\/mali\/sites\/21\/2026\/05\/sm_1777594530.709769.jpg\" \/>\n\t<meta property=\"og:image:width\" content=\"1024\" \/>\n\t<meta property=\"og:image:height\" content=\"576\" \/>\n\t<meta property=\"og:image:type\" content=\"image\/jpeg\" \/>\n<meta name=\"author\" content=\"cfeditorfr\" \/>\n<meta name=\"twitter:card\" content=\"summary_large_image\" \/>\n<meta name=\"twitter:label1\" content=\"\u00c9crit par\" \/>\n\t<meta name=\"twitter:data1\" content=\"cfeditorfr\" \/>\n\t<meta name=\"twitter:label2\" content=\"Dur\u00e9e de lecture estim\u00e9e\" \/>\n\t<meta name=\"twitter:data2\" content=\"4 minutes\" \/>\n<script type=\"application\/ld+json\" class=\"yoast-schema-graph\">{\"@context\":\"https:\/\/schema.org\",\"@graph\":[{\"@type\":\"Article\",\"@id\":\"https:\/\/www.africa-press.net\/mali\/top-nouvelles\/armee-malienne-devoile-strategie-contre-groupes-armes#article\",\"isPartOf\":{\"@id\":\"https:\/\/www.africa-press.net\/mali\/top-nouvelles\/armee-malienne-devoile-strategie-contre-groupes-armes\"},\"author\":{\"name\":\"cfeditorfr\",\"@id\":\"https:\/\/www.africa-press.net\/mali\/#\/schema\/person\/2b1cf3cd81a31e3cd26889ca66d677f1\"},\"headline\":\"Arm\u00e9e Malienne D\u00e9voile Strat\u00e9gie Contre Groupes Arm\u00e9s\",\"datePublished\":\"2026-04-29T21:02:23+00:00\",\"dateModified\":\"2026-05-01T00:36:31+00:00\",\"mainEntityOfPage\":{\"@id\":\"https:\/\/www.africa-press.net\/mali\/top-nouvelles\/armee-malienne-devoile-strategie-contre-groupes-armes\"},\"wordCount\":833,\"commentCount\":0,\"image\":{\"@id\":\"https:\/\/www.africa-press.net\/mali\/top-nouvelles\/armee-malienne-devoile-strategie-contre-groupes-armes#primaryimage\"},\"thumbnailUrl\":\"https:\/\/static.africa-press.net\/mali\/sites\/21\/2026\/05\/sm_1777594530.709769.jpg\",\"keywords\":[\"mali\"],\"articleSection\":[\"Politique\",\"Top Nouvelles\",\"Toutes les actualit\u00e9s\"],\"inLanguage\":\"fr-FR\",\"potentialAction\":[{\"@type\":\"CommentAction\",\"name\":\"Comment\",\"target\":[\"https:\/\/www.africa-press.net\/mali\/top-nouvelles\/armee-malienne-devoile-strategie-contre-groupes-armes#respond\"]}]},{\"@type\":\"WebPage\",\"@id\":\"https:\/\/www.africa-press.net\/mali\/top-nouvelles\/armee-malienne-devoile-strategie-contre-groupes-armes\",\"url\":\"https:\/\/www.africa-press.net\/mali\/top-nouvelles\/armee-malienne-devoile-strategie-contre-groupes-armes\",\"name\":\"Arm\u00e9e Malienne D\u00e9voile Strat\u00e9gie Contre Groupes Arm\u00e9s - Mali\",\"isPartOf\":{\"@id\":\"https:\/\/www.africa-press.net\/mali\/#website\"},\"primaryImageOfPage\":{\"@id\":\"https:\/\/www.africa-press.net\/mali\/top-nouvelles\/armee-malienne-devoile-strategie-contre-groupes-armes#primaryimage\"},\"image\":{\"@id\":\"https:\/\/www.africa-press.net\/mali\/top-nouvelles\/armee-malienne-devoile-strategie-contre-groupes-armes#primaryimage\"},\"thumbnailUrl\":\"https:\/\/static.africa-press.net\/mali\/sites\/21\/2026\/05\/sm_1777594530.709769.jpg\",\"datePublished\":\"2026-04-29T21:02:23+00:00\",\"dateModified\":\"2026-05-01T00:36:31+00:00\",\"author\":{\"@id\":\"https:\/\/www.africa-press.net\/mali\/#\/schema\/person\/2b1cf3cd81a31e3cd26889ca66d677f1\"},\"description\":\"-article-header-tag\\\"> Africa-Press - Mali. L'arme\u0301e malienne a annonce\u0301 avoir ...\",\"breadcrumb\":{\"@id\":\"https:\/\/www.africa-press.net\/mali\/top-nouvelles\/armee-malienne-devoile-strategie-contre-groupes-armes#breadcrumb\"},\"inLanguage\":\"fr-FR\",\"potentialAction\":[{\"@type\":\"ReadAction\",\"target\":[\"https:\/\/www.africa-press.net\/mali\/top-nouvelles\/armee-malienne-devoile-strategie-contre-groupes-armes\"]}]},{\"@type\":\"ImageObject\",\"inLanguage\":\"fr-FR\",\"@id\":\"https:\/\/www.africa-press.net\/mali\/top-nouvelles\/armee-malienne-devoile-strategie-contre-groupes-armes#primaryimage\",\"url\":\"https:\/\/static.africa-press.net\/mali\/sites\/21\/2026\/05\/sm_1777594530.709769.jpg\",\"contentUrl\":\"https:\/\/static.africa-press.net\/mali\/sites\/21\/2026\/05\/sm_1777594530.709769.jpg\",\"width\":1024,\"height\":576,\"caption\":\"Arm\u00e9e Malienne D\u00e9voile Strat\u00e9gie Contre Groupes Arm\u00e9s\"},{\"@type\":\"BreadcrumbList\",\"@id\":\"https:\/\/www.africa-press.net\/mali\/top-nouvelles\/armee-malienne-devoile-strategie-contre-groupes-armes#breadcrumb\",\"itemListElement\":[{\"@type\":\"ListItem\",\"position\":1,\"name\":\"Home\",\"item\":\"https:\/\/www.africa-press.net\/mali\/\"},{\"@type\":\"ListItem\",\"position\":2,\"name\":\"Arm\u00e9e Malienne D\u00e9voile Strat\u00e9gie Contre Groupes Arm\u00e9s\"}]},{\"@type\":\"WebSite\",\"@id\":\"https:\/\/www.africa-press.net\/mali\/#website\",\"url\":\"https:\/\/www.africa-press.net\/mali\/\",\"name\":\"Mali\",\"description\":\"Just another Africa News Agency Sites site\",\"potentialAction\":[{\"@type\":\"SearchAction\",\"target\":{\"@type\":\"EntryPoint\",\"urlTemplate\":\"https:\/\/www.africa-press.net\/mali\/?s={search_term_string}\"},\"query-input\":{\"@type\":\"PropertyValueSpecification\",\"valueRequired\":true,\"valueName\":\"search_term_string\"}}],\"inLanguage\":\"fr-FR\"},{\"@type\":\"Person\",\"@id\":\"https:\/\/www.africa-press.net\/mali\/#\/schema\/person\/2b1cf3cd81a31e3cd26889ca66d677f1\",\"name\":\"cfeditorfr\"}]}<\/script>\n<!-- \/ Yoast SEO Premium plugin. -->","yoast_head_json":{"title":"Arm\u00e9e Malienne D\u00e9voile Strat\u00e9gie Contre Groupes Arm\u00e9s - Mali","description":"-article-header-tag\"> Africa-Press - Mali. L'arme\u0301e malienne a annonce\u0301 avoir ...","robots":{"index":"index","follow":"follow","max-snippet":"max-snippet:-1","max-image-preview":"max-image-preview:large","max-video-preview":"max-video-preview:-1"},"canonical":"https:\/\/www.africa-press.net\/mali\/top-nouvelles\/armee-malienne-devoile-strategie-contre-groupes-armes","og_locale":"fr_FR","og_type":"article","og_title":"Arm\u00e9e Malienne D\u00e9voile Strat\u00e9gie Contre Groupes Arm\u00e9s","og_description":"-article-header-tag\"> Africa-Press - Mali. L'arme\u0301e malienne a annonce\u0301 avoir ...","og_url":"https:\/\/www.africa-press.net\/mali\/top-nouvelles\/armee-malienne-devoile-strategie-contre-groupes-armes","og_site_name":"Mali","article_publisher":"https:\/\/www.facebook.com\/AfricaPressTunisiaa","article_published_time":"2026-04-29T21:02:23+00:00","article_modified_time":"2026-05-01T00:36:31+00:00","og_image":[{"width":1024,"height":576,"url":"https:\/\/static.africa-press.net\/mali\/sites\/21\/2026\/05\/sm_1777594530.709769.jpg","type":"image\/jpeg"}],"author":"cfeditorfr","twitter_card":"summary_large_image","twitter_misc":{"\u00c9crit par":"cfeditorfr","Dur\u00e9e de lecture estim\u00e9e":"4 minutes"},"schema":{"@context":"https:\/\/schema.org","@graph":[{"@type":"Article","@id":"https:\/\/www.africa-press.net\/mali\/top-nouvelles\/armee-malienne-devoile-strategie-contre-groupes-armes#article","isPartOf":{"@id":"https:\/\/www.africa-press.net\/mali\/top-nouvelles\/armee-malienne-devoile-strategie-contre-groupes-armes"},"author":{"name":"cfeditorfr","@id":"https:\/\/www.africa-press.net\/mali\/#\/schema\/person\/2b1cf3cd81a31e3cd26889ca66d677f1"},"headline":"Arm\u00e9e Malienne D\u00e9voile Strat\u00e9gie Contre Groupes Arm\u00e9s","datePublished":"2026-04-29T21:02:23+00:00","dateModified":"2026-05-01T00:36:31+00:00","mainEntityOfPage":{"@id":"https:\/\/www.africa-press.net\/mali\/top-nouvelles\/armee-malienne-devoile-strategie-contre-groupes-armes"},"wordCount":833,"commentCount":0,"image":{"@id":"https:\/\/www.africa-press.net\/mali\/top-nouvelles\/armee-malienne-devoile-strategie-contre-groupes-armes#primaryimage"},"thumbnailUrl":"https:\/\/static.africa-press.net\/mali\/sites\/21\/2026\/05\/sm_1777594530.709769.jpg","keywords":["mali"],"articleSection":["Politique","Top Nouvelles","Toutes les actualit\u00e9s"],"inLanguage":"fr-FR","potentialAction":[{"@type":"CommentAction","name":"Comment","target":["https:\/\/www.africa-press.net\/mali\/top-nouvelles\/armee-malienne-devoile-strategie-contre-groupes-armes#respond"]}]},{"@type":"WebPage","@id":"https:\/\/www.africa-press.net\/mali\/top-nouvelles\/armee-malienne-devoile-strategie-contre-groupes-armes","url":"https:\/\/www.africa-press.net\/mali\/top-nouvelles\/armee-malienne-devoile-strategie-contre-groupes-armes","name":"Arm\u00e9e Malienne D\u00e9voile Strat\u00e9gie Contre Groupes Arm\u00e9s - Mali","isPartOf":{"@id":"https:\/\/www.africa-press.net\/mali\/#website"},"primaryImageOfPage":{"@id":"https:\/\/www.africa-press.net\/mali\/top-nouvelles\/armee-malienne-devoile-strategie-contre-groupes-armes#primaryimage"},"image":{"@id":"https:\/\/www.africa-press.net\/mali\/top-nouvelles\/armee-malienne-devoile-strategie-contre-groupes-armes#primaryimage"},"thumbnailUrl":"https:\/\/static.africa-press.net\/mali\/sites\/21\/2026\/05\/sm_1777594530.709769.jpg","datePublished":"2026-04-29T21:02:23+00:00","dateModified":"2026-05-01T00:36:31+00:00","author":{"@id":"https:\/\/www.africa-press.net\/mali\/#\/schema\/person\/2b1cf3cd81a31e3cd26889ca66d677f1"},"description":"-article-header-tag\"> Africa-Press - Mali. L'arme\u0301e malienne a annonce\u0301 avoir ...","breadcrumb":{"@id":"https:\/\/www.africa-press.net\/mali\/top-nouvelles\/armee-malienne-devoile-strategie-contre-groupes-armes#breadcrumb"},"inLanguage":"fr-FR","potentialAction":[{"@type":"ReadAction","target":["https:\/\/www.africa-press.net\/mali\/top-nouvelles\/armee-malienne-devoile-strategie-contre-groupes-armes"]}]},{"@type":"ImageObject","inLanguage":"fr-FR","@id":"https:\/\/www.africa-press.net\/mali\/top-nouvelles\/armee-malienne-devoile-strategie-contre-groupes-armes#primaryimage","url":"https:\/\/static.africa-press.net\/mali\/sites\/21\/2026\/05\/sm_1777594530.709769.jpg","contentUrl":"https:\/\/static.africa-press.net\/mali\/sites\/21\/2026\/05\/sm_1777594530.709769.jpg","width":1024,"height":576,"caption":"Arm\u00e9e Malienne D\u00e9voile Strat\u00e9gie Contre Groupes Arm\u00e9s"},{"@type":"BreadcrumbList","@id":"https:\/\/www.africa-press.net\/mali\/top-nouvelles\/armee-malienne-devoile-strategie-contre-groupes-armes#breadcrumb","itemListElement":[{"@type":"ListItem","position":1,"name":"Home","item":"https:\/\/www.africa-press.net\/mali\/"},{"@type":"ListItem","position":2,"name":"Arm\u00e9e Malienne D\u00e9voile Strat\u00e9gie Contre Groupes Arm\u00e9s"}]},{"@type":"WebSite","@id":"https:\/\/www.africa-press.net\/mali\/#website","url":"https:\/\/www.africa-press.net\/mali\/","name":"Mali","description":"Just another Africa News Agency Sites site","potentialAction":[{"@type":"SearchAction","target":{"@type":"EntryPoint","urlTemplate":"https:\/\/www.africa-press.net\/mali\/?s={search_term_string}"},"query-input":{"@type":"PropertyValueSpecification","valueRequired":true,"valueName":"search_term_string"}}],"inLanguage":"fr-FR"},{"@type":"Person","@id":"https:\/\/www.africa-press.net\/mali\/#\/schema\/person\/2b1cf3cd81a31e3cd26889ca66d677f1","name":"cfeditorfr"}]}},"_links":{"self":[{"href":"https:\/\/www.africa-press.net\/mali\/wp-json\/wp\/v2\/posts\/61054","targetHints":{"allow":["GET"]}}],"collection":[{"href":"https:\/\/www.africa-press.net\/mali\/wp-json\/wp\/v2\/posts"}],"about":[{"href":"https:\/\/www.africa-press.net\/mali\/wp-json\/wp\/v2\/types\/post"}],"author":[{"embeddable":true,"href":"https:\/\/www.africa-press.net\/mali\/wp-json\/wp\/v2\/users\/82"}],"replies":[{"embeddable":true,"href":"https:\/\/www.africa-press.net\/mali\/wp-json\/wp\/v2\/comments?post=61054"}],"version-history":[{"count":1,"href":"https:\/\/www.africa-press.net\/mali\/wp-json\/wp\/v2\/posts\/61054\/revisions"}],"predecessor-version":[{"id":61069,"href":"https:\/\/www.africa-press.net\/mali\/wp-json\/wp\/v2\/posts\/61054\/revisions\/61069"}],"wp:featuredmedia":[{"embeddable":true,"href":"https:\/\/www.africa-press.net\/mali\/wp-json\/wp\/v2\/media\/61053"}],"wp:attachment":[{"href":"https:\/\/www.africa-press.net\/mali\/wp-json\/wp\/v2\/media?parent=61054"}],"wp:term":[{"taxonomy":"category","embeddable":true,"href":"https:\/\/www.africa-press.net\/mali\/wp-json\/wp\/v2\/categories?post=61054"},{"taxonomy":"post_tag","embeddable":true,"href":"https:\/\/www.africa-press.net\/mali\/wp-json\/wp\/v2\/tags?post=61054"}],"curies":[{"name":"wp","href":"https:\/\/api.w.org\/{rel}","templated":true}]}}