{"id":61060,"date":"2026-04-30T21:15:56","date_gmt":"2026-04-30T21:15:56","guid":{"rendered":"https:\/\/www.africa-press.net\/mali\/politique\/mali-recupere-une-ville-frontaliere-avec-le-niger"},"modified":"2026-05-01T00:45:22","modified_gmt":"2026-05-01T00:45:22","slug":"mali-recupere-une-ville-frontaliere-avec-le-niger","status":"publish","type":"post","link":"https:\/\/www.africa-press.net\/mali\/top-nouvelles\/mali-recupere-une-ville-frontaliere-avec-le-niger","title":{"rendered":"Mali R\u00e9cup\u00e8re une Ville Frontali\u00e8re avec le Niger"},"content":{"rendered":"<p><span class=\"ap-article-header-tag\"> <strong>Africa-Press &#8211; Mali. <\/strong> <\/span>Des habitants locaux ont rapporte\u0301 que les forces maliennes ont repris le contro\u0302le d&rsquo;une ville a\u0300 la frontie\u0300re avec le Niger, qui avait e\u0301te\u0301 occupe\u0301e par des groupes arme\u0301s lie\u0301s a\u0300 l&rsquo;E\u0301tat islamique cette semaine, dans le cadre de leurs efforts pour re\u0301tablir leur autorite\u0301 sur la re\u0301gion apre\u0300s des attaques coordonne\u0301es durant le week-end.<\/p>\n<p>Deux habitants de la ville de Menaka, pre\u0300s de la frontie\u0300re nige\u0301rienne, ont de\u0301clare\u0301 que les combattants de l&rsquo;E\u0301tat islamique dans la re\u0301gion du Sahel avaient recule\u0301 apre\u0300s des affrontements avec l&rsquo;arme\u0301e, qui a repris ses patrouilles terrestres et ae\u0301riennes. Une source diplomatique de haut niveau a e\u0301galement indique\u0301 que l&rsquo;arme\u0301e avait re\u0301tabli son contro\u0302le sur la zone.<\/p>\n<p>Dans la re\u0301gion de Mopti, au centre du Mali, qui a connu des attaques durant le week-end, le calme est revenu mercredi, bien qu&rsquo;une atmosphe\u0300re d&rsquo;inquie\u0301tude et d&rsquo;attente persiste parmi les habitants, selon un re\u0301sident. Il a ajoute\u0301 que l&rsquo;arme\u0301e avait renforce\u0301 les points de contro\u0302le et intensifie\u0301 les patrouilles terrestres et ae\u0301riennes autour de la ville.<\/p>\n<p>Un habitant de Gao, la plus grande ville du nord du Mali, a signale\u0301 une augmentation des patrouilles militaires alors que les civils se pre\u0301parent a\u0300 d&rsquo;autres attaques. A\u0300 Se\u0301vare\u0301, au centre du pays, la tension est reste\u0301e e\u0301leve\u0301e mercredi, selon un te\u0301moin qui a de\u0301clare\u0301 avoir entendu des coups de feu durant la nuit.<\/p>\n<p>Le chef militaire malien, Assimi Goi\u0308ta, est apparu pour la premie\u0300re fois mardi depuis que des assaillants lie\u0301s a\u0300 Al-Qai\u0308da et une coalition de se\u0301paratistes, principalement touaregs, ont lance\u0301 leur attaque samedi, qui a entrai\u0302ne\u0301 la mort du ministre de la De\u0301fense et porte\u0301 un coup dur aux mercenaires russes soutenant l&rsquo;arme\u0301e.<\/p>\n<p>Goi\u0308ta a promis de neutraliser les responsables des attaques de samedi, qui ont montre\u0301 une coordination claire entre les assaillants lie\u0301s a\u0300 Al-Qai\u0308da et les se\u0301paratistes touaregs, qui ont pris le contro\u0302le de la ville strate\u0301gique de Kidal des forces maliennes soutenues par la Russie. Il a e\u0301galement rencontre\u0301 l&rsquo;ambassadeur russe mardi et visite\u0301 un ho\u0302pital ou\u0300 des blesse\u0301s rec\u0327oivent des soins.<\/p>\n<p class=\"ap-article-footer-note\">Retrouvez plus d\u2019actualit\u00e9s et d\u2019analyses sur <span class=\"ap-highlight-country\">Mali<\/span> sur le site <span class=\"ap-highlight-brand\">Africa Press<\/span><\/p>\n","protected":false},"excerpt":{"rendered":"<p>Africa-Press &#8211; Mali. Des habitants locaux ont rapporte\u0301 que les forces maliennes ont repris le contro\u0302le d&rsquo;une ville a\u0300 la frontie\u0300re avec le Niger, qui avait e\u0301te\u0301 occupe\u0301e par des groupes arme\u0301s lie\u0301s a\u0300 l&rsquo;E\u0301tat islamique cette semaine, dans le cadre de leurs efforts pour re\u0301tablir leur autorite\u0301 sur la re\u0301gion apre\u0300s des attaques coordonne\u0301es [&hellip;]<\/p>\n","protected":false},"author":82,"featured_media":61059,"comment_status":"open","ping_status":"closed","sticky":false,"template":"","format":"standard","meta":{"footnotes":""},"categories":[7,5,17],"tags":[19],"class_list":["post-61060","post","type-post","status-publish","format-standard","has-post-thumbnail","hentry","category-politique","category-top-nouvelles","category-toutes-les-actualites","tag-mali"],"yoast_head":"<!-- This site is optimized with the Yoast SEO Premium plugin v26.1 (Yoast SEO v27.0) - https:\/\/yoast.com\/product\/yoast-seo-premium-wordpress\/ -->\n<title>Mali R\u00e9cup\u00e8re une Ville Frontali\u00e8re avec le Niger - Mali<\/title>\n<meta name=\"description\" content=\"-article-header-tag&quot;&gt; Africa-Press - Mali. Des habitants locaux ont rapporte\u0301 ...\" \/>\n<meta name=\"robots\" content=\"index, follow, max-snippet:-1, max-image-preview:large, max-video-preview:-1\" \/>\n<link rel=\"canonical\" href=\"https:\/\/www.africa-press.net\/mali\/top-nouvelles\/mali-recupere-une-ville-frontaliere-avec-le-niger\" \/>\n<meta property=\"og:locale\" content=\"fr_FR\" \/>\n<meta property=\"og:type\" content=\"article\" \/>\n<meta property=\"og:title\" content=\"Mali R\u00e9cup\u00e8re une Ville Frontali\u00e8re avec le Niger\" \/>\n<meta property=\"og:description\" content=\"-article-header-tag&quot;&gt; Africa-Press - Mali. Des habitants locaux ont rapporte\u0301 ...\" \/>\n<meta property=\"og:url\" content=\"https:\/\/www.africa-press.net\/mali\/top-nouvelles\/mali-recupere-une-ville-frontaliere-avec-le-niger\" \/>\n<meta property=\"og:site_name\" content=\"Mali\" \/>\n<meta property=\"article:publisher\" content=\"https:\/\/www.facebook.com\/AfricaPressTunisiaa\" \/>\n<meta property=\"article:published_time\" content=\"2026-04-30T21:15:56+00:00\" \/>\n<meta property=\"article:modified_time\" content=\"2026-05-01T00:45:22+00:00\" \/>\n<meta property=\"og:image\" content=\"https:\/\/static.africa-press.net\/mali\/sites\/21\/2026\/05\/sm_1777594982.269709.jpg\" \/>\n\t<meta property=\"og:image:width\" content=\"770\" \/>\n\t<meta property=\"og:image:height\" content=\"526\" \/>\n\t<meta property=\"og:image:type\" content=\"image\/jpeg\" \/>\n<meta name=\"author\" content=\"cfeditorfr\" \/>\n<meta name=\"twitter:card\" content=\"summary_large_image\" \/>\n<meta name=\"twitter:label1\" content=\"\u00c9crit par\" \/>\n\t<meta name=\"twitter:data1\" content=\"cfeditorfr\" \/>\n\t<meta name=\"twitter:label2\" content=\"Dur\u00e9e de lecture estim\u00e9e\" \/>\n\t<meta name=\"twitter:data2\" content=\"3 minutes\" \/>\n<script type=\"application\/ld+json\" class=\"yoast-schema-graph\">{\"@context\":\"https:\/\/schema.org\",\"@graph\":[{\"@type\":\"Article\",\"@id\":\"https:\/\/www.africa-press.net\/mali\/top-nouvelles\/mali-recupere-une-ville-frontaliere-avec-le-niger#article\",\"isPartOf\":{\"@id\":\"https:\/\/www.africa-press.net\/mali\/top-nouvelles\/mali-recupere-une-ville-frontaliere-avec-le-niger\"},\"author\":{\"name\":\"cfeditorfr\",\"@id\":\"https:\/\/www.africa-press.net\/mali\/#\/schema\/person\/2b1cf3cd81a31e3cd26889ca66d677f1\"},\"headline\":\"Mali R\u00e9cup\u00e8re une Ville Frontali\u00e8re avec le Niger\",\"datePublished\":\"2026-04-30T21:15:56+00:00\",\"dateModified\":\"2026-05-01T00:45:22+00:00\",\"mainEntityOfPage\":{\"@id\":\"https:\/\/www.africa-press.net\/mali\/top-nouvelles\/mali-recupere-une-ville-frontaliere-avec-le-niger\"},\"wordCount\":436,\"commentCount\":0,\"image\":{\"@id\":\"https:\/\/www.africa-press.net\/mali\/top-nouvelles\/mali-recupere-une-ville-frontaliere-avec-le-niger#primaryimage\"},\"thumbnailUrl\":\"https:\/\/static.africa-press.net\/mali\/sites\/21\/2026\/05\/sm_1777594982.269709.jpg\",\"keywords\":[\"mali\"],\"articleSection\":[\"Politique\",\"Top Nouvelles\",\"Toutes les actualit\u00e9s\"],\"inLanguage\":\"fr-FR\",\"potentialAction\":[{\"@type\":\"CommentAction\",\"name\":\"Comment\",\"target\":[\"https:\/\/www.africa-press.net\/mali\/top-nouvelles\/mali-recupere-une-ville-frontaliere-avec-le-niger#respond\"]}]},{\"@type\":\"WebPage\",\"@id\":\"https:\/\/www.africa-press.net\/mali\/top-nouvelles\/mali-recupere-une-ville-frontaliere-avec-le-niger\",\"url\":\"https:\/\/www.africa-press.net\/mali\/top-nouvelles\/mali-recupere-une-ville-frontaliere-avec-le-niger\",\"name\":\"Mali R\u00e9cup\u00e8re une Ville Frontali\u00e8re avec le Niger - Mali\",\"isPartOf\":{\"@id\":\"https:\/\/www.africa-press.net\/mali\/#website\"},\"primaryImageOfPage\":{\"@id\":\"https:\/\/www.africa-press.net\/mali\/top-nouvelles\/mali-recupere-une-ville-frontaliere-avec-le-niger#primaryimage\"},\"image\":{\"@id\":\"https:\/\/www.africa-press.net\/mali\/top-nouvelles\/mali-recupere-une-ville-frontaliere-avec-le-niger#primaryimage\"},\"thumbnailUrl\":\"https:\/\/static.africa-press.net\/mali\/sites\/21\/2026\/05\/sm_1777594982.269709.jpg\",\"datePublished\":\"2026-04-30T21:15:56+00:00\",\"dateModified\":\"2026-05-01T00:45:22+00:00\",\"author\":{\"@id\":\"https:\/\/www.africa-press.net\/mali\/#\/schema\/person\/2b1cf3cd81a31e3cd26889ca66d677f1\"},\"description\":\"-article-header-tag\\\"> Africa-Press - Mali. Des habitants locaux ont rapporte\u0301 ...\",\"breadcrumb\":{\"@id\":\"https:\/\/www.africa-press.net\/mali\/top-nouvelles\/mali-recupere-une-ville-frontaliere-avec-le-niger#breadcrumb\"},\"inLanguage\":\"fr-FR\",\"potentialAction\":[{\"@type\":\"ReadAction\",\"target\":[\"https:\/\/www.africa-press.net\/mali\/top-nouvelles\/mali-recupere-une-ville-frontaliere-avec-le-niger\"]}]},{\"@type\":\"ImageObject\",\"inLanguage\":\"fr-FR\",\"@id\":\"https:\/\/www.africa-press.net\/mali\/top-nouvelles\/mali-recupere-une-ville-frontaliere-avec-le-niger#primaryimage\",\"url\":\"https:\/\/static.africa-press.net\/mali\/sites\/21\/2026\/05\/sm_1777594982.269709.jpg\",\"contentUrl\":\"https:\/\/static.africa-press.net\/mali\/sites\/21\/2026\/05\/sm_1777594982.269709.jpg\",\"width\":770,\"height\":526,\"caption\":\"Mali R\u00e9cup\u00e8re une Ville Frontali\u00e8re avec le Niger\"},{\"@type\":\"BreadcrumbList\",\"@id\":\"https:\/\/www.africa-press.net\/mali\/top-nouvelles\/mali-recupere-une-ville-frontaliere-avec-le-niger#breadcrumb\",\"itemListElement\":[{\"@type\":\"ListItem\",\"position\":1,\"name\":\"Home\",\"item\":\"https:\/\/www.africa-press.net\/mali\/\"},{\"@type\":\"ListItem\",\"position\":2,\"name\":\"Mali R\u00e9cup\u00e8re une Ville Frontali\u00e8re avec le Niger\"}]},{\"@type\":\"WebSite\",\"@id\":\"https:\/\/www.africa-press.net\/mali\/#website\",\"url\":\"https:\/\/www.africa-press.net\/mali\/\",\"name\":\"Mali\",\"description\":\"Just another Africa News Agency Sites site\",\"potentialAction\":[{\"@type\":\"SearchAction\",\"target\":{\"@type\":\"EntryPoint\",\"urlTemplate\":\"https:\/\/www.africa-press.net\/mali\/?s={search_term_string}\"},\"query-input\":{\"@type\":\"PropertyValueSpecification\",\"valueRequired\":true,\"valueName\":\"search_term_string\"}}],\"inLanguage\":\"fr-FR\"},{\"@type\":\"Person\",\"@id\":\"https:\/\/www.africa-press.net\/mali\/#\/schema\/person\/2b1cf3cd81a31e3cd26889ca66d677f1\",\"name\":\"cfeditorfr\"}]}<\/script>\n<!-- \/ Yoast SEO Premium plugin. -->","yoast_head_json":{"title":"Mali R\u00e9cup\u00e8re une Ville Frontali\u00e8re avec le Niger - Mali","description":"-article-header-tag\"> Africa-Press - Mali. Des habitants locaux ont rapporte\u0301 ...","robots":{"index":"index","follow":"follow","max-snippet":"max-snippet:-1","max-image-preview":"max-image-preview:large","max-video-preview":"max-video-preview:-1"},"canonical":"https:\/\/www.africa-press.net\/mali\/top-nouvelles\/mali-recupere-une-ville-frontaliere-avec-le-niger","og_locale":"fr_FR","og_type":"article","og_title":"Mali R\u00e9cup\u00e8re une Ville Frontali\u00e8re avec le Niger","og_description":"-article-header-tag\"> Africa-Press - Mali. Des habitants locaux ont rapporte\u0301 ...","og_url":"https:\/\/www.africa-press.net\/mali\/top-nouvelles\/mali-recupere-une-ville-frontaliere-avec-le-niger","og_site_name":"Mali","article_publisher":"https:\/\/www.facebook.com\/AfricaPressTunisiaa","article_published_time":"2026-04-30T21:15:56+00:00","article_modified_time":"2026-05-01T00:45:22+00:00","og_image":[{"width":770,"height":526,"url":"https:\/\/static.africa-press.net\/mali\/sites\/21\/2026\/05\/sm_1777594982.269709.jpg","type":"image\/jpeg"}],"author":"cfeditorfr","twitter_card":"summary_large_image","twitter_misc":{"\u00c9crit par":"cfeditorfr","Dur\u00e9e de lecture estim\u00e9e":"3 minutes"},"schema":{"@context":"https:\/\/schema.org","@graph":[{"@type":"Article","@id":"https:\/\/www.africa-press.net\/mali\/top-nouvelles\/mali-recupere-une-ville-frontaliere-avec-le-niger#article","isPartOf":{"@id":"https:\/\/www.africa-press.net\/mali\/top-nouvelles\/mali-recupere-une-ville-frontaliere-avec-le-niger"},"author":{"name":"cfeditorfr","@id":"https:\/\/www.africa-press.net\/mali\/#\/schema\/person\/2b1cf3cd81a31e3cd26889ca66d677f1"},"headline":"Mali R\u00e9cup\u00e8re une Ville Frontali\u00e8re avec le Niger","datePublished":"2026-04-30T21:15:56+00:00","dateModified":"2026-05-01T00:45:22+00:00","mainEntityOfPage":{"@id":"https:\/\/www.africa-press.net\/mali\/top-nouvelles\/mali-recupere-une-ville-frontaliere-avec-le-niger"},"wordCount":436,"commentCount":0,"image":{"@id":"https:\/\/www.africa-press.net\/mali\/top-nouvelles\/mali-recupere-une-ville-frontaliere-avec-le-niger#primaryimage"},"thumbnailUrl":"https:\/\/static.africa-press.net\/mali\/sites\/21\/2026\/05\/sm_1777594982.269709.jpg","keywords":["mali"],"articleSection":["Politique","Top Nouvelles","Toutes les actualit\u00e9s"],"inLanguage":"fr-FR","potentialAction":[{"@type":"CommentAction","name":"Comment","target":["https:\/\/www.africa-press.net\/mali\/top-nouvelles\/mali-recupere-une-ville-frontaliere-avec-le-niger#respond"]}]},{"@type":"WebPage","@id":"https:\/\/www.africa-press.net\/mali\/top-nouvelles\/mali-recupere-une-ville-frontaliere-avec-le-niger","url":"https:\/\/www.africa-press.net\/mali\/top-nouvelles\/mali-recupere-une-ville-frontaliere-avec-le-niger","name":"Mali R\u00e9cup\u00e8re une Ville Frontali\u00e8re avec le Niger - Mali","isPartOf":{"@id":"https:\/\/www.africa-press.net\/mali\/#website"},"primaryImageOfPage":{"@id":"https:\/\/www.africa-press.net\/mali\/top-nouvelles\/mali-recupere-une-ville-frontaliere-avec-le-niger#primaryimage"},"image":{"@id":"https:\/\/www.africa-press.net\/mali\/top-nouvelles\/mali-recupere-une-ville-frontaliere-avec-le-niger#primaryimage"},"thumbnailUrl":"https:\/\/static.africa-press.net\/mali\/sites\/21\/2026\/05\/sm_1777594982.269709.jpg","datePublished":"2026-04-30T21:15:56+00:00","dateModified":"2026-05-01T00:45:22+00:00","author":{"@id":"https:\/\/www.africa-press.net\/mali\/#\/schema\/person\/2b1cf3cd81a31e3cd26889ca66d677f1"},"description":"-article-header-tag\"> Africa-Press - Mali. Des habitants locaux ont rapporte\u0301 ...","breadcrumb":{"@id":"https:\/\/www.africa-press.net\/mali\/top-nouvelles\/mali-recupere-une-ville-frontaliere-avec-le-niger#breadcrumb"},"inLanguage":"fr-FR","potentialAction":[{"@type":"ReadAction","target":["https:\/\/www.africa-press.net\/mali\/top-nouvelles\/mali-recupere-une-ville-frontaliere-avec-le-niger"]}]},{"@type":"ImageObject","inLanguage":"fr-FR","@id":"https:\/\/www.africa-press.net\/mali\/top-nouvelles\/mali-recupere-une-ville-frontaliere-avec-le-niger#primaryimage","url":"https:\/\/static.africa-press.net\/mali\/sites\/21\/2026\/05\/sm_1777594982.269709.jpg","contentUrl":"https:\/\/static.africa-press.net\/mali\/sites\/21\/2026\/05\/sm_1777594982.269709.jpg","width":770,"height":526,"caption":"Mali R\u00e9cup\u00e8re une Ville Frontali\u00e8re avec le Niger"},{"@type":"BreadcrumbList","@id":"https:\/\/www.africa-press.net\/mali\/top-nouvelles\/mali-recupere-une-ville-frontaliere-avec-le-niger#breadcrumb","itemListElement":[{"@type":"ListItem","position":1,"name":"Home","item":"https:\/\/www.africa-press.net\/mali\/"},{"@type":"ListItem","position":2,"name":"Mali R\u00e9cup\u00e8re une Ville Frontali\u00e8re avec le Niger"}]},{"@type":"WebSite","@id":"https:\/\/www.africa-press.net\/mali\/#website","url":"https:\/\/www.africa-press.net\/mali\/","name":"Mali","description":"Just another Africa News Agency Sites site","potentialAction":[{"@type":"SearchAction","target":{"@type":"EntryPoint","urlTemplate":"https:\/\/www.africa-press.net\/mali\/?s={search_term_string}"},"query-input":{"@type":"PropertyValueSpecification","valueRequired":true,"valueName":"search_term_string"}}],"inLanguage":"fr-FR"},{"@type":"Person","@id":"https:\/\/www.africa-press.net\/mali\/#\/schema\/person\/2b1cf3cd81a31e3cd26889ca66d677f1","name":"cfeditorfr"}]}},"_links":{"self":[{"href":"https:\/\/www.africa-press.net\/mali\/wp-json\/wp\/v2\/posts\/61060","targetHints":{"allow":["GET"]}}],"collection":[{"href":"https:\/\/www.africa-press.net\/mali\/wp-json\/wp\/v2\/posts"}],"about":[{"href":"https:\/\/www.africa-press.net\/mali\/wp-json\/wp\/v2\/types\/post"}],"author":[{"embeddable":true,"href":"https:\/\/www.africa-press.net\/mali\/wp-json\/wp\/v2\/users\/82"}],"replies":[{"embeddable":true,"href":"https:\/\/www.africa-press.net\/mali\/wp-json\/wp\/v2\/comments?post=61060"}],"version-history":[{"count":1,"href":"https:\/\/www.africa-press.net\/mali\/wp-json\/wp\/v2\/posts\/61060\/revisions"}],"predecessor-version":[{"id":61072,"href":"https:\/\/www.africa-press.net\/mali\/wp-json\/wp\/v2\/posts\/61060\/revisions\/61072"}],"wp:featuredmedia":[{"embeddable":true,"href":"https:\/\/www.africa-press.net\/mali\/wp-json\/wp\/v2\/media\/61059"}],"wp:attachment":[{"href":"https:\/\/www.africa-press.net\/mali\/wp-json\/wp\/v2\/media?parent=61060"}],"wp:term":[{"taxonomy":"category","embeddable":true,"href":"https:\/\/www.africa-press.net\/mali\/wp-json\/wp\/v2\/categories?post=61060"},{"taxonomy":"post_tag","embeddable":true,"href":"https:\/\/www.africa-press.net\/mali\/wp-json\/wp\/v2\/tags?post=61060"}],"curies":[{"name":"wp","href":"https:\/\/api.w.org\/{rel}","templated":true}]}}