{"id":61529,"date":"2026-08-24T16:07:56","date_gmt":"2026-08-24T16:07:56","guid":{"rendered":"https:\/\/www.africa-press.net\/mali\/politique\/mali-le-flaa-libere-22-soldats"},"modified":"2026-08-24T16:16:52","modified_gmt":"2026-08-24T16:16:52","slug":"mali-le-flaa-libere-22-soldats","status":"publish","type":"post","link":"https:\/\/www.africa-press.net\/mali\/top-nouvelles\/mali-le-flaa-libere-22-soldats","title":{"rendered":"Mali: le FLAA Libe\u0300Re 22 Soldats"},"content":{"rendered":"<p><span class=\"ap-article-header-tag\"> <strong>Africa-Press &#8211; Mali. <\/strong> <\/span>Un source de se\u0301curite\u0301 malienne a confirme\u0301 que le Mouvement de libe\u0301ration de l&rsquo;Azawad a libe\u0301re\u0301 22 soldats, tandis que des sources proches des autorite\u0301s maliennes ont indique\u0301 la libe\u0301ration d&rsquo;environ 20 militaires, dans la dernie\u0300re ope\u0301ration de libe\u0301ration de militaires maliens au cours des derniers jours.<\/p>\n<p>De son co\u0302te\u0301, le Mouvement de libe\u0301ration de l&rsquo;Azawad a annonce\u0301 sur les re\u0301seaux sociaux la libe\u0301ration des soldats appartenant aux forces arme\u0301es maliennes.<\/p>\n<p>Selon une source proche du conseil militaire au pouvoir a\u0300 Bamako, les militaires libe\u0301re\u0301s avaient e\u0301te\u0301 capture\u0301s a\u0300 des moments diffe\u0301rents, certains d&rsquo;entre eux ayant e\u0301te\u0301 faits prisonniers lors des re\u0301cents affrontements entre l&rsquo;arme\u0301e malienne et des groupes arme\u0301s dans le nord du pays, tandis que d&rsquo;autres e\u0301taient de\u0301tenus depuis plus de trois ans.<\/p>\n<p>Les circonstances de la libe\u0301ration de ces militaires diffe\u0300rent des ope\u0301rations annonce\u0301es pre\u0301ce\u0301demment.<\/p>\n<p>Un source de se\u0301curite\u0301 a de\u0301clare\u0301 que les 22 soldats avaient e\u0301te\u0301 libe\u0301re\u0301s en e\u0301change de la libe\u0301ration d&rsquo;au moins huit combattants du Mouvement de libe\u0301ration de l&rsquo;Azawad, mais les autorite\u0301s maliennes n&rsquo;ont pas confirme\u0301 officiellement cette information.<\/p>\n<p>En revanche, le porte-parole du Mouvement de l&rsquo;Azawad, Atay Ag Mohamed, a e\u0301voque\u0301 la libe\u0301ration de \u00ab\u00a0civils de\u0301tenus\u00a0\u00bb par les autorite\u0301s maliennes, affirmant que certains d&rsquo;entre eux avaient e\u0301te\u0301 retenus pendant des anne\u0301es.<\/p>\n<p>Cette ope\u0301ration de libe\u0301ration re\u0301cente fait suite a\u0300 une se\u0301rie d&rsquo;ope\u0301rations similaires au cours des derniers jours. Le 13 aou\u0302t, 82 militaires maliens avaient e\u0301te\u0301 libe\u0301re\u0301s apre\u0300s des mois de de\u0301tention, tandis que le Mouvement de libe\u0301ration de l&rsquo;Azawad avait annonce\u0301 le 16 aou\u0302t la remise de 6 soldats maliens blesse\u0301s.<\/p>\n<p>Avec la libe\u0301ration de 22 militaires dimanche, les diffe\u0301rentes annonces indiquent que plus de 100 soldats maliens ont e\u0301te\u0301 libe\u0301re\u0301s au cours d&rsquo;une dizaine de jours.<\/p>\n<p>Cependant, ces chiffres doivent e\u0302tre pris avec pre\u0301caution, e\u0301tant donne\u0301 la diversite\u0301 des entite\u0301s qui de\u0301tenaient ces prisonniers, les dates de leur capture et les circonstances entourant leurs libe\u0301rations.<\/p>\n<p>La de\u0301tention de ces militaires s&rsquo;inscrit dans un contexte de monte\u0301e des affrontements arme\u0301s au Mali, avec des attaques coordonne\u0301es mene\u0301es par le Groupe de soutien a\u0300 l&rsquo;islam et aux musulmans et le Mouvement de libe\u0301ration de l&rsquo;Azawad a\u0300 la fin avril et au de\u0301but juillet, ciblant plusieurs sites des autorite\u0301s et de l&rsquo;arme\u0301e malienne.<\/p>\n<p>Ces affrontements ont conduit a\u0300 la capture de plusieurs soldats, tandis que les ope\u0301rations de libe\u0301ration successives au cours des derniers jours pourraient ouvrir une nouvelle phase concernant le dossier des prisonniers de\u0301tenus par les diffe\u0301rentes parties au conflit.<\/p>\n<p>Il reste encore incertain combien de militaires maliens sont toujours de\u0301tenus ou porte\u0301s disparus, car aucun bilan officiel et unifie\u0301 n&rsquo;a encore e\u0301te\u0301 annonce\u0301 a\u0300 leur sujet.<\/p>\n<p class=\"ap-article-footer-note\">Retrouvez plus d\u2019actualit\u00e9s et d\u2019analyses sur <span class=\"ap-highlight-country\">Mali<\/span> sur le site <span class=\"ap-highlight-brand\">Africa Press<\/span><\/p>\n","protected":false},"excerpt":{"rendered":"<p>Africa-Press &#8211; Mali. Un source de se\u0301curite\u0301 malienne a confirme\u0301 que le Mouvement de libe\u0301ration de l&rsquo;Azawad a libe\u0301re\u0301 22 soldats, tandis que des sources proches des autorite\u0301s maliennes ont indique\u0301 la libe\u0301ration d&rsquo;environ 20 militaires, dans la dernie\u0300re ope\u0301ration de libe\u0301ration de militaires maliens au cours des derniers jours. De son co\u0302te\u0301, le Mouvement [&hellip;]<\/p>\n","protected":false},"author":82,"featured_media":61528,"comment_status":"open","ping_status":"closed","sticky":false,"template":"","format":"standard","meta":{"footnotes":""},"categories":[7,5,17],"tags":[19],"class_list":["post-61529","post","type-post","status-publish","format-standard","has-post-thumbnail","hentry","category-politique","category-top-nouvelles","category-toutes-les-actualites","tag-mali"],"yoast_head":"<!-- This site is optimized with the Yoast SEO Premium plugin v26.1 (Yoast SEO v27.0) - https:\/\/yoast.com\/product\/yoast-seo-premium-wordpress\/ -->\n<title>Mali: le FLAA Libe\u0300Re 22 Soldats - Mali<\/title>\n<meta name=\"description\" content=\"Un source de se\u0301curite\u0301 malienne a confirme\u0301 que le Mouvement de libe\u0301ration de l&#039;Azawad a libe\u0301re\u0301 22 soldats,\" \/>\n<meta name=\"robots\" content=\"index, follow, max-snippet:-1, max-image-preview:large, max-video-preview:-1\" \/>\n<link rel=\"canonical\" href=\"https:\/\/www.africa-press.net\/mali\/top-nouvelles\/mali-le-flaa-libere-22-soldats\" \/>\n<meta property=\"og:locale\" content=\"fr_FR\" \/>\n<meta property=\"og:type\" content=\"article\" \/>\n<meta property=\"og:title\" content=\"Mali: le FLAA Libe\u0300Re 22 Soldats\" \/>\n<meta property=\"og:description\" content=\"Un source de se\u0301curite\u0301 malienne a confirme\u0301 que le Mouvement de libe\u0301ration de l&#039;Azawad a libe\u0301re\u0301 22 soldats,\" \/>\n<meta property=\"og:url\" content=\"https:\/\/www.africa-press.net\/mali\/top-nouvelles\/mali-le-flaa-libere-22-soldats\" \/>\n<meta property=\"og:site_name\" content=\"Mali\" \/>\n<meta property=\"article:publisher\" content=\"https:\/\/www.facebook.com\/AfricaPressTunisiaa\" \/>\n<meta property=\"article:published_time\" content=\"2026-08-24T16:07:56+00:00\" \/>\n<meta property=\"article:modified_time\" content=\"2026-08-24T16:16:52+00:00\" \/>\n<meta property=\"og:image\" content=\"https:\/\/static.africa-press.net\/mali\/sites\/21\/2026\/08\/sm_1787588080.431415.jpg\" \/>\n\t<meta property=\"og:image:width\" content=\"720\" \/>\n\t<meta property=\"og:image:height\" content=\"412\" \/>\n\t<meta property=\"og:image:type\" content=\"image\/jpeg\" \/>\n<meta name=\"author\" content=\"cfeditorfr\" \/>\n<meta name=\"twitter:card\" content=\"summary_large_image\" \/>\n<meta name=\"twitter:label1\" content=\"\u00c9crit par\" \/>\n\t<meta name=\"twitter:data1\" content=\"cfeditorfr\" \/>\n\t<meta name=\"twitter:label2\" content=\"Dur\u00e9e de lecture estim\u00e9e\" \/>\n\t<meta name=\"twitter:data2\" content=\"3 minutes\" \/>\n<script type=\"application\/ld+json\" class=\"yoast-schema-graph\">{\"@context\":\"https:\/\/schema.org\",\"@graph\":[{\"@type\":\"Article\",\"@id\":\"https:\/\/www.africa-press.net\/mali\/top-nouvelles\/mali-le-flaa-libere-22-soldats#article\",\"isPartOf\":{\"@id\":\"https:\/\/www.africa-press.net\/mali\/top-nouvelles\/mali-le-flaa-libere-22-soldats\"},\"author\":{\"name\":\"cfeditorfr\",\"@id\":\"https:\/\/www.africa-press.net\/mali\/#\/schema\/person\/2b1cf3cd81a31e3cd26889ca66d677f1\"},\"headline\":\"Mali: le FLAA Libe\u0300Re 22 Soldats\",\"datePublished\":\"2026-08-24T16:07:56+00:00\",\"dateModified\":\"2026-08-24T16:16:52+00:00\",\"mainEntityOfPage\":{\"@id\":\"https:\/\/www.africa-press.net\/mali\/top-nouvelles\/mali-le-flaa-libere-22-soldats\"},\"wordCount\":556,\"commentCount\":0,\"image\":{\"@id\":\"https:\/\/www.africa-press.net\/mali\/top-nouvelles\/mali-le-flaa-libere-22-soldats#primaryimage\"},\"thumbnailUrl\":\"https:\/\/static.africa-press.net\/mali\/sites\/21\/2026\/08\/sm_1787588080.431415.jpg\",\"keywords\":[\"mali\"],\"articleSection\":[\"Politique\",\"Top Nouvelles\",\"Toutes les actualit\u00e9s\"],\"inLanguage\":\"fr-FR\",\"potentialAction\":[{\"@type\":\"CommentAction\",\"name\":\"Comment\",\"target\":[\"https:\/\/www.africa-press.net\/mali\/top-nouvelles\/mali-le-flaa-libere-22-soldats#respond\"]}]},{\"@type\":\"WebPage\",\"@id\":\"https:\/\/www.africa-press.net\/mali\/top-nouvelles\/mali-le-flaa-libere-22-soldats\",\"url\":\"https:\/\/www.africa-press.net\/mali\/top-nouvelles\/mali-le-flaa-libere-22-soldats\",\"name\":\"Mali: le FLAA Libe\u0300Re 22 Soldats - Mali\",\"isPartOf\":{\"@id\":\"https:\/\/www.africa-press.net\/mali\/#website\"},\"primaryImageOfPage\":{\"@id\":\"https:\/\/www.africa-press.net\/mali\/top-nouvelles\/mali-le-flaa-libere-22-soldats#primaryimage\"},\"image\":{\"@id\":\"https:\/\/www.africa-press.net\/mali\/top-nouvelles\/mali-le-flaa-libere-22-soldats#primaryimage\"},\"thumbnailUrl\":\"https:\/\/static.africa-press.net\/mali\/sites\/21\/2026\/08\/sm_1787588080.431415.jpg\",\"datePublished\":\"2026-08-24T16:07:56+00:00\",\"dateModified\":\"2026-08-24T16:16:52+00:00\",\"author\":{\"@id\":\"https:\/\/www.africa-press.net\/mali\/#\/schema\/person\/2b1cf3cd81a31e3cd26889ca66d677f1\"},\"description\":\"Un source de se\u0301curite\u0301 malienne a confirme\u0301 que le Mouvement de libe\u0301ration de l'Azawad a libe\u0301re\u0301 22 soldats,\",\"breadcrumb\":{\"@id\":\"https:\/\/www.africa-press.net\/mali\/top-nouvelles\/mali-le-flaa-libere-22-soldats#breadcrumb\"},\"inLanguage\":\"fr-FR\",\"potentialAction\":[{\"@type\":\"ReadAction\",\"target\":[\"https:\/\/www.africa-press.net\/mali\/top-nouvelles\/mali-le-flaa-libere-22-soldats\"]}]},{\"@type\":\"ImageObject\",\"inLanguage\":\"fr-FR\",\"@id\":\"https:\/\/www.africa-press.net\/mali\/top-nouvelles\/mali-le-flaa-libere-22-soldats#primaryimage\",\"url\":\"https:\/\/static.africa-press.net\/mali\/sites\/21\/2026\/08\/sm_1787588080.431415.jpg\",\"contentUrl\":\"https:\/\/static.africa-press.net\/mali\/sites\/21\/2026\/08\/sm_1787588080.431415.jpg\",\"width\":720,\"height\":412,\"caption\":\"Mali: le FLAA Libe\u0300Re 22 Soldats\"},{\"@type\":\"BreadcrumbList\",\"@id\":\"https:\/\/www.africa-press.net\/mali\/top-nouvelles\/mali-le-flaa-libere-22-soldats#breadcrumb\",\"itemListElement\":[{\"@type\":\"ListItem\",\"position\":1,\"name\":\"Home\",\"item\":\"https:\/\/www.africa-press.net\/mali\/\"},{\"@type\":\"ListItem\",\"position\":2,\"name\":\"Mali: le FLAA Libe\u0300Re 22 Soldats\"}]},{\"@type\":\"WebSite\",\"@id\":\"https:\/\/www.africa-press.net\/mali\/#website\",\"url\":\"https:\/\/www.africa-press.net\/mali\/\",\"name\":\"Mali\",\"description\":\"Just another Africa News Agency Sites site\",\"potentialAction\":[{\"@type\":\"SearchAction\",\"target\":{\"@type\":\"EntryPoint\",\"urlTemplate\":\"https:\/\/www.africa-press.net\/mali\/?s={search_term_string}\"},\"query-input\":{\"@type\":\"PropertyValueSpecification\",\"valueRequired\":true,\"valueName\":\"search_term_string\"}}],\"inLanguage\":\"fr-FR\"},{\"@type\":\"Person\",\"@id\":\"https:\/\/www.africa-press.net\/mali\/#\/schema\/person\/2b1cf3cd81a31e3cd26889ca66d677f1\",\"name\":\"cfeditorfr\"}]}<\/script>\n<!-- \/ Yoast SEO Premium plugin. -->","yoast_head_json":{"title":"Mali: le FLAA Libe\u0300Re 22 Soldats - Mali","description":"Un source de se\u0301curite\u0301 malienne a confirme\u0301 que le Mouvement de libe\u0301ration de l'Azawad a libe\u0301re\u0301 22 soldats,","robots":{"index":"index","follow":"follow","max-snippet":"max-snippet:-1","max-image-preview":"max-image-preview:large","max-video-preview":"max-video-preview:-1"},"canonical":"https:\/\/www.africa-press.net\/mali\/top-nouvelles\/mali-le-flaa-libere-22-soldats","og_locale":"fr_FR","og_type":"article","og_title":"Mali: le FLAA Libe\u0300Re 22 Soldats","og_description":"Un source de se\u0301curite\u0301 malienne a confirme\u0301 que le Mouvement de libe\u0301ration de l'Azawad a libe\u0301re\u0301 22 soldats,","og_url":"https:\/\/www.africa-press.net\/mali\/top-nouvelles\/mali-le-flaa-libere-22-soldats","og_site_name":"Mali","article_publisher":"https:\/\/www.facebook.com\/AfricaPressTunisiaa","article_published_time":"2026-08-24T16:07:56+00:00","article_modified_time":"2026-08-24T16:16:52+00:00","og_image":[{"width":720,"height":412,"url":"https:\/\/static.africa-press.net\/mali\/sites\/21\/2026\/08\/sm_1787588080.431415.jpg","type":"image\/jpeg"}],"author":"cfeditorfr","twitter_card":"summary_large_image","twitter_misc":{"\u00c9crit par":"cfeditorfr","Dur\u00e9e de lecture estim\u00e9e":"3 minutes"},"schema":{"@context":"https:\/\/schema.org","@graph":[{"@type":"Article","@id":"https:\/\/www.africa-press.net\/mali\/top-nouvelles\/mali-le-flaa-libere-22-soldats#article","isPartOf":{"@id":"https:\/\/www.africa-press.net\/mali\/top-nouvelles\/mali-le-flaa-libere-22-soldats"},"author":{"name":"cfeditorfr","@id":"https:\/\/www.africa-press.net\/mali\/#\/schema\/person\/2b1cf3cd81a31e3cd26889ca66d677f1"},"headline":"Mali: le FLAA Libe\u0300Re 22 Soldats","datePublished":"2026-08-24T16:07:56+00:00","dateModified":"2026-08-24T16:16:52+00:00","mainEntityOfPage":{"@id":"https:\/\/www.africa-press.net\/mali\/top-nouvelles\/mali-le-flaa-libere-22-soldats"},"wordCount":556,"commentCount":0,"image":{"@id":"https:\/\/www.africa-press.net\/mali\/top-nouvelles\/mali-le-flaa-libere-22-soldats#primaryimage"},"thumbnailUrl":"https:\/\/static.africa-press.net\/mali\/sites\/21\/2026\/08\/sm_1787588080.431415.jpg","keywords":["mali"],"articleSection":["Politique","Top Nouvelles","Toutes les actualit\u00e9s"],"inLanguage":"fr-FR","potentialAction":[{"@type":"CommentAction","name":"Comment","target":["https:\/\/www.africa-press.net\/mali\/top-nouvelles\/mali-le-flaa-libere-22-soldats#respond"]}]},{"@type":"WebPage","@id":"https:\/\/www.africa-press.net\/mali\/top-nouvelles\/mali-le-flaa-libere-22-soldats","url":"https:\/\/www.africa-press.net\/mali\/top-nouvelles\/mali-le-flaa-libere-22-soldats","name":"Mali: le FLAA Libe\u0300Re 22 Soldats - Mali","isPartOf":{"@id":"https:\/\/www.africa-press.net\/mali\/#website"},"primaryImageOfPage":{"@id":"https:\/\/www.africa-press.net\/mali\/top-nouvelles\/mali-le-flaa-libere-22-soldats#primaryimage"},"image":{"@id":"https:\/\/www.africa-press.net\/mali\/top-nouvelles\/mali-le-flaa-libere-22-soldats#primaryimage"},"thumbnailUrl":"https:\/\/static.africa-press.net\/mali\/sites\/21\/2026\/08\/sm_1787588080.431415.jpg","datePublished":"2026-08-24T16:07:56+00:00","dateModified":"2026-08-24T16:16:52+00:00","author":{"@id":"https:\/\/www.africa-press.net\/mali\/#\/schema\/person\/2b1cf3cd81a31e3cd26889ca66d677f1"},"description":"Un source de se\u0301curite\u0301 malienne a confirme\u0301 que le Mouvement de libe\u0301ration de l'Azawad a libe\u0301re\u0301 22 soldats,","breadcrumb":{"@id":"https:\/\/www.africa-press.net\/mali\/top-nouvelles\/mali-le-flaa-libere-22-soldats#breadcrumb"},"inLanguage":"fr-FR","potentialAction":[{"@type":"ReadAction","target":["https:\/\/www.africa-press.net\/mali\/top-nouvelles\/mali-le-flaa-libere-22-soldats"]}]},{"@type":"ImageObject","inLanguage":"fr-FR","@id":"https:\/\/www.africa-press.net\/mali\/top-nouvelles\/mali-le-flaa-libere-22-soldats#primaryimage","url":"https:\/\/static.africa-press.net\/mali\/sites\/21\/2026\/08\/sm_1787588080.431415.jpg","contentUrl":"https:\/\/static.africa-press.net\/mali\/sites\/21\/2026\/08\/sm_1787588080.431415.jpg","width":720,"height":412,"caption":"Mali: le FLAA Libe\u0300Re 22 Soldats"},{"@type":"BreadcrumbList","@id":"https:\/\/www.africa-press.net\/mali\/top-nouvelles\/mali-le-flaa-libere-22-soldats#breadcrumb","itemListElement":[{"@type":"ListItem","position":1,"name":"Home","item":"https:\/\/www.africa-press.net\/mali\/"},{"@type":"ListItem","position":2,"name":"Mali: le FLAA Libe\u0300Re 22 Soldats"}]},{"@type":"WebSite","@id":"https:\/\/www.africa-press.net\/mali\/#website","url":"https:\/\/www.africa-press.net\/mali\/","name":"Mali","description":"Just another Africa News Agency Sites site","potentialAction":[{"@type":"SearchAction","target":{"@type":"EntryPoint","urlTemplate":"https:\/\/www.africa-press.net\/mali\/?s={search_term_string}"},"query-input":{"@type":"PropertyValueSpecification","valueRequired":true,"valueName":"search_term_string"}}],"inLanguage":"fr-FR"},{"@type":"Person","@id":"https:\/\/www.africa-press.net\/mali\/#\/schema\/person\/2b1cf3cd81a31e3cd26889ca66d677f1","name":"cfeditorfr"}]}},"_links":{"self":[{"href":"https:\/\/www.africa-press.net\/mali\/wp-json\/wp\/v2\/posts\/61529","targetHints":{"allow":["GET"]}}],"collection":[{"href":"https:\/\/www.africa-press.net\/mali\/wp-json\/wp\/v2\/posts"}],"about":[{"href":"https:\/\/www.africa-press.net\/mali\/wp-json\/wp\/v2\/types\/post"}],"author":[{"embeddable":true,"href":"https:\/\/www.africa-press.net\/mali\/wp-json\/wp\/v2\/users\/82"}],"replies":[{"embeddable":true,"href":"https:\/\/www.africa-press.net\/mali\/wp-json\/wp\/v2\/comments?post=61529"}],"version-history":[{"count":1,"href":"https:\/\/www.africa-press.net\/mali\/wp-json\/wp\/v2\/posts\/61529\/revisions"}],"predecessor-version":[{"id":61530,"href":"https:\/\/www.africa-press.net\/mali\/wp-json\/wp\/v2\/posts\/61529\/revisions\/61530"}],"wp:featuredmedia":[{"embeddable":true,"href":"https:\/\/www.africa-press.net\/mali\/wp-json\/wp\/v2\/media\/61528"}],"wp:attachment":[{"href":"https:\/\/www.africa-press.net\/mali\/wp-json\/wp\/v2\/media?parent=61529"}],"wp:term":[{"taxonomy":"category","embeddable":true,"href":"https:\/\/www.africa-press.net\/mali\/wp-json\/wp\/v2\/categories?post=61529"},{"taxonomy":"post_tag","embeddable":true,"href":"https:\/\/www.africa-press.net\/mali\/wp-json\/wp\/v2\/tags?post=61529"}],"curies":[{"name":"wp","href":"https:\/\/api.w.org\/{rel}","templated":true}]}}