{"id":61579,"date":"2026-09-02T21:59:11","date_gmt":"2026-09-02T21:59:11","guid":{"rendered":"https:\/\/www.africa-press.net\/mali\/politique\/ebola-change-les-rites-funeraires-a-bunia-en-rdc"},"modified":"2026-09-02T22:43:34","modified_gmt":"2026-09-02T22:43:34","slug":"ebola-change-les-rites-funeraires-a-bunia-en-rdc","status":"publish","type":"post","link":"https:\/\/www.africa-press.net\/mali\/divers\/ebola-change-les-rites-funeraires-a-bunia-en-rdc","title":{"rendered":"Ebola Change les Rites Fun\u00e9raires \u00e0 Bunia en RDC"},"content":{"rendered":"<p><b>Par Azeddine Dargham<\/b><\/p>\n<p><span class=\"ap-article-header-tag\"> <strong>Africa-Press &#8211; Mali. <\/strong> <\/span>Dans la ville de Bunya, a\u0300 l&rsquo;est de la Re\u0301publique De\u0301mocratique du Congo, le menuisier Djo Limayo n&rsquo;a plus besoin d&rsquo;attendre longtemps ses clients. Depuis la re\u0301surgence de l&rsquo;e\u0301pide\u0301mie d&rsquo;E\u0301bola, son atelier est occupe\u0301 a\u0300 fabriquer des cercueils a\u0300 un rythme sans pre\u0301ce\u0301dent.<\/p>\n<p>Il y a seulement quelques mois, Limayo vendait environ 15 cercueils par mois, mais l&rsquo;e\u0301pide\u0301mie de virus E\u0301bola qui a frappe\u0301 la ville depuis mai a porte\u0301 ses ventes a\u0300 environ 80 cercueils par mois, e\u0301galement soutenues par un contrat qu&rsquo;il a obtenu pour fournir des cercueils a\u0300 une morgue.<\/p>\n<p>Limayo n&rsquo;est pas seul dans ce tableau, car plus de 12 ateliers de menuiserie se sont multiplie\u0301s le long des rues de Bunya, et il semble que la fabrication de cercueils soit devenue l&rsquo;activite\u0301 principale, avec l&rsquo;augmentation du nombre de de\u0301ce\u0300s dus a\u0300 l&rsquo;e\u0301pide\u0301mie.<\/p>\n<p><b>Une e\u0301pide\u0301mie a\u0300 propagation rapide<\/b><\/p>\n<p>L&rsquo;essor du commerce des cercueils survient a\u0300 un moment ou\u0300 la Re\u0301publique De\u0301mocratique du Congo fait face a\u0300 une e\u0301pide\u0301mie d&rsquo;E\u0301bola de\u0301crite comme la plus rapide de l&rsquo;histoire du pays, suscitant des craintes qu&rsquo;elle ne devienne la pire jamais enregistre\u0301e.<\/p>\n<p>Jusqu&rsquo;a\u0300 samedi, les autorite\u0301s congolaises avaient enregistre\u0301 6041 cas confirme\u0301s et 2911 de\u0301ce\u0300s confirme\u0301s, tandis que des te\u0301moins ont rapporte\u0301 que le nombre de cercueils expose\u0301s dans les rues de Bunya e\u0301tait plus e\u0301leve\u0301 durant les premie\u0300res semaines de l&rsquo;e\u0301pide\u0301mie, lorsque le nombre de de\u0301ce\u0300s a fortement augmente\u0301.<\/p>\n<p>Malgre\u0301 cela, la ville n&rsquo;a pas comple\u0300tement perdu son animation habituelle, car de petites entreprises continuent d&rsquo;ope\u0301rer le long des routes, et une universite\u0301 a me\u0302me organise\u0301 une ce\u0301re\u0301monie de remise de diplo\u0302mes durant le week-end, illustrant la tentative des habitants de poursuivre leur vie quotidienne sous le poids de l&rsquo;e\u0301pide\u0301mie.<\/p>\n<p><b>Un commerce qui ne de\u0301pend pas des clients<\/b><\/p>\n<p>Pour Limayo, le processus de fabrication du cercueil commence sur le marche\u0301 du bois de l&rsquo;autre co\u0302te\u0301 de la ville, ou\u0300 il se rend tous les quelques jours a\u0300 moto pour acheter des planches de bois, qui sont ensuite transporte\u0301es a\u0300 son atelier par camion.<\/p>\n<p>La\u0300, il travaille avec un groupe d&rsquo;apprentis pour couper et aplanir le bois a\u0300 l&rsquo;aide d&rsquo;outils e\u0301lectriques, mais le travail s&rsquo;arre\u0302te comple\u0300tement lorsque la pluie tombe, car les fils expose\u0301s dans la boue repre\u0301sentent un ve\u0301ritable danger d&rsquo;e\u0301lectrocution dans l&rsquo;atelier a\u0300 ciel ouvert.<\/p>\n<p>Cependant, les commandes de cercueils ne viennent pas selon un calendrier pre\u0301visible. Plusieurs menuisiers affirment que les familles les contactent ge\u0301ne\u0301ralement a\u0300 la ha\u0302te, souvent le jour me\u0302me ou\u0300 un membre de\u0301ce\u0300de.<\/p>\n<p>Le processus d&rsquo;achat est rapide ; les membres de la famille arrivent a\u0300 moto et choisissent rapidement un cercueil, souvent en fonction du prix, avant que les ouvriers ne l&rsquo;enveloppent dans un film plastique et ne le fixent avec des cordes e\u0301lastiques a\u0300 l&rsquo;arrie\u0300re de la moto.<\/p>\n<p>Bien que solidement attache\u0301, le cercueil de\u0301passe et reste instable sur les co\u0302te\u0301s de la moto, une sce\u0300ne devenue familie\u0300re dans les rues de Bunya alors que l&rsquo;e\u0301pide\u0301mie se poursuit.<\/p>\n<p><b>L&rsquo;enterrement, une partie de la lutte contre l&rsquo;e\u0301pide\u0301mie<\/b><\/p>\n<p>Cependant, l&rsquo;augmentation de la demande de cercueils n&rsquo;est pas uniquement le re\u0301sultat d&rsquo;une hausse des de\u0301ce\u0300s ; les fabricants se retrouvent au c\u0153ur d&rsquo;un dilemme sanitaire concernant la manie\u0300re d&rsquo;enterrer les victimes d&rsquo;E\u0301bola sans transmettre le virus a\u0300 leurs proches.<\/p>\n<p>Des experts me\u0301dicaux affirment qu&rsquo;un enterrement su\u0302r est une e\u0301tape essentielle pour limiter la propagation du virus, car le corps d&rsquo;un de\u0301ce\u0301de\u0301 d&rsquo;E\u0301bola peut toujours transmettre l&rsquo;infection, tandis que le fait de toucher le corps avant l&rsquo;enterrement fait partie des traditions de certaines familles dans certaines re\u0301gions de la Re\u0301publique De\u0301mocratique du Congo.<\/p>\n<p>Des organisations humanitaires, dont la Fe\u0301de\u0301ration internationale des socie\u0301te\u0301s de la Croix-Rouge et du Croissant-Rouge, fournissent des sacs spe\u0301ciaux dans lesquels les corps sont place\u0301s avant d&rsquo;e\u0302tre mis dans les cercueils, et les travailleurs humanitaires s&rsquo;efforcent de convaincre les familles de ne pas les ouvrir apre\u0300s les avoir ferme\u0301s.<\/p>\n<p><b>\u00ab\u00a0C&rsquo;est le dernier voyage\u00a0\u00bb<\/b><\/p>\n<p>Comme Limayo, d&rsquo;autres menuisiers ont constate\u0301 une augmentation de la demande. Fe\u0301lix Muzinga, qui dirige l&rsquo;atelier \u00ab\u00a0Chez Fe\u0301lix\u00a0\u00bb, a de\u0301clare\u0301 que ses ventes de cercueils avaient augmente\u0301 d&rsquo;environ 50 % depuis le de\u0301but de l&rsquo;e\u0301pide\u0301mie, bien qu&rsquo;il ne dispose pas d&rsquo;un contrat gouvernemental pour les fournir.<\/p>\n<p>Les prix des cercueils commencent a\u0300 plusieurs centaines de dollars, ce qui repre\u0301sente un fardeau financier conside\u0301rable pour de nombreuses familles congolaises, me\u0302me lorsqu&rsquo;elles choisissent les mode\u0300les les moins chers fabrique\u0301s en bois local clair.<\/p>\n<p>Cependant, Muzinga affirme que la plupart des familles se sentent oblige\u0301es d&rsquo;acheter un cercueil, quelle que soit leur situation financie\u0300re, et ajoute: \u00ab\u00a0Me\u0302me si la personne est pauvre, elle veut un cercueil e\u0301le\u0301gant et de\u0301core\u0301&#8230; C&rsquo;est le dernier voyage.\u00a0\u00bb<\/p>\n<p class=\"ap-article-footer-note\">Retrouvez plus d\u2019actualit\u00e9s et d\u2019analyses sur <span class=\"ap-highlight-country\">Mali<\/span> sur le site <span class=\"ap-highlight-brand\">Africa Press<\/span><\/p>\n","protected":false},"excerpt":{"rendered":"<p>Par Azeddine Dargham Africa-Press &#8211; Mali. Dans la ville de Bunya, a\u0300 l&rsquo;est de la Re\u0301publique De\u0301mocratique du Congo, le menuisier Djo Limayo n&rsquo;a plus besoin d&rsquo;attendre longtemps ses clients. Depuis la re\u0301surgence de l&rsquo;e\u0301pide\u0301mie d&rsquo;E\u0301bola, son atelier est occupe\u0301 a\u0300 fabriquer des cercueils a\u0300 un rythme sans pre\u0301ce\u0301dent. Il y a seulement quelques mois, [&hellip;]<\/p>\n","protected":false},"author":82,"featured_media":61578,"comment_status":"open","ping_status":"closed","sticky":false,"template":"","format":"standard","meta":{"footnotes":""},"categories":[14,17],"tags":[19],"class_list":["post-61579","post","type-post","status-publish","format-standard","has-post-thumbnail","hentry","category-divers","category-toutes-les-actualites","tag-mali"],"yoast_head":"<!-- This site is optimized with the Yoast SEO Premium plugin v26.1 (Yoast SEO v27.0) - https:\/\/yoast.com\/product\/yoast-seo-premium-wordpress\/ -->\n<title>Ebola Change les Rites Fun\u00e9raires \u00e0 Bunia en RDC - Mali<\/title>\n<meta name=\"description\" content=\"Dans la ville de Bunya, a\u0300 l&#039;est de la Re\u0301publique De\u0301mocratique du Congo, le menuisier Djo Limayo\" \/>\n<meta name=\"robots\" content=\"index, follow, max-snippet:-1, max-image-preview:large, max-video-preview:-1\" \/>\n<link rel=\"canonical\" href=\"https:\/\/www.africa-press.net\/mali\/divers\/ebola-change-les-rites-funeraires-a-bunia-en-rdc\" \/>\n<meta property=\"og:locale\" content=\"fr_FR\" \/>\n<meta property=\"og:type\" content=\"article\" \/>\n<meta property=\"og:title\" content=\"Ebola Change les Rites Fun\u00e9raires \u00e0 Bunia en RDC\" \/>\n<meta property=\"og:description\" content=\"Dans la ville de Bunya, a\u0300 l&#039;est de la Re\u0301publique De\u0301mocratique du Congo, le menuisier Djo Limayo\" \/>\n<meta property=\"og:url\" content=\"https:\/\/www.africa-press.net\/mali\/divers\/ebola-change-les-rites-funeraires-a-bunia-en-rdc\" \/>\n<meta property=\"og:site_name\" content=\"Mali\" \/>\n<meta property=\"article:publisher\" content=\"https:\/\/www.facebook.com\/AfricaPressTunisiaa\" \/>\n<meta property=\"article:published_time\" content=\"2026-09-02T21:59:11+00:00\" \/>\n<meta property=\"article:modified_time\" content=\"2026-09-02T22:43:34+00:00\" \/>\n<meta property=\"og:image\" content=\"https:\/\/static.africa-press.net\/mali\/sites\/21\/2026\/09\/sm_1788388664.676887.jpg\" \/>\n\t<meta property=\"og:image:width\" content=\"1556\" \/>\n\t<meta property=\"og:image:height\" content=\"1167\" \/>\n\t<meta property=\"og:image:type\" content=\"image\/jpeg\" \/>\n<meta name=\"author\" content=\"cfeditorfr\" \/>\n<meta name=\"twitter:card\" content=\"summary_large_image\" \/>\n<meta name=\"twitter:label1\" content=\"\u00c9crit par\" \/>\n\t<meta name=\"twitter:data1\" content=\"cfeditorfr\" \/>\n\t<meta name=\"twitter:label2\" content=\"Dur\u00e9e de lecture estim\u00e9e\" \/>\n\t<meta name=\"twitter:data2\" content=\"5 minutes\" \/>\n<script type=\"application\/ld+json\" class=\"yoast-schema-graph\">{\"@context\":\"https:\/\/schema.org\",\"@graph\":[{\"@type\":\"Article\",\"@id\":\"https:\/\/www.africa-press.net\/mali\/divers\/ebola-change-les-rites-funeraires-a-bunia-en-rdc#article\",\"isPartOf\":{\"@id\":\"https:\/\/www.africa-press.net\/mali\/divers\/ebola-change-les-rites-funeraires-a-bunia-en-rdc\"},\"author\":{\"name\":\"cfeditorfr\",\"@id\":\"https:\/\/www.africa-press.net\/mali\/#\/schema\/person\/2b1cf3cd81a31e3cd26889ca66d677f1\"},\"headline\":\"Ebola Change les Rites Fun\u00e9raires \u00e0 Bunia en RDC\",\"datePublished\":\"2026-09-02T21:59:11+00:00\",\"dateModified\":\"2026-09-02T22:43:34+00:00\",\"mainEntityOfPage\":{\"@id\":\"https:\/\/www.africa-press.net\/mali\/divers\/ebola-change-les-rites-funeraires-a-bunia-en-rdc\"},\"wordCount\":954,\"commentCount\":0,\"image\":{\"@id\":\"https:\/\/www.africa-press.net\/mali\/divers\/ebola-change-les-rites-funeraires-a-bunia-en-rdc#primaryimage\"},\"thumbnailUrl\":\"https:\/\/static.africa-press.net\/mali\/sites\/21\/2026\/09\/sm_1788388664.676887.jpg\",\"keywords\":[\"mali\"],\"articleSection\":[\"Divers\",\"Toutes les actualit\u00e9s\"],\"inLanguage\":\"fr-FR\",\"potentialAction\":[{\"@type\":\"CommentAction\",\"name\":\"Comment\",\"target\":[\"https:\/\/www.africa-press.net\/mali\/divers\/ebola-change-les-rites-funeraires-a-bunia-en-rdc#respond\"]}]},{\"@type\":\"WebPage\",\"@id\":\"https:\/\/www.africa-press.net\/mali\/divers\/ebola-change-les-rites-funeraires-a-bunia-en-rdc\",\"url\":\"https:\/\/www.africa-press.net\/mali\/divers\/ebola-change-les-rites-funeraires-a-bunia-en-rdc\",\"name\":\"Ebola Change les Rites Fun\u00e9raires \u00e0 Bunia en RDC - Mali\",\"isPartOf\":{\"@id\":\"https:\/\/www.africa-press.net\/mali\/#website\"},\"primaryImageOfPage\":{\"@id\":\"https:\/\/www.africa-press.net\/mali\/divers\/ebola-change-les-rites-funeraires-a-bunia-en-rdc#primaryimage\"},\"image\":{\"@id\":\"https:\/\/www.africa-press.net\/mali\/divers\/ebola-change-les-rites-funeraires-a-bunia-en-rdc#primaryimage\"},\"thumbnailUrl\":\"https:\/\/static.africa-press.net\/mali\/sites\/21\/2026\/09\/sm_1788388664.676887.jpg\",\"datePublished\":\"2026-09-02T21:59:11+00:00\",\"dateModified\":\"2026-09-02T22:43:34+00:00\",\"author\":{\"@id\":\"https:\/\/www.africa-press.net\/mali\/#\/schema\/person\/2b1cf3cd81a31e3cd26889ca66d677f1\"},\"description\":\"Dans la ville de Bunya, a\u0300 l'est de la Re\u0301publique De\u0301mocratique du Congo, le menuisier Djo Limayo\",\"breadcrumb\":{\"@id\":\"https:\/\/www.africa-press.net\/mali\/divers\/ebola-change-les-rites-funeraires-a-bunia-en-rdc#breadcrumb\"},\"inLanguage\":\"fr-FR\",\"potentialAction\":[{\"@type\":\"ReadAction\",\"target\":[\"https:\/\/www.africa-press.net\/mali\/divers\/ebola-change-les-rites-funeraires-a-bunia-en-rdc\"]}]},{\"@type\":\"ImageObject\",\"inLanguage\":\"fr-FR\",\"@id\":\"https:\/\/www.africa-press.net\/mali\/divers\/ebola-change-les-rites-funeraires-a-bunia-en-rdc#primaryimage\",\"url\":\"https:\/\/static.africa-press.net\/mali\/sites\/21\/2026\/09\/sm_1788388664.676887.jpg\",\"contentUrl\":\"https:\/\/static.africa-press.net\/mali\/sites\/21\/2026\/09\/sm_1788388664.676887.jpg\",\"width\":1556,\"height\":1167,\"caption\":\"Ebola Change les Rites Fun\u00e9raires \u00e0 Bunia en RDC\"},{\"@type\":\"BreadcrumbList\",\"@id\":\"https:\/\/www.africa-press.net\/mali\/divers\/ebola-change-les-rites-funeraires-a-bunia-en-rdc#breadcrumb\",\"itemListElement\":[{\"@type\":\"ListItem\",\"position\":1,\"name\":\"Home\",\"item\":\"https:\/\/www.africa-press.net\/mali\/\"},{\"@type\":\"ListItem\",\"position\":2,\"name\":\"Ebola Change les Rites Fun\u00e9raires \u00e0 Bunia en RDC\"}]},{\"@type\":\"WebSite\",\"@id\":\"https:\/\/www.africa-press.net\/mali\/#website\",\"url\":\"https:\/\/www.africa-press.net\/mali\/\",\"name\":\"Mali\",\"description\":\"Just another Africa News Agency Sites site\",\"potentialAction\":[{\"@type\":\"SearchAction\",\"target\":{\"@type\":\"EntryPoint\",\"urlTemplate\":\"https:\/\/www.africa-press.net\/mali\/?s={search_term_string}\"},\"query-input\":{\"@type\":\"PropertyValueSpecification\",\"valueRequired\":true,\"valueName\":\"search_term_string\"}}],\"inLanguage\":\"fr-FR\"},{\"@type\":\"Person\",\"@id\":\"https:\/\/www.africa-press.net\/mali\/#\/schema\/person\/2b1cf3cd81a31e3cd26889ca66d677f1\",\"name\":\"cfeditorfr\"}]}<\/script>\n<!-- \/ Yoast SEO Premium plugin. -->","yoast_head_json":{"title":"Ebola Change les Rites Fun\u00e9raires \u00e0 Bunia en RDC - Mali","description":"Dans la ville de Bunya, a\u0300 l'est de la Re\u0301publique De\u0301mocratique du Congo, le menuisier Djo Limayo","robots":{"index":"index","follow":"follow","max-snippet":"max-snippet:-1","max-image-preview":"max-image-preview:large","max-video-preview":"max-video-preview:-1"},"canonical":"https:\/\/www.africa-press.net\/mali\/divers\/ebola-change-les-rites-funeraires-a-bunia-en-rdc","og_locale":"fr_FR","og_type":"article","og_title":"Ebola Change les Rites Fun\u00e9raires \u00e0 Bunia en RDC","og_description":"Dans la ville de Bunya, a\u0300 l'est de la Re\u0301publique De\u0301mocratique du Congo, le menuisier Djo Limayo","og_url":"https:\/\/www.africa-press.net\/mali\/divers\/ebola-change-les-rites-funeraires-a-bunia-en-rdc","og_site_name":"Mali","article_publisher":"https:\/\/www.facebook.com\/AfricaPressTunisiaa","article_published_time":"2026-09-02T21:59:11+00:00","article_modified_time":"2026-09-02T22:43:34+00:00","og_image":[{"width":1556,"height":1167,"url":"https:\/\/static.africa-press.net\/mali\/sites\/21\/2026\/09\/sm_1788388664.676887.jpg","type":"image\/jpeg"}],"author":"cfeditorfr","twitter_card":"summary_large_image","twitter_misc":{"\u00c9crit par":"cfeditorfr","Dur\u00e9e de lecture estim\u00e9e":"5 minutes"},"schema":{"@context":"https:\/\/schema.org","@graph":[{"@type":"Article","@id":"https:\/\/www.africa-press.net\/mali\/divers\/ebola-change-les-rites-funeraires-a-bunia-en-rdc#article","isPartOf":{"@id":"https:\/\/www.africa-press.net\/mali\/divers\/ebola-change-les-rites-funeraires-a-bunia-en-rdc"},"author":{"name":"cfeditorfr","@id":"https:\/\/www.africa-press.net\/mali\/#\/schema\/person\/2b1cf3cd81a31e3cd26889ca66d677f1"},"headline":"Ebola Change les Rites Fun\u00e9raires \u00e0 Bunia en RDC","datePublished":"2026-09-02T21:59:11+00:00","dateModified":"2026-09-02T22:43:34+00:00","mainEntityOfPage":{"@id":"https:\/\/www.africa-press.net\/mali\/divers\/ebola-change-les-rites-funeraires-a-bunia-en-rdc"},"wordCount":954,"commentCount":0,"image":{"@id":"https:\/\/www.africa-press.net\/mali\/divers\/ebola-change-les-rites-funeraires-a-bunia-en-rdc#primaryimage"},"thumbnailUrl":"https:\/\/static.africa-press.net\/mali\/sites\/21\/2026\/09\/sm_1788388664.676887.jpg","keywords":["mali"],"articleSection":["Divers","Toutes les actualit\u00e9s"],"inLanguage":"fr-FR","potentialAction":[{"@type":"CommentAction","name":"Comment","target":["https:\/\/www.africa-press.net\/mali\/divers\/ebola-change-les-rites-funeraires-a-bunia-en-rdc#respond"]}]},{"@type":"WebPage","@id":"https:\/\/www.africa-press.net\/mali\/divers\/ebola-change-les-rites-funeraires-a-bunia-en-rdc","url":"https:\/\/www.africa-press.net\/mali\/divers\/ebola-change-les-rites-funeraires-a-bunia-en-rdc","name":"Ebola Change les Rites Fun\u00e9raires \u00e0 Bunia en RDC - Mali","isPartOf":{"@id":"https:\/\/www.africa-press.net\/mali\/#website"},"primaryImageOfPage":{"@id":"https:\/\/www.africa-press.net\/mali\/divers\/ebola-change-les-rites-funeraires-a-bunia-en-rdc#primaryimage"},"image":{"@id":"https:\/\/www.africa-press.net\/mali\/divers\/ebola-change-les-rites-funeraires-a-bunia-en-rdc#primaryimage"},"thumbnailUrl":"https:\/\/static.africa-press.net\/mali\/sites\/21\/2026\/09\/sm_1788388664.676887.jpg","datePublished":"2026-09-02T21:59:11+00:00","dateModified":"2026-09-02T22:43:34+00:00","author":{"@id":"https:\/\/www.africa-press.net\/mali\/#\/schema\/person\/2b1cf3cd81a31e3cd26889ca66d677f1"},"description":"Dans la ville de Bunya, a\u0300 l'est de la Re\u0301publique De\u0301mocratique du Congo, le menuisier Djo Limayo","breadcrumb":{"@id":"https:\/\/www.africa-press.net\/mali\/divers\/ebola-change-les-rites-funeraires-a-bunia-en-rdc#breadcrumb"},"inLanguage":"fr-FR","potentialAction":[{"@type":"ReadAction","target":["https:\/\/www.africa-press.net\/mali\/divers\/ebola-change-les-rites-funeraires-a-bunia-en-rdc"]}]},{"@type":"ImageObject","inLanguage":"fr-FR","@id":"https:\/\/www.africa-press.net\/mali\/divers\/ebola-change-les-rites-funeraires-a-bunia-en-rdc#primaryimage","url":"https:\/\/static.africa-press.net\/mali\/sites\/21\/2026\/09\/sm_1788388664.676887.jpg","contentUrl":"https:\/\/static.africa-press.net\/mali\/sites\/21\/2026\/09\/sm_1788388664.676887.jpg","width":1556,"height":1167,"caption":"Ebola Change les Rites Fun\u00e9raires \u00e0 Bunia en RDC"},{"@type":"BreadcrumbList","@id":"https:\/\/www.africa-press.net\/mali\/divers\/ebola-change-les-rites-funeraires-a-bunia-en-rdc#breadcrumb","itemListElement":[{"@type":"ListItem","position":1,"name":"Home","item":"https:\/\/www.africa-press.net\/mali\/"},{"@type":"ListItem","position":2,"name":"Ebola Change les Rites Fun\u00e9raires \u00e0 Bunia en RDC"}]},{"@type":"WebSite","@id":"https:\/\/www.africa-press.net\/mali\/#website","url":"https:\/\/www.africa-press.net\/mali\/","name":"Mali","description":"Just another Africa News Agency Sites site","potentialAction":[{"@type":"SearchAction","target":{"@type":"EntryPoint","urlTemplate":"https:\/\/www.africa-press.net\/mali\/?s={search_term_string}"},"query-input":{"@type":"PropertyValueSpecification","valueRequired":true,"valueName":"search_term_string"}}],"inLanguage":"fr-FR"},{"@type":"Person","@id":"https:\/\/www.africa-press.net\/mali\/#\/schema\/person\/2b1cf3cd81a31e3cd26889ca66d677f1","name":"cfeditorfr"}]}},"_links":{"self":[{"href":"https:\/\/www.africa-press.net\/mali\/wp-json\/wp\/v2\/posts\/61579","targetHints":{"allow":["GET"]}}],"collection":[{"href":"https:\/\/www.africa-press.net\/mali\/wp-json\/wp\/v2\/posts"}],"about":[{"href":"https:\/\/www.africa-press.net\/mali\/wp-json\/wp\/v2\/types\/post"}],"author":[{"embeddable":true,"href":"https:\/\/www.africa-press.net\/mali\/wp-json\/wp\/v2\/users\/82"}],"replies":[{"embeddable":true,"href":"https:\/\/www.africa-press.net\/mali\/wp-json\/wp\/v2\/comments?post=61579"}],"version-history":[{"count":1,"href":"https:\/\/www.africa-press.net\/mali\/wp-json\/wp\/v2\/posts\/61579\/revisions"}],"predecessor-version":[{"id":61580,"href":"https:\/\/www.africa-press.net\/mali\/wp-json\/wp\/v2\/posts\/61579\/revisions\/61580"}],"wp:featuredmedia":[{"embeddable":true,"href":"https:\/\/www.africa-press.net\/mali\/wp-json\/wp\/v2\/media\/61578"}],"wp:attachment":[{"href":"https:\/\/www.africa-press.net\/mali\/wp-json\/wp\/v2\/media?parent=61579"}],"wp:term":[{"taxonomy":"category","embeddable":true,"href":"https:\/\/www.africa-press.net\/mali\/wp-json\/wp\/v2\/categories?post=61579"},{"taxonomy":"post_tag","embeddable":true,"href":"https:\/\/www.africa-press.net\/mali\/wp-json\/wp\/v2\/tags?post=61579"}],"curies":[{"name":"wp","href":"https:\/\/api.w.org\/{rel}","templated":true}]}}