{"id":64,"date":"2020-07-16T20:45:46","date_gmt":"2020-07-16T20:45:46","guid":{"rendered":"https:\/\/www.africa-press.com\/mali\/?p=64"},"modified":"2020-07-16T20:45:46","modified_gmt":"2020-07-16T20:45:46","slug":"plusieurs-tirs-dobus-contre-des-militaires-francais-et-onusiens","status":"publish","type":"post","link":"https:\/\/www.africa-press.net\/mali\/politique\/plusieurs-tirs-dobus-contre-des-militaires-francais-et-onusiens","title":{"rendered":"PLUSIEURS TIRS D\u2019OBUS CONTRE DES MILITAIRES FRAN\u00c7AIS ET ONUSIENS"},"content":{"rendered":"<p style=\"direction: ltr\">mali \u2013 africa press Un camp militaire abritant des forces militaires onusiennes, dont fran\u00e7aises, a essuy\u00e9 des tirs d\u2019obus, mardi 7 juillet, dans le nord-est du Mali.<\/p>\n<p style=\"direction: ltr\">Un camp militaire abritant des forces onusiennes, fran\u00e7aises et maliennes a essuy\u00e9 plusieurs tirs d\u2019obus mardi 7 juillet dans le nord-est du Mali en proie aux violences et au jihadisme, a-t-on appris aupr\u00e8s de la mission de l\u2019ONU dans le pays.<\/p>\n<p style=\"direction: ltr\">Les projectiles, au nombre de 16 selon des informations pr\u00e9liminaires, sont tomb\u00e9s en dehors du camp de Tessalit dans la r\u00e9gion de Kidal proche de la fronti\u00e8re alg\u00e9rienne, et n\u2019ont pas fait de bless\u00e9s ni de d\u00e9g\u00e2ts, a indiqu\u00e9 le porte-parole de la mission (Minusma), Olivier Salgado.<\/p>\n<p style=\"direction: ltr\"><span style=\"background-color: #ff6600\">Des Casques bleus d\u00e9j\u00e0 bless\u00e9s lundi<\/span><\/p>\n<p style=\"direction: ltr\">Lundi, un v\u00e9hicule de la Minusma circulant en convoi a heurt\u00e9 une mine dans Kidal. Trois Casques bleus avaient \u00e9t\u00e9 bless\u00e9s, dont un s\u00e9rieusement, selon la mission onusienne. Une attaque au mortier contre le camp de Tessalit avait fait 18 bless\u00e9s parmi les Casques bleus et deux parmi les civils en janvier.<\/p>\n<p style=\"direction: ltr\">Le camp de Tessalit abrite des forces de la Minusma, de l\u2019op\u00e9ration antijihadiste fran\u00e7aise Barkhane et des soldats maliens.<\/p>\n<p style=\"direction: ltr\">Kidal, \u00e0 1.500 km au nord-est de Bamako, est un fief touareg. C\u2019est du nord du Mali qu\u2019est partie en 2012 une r\u00e9bellion d\u2019ind\u00e9pendantistes, de salafistes et de jihadistes qui marque le d\u00e9but de l\u2019actuel conflit.<\/p>\n<p style=\"direction: ltr\">Les rebelles ind\u00e9pendantistes ont depuis sign\u00e9 un accord de paix. Mais les activit\u00e9s des jihadistes se sont propag\u00e9s au centre du pays et au Burkina Faso et au Niger voisins. Le conflit a fait des milliers de morts et des centaines de milliers de d\u00e9plac\u00e9s.<\/p>\n","protected":false},"excerpt":{"rendered":"<p>mali \u2013 africa press Un camp militaire abritant des forces militaires onusiennes, dont fran\u00e7aises, a essuy\u00e9 des tirs d\u2019obus, mardi 7 juillet, dans le nord-est du Mali. Un camp militaire abritant des forces onusiennes, fran\u00e7aises et maliennes a essuy\u00e9 plusieurs tirs d\u2019obus mardi 7 juillet dans le nord-est du Mali en proie aux violences et [&hellip;]<\/p>\n","protected":false},"author":61,"featured_media":65,"comment_status":"open","ping_status":"closed","sticky":false,"template":"","format":"standard","meta":{"footnotes":""},"categories":[11,7,17],"tags":[19,22],"class_list":["post-64","post","type-post","status-publish","format-standard","has-post-thumbnail","hentry","category-homepage-french","category-politique","category-toutes-les-actualites","tag-mali","tag-militaires"],"yoast_head":"<!-- This site is optimized with the Yoast SEO Premium plugin v26.1 (Yoast SEO v27.0) - https:\/\/yoast.com\/product\/yoast-seo-premium-wordpress\/ -->\n<title>PLUSIEURS TIRS D\u2019OBUS CONTRE DES MILITAIRES FRAN\u00c7AIS ET ONUSIENS - Mali<\/title>\n<meta name=\"description\" content=\"Un camp militaire abritant des forces militaires onusiennes, dont fran\u00e7aises, a essuy\u00e9 des tirs d\u2019obus, mardi 7 juillet, dans\" \/>\n<meta name=\"robots\" content=\"index, follow, max-snippet:-1, max-image-preview:large, max-video-preview:-1\" \/>\n<link rel=\"canonical\" href=\"https:\/\/www.africa-press.net\/mali\/politique\/plusieurs-tirs-dobus-contre-des-militaires-francais-et-onusiens\" \/>\n<meta property=\"og:locale\" content=\"fr_FR\" \/>\n<meta property=\"og:type\" content=\"article\" \/>\n<meta property=\"og:title\" content=\"PLUSIEURS TIRS D\u2019OBUS CONTRE DES MILITAIRES FRAN\u00c7AIS ET ONUSIENS\" \/>\n<meta property=\"og:description\" content=\"Un camp militaire abritant des forces militaires onusiennes, dont fran\u00e7aises, a essuy\u00e9 des tirs d\u2019obus, mardi 7 juillet, dans\" \/>\n<meta property=\"og:url\" content=\"https:\/\/www.africa-press.net\/mali\/politique\/plusieurs-tirs-dobus-contre-des-militaires-francais-et-onusiens\" \/>\n<meta property=\"og:site_name\" content=\"Mali\" \/>\n<meta property=\"article:publisher\" content=\"https:\/\/www.facebook.com\/AfricaPressTunisiaa\" \/>\n<meta property=\"article:published_time\" content=\"2020-07-16T20:45:46+00:00\" \/>\n<meta property=\"og:image\" content=\"https:\/\/static.africa-press.net\/mali\/sites\/21\/2020\/07\/21.jpg\" \/>\n\t<meta property=\"og:image:width\" content=\"1200\" \/>\n\t<meta property=\"og:image:height\" content=\"695\" \/>\n\t<meta property=\"og:image:type\" content=\"image\/jpeg\" \/>\n<meta name=\"author\" content=\"cfeditor\" \/>\n<meta name=\"twitter:card\" content=\"summary_large_image\" \/>\n<meta name=\"twitter:label1\" content=\"\u00c9crit par\" \/>\n\t<meta name=\"twitter:data1\" content=\"cfeditor\" \/>\n\t<meta name=\"twitter:label2\" content=\"Dur\u00e9e de lecture estim\u00e9e\" \/>\n\t<meta name=\"twitter:data2\" content=\"2 minutes\" \/>\n<script type=\"application\/ld+json\" class=\"yoast-schema-graph\">{\"@context\":\"https:\/\/schema.org\",\"@graph\":[{\"@type\":\"Article\",\"@id\":\"https:\/\/www.africa-press.net\/mali\/politique\/plusieurs-tirs-dobus-contre-des-militaires-francais-et-onusiens#article\",\"isPartOf\":{\"@id\":\"https:\/\/www.africa-press.net\/mali\/politique\/plusieurs-tirs-dobus-contre-des-militaires-francais-et-onusiens\"},\"author\":{\"name\":\"cfeditor\",\"@id\":\"https:\/\/www.africa-press.net\/mali\/#\/schema\/person\/44ff9af70336fb87baa2fb71443db3db\"},\"headline\":\"PLUSIEURS TIRS D\u2019OBUS CONTRE DES MILITAIRES FRAN\u00c7AIS ET ONUSIENS\",\"datePublished\":\"2020-07-16T20:45:46+00:00\",\"mainEntityOfPage\":{\"@id\":\"https:\/\/www.africa-press.net\/mali\/politique\/plusieurs-tirs-dobus-contre-des-militaires-francais-et-onusiens\"},\"wordCount\":312,\"commentCount\":0,\"image\":{\"@id\":\"https:\/\/www.africa-press.net\/mali\/politique\/plusieurs-tirs-dobus-contre-des-militaires-francais-et-onusiens#primaryimage\"},\"thumbnailUrl\":\"https:\/\/static.africa-press.net\/mali\/sites\/21\/2020\/07\/21.jpg\",\"keywords\":[\"mali\",\"MILITAIRES\"],\"articleSection\":[\"homepage-french\",\"Politique\",\"Toutes les actualit\u00e9s\"],\"inLanguage\":\"fr-FR\",\"potentialAction\":[{\"@type\":\"CommentAction\",\"name\":\"Comment\",\"target\":[\"https:\/\/www.africa-press.net\/mali\/politique\/plusieurs-tirs-dobus-contre-des-militaires-francais-et-onusiens#respond\"]}]},{\"@type\":\"WebPage\",\"@id\":\"https:\/\/www.africa-press.net\/mali\/politique\/plusieurs-tirs-dobus-contre-des-militaires-francais-et-onusiens\",\"url\":\"https:\/\/www.africa-press.net\/mali\/politique\/plusieurs-tirs-dobus-contre-des-militaires-francais-et-onusiens\",\"name\":\"PLUSIEURS TIRS D\u2019OBUS CONTRE DES MILITAIRES FRAN\u00c7AIS ET ONUSIENS - Mali\",\"isPartOf\":{\"@id\":\"https:\/\/www.africa-press.net\/mali\/#website\"},\"primaryImageOfPage\":{\"@id\":\"https:\/\/www.africa-press.net\/mali\/politique\/plusieurs-tirs-dobus-contre-des-militaires-francais-et-onusiens#primaryimage\"},\"image\":{\"@id\":\"https:\/\/www.africa-press.net\/mali\/politique\/plusieurs-tirs-dobus-contre-des-militaires-francais-et-onusiens#primaryimage\"},\"thumbnailUrl\":\"https:\/\/static.africa-press.net\/mali\/sites\/21\/2020\/07\/21.jpg\",\"datePublished\":\"2020-07-16T20:45:46+00:00\",\"author\":{\"@id\":\"https:\/\/www.africa-press.net\/mali\/#\/schema\/person\/44ff9af70336fb87baa2fb71443db3db\"},\"description\":\"Un camp militaire abritant des forces militaires onusiennes, dont fran\u00e7aises, a essuy\u00e9 des tirs d\u2019obus, mardi 7 juillet, dans\",\"breadcrumb\":{\"@id\":\"https:\/\/www.africa-press.net\/mali\/politique\/plusieurs-tirs-dobus-contre-des-militaires-francais-et-onusiens#breadcrumb\"},\"inLanguage\":\"fr-FR\",\"potentialAction\":[{\"@type\":\"ReadAction\",\"target\":[\"https:\/\/www.africa-press.net\/mali\/politique\/plusieurs-tirs-dobus-contre-des-militaires-francais-et-onusiens\"]}]},{\"@type\":\"ImageObject\",\"inLanguage\":\"fr-FR\",\"@id\":\"https:\/\/www.africa-press.net\/mali\/politique\/plusieurs-tirs-dobus-contre-des-militaires-francais-et-onusiens#primaryimage\",\"url\":\"https:\/\/static.africa-press.net\/mali\/sites\/21\/2020\/07\/21.jpg\",\"contentUrl\":\"https:\/\/static.africa-press.net\/mali\/sites\/21\/2020\/07\/21.jpg\",\"width\":1200,\"height\":695,\"caption\":\"MILITAIRES FRAN\u00c7AIS ET ONUSIENS\"},{\"@type\":\"BreadcrumbList\",\"@id\":\"https:\/\/www.africa-press.net\/mali\/politique\/plusieurs-tirs-dobus-contre-des-militaires-francais-et-onusiens#breadcrumb\",\"itemListElement\":[{\"@type\":\"ListItem\",\"position\":1,\"name\":\"Home\",\"item\":\"https:\/\/www.africa-press.net\/mali\/\"},{\"@type\":\"ListItem\",\"position\":2,\"name\":\"PLUSIEURS TIRS D\u2019OBUS CONTRE DES MILITAIRES FRAN\u00c7AIS ET ONUSIENS\"}]},{\"@type\":\"WebSite\",\"@id\":\"https:\/\/www.africa-press.net\/mali\/#website\",\"url\":\"https:\/\/www.africa-press.net\/mali\/\",\"name\":\"Mali\",\"description\":\"Just another Africa News Agency Sites site\",\"potentialAction\":[{\"@type\":\"SearchAction\",\"target\":{\"@type\":\"EntryPoint\",\"urlTemplate\":\"https:\/\/www.africa-press.net\/mali\/?s={search_term_string}\"},\"query-input\":{\"@type\":\"PropertyValueSpecification\",\"valueRequired\":true,\"valueName\":\"search_term_string\"}}],\"inLanguage\":\"fr-FR\"},{\"@type\":\"Person\",\"@id\":\"https:\/\/www.africa-press.net\/mali\/#\/schema\/person\/44ff9af70336fb87baa2fb71443db3db\",\"name\":\"cfeditor\",\"description\":\"\u0645\u0648\u0642\u0639 \u0623\u0641\u0631\u064a\u0642\u064a\u0627 \u0628\u0631\u0633 https:\/\/www.africa-press.net \u0647\u0648 \u0641\u0643\u0631\u0629 \u0628\u064a\u0646 \u0645\u062c\u0645\u0648\u0639\u0629 \u0645\u0646 \u0627\u0644\u0627\u0639\u0644\u0627\u0645\u064a\u064a\u0646 \u0627\u0644\u0645\u0648\u062c\u0648\u062f\u064a\u0646 \u0641\u064a \u0639\u062f\u0629 \u062f\u0648\u0644 \u0623\u0641\u0631\u064a\u0642\u064a\u0629 \u0628\u0627\u0644\u062a\u0639\u0627\u0648\u0646 \u0641\u064a\u0645\u0627 \u0628\u064a\u0646\u0647\u0645 \u0644\u062a\u063a\u0637\u064a\u0629 \u0623\u062e\u0628\u0627\u0631 \u0627\u0644\u0642\u0627\u0631\u0629 \u0627\u0644\u0633\u0645\u0631\u0627\u0621. \u0627\u0644\u0645\u0648\u0642\u0639 \u063a\u064a\u0631 \u0645\u0631\u062a\u0628\u0637 \u0628\u0623\u064a \u062c\u0647\u0629 \u062d\u0643\u0648\u0645\u064a\u0629 \u0623\u0648 \u062e\u0627\u0635\u0629 \u0648\u064a\u0639\u062a\u0645\u062f \u0639\u0644\u0649 \u062c\u0647\u0648\u062f \u0623\u0641\u0631\u0627\u062f\u0647 \u0641\u064a \u0627\u0644\u0646\u0634\u0631 \u0648\u0627\u0644\u0627\u062f\u0627\u0631\u0629. \u0627\u0644\u0645\u0648\u0642\u0639 \u0647\u0645\u0632\u0629 \u0648\u0635\u0644 \u0628\u064a\u0646 \u0627\u0644\u0627\u0639\u0644\u0627\u0645\u064a\u064a\u0646 \u0627\u0644\u0623\u0641\u0627\u0631\u0642\u0629 \u0648\u064a\u0636\u0639 \u0623\u062e\u0628\u0627\u0631 \u0627\u0644\u062f\u0648\u0644 \u0627\u0644\u0627\u0641\u0631\u064a\u0642\u064a\u0629 \u0641\u064a \u0645\u0643\u0627\u0646 \u0648\u0627\u062d\u062f \u0623\u0645\u0627\u0645 \u0623\u0646\u0638\u0627\u0631 \u0627\u0644\u0642\u0631\u0627\u0621 \u0648\u0647\u0648 \u0645\u0642\u0633\u0645 \u0627\u0644\u0649 \u0639\u062f\u0629 \u0635\u0641\u062d\u0627\u062a \u0643\u0644 \u0635\u0641\u062d\u0629 \u062e\u0627\u0635\u0629 \u0628\u0628\u0644\u062f \u0648\u0627\u0644\u0644\u063a\u0629 \u0627\u0644\u0645\u0639\u062a\u0645\u062f\u0629 \u0641\u064a \u0627\u0644\u0635\u0641\u062d\u0629 \u0647\u064a \u0627\u0644\u0644\u063a\u0629 \u0627\u0644\u0631\u0633\u0645\u064a\u0629 \u0641\u064a \u0630\u0644\u0643 \u0627\u0644\u0628\u0644\u062f \u0645\u0639 \u0628\u0639\u0636 \u0627\u0644\u0627\u0633\u062a\u062b\u0646\u0627\u0621\u0627\u062a.\"}]}<\/script>\n<!-- \/ Yoast SEO Premium plugin. -->","yoast_head_json":{"title":"PLUSIEURS TIRS D\u2019OBUS CONTRE DES MILITAIRES FRAN\u00c7AIS ET ONUSIENS - Mali","description":"Un camp militaire abritant des forces militaires onusiennes, dont fran\u00e7aises, a essuy\u00e9 des tirs d\u2019obus, mardi 7 juillet, dans","robots":{"index":"index","follow":"follow","max-snippet":"max-snippet:-1","max-image-preview":"max-image-preview:large","max-video-preview":"max-video-preview:-1"},"canonical":"https:\/\/www.africa-press.net\/mali\/politique\/plusieurs-tirs-dobus-contre-des-militaires-francais-et-onusiens","og_locale":"fr_FR","og_type":"article","og_title":"PLUSIEURS TIRS D\u2019OBUS CONTRE DES MILITAIRES FRAN\u00c7AIS ET ONUSIENS","og_description":"Un camp militaire abritant des forces militaires onusiennes, dont fran\u00e7aises, a essuy\u00e9 des tirs d\u2019obus, mardi 7 juillet, dans","og_url":"https:\/\/www.africa-press.net\/mali\/politique\/plusieurs-tirs-dobus-contre-des-militaires-francais-et-onusiens","og_site_name":"Mali","article_publisher":"https:\/\/www.facebook.com\/AfricaPressTunisiaa","article_published_time":"2020-07-16T20:45:46+00:00","og_image":[{"width":1200,"height":695,"url":"https:\/\/static.africa-press.net\/mali\/sites\/21\/2020\/07\/21.jpg","type":"image\/jpeg"}],"author":"cfeditor","twitter_card":"summary_large_image","twitter_misc":{"\u00c9crit par":"cfeditor","Dur\u00e9e de lecture estim\u00e9e":"2 minutes"},"schema":{"@context":"https:\/\/schema.org","@graph":[{"@type":"Article","@id":"https:\/\/www.africa-press.net\/mali\/politique\/plusieurs-tirs-dobus-contre-des-militaires-francais-et-onusiens#article","isPartOf":{"@id":"https:\/\/www.africa-press.net\/mali\/politique\/plusieurs-tirs-dobus-contre-des-militaires-francais-et-onusiens"},"author":{"name":"cfeditor","@id":"https:\/\/www.africa-press.net\/mali\/#\/schema\/person\/44ff9af70336fb87baa2fb71443db3db"},"headline":"PLUSIEURS TIRS D\u2019OBUS CONTRE DES MILITAIRES FRAN\u00c7AIS ET ONUSIENS","datePublished":"2020-07-16T20:45:46+00:00","mainEntityOfPage":{"@id":"https:\/\/www.africa-press.net\/mali\/politique\/plusieurs-tirs-dobus-contre-des-militaires-francais-et-onusiens"},"wordCount":312,"commentCount":0,"image":{"@id":"https:\/\/www.africa-press.net\/mali\/politique\/plusieurs-tirs-dobus-contre-des-militaires-francais-et-onusiens#primaryimage"},"thumbnailUrl":"https:\/\/static.africa-press.net\/mali\/sites\/21\/2020\/07\/21.jpg","keywords":["mali","MILITAIRES"],"articleSection":["homepage-french","Politique","Toutes les actualit\u00e9s"],"inLanguage":"fr-FR","potentialAction":[{"@type":"CommentAction","name":"Comment","target":["https:\/\/www.africa-press.net\/mali\/politique\/plusieurs-tirs-dobus-contre-des-militaires-francais-et-onusiens#respond"]}]},{"@type":"WebPage","@id":"https:\/\/www.africa-press.net\/mali\/politique\/plusieurs-tirs-dobus-contre-des-militaires-francais-et-onusiens","url":"https:\/\/www.africa-press.net\/mali\/politique\/plusieurs-tirs-dobus-contre-des-militaires-francais-et-onusiens","name":"PLUSIEURS TIRS D\u2019OBUS CONTRE DES MILITAIRES FRAN\u00c7AIS ET ONUSIENS - Mali","isPartOf":{"@id":"https:\/\/www.africa-press.net\/mali\/#website"},"primaryImageOfPage":{"@id":"https:\/\/www.africa-press.net\/mali\/politique\/plusieurs-tirs-dobus-contre-des-militaires-francais-et-onusiens#primaryimage"},"image":{"@id":"https:\/\/www.africa-press.net\/mali\/politique\/plusieurs-tirs-dobus-contre-des-militaires-francais-et-onusiens#primaryimage"},"thumbnailUrl":"https:\/\/static.africa-press.net\/mali\/sites\/21\/2020\/07\/21.jpg","datePublished":"2020-07-16T20:45:46+00:00","author":{"@id":"https:\/\/www.africa-press.net\/mali\/#\/schema\/person\/44ff9af70336fb87baa2fb71443db3db"},"description":"Un camp militaire abritant des forces militaires onusiennes, dont fran\u00e7aises, a essuy\u00e9 des tirs d\u2019obus, mardi 7 juillet, dans","breadcrumb":{"@id":"https:\/\/www.africa-press.net\/mali\/politique\/plusieurs-tirs-dobus-contre-des-militaires-francais-et-onusiens#breadcrumb"},"inLanguage":"fr-FR","potentialAction":[{"@type":"ReadAction","target":["https:\/\/www.africa-press.net\/mali\/politique\/plusieurs-tirs-dobus-contre-des-militaires-francais-et-onusiens"]}]},{"@type":"ImageObject","inLanguage":"fr-FR","@id":"https:\/\/www.africa-press.net\/mali\/politique\/plusieurs-tirs-dobus-contre-des-militaires-francais-et-onusiens#primaryimage","url":"https:\/\/static.africa-press.net\/mali\/sites\/21\/2020\/07\/21.jpg","contentUrl":"https:\/\/static.africa-press.net\/mali\/sites\/21\/2020\/07\/21.jpg","width":1200,"height":695,"caption":"MILITAIRES FRAN\u00c7AIS ET ONUSIENS"},{"@type":"BreadcrumbList","@id":"https:\/\/www.africa-press.net\/mali\/politique\/plusieurs-tirs-dobus-contre-des-militaires-francais-et-onusiens#breadcrumb","itemListElement":[{"@type":"ListItem","position":1,"name":"Home","item":"https:\/\/www.africa-press.net\/mali\/"},{"@type":"ListItem","position":2,"name":"PLUSIEURS TIRS D\u2019OBUS CONTRE DES MILITAIRES FRAN\u00c7AIS ET ONUSIENS"}]},{"@type":"WebSite","@id":"https:\/\/www.africa-press.net\/mali\/#website","url":"https:\/\/www.africa-press.net\/mali\/","name":"Mali","description":"Just another Africa News Agency Sites site","potentialAction":[{"@type":"SearchAction","target":{"@type":"EntryPoint","urlTemplate":"https:\/\/www.africa-press.net\/mali\/?s={search_term_string}"},"query-input":{"@type":"PropertyValueSpecification","valueRequired":true,"valueName":"search_term_string"}}],"inLanguage":"fr-FR"},{"@type":"Person","@id":"https:\/\/www.africa-press.net\/mali\/#\/schema\/person\/44ff9af70336fb87baa2fb71443db3db","name":"cfeditor","description":"\u0645\u0648\u0642\u0639 \u0623\u0641\u0631\u064a\u0642\u064a\u0627 \u0628\u0631\u0633 https:\/\/www.africa-press.net \u0647\u0648 \u0641\u0643\u0631\u0629 \u0628\u064a\u0646 \u0645\u062c\u0645\u0648\u0639\u0629 \u0645\u0646 \u0627\u0644\u0627\u0639\u0644\u0627\u0645\u064a\u064a\u0646 \u0627\u0644\u0645\u0648\u062c\u0648\u062f\u064a\u0646 \u0641\u064a \u0639\u062f\u0629 \u062f\u0648\u0644 \u0623\u0641\u0631\u064a\u0642\u064a\u0629 \u0628\u0627\u0644\u062a\u0639\u0627\u0648\u0646 \u0641\u064a\u0645\u0627 \u0628\u064a\u0646\u0647\u0645 \u0644\u062a\u063a\u0637\u064a\u0629 \u0623\u062e\u0628\u0627\u0631 \u0627\u0644\u0642\u0627\u0631\u0629 \u0627\u0644\u0633\u0645\u0631\u0627\u0621. \u0627\u0644\u0645\u0648\u0642\u0639 \u063a\u064a\u0631 \u0645\u0631\u062a\u0628\u0637 \u0628\u0623\u064a \u062c\u0647\u0629 \u062d\u0643\u0648\u0645\u064a\u0629 \u0623\u0648 \u062e\u0627\u0635\u0629 \u0648\u064a\u0639\u062a\u0645\u062f \u0639\u0644\u0649 \u062c\u0647\u0648\u062f \u0623\u0641\u0631\u0627\u062f\u0647 \u0641\u064a \u0627\u0644\u0646\u0634\u0631 \u0648\u0627\u0644\u0627\u062f\u0627\u0631\u0629. \u0627\u0644\u0645\u0648\u0642\u0639 \u0647\u0645\u0632\u0629 \u0648\u0635\u0644 \u0628\u064a\u0646 \u0627\u0644\u0627\u0639\u0644\u0627\u0645\u064a\u064a\u0646 \u0627\u0644\u0623\u0641\u0627\u0631\u0642\u0629 \u0648\u064a\u0636\u0639 \u0623\u062e\u0628\u0627\u0631 \u0627\u0644\u062f\u0648\u0644 \u0627\u0644\u0627\u0641\u0631\u064a\u0642\u064a\u0629 \u0641\u064a \u0645\u0643\u0627\u0646 \u0648\u0627\u062d\u062f \u0623\u0645\u0627\u0645 \u0623\u0646\u0638\u0627\u0631 \u0627\u0644\u0642\u0631\u0627\u0621 \u0648\u0647\u0648 \u0645\u0642\u0633\u0645 \u0627\u0644\u0649 \u0639\u062f\u0629 \u0635\u0641\u062d\u0627\u062a \u0643\u0644 \u0635\u0641\u062d\u0629 \u062e\u0627\u0635\u0629 \u0628\u0628\u0644\u062f \u0648\u0627\u0644\u0644\u063a\u0629 \u0627\u0644\u0645\u0639\u062a\u0645\u062f\u0629 \u0641\u064a \u0627\u0644\u0635\u0641\u062d\u0629 \u0647\u064a \u0627\u0644\u0644\u063a\u0629 \u0627\u0644\u0631\u0633\u0645\u064a\u0629 \u0641\u064a \u0630\u0644\u0643 \u0627\u0644\u0628\u0644\u062f \u0645\u0639 \u0628\u0639\u0636 \u0627\u0644\u0627\u0633\u062a\u062b\u0646\u0627\u0621\u0627\u062a."}]}},"_links":{"self":[{"href":"https:\/\/www.africa-press.net\/mali\/wp-json\/wp\/v2\/posts\/64","targetHints":{"allow":["GET"]}}],"collection":[{"href":"https:\/\/www.africa-press.net\/mali\/wp-json\/wp\/v2\/posts"}],"about":[{"href":"https:\/\/www.africa-press.net\/mali\/wp-json\/wp\/v2\/types\/post"}],"author":[{"embeddable":true,"href":"https:\/\/www.africa-press.net\/mali\/wp-json\/wp\/v2\/users\/61"}],"replies":[{"embeddable":true,"href":"https:\/\/www.africa-press.net\/mali\/wp-json\/wp\/v2\/comments?post=64"}],"version-history":[{"count":0,"href":"https:\/\/www.africa-press.net\/mali\/wp-json\/wp\/v2\/posts\/64\/revisions"}],"wp:featuredmedia":[{"embeddable":true,"href":"https:\/\/www.africa-press.net\/mali\/wp-json\/wp\/v2\/media\/65"}],"wp:attachment":[{"href":"https:\/\/www.africa-press.net\/mali\/wp-json\/wp\/v2\/media?parent=64"}],"wp:term":[{"taxonomy":"category","embeddable":true,"href":"https:\/\/www.africa-press.net\/mali\/wp-json\/wp\/v2\/categories?post=64"},{"taxonomy":"post_tag","embeddable":true,"href":"https:\/\/www.africa-press.net\/mali\/wp-json\/wp\/v2\/tags?post=64"}],"curies":[{"name":"wp","href":"https:\/\/api.w.org\/{rel}","templated":true}]}}