{"id":3922,"date":"2021-09-30T12:56:29","date_gmt":"2021-09-30T12:56:29","guid":{"rendered":"https:\/\/www.africa-press.net\/mauritius\/all-news\/mauritius-benefits-from-the-support-of-france-to-improve-its-social-protection-system"},"modified":"2021-09-30T13:14:20","modified_gmt":"2021-09-30T13:14:20","slug":"mauritius-benefits-from-the-support-of-france-to-improve-its-social-protection-system","status":"publish","type":"post","link":"https:\/\/www.africa-press.net\/mauritius\/all-news\/mauritius-benefits-from-the-support-of-france-to-improve-its-social-protection-system","title":{"rendered":"Mauritius benefits from the support of France to improve its social protection system"},"content":{"rendered":"<p><span style=\"color: #ff6600\"><strong><a href=\"https:\/\/www.africa-press.net\/\">Africa-Press<\/a> &#8211; <a href=\"https:\/\/www.africa-press.net\/mauritius\">Mauritius<\/a>. <\/strong><\/span>A press conference on the \u2018Projet d\u2019am\u00e9lioration de la couverture en protection sociale \u00e0 Maurice\u2019, was jointly hosted this morning by the Minister of Social Integration, Social Security and National Solidarity, Mrs Fazila Jeewa-Daureeawoo, and the Ambassador of the Republic of France to Mauritius, Mrs Florence Causs\u00e9-Tissier.<\/p>\n<p>The event was held at Le Sirius, Labourdonnais Waterfront Hotel, Caudan, in Port-Louis. The Director of the Agence Fran\u00e7aise de D\u00e9veloppement (AFD) for Mauritius and Seychelles, Mr Andr\u00e9 Pouill\u00e8s-Duplaix, was present on the occasion.<\/p>\n<p>The objective of the project is to enable Mauritius to have a more inclusive, adaptive, and shock responsive social protection system in place to better support poverty reduction, social inclusion and gender equality.<\/p>\n<p>It is recalled that a Memorandum of Understanding (MoU) was signed between Mauritius and Expertise France and the AFD for technical assistance regarding the improvement of the Social Protection System.<\/p>\n<p>In her address, Minister Jeewa-Daureeawoo said that in 2020, an agreement was signed between the Government of Mauritius and the AFD for a contingency loan of 300 million euros, with the objective of enabling Mauritius to better manage the impact of the COVID-19 on public health, social resilience and the economy.<\/p>\n<p>Subsequently, an MoU was signed with AFD and Expertise France to start the project and during its first phase an inventory was made which will be followed by recommendations for a more sustainable social protection system, she informed.<\/p>\n<p>The Minister expressed gratitude to the French Government, and underlined that all the partners in this project share the same values, those of fostering an even more inclusive social protection system.<\/p>\n<p>She observed that social protection is an effective instrument to protect the vulnerable ones, reduce inequalities, build an inclusive society and ensure sustainable development.<\/p>\n<p>Social protection, she emphasised, is a key element of Government&#8217;s policy. She added that Government has revamped its measures and taken unprecedented measures in the face of the COVID-19.<\/p>\n<p>These include the provision of the Wage Assistance Scheme and the Self-Employed Assistance Scheme as well as the reviewing of the scale for the line of absolute poverty, which went from Rs 9,520 for a family of two adults and three children, to Rs 10,500.<\/p>\n<p>Mrs Jeewa-Daureeawoo also announced that her Ministry is currently working on the implementation of the National Database for Vulnerable Groups. As for the French Ambassador, she underlined that the key elements of the project are resiliency, social welfare and social protection.<\/p>\n<p>She underpinned the joint efforts of both France and Mauritius in this project. Mrs Causs\u00e9-Tissier underlined that social protection is an important issue that affects the vulnerable population, which has been most impacted by the COVID 19.<\/p>\n<p>She stressed that in France, social protection is a pillar of the republican values. As for Mr Pouill\u00e8s-Duplaix, he highlighted that the AFD has mobilised resources to support countries facing health crisis and other impacts of the COVID-19 pandemic.<\/p>\n<p>We have developed recovery and reconstruction operations in order to contribute to the objective achievement of the Sustainable Development Goals of the UN 2030 agenda, he said.<\/p>\n<p>Speaking about the project, he pointed out that it provides for the mobilisation of technical assistance, and caters for health, social, financial and climate resilience. The loan, he added, has contributed to the economic and social recovery and resilience of Mauritius, following the pandemic.<\/p>\n","protected":false},"excerpt":{"rendered":"<p>Africa-Press &#8211; Mauritius. A press conference on the \u2018Projet d\u2019am\u00e9lioration de la couverture en protection sociale \u00e0 Maurice\u2019, was jointly hosted this morning by the Minister of Social Integration, Social Security and National Solidarity, Mrs Fazila Jeewa-Daureeawoo, and the Ambassador of the Republic of France to Mauritius, Mrs Florence Causs\u00e9-Tissier. The event was held at [&hellip;]<\/p>\n","protected":false},"author":84,"featured_media":3921,"comment_status":"open","ping_status":"open","sticky":false,"template":"","format":"standard","meta":{"footnotes":""},"categories":[2,7,8,12,16],"tags":[233,245,632,241],"class_list":["post-3922","post","type-post","status-publish","format-standard","has-post-thumbnail","hentry","category-all-news","category-head-lines","category-homepage-english","category-policy","category-twitter","tag-africa-press","tag-africa-press-mauritius","tag-france","tag-mauritius"],"yoast_head":"<!-- This site is optimized with the Yoast SEO Premium plugin v26.1 (Yoast SEO v27.0) - https:\/\/yoast.com\/product\/yoast-seo-premium-wordpress\/ -->\n<title>Mauritius benefits from the support of France to improve its social protection system - Mauritius<\/title>\n<meta name=\"description\" content=\"A press conference on the \u2018Projet d\u2019am\u00e9lioration de la couverture en protection sociale \u00e0 Maurice\u2019, was jointly hosted t ...\" \/>\n<meta name=\"robots\" content=\"index, follow, max-snippet:-1, max-image-preview:large, max-video-preview:-1\" \/>\n<link rel=\"canonical\" href=\"https:\/\/www.africa-press.net\/mauritius\/all-news\/mauritius-benefits-from-the-support-of-france-to-improve-its-social-protection-system\" \/>\n<meta property=\"og:locale\" content=\"en_US\" \/>\n<meta property=\"og:type\" content=\"article\" \/>\n<meta property=\"og:title\" content=\"Mauritius benefits from the support of France to improve its social protection system\" \/>\n<meta property=\"og:description\" content=\"A press conference on the \u2018Projet d\u2019am\u00e9lioration de la couverture en protection sociale \u00e0 Maurice\u2019, was jointly hosted t ...\" \/>\n<meta property=\"og:url\" content=\"https:\/\/www.africa-press.net\/mauritius\/all-news\/mauritius-benefits-from-the-support-of-france-to-improve-its-social-protection-system\" \/>\n<meta property=\"og:site_name\" content=\"Mauritius\" \/>\n<meta property=\"article:publisher\" content=\"https:\/\/www.facebook.com\/AfricaPressTunisiaa\" \/>\n<meta property=\"article:published_time\" content=\"2021-09-30T12:56:29+00:00\" \/>\n<meta property=\"article:modified_time\" content=\"2021-09-30T13:14:20+00:00\" \/>\n<meta property=\"og:image\" content=\"https:\/\/static.africa-press.net\/mauritius\/sites\/61\/2021\/09\/img-6155b80df3bd5.jpg\" \/>\n\t<meta property=\"og:image:width\" content=\"618\" \/>\n\t<meta property=\"og:image:height\" content=\"412\" \/>\n\t<meta property=\"og:image:type\" content=\"image\/jpeg\" \/>\n<meta name=\"author\" content=\"cfeditoren\" \/>\n<meta name=\"twitter:card\" content=\"summary_large_image\" \/>\n<meta name=\"twitter:label1\" content=\"Written by\" \/>\n\t<meta name=\"twitter:data1\" content=\"cfeditoren\" \/>\n\t<meta name=\"twitter:label2\" content=\"Est. reading time\" \/>\n\t<meta name=\"twitter:data2\" content=\"3 minutes\" \/>\n<script type=\"application\/ld+json\" class=\"yoast-schema-graph\">{\"@context\":\"https:\/\/schema.org\",\"@graph\":[{\"@type\":\"Article\",\"@id\":\"https:\/\/www.africa-press.net\/mauritius\/all-news\/mauritius-benefits-from-the-support-of-france-to-improve-its-social-protection-system#article\",\"isPartOf\":{\"@id\":\"https:\/\/www.africa-press.net\/mauritius\/all-news\/mauritius-benefits-from-the-support-of-france-to-improve-its-social-protection-system\"},\"author\":{\"name\":\"cfeditoren\",\"@id\":\"https:\/\/www.africa-press.net\/mauritius\/#\/schema\/person\/068c7ab4e9634ae78ec5d54ec46598bb\"},\"headline\":\"Mauritius benefits from the support of France to improve its social protection system\",\"datePublished\":\"2021-09-30T12:56:29+00:00\",\"dateModified\":\"2021-09-30T13:14:20+00:00\",\"mainEntityOfPage\":{\"@id\":\"https:\/\/www.africa-press.net\/mauritius\/all-news\/mauritius-benefits-from-the-support-of-france-to-improve-its-social-protection-system\"},\"wordCount\":568,\"commentCount\":0,\"image\":{\"@id\":\"https:\/\/www.africa-press.net\/mauritius\/all-news\/mauritius-benefits-from-the-support-of-france-to-improve-its-social-protection-system#primaryimage\"},\"thumbnailUrl\":\"https:\/\/static.africa-press.net\/mauritius\/sites\/61\/2021\/09\/img-6155b80df3bd5.jpg\",\"keywords\":[\"Africa Press\",\"Africa Press-Mauritius\",\"France\",\"Mauritius\"],\"articleSection\":[\"all news\",\"head lines\",\"homepage-english\",\"policy\",\"twitter\"],\"inLanguage\":\"en-US\",\"potentialAction\":[{\"@type\":\"CommentAction\",\"name\":\"Comment\",\"target\":[\"https:\/\/www.africa-press.net\/mauritius\/all-news\/mauritius-benefits-from-the-support-of-france-to-improve-its-social-protection-system#respond\"]}]},{\"@type\":\"WebPage\",\"@id\":\"https:\/\/www.africa-press.net\/mauritius\/all-news\/mauritius-benefits-from-the-support-of-france-to-improve-its-social-protection-system\",\"url\":\"https:\/\/www.africa-press.net\/mauritius\/all-news\/mauritius-benefits-from-the-support-of-france-to-improve-its-social-protection-system\",\"name\":\"Mauritius benefits from the support of France to improve its social protection system - Mauritius\",\"isPartOf\":{\"@id\":\"https:\/\/www.africa-press.net\/mauritius\/#website\"},\"primaryImageOfPage\":{\"@id\":\"https:\/\/www.africa-press.net\/mauritius\/all-news\/mauritius-benefits-from-the-support-of-france-to-improve-its-social-protection-system#primaryimage\"},\"image\":{\"@id\":\"https:\/\/www.africa-press.net\/mauritius\/all-news\/mauritius-benefits-from-the-support-of-france-to-improve-its-social-protection-system#primaryimage\"},\"thumbnailUrl\":\"https:\/\/static.africa-press.net\/mauritius\/sites\/61\/2021\/09\/img-6155b80df3bd5.jpg\",\"datePublished\":\"2021-09-30T12:56:29+00:00\",\"dateModified\":\"2021-09-30T13:14:20+00:00\",\"author\":{\"@id\":\"https:\/\/www.africa-press.net\/mauritius\/#\/schema\/person\/068c7ab4e9634ae78ec5d54ec46598bb\"},\"description\":\"A press conference on the \u2018Projet d\u2019am\u00e9lioration de la couverture en protection sociale \u00e0 Maurice\u2019, was jointly hosted t ...\",\"breadcrumb\":{\"@id\":\"https:\/\/www.africa-press.net\/mauritius\/all-news\/mauritius-benefits-from-the-support-of-france-to-improve-its-social-protection-system#breadcrumb\"},\"inLanguage\":\"en-US\",\"potentialAction\":[{\"@type\":\"ReadAction\",\"target\":[\"https:\/\/www.africa-press.net\/mauritius\/all-news\/mauritius-benefits-from-the-support-of-france-to-improve-its-social-protection-system\"]}]},{\"@type\":\"ImageObject\",\"inLanguage\":\"en-US\",\"@id\":\"https:\/\/www.africa-press.net\/mauritius\/all-news\/mauritius-benefits-from-the-support-of-france-to-improve-its-social-protection-system#primaryimage\",\"url\":\"https:\/\/static.africa-press.net\/mauritius\/sites\/61\/2021\/09\/img-6155b80df3bd5.jpg\",\"contentUrl\":\"https:\/\/static.africa-press.net\/mauritius\/sites\/61\/2021\/09\/img-6155b80df3bd5.jpg\",\"width\":618,\"height\":412,\"caption\":\"Mauritius benefits from the support of France to improve its social protection system\"},{\"@type\":\"BreadcrumbList\",\"@id\":\"https:\/\/www.africa-press.net\/mauritius\/all-news\/mauritius-benefits-from-the-support-of-france-to-improve-its-social-protection-system#breadcrumb\",\"itemListElement\":[{\"@type\":\"ListItem\",\"position\":1,\"name\":\"Home\",\"item\":\"https:\/\/www.africa-press.net\/mauritius\/\"},{\"@type\":\"ListItem\",\"position\":2,\"name\":\"Mauritius benefits from the support of France to improve its social protection system\"}]},{\"@type\":\"WebSite\",\"@id\":\"https:\/\/www.africa-press.net\/mauritius\/#website\",\"url\":\"https:\/\/www.africa-press.net\/mauritius\/\",\"name\":\"Mauritius\",\"description\":\"Just another Africa News Agency Sites site\",\"potentialAction\":[{\"@type\":\"SearchAction\",\"target\":{\"@type\":\"EntryPoint\",\"urlTemplate\":\"https:\/\/www.africa-press.net\/mauritius\/?s={search_term_string}\"},\"query-input\":{\"@type\":\"PropertyValueSpecification\",\"valueRequired\":true,\"valueName\":\"search_term_string\"}}],\"inLanguage\":\"en-US\"},{\"@type\":\"Person\",\"@id\":\"https:\/\/www.africa-press.net\/mauritius\/#\/schema\/person\/068c7ab4e9634ae78ec5d54ec46598bb\",\"name\":\"cfeditoren\",\"image\":{\"@type\":\"ImageObject\",\"inLanguage\":\"en-US\",\"@id\":\"https:\/\/www.africa-press.net\/mauritius\/#\/schema\/person\/image\/\",\"url\":\"https:\/\/secure.gravatar.com\/avatar\/7417380fa9e23b5c57fdbfdaf3fdf92ee478f759a084addda5faa3732853e74a?s=96&d=mm&r=g\",\"contentUrl\":\"https:\/\/secure.gravatar.com\/avatar\/7417380fa9e23b5c57fdbfdaf3fdf92ee478f759a084addda5faa3732853e74a?s=96&d=mm&r=g\",\"caption\":\"cfeditoren\"}}]}<\/script>\n<!-- \/ Yoast SEO Premium plugin. -->","yoast_head_json":{"title":"Mauritius benefits from the support of France to improve its social protection system - Mauritius","description":"A press conference on the \u2018Projet d\u2019am\u00e9lioration de la couverture en protection sociale \u00e0 Maurice\u2019, was jointly hosted t ...","robots":{"index":"index","follow":"follow","max-snippet":"max-snippet:-1","max-image-preview":"max-image-preview:large","max-video-preview":"max-video-preview:-1"},"canonical":"https:\/\/www.africa-press.net\/mauritius\/all-news\/mauritius-benefits-from-the-support-of-france-to-improve-its-social-protection-system","og_locale":"en_US","og_type":"article","og_title":"Mauritius benefits from the support of France to improve its social protection system","og_description":"A press conference on the \u2018Projet d\u2019am\u00e9lioration de la couverture en protection sociale \u00e0 Maurice\u2019, was jointly hosted t ...","og_url":"https:\/\/www.africa-press.net\/mauritius\/all-news\/mauritius-benefits-from-the-support-of-france-to-improve-its-social-protection-system","og_site_name":"Mauritius","article_publisher":"https:\/\/www.facebook.com\/AfricaPressTunisiaa","article_published_time":"2021-09-30T12:56:29+00:00","article_modified_time":"2021-09-30T13:14:20+00:00","og_image":[{"width":618,"height":412,"url":"https:\/\/static.africa-press.net\/mauritius\/sites\/61\/2021\/09\/img-6155b80df3bd5.jpg","type":"image\/jpeg"}],"author":"cfeditoren","twitter_card":"summary_large_image","twitter_misc":{"Written by":"cfeditoren","Est. reading time":"3 minutes"},"schema":{"@context":"https:\/\/schema.org","@graph":[{"@type":"Article","@id":"https:\/\/www.africa-press.net\/mauritius\/all-news\/mauritius-benefits-from-the-support-of-france-to-improve-its-social-protection-system#article","isPartOf":{"@id":"https:\/\/www.africa-press.net\/mauritius\/all-news\/mauritius-benefits-from-the-support-of-france-to-improve-its-social-protection-system"},"author":{"name":"cfeditoren","@id":"https:\/\/www.africa-press.net\/mauritius\/#\/schema\/person\/068c7ab4e9634ae78ec5d54ec46598bb"},"headline":"Mauritius benefits from the support of France to improve its social protection system","datePublished":"2021-09-30T12:56:29+00:00","dateModified":"2021-09-30T13:14:20+00:00","mainEntityOfPage":{"@id":"https:\/\/www.africa-press.net\/mauritius\/all-news\/mauritius-benefits-from-the-support-of-france-to-improve-its-social-protection-system"},"wordCount":568,"commentCount":0,"image":{"@id":"https:\/\/www.africa-press.net\/mauritius\/all-news\/mauritius-benefits-from-the-support-of-france-to-improve-its-social-protection-system#primaryimage"},"thumbnailUrl":"https:\/\/static.africa-press.net\/mauritius\/sites\/61\/2021\/09\/img-6155b80df3bd5.jpg","keywords":["Africa Press","Africa Press-Mauritius","France","Mauritius"],"articleSection":["all news","head lines","homepage-english","policy","twitter"],"inLanguage":"en-US","potentialAction":[{"@type":"CommentAction","name":"Comment","target":["https:\/\/www.africa-press.net\/mauritius\/all-news\/mauritius-benefits-from-the-support-of-france-to-improve-its-social-protection-system#respond"]}]},{"@type":"WebPage","@id":"https:\/\/www.africa-press.net\/mauritius\/all-news\/mauritius-benefits-from-the-support-of-france-to-improve-its-social-protection-system","url":"https:\/\/www.africa-press.net\/mauritius\/all-news\/mauritius-benefits-from-the-support-of-france-to-improve-its-social-protection-system","name":"Mauritius benefits from the support of France to improve its social protection system - Mauritius","isPartOf":{"@id":"https:\/\/www.africa-press.net\/mauritius\/#website"},"primaryImageOfPage":{"@id":"https:\/\/www.africa-press.net\/mauritius\/all-news\/mauritius-benefits-from-the-support-of-france-to-improve-its-social-protection-system#primaryimage"},"image":{"@id":"https:\/\/www.africa-press.net\/mauritius\/all-news\/mauritius-benefits-from-the-support-of-france-to-improve-its-social-protection-system#primaryimage"},"thumbnailUrl":"https:\/\/static.africa-press.net\/mauritius\/sites\/61\/2021\/09\/img-6155b80df3bd5.jpg","datePublished":"2021-09-30T12:56:29+00:00","dateModified":"2021-09-30T13:14:20+00:00","author":{"@id":"https:\/\/www.africa-press.net\/mauritius\/#\/schema\/person\/068c7ab4e9634ae78ec5d54ec46598bb"},"description":"A press conference on the \u2018Projet d\u2019am\u00e9lioration de la couverture en protection sociale \u00e0 Maurice\u2019, was jointly hosted t ...","breadcrumb":{"@id":"https:\/\/www.africa-press.net\/mauritius\/all-news\/mauritius-benefits-from-the-support-of-france-to-improve-its-social-protection-system#breadcrumb"},"inLanguage":"en-US","potentialAction":[{"@type":"ReadAction","target":["https:\/\/www.africa-press.net\/mauritius\/all-news\/mauritius-benefits-from-the-support-of-france-to-improve-its-social-protection-system"]}]},{"@type":"ImageObject","inLanguage":"en-US","@id":"https:\/\/www.africa-press.net\/mauritius\/all-news\/mauritius-benefits-from-the-support-of-france-to-improve-its-social-protection-system#primaryimage","url":"https:\/\/static.africa-press.net\/mauritius\/sites\/61\/2021\/09\/img-6155b80df3bd5.jpg","contentUrl":"https:\/\/static.africa-press.net\/mauritius\/sites\/61\/2021\/09\/img-6155b80df3bd5.jpg","width":618,"height":412,"caption":"Mauritius benefits from the support of France to improve its social protection system"},{"@type":"BreadcrumbList","@id":"https:\/\/www.africa-press.net\/mauritius\/all-news\/mauritius-benefits-from-the-support-of-france-to-improve-its-social-protection-system#breadcrumb","itemListElement":[{"@type":"ListItem","position":1,"name":"Home","item":"https:\/\/www.africa-press.net\/mauritius\/"},{"@type":"ListItem","position":2,"name":"Mauritius benefits from the support of France to improve its social protection system"}]},{"@type":"WebSite","@id":"https:\/\/www.africa-press.net\/mauritius\/#website","url":"https:\/\/www.africa-press.net\/mauritius\/","name":"Mauritius","description":"Just another Africa News Agency Sites site","potentialAction":[{"@type":"SearchAction","target":{"@type":"EntryPoint","urlTemplate":"https:\/\/www.africa-press.net\/mauritius\/?s={search_term_string}"},"query-input":{"@type":"PropertyValueSpecification","valueRequired":true,"valueName":"search_term_string"}}],"inLanguage":"en-US"},{"@type":"Person","@id":"https:\/\/www.africa-press.net\/mauritius\/#\/schema\/person\/068c7ab4e9634ae78ec5d54ec46598bb","name":"cfeditoren","image":{"@type":"ImageObject","inLanguage":"en-US","@id":"https:\/\/www.africa-press.net\/mauritius\/#\/schema\/person\/image\/","url":"https:\/\/secure.gravatar.com\/avatar\/7417380fa9e23b5c57fdbfdaf3fdf92ee478f759a084addda5faa3732853e74a?s=96&d=mm&r=g","contentUrl":"https:\/\/secure.gravatar.com\/avatar\/7417380fa9e23b5c57fdbfdaf3fdf92ee478f759a084addda5faa3732853e74a?s=96&d=mm&r=g","caption":"cfeditoren"}}]}},"_links":{"self":[{"href":"https:\/\/www.africa-press.net\/mauritius\/wp-json\/wp\/v2\/posts\/3922","targetHints":{"allow":["GET"]}}],"collection":[{"href":"https:\/\/www.africa-press.net\/mauritius\/wp-json\/wp\/v2\/posts"}],"about":[{"href":"https:\/\/www.africa-press.net\/mauritius\/wp-json\/wp\/v2\/types\/post"}],"author":[{"embeddable":true,"href":"https:\/\/www.africa-press.net\/mauritius\/wp-json\/wp\/v2\/users\/84"}],"replies":[{"embeddable":true,"href":"https:\/\/www.africa-press.net\/mauritius\/wp-json\/wp\/v2\/comments?post=3922"}],"version-history":[{"count":0,"href":"https:\/\/www.africa-press.net\/mauritius\/wp-json\/wp\/v2\/posts\/3922\/revisions"}],"wp:featuredmedia":[{"embeddable":true,"href":"https:\/\/www.africa-press.net\/mauritius\/wp-json\/wp\/v2\/media\/3921"}],"wp:attachment":[{"href":"https:\/\/www.africa-press.net\/mauritius\/wp-json\/wp\/v2\/media?parent=3922"}],"wp:term":[{"taxonomy":"category","embeddable":true,"href":"https:\/\/www.africa-press.net\/mauritius\/wp-json\/wp\/v2\/categories?post=3922"},{"taxonomy":"post_tag","embeddable":true,"href":"https:\/\/www.africa-press.net\/mauritius\/wp-json\/wp\/v2\/tags?post=3922"}],"curies":[{"name":"wp","href":"https:\/\/api.w.org\/{rel}","templated":true}]}}