{"id":1886,"date":"2021-07-05T16:31:25","date_gmt":"2021-07-05T16:31:25","guid":{"rendered":"https:\/\/www.africa-press.net\/mozambique\/?p=1886"},"modified":"2021-07-05T15:35:56","modified_gmt":"2021-07-05T15:35:56","slug":"mozambique-young-palma-resident-identifies-alleged-members-of-the-group-that-attacked-the-town-lusa","status":"publish","type":"post","link":"https:\/\/www.africa-press.net\/mozambique\/all-news\/mozambique-young-palma-resident-identifies-alleged-members-of-the-group-that-attacked-the-town-lusa","title":{"rendered":"Young Palma resident identifies alleged members of the group that attacked the town \u2013 Lusa"},"content":{"rendered":"<p><span style=\"color: #ff6600\"><strong><a href=\"https:\/\/www.africa-press.net\/\">Africa-Press<\/a> &#8211; <a href=\"https:\/\/www.africa-press.net\/mozambique\">Mozambique<\/a>. <\/strong><\/span>A young Palma resident is helping the Mozambican Armed Forces identify alleged members of the group that attacked the village in March, the commander of the Mozambican army announced this Thursday.<\/p>\n<p>\u201cShe is the holder of sensitive information; we are working with her and providing protection, including to those close to her, so that she remains cooperative,\u201d declared Crist\u00f3v\u00e3o Chume, quoted by Televisi\u00f3n de Mo\u00e7ambique.<\/p>\n<p>After an operation by the Mozambican Armed Forces, the young woman identified at least five alleged insurgents in a group of several men who were detained in the village of Monjane on Sunday, one of whom is her brother.<\/p>\n<p>\u201cShe was being manipulated by terrorist groups and was already extracting information from our checkpoints in the town of Palma, as well as in Afungi,\u201d Chume said. The young woman began to collaborate with the authorities after her arrest.<\/p>\n<p>According to Chume, the objective is to understand the motivations and identify the leaders of the \u201chard core\u201d of the group that attacked the village of Palma in March, as well as discovering when each of them joined the rebels.<\/p>\n<p>\u201cWe are still carrying out in-depth investigative work,\u201d Chume said.<\/p>\n<p>Clashes and military operations in Palma district have intensified again in the last week, according to reports by displaced people fleeing to Pemba, the provincial capital, and by military sources, who announced on Wednesday that they had killed 150 rebels.<\/p>\n<p>The district is home to the natural gas project led by Total \u2013 at around \u20ac20 billion, the largest private investment in Africa \u2013 since suspended due to insecurity in the region.<\/p>\n<p>Armed groups have terrorised Cabo Delgado since 2017, with some attacks claimed by the \u2018jihadist\u2019 group Islamic State, in a wave of violence that has already caused more than 2,800 deaths, according to the Armed Conflict Location and Event Data Project (ACLED), and displaced 732,000, according to the UN.<\/p>\n","protected":false},"excerpt":{"rendered":"<p>Africa-Press &#8211; Mozambique. A young Palma resident is helping the Mozambican Armed Forces identify alleged members of the group that attacked the village in March, the commander of the Mozambican army announced this Thursday. \u201cShe is the holder of sensitive information; we are working with her and providing protection, including to those close to her, [&hellip;]<\/p>\n","protected":false},"author":84,"featured_media":1885,"comment_status":"open","ping_status":"open","sticky":false,"template":"","format":"standard","meta":{"footnotes":""},"categories":[2,3,8,16],"tags":[233,281,283],"class_list":["post-1886","post","type-post","status-publish","format-standard","has-post-thumbnail","hentry","category-all-news","category-community","category-homepage-english","category-twitter","tag-africa-press","tag-africa-press-mozambique","tag-mozambique"],"yoast_head":"<!-- This site is optimized with the Yoast SEO Premium plugin v26.1 (Yoast SEO v27.0) - https:\/\/yoast.com\/product\/yoast-seo-premium-wordpress\/ -->\n<title>Young Palma resident identifies alleged members of the group that attacked the town \u2013 Lusa - Mozambique<\/title>\n<meta name=\"description\" content=\"A young Palma resident is helping the Mozambican Armed Forces identify alleged members of the group that attacked the vi ...\" \/>\n<meta name=\"robots\" content=\"index, follow, max-snippet:-1, max-image-preview:large, max-video-preview:-1\" \/>\n<link rel=\"canonical\" href=\"https:\/\/www.africa-press.net\/mozambique\/all-news\/mozambique-young-palma-resident-identifies-alleged-members-of-the-group-that-attacked-the-town-lusa\" \/>\n<meta property=\"og:locale\" content=\"en_US\" \/>\n<meta property=\"og:type\" content=\"article\" \/>\n<meta property=\"og:title\" content=\"Young Palma resident identifies alleged members of the group that attacked the town \u2013 Lusa\" \/>\n<meta property=\"og:description\" content=\"A young Palma resident is helping the Mozambican Armed Forces identify alleged members of the group that attacked the vi ...\" \/>\n<meta property=\"og:url\" content=\"https:\/\/www.africa-press.net\/mozambique\/all-news\/mozambique-young-palma-resident-identifies-alleged-members-of-the-group-that-attacked-the-town-lusa\" \/>\n<meta property=\"og:site_name\" content=\"Mozambique\" \/>\n<meta property=\"article:publisher\" content=\"https:\/\/www.facebook.com\/AfricaPressTunisiaa\" \/>\n<meta property=\"article:published_time\" content=\"2021-07-05T16:31:25+00:00\" \/>\n<meta property=\"og:image\" content=\"https:\/\/static.africa-press.net\/mozambique\/sites\/64\/2021\/07\/img-60e3233020046.jpg\" \/>\n\t<meta property=\"og:image:width\" content=\"720\" \/>\n\t<meta property=\"og:image:height\" content=\"480\" \/>\n\t<meta property=\"og:image:type\" content=\"image\/jpeg\" \/>\n<meta name=\"author\" content=\"cfeditoren\" \/>\n<meta name=\"twitter:card\" content=\"summary_large_image\" \/>\n<meta name=\"twitter:label1\" content=\"Written by\" \/>\n\t<meta name=\"twitter:data1\" content=\"cfeditoren\" \/>\n\t<meta name=\"twitter:label2\" content=\"Est. reading time\" \/>\n\t<meta name=\"twitter:data2\" content=\"2 minutes\" \/>\n<script type=\"application\/ld+json\" class=\"yoast-schema-graph\">{\"@context\":\"https:\/\/schema.org\",\"@graph\":[{\"@type\":\"Article\",\"@id\":\"https:\/\/www.africa-press.net\/mozambique\/all-news\/mozambique-young-palma-resident-identifies-alleged-members-of-the-group-that-attacked-the-town-lusa#article\",\"isPartOf\":{\"@id\":\"https:\/\/www.africa-press.net\/mozambique\/all-news\/mozambique-young-palma-resident-identifies-alleged-members-of-the-group-that-attacked-the-town-lusa\"},\"author\":{\"name\":\"cfeditoren\",\"@id\":\"https:\/\/www.africa-press.net\/mozambique\/#\/schema\/person\/068c7ab4e9634ae78ec5d54ec46598bb\"},\"headline\":\"Young Palma resident identifies alleged members of the group that attacked the town \u2013 Lusa\",\"datePublished\":\"2021-07-05T16:31:25+00:00\",\"mainEntityOfPage\":{\"@id\":\"https:\/\/www.africa-press.net\/mozambique\/all-news\/mozambique-young-palma-resident-identifies-alleged-members-of-the-group-that-attacked-the-town-lusa\"},\"wordCount\":328,\"commentCount\":0,\"image\":{\"@id\":\"https:\/\/www.africa-press.net\/mozambique\/all-news\/mozambique-young-palma-resident-identifies-alleged-members-of-the-group-that-attacked-the-town-lusa#primaryimage\"},\"thumbnailUrl\":\"https:\/\/static.africa-press.net\/mozambique\/sites\/64\/2021\/07\/img-60e3233020046.jpg\",\"keywords\":[\"Africa Press\",\"Africa Press-Mozambique\",\"Mozambique\"],\"articleSection\":[\"all news\",\"community\",\"homepage-english\",\"twitter\"],\"inLanguage\":\"en-US\",\"potentialAction\":[{\"@type\":\"CommentAction\",\"name\":\"Comment\",\"target\":[\"https:\/\/www.africa-press.net\/mozambique\/all-news\/mozambique-young-palma-resident-identifies-alleged-members-of-the-group-that-attacked-the-town-lusa#respond\"]}]},{\"@type\":\"WebPage\",\"@id\":\"https:\/\/www.africa-press.net\/mozambique\/all-news\/mozambique-young-palma-resident-identifies-alleged-members-of-the-group-that-attacked-the-town-lusa\",\"url\":\"https:\/\/www.africa-press.net\/mozambique\/all-news\/mozambique-young-palma-resident-identifies-alleged-members-of-the-group-that-attacked-the-town-lusa\",\"name\":\"Young Palma resident identifies alleged members of the group that attacked the town \u2013 Lusa - Mozambique\",\"isPartOf\":{\"@id\":\"https:\/\/www.africa-press.net\/mozambique\/#website\"},\"primaryImageOfPage\":{\"@id\":\"https:\/\/www.africa-press.net\/mozambique\/all-news\/mozambique-young-palma-resident-identifies-alleged-members-of-the-group-that-attacked-the-town-lusa#primaryimage\"},\"image\":{\"@id\":\"https:\/\/www.africa-press.net\/mozambique\/all-news\/mozambique-young-palma-resident-identifies-alleged-members-of-the-group-that-attacked-the-town-lusa#primaryimage\"},\"thumbnailUrl\":\"https:\/\/static.africa-press.net\/mozambique\/sites\/64\/2021\/07\/img-60e3233020046.jpg\",\"datePublished\":\"2021-07-05T16:31:25+00:00\",\"author\":{\"@id\":\"https:\/\/www.africa-press.net\/mozambique\/#\/schema\/person\/068c7ab4e9634ae78ec5d54ec46598bb\"},\"description\":\"A young Palma resident is helping the Mozambican Armed Forces identify alleged members of the group that attacked the vi ...\",\"breadcrumb\":{\"@id\":\"https:\/\/www.africa-press.net\/mozambique\/all-news\/mozambique-young-palma-resident-identifies-alleged-members-of-the-group-that-attacked-the-town-lusa#breadcrumb\"},\"inLanguage\":\"en-US\",\"potentialAction\":[{\"@type\":\"ReadAction\",\"target\":[\"https:\/\/www.africa-press.net\/mozambique\/all-news\/mozambique-young-palma-resident-identifies-alleged-members-of-the-group-that-attacked-the-town-lusa\"]}]},{\"@type\":\"ImageObject\",\"inLanguage\":\"en-US\",\"@id\":\"https:\/\/www.africa-press.net\/mozambique\/all-news\/mozambique-young-palma-resident-identifies-alleged-members-of-the-group-that-attacked-the-town-lusa#primaryimage\",\"url\":\"https:\/\/static.africa-press.net\/mozambique\/sites\/64\/2021\/07\/img-60e3233020046.jpg\",\"contentUrl\":\"https:\/\/static.africa-press.net\/mozambique\/sites\/64\/2021\/07\/img-60e3233020046.jpg\",\"width\":720,\"height\":480,\"caption\":\"Mozambique: Young Palma resident identifies alleged members of the group that attacked the town \u2013 Lusa\"},{\"@type\":\"BreadcrumbList\",\"@id\":\"https:\/\/www.africa-press.net\/mozambique\/all-news\/mozambique-young-palma-resident-identifies-alleged-members-of-the-group-that-attacked-the-town-lusa#breadcrumb\",\"itemListElement\":[{\"@type\":\"ListItem\",\"position\":1,\"name\":\"Home\",\"item\":\"https:\/\/www.africa-press.net\/mozambique\/\"},{\"@type\":\"ListItem\",\"position\":2,\"name\":\"Young Palma resident identifies alleged members of the group that attacked the town \u2013 Lusa\"}]},{\"@type\":\"WebSite\",\"@id\":\"https:\/\/www.africa-press.net\/mozambique\/#website\",\"url\":\"https:\/\/www.africa-press.net\/mozambique\/\",\"name\":\"Mozambique\",\"description\":\"Just another Africa News Agency Sites site\",\"potentialAction\":[{\"@type\":\"SearchAction\",\"target\":{\"@type\":\"EntryPoint\",\"urlTemplate\":\"https:\/\/www.africa-press.net\/mozambique\/?s={search_term_string}\"},\"query-input\":{\"@type\":\"PropertyValueSpecification\",\"valueRequired\":true,\"valueName\":\"search_term_string\"}}],\"inLanguage\":\"en-US\"},{\"@type\":\"Person\",\"@id\":\"https:\/\/www.africa-press.net\/mozambique\/#\/schema\/person\/068c7ab4e9634ae78ec5d54ec46598bb\",\"name\":\"cfeditoren\",\"image\":{\"@type\":\"ImageObject\",\"inLanguage\":\"en-US\",\"@id\":\"https:\/\/www.africa-press.net\/mozambique\/#\/schema\/person\/image\/\",\"url\":\"https:\/\/secure.gravatar.com\/avatar\/7417380fa9e23b5c57fdbfdaf3fdf92ee478f759a084addda5faa3732853e74a?s=96&d=mm&r=g\",\"contentUrl\":\"https:\/\/secure.gravatar.com\/avatar\/7417380fa9e23b5c57fdbfdaf3fdf92ee478f759a084addda5faa3732853e74a?s=96&d=mm&r=g\",\"caption\":\"cfeditoren\"}}]}<\/script>\n<!-- \/ Yoast SEO Premium plugin. -->","yoast_head_json":{"title":"Young Palma resident identifies alleged members of the group that attacked the town \u2013 Lusa - Mozambique","description":"A young Palma resident is helping the Mozambican Armed Forces identify alleged members of the group that attacked the vi ...","robots":{"index":"index","follow":"follow","max-snippet":"max-snippet:-1","max-image-preview":"max-image-preview:large","max-video-preview":"max-video-preview:-1"},"canonical":"https:\/\/www.africa-press.net\/mozambique\/all-news\/mozambique-young-palma-resident-identifies-alleged-members-of-the-group-that-attacked-the-town-lusa","og_locale":"en_US","og_type":"article","og_title":"Young Palma resident identifies alleged members of the group that attacked the town \u2013 Lusa","og_description":"A young Palma resident is helping the Mozambican Armed Forces identify alleged members of the group that attacked the vi ...","og_url":"https:\/\/www.africa-press.net\/mozambique\/all-news\/mozambique-young-palma-resident-identifies-alleged-members-of-the-group-that-attacked-the-town-lusa","og_site_name":"Mozambique","article_publisher":"https:\/\/www.facebook.com\/AfricaPressTunisiaa","article_published_time":"2021-07-05T16:31:25+00:00","og_image":[{"width":720,"height":480,"url":"https:\/\/static.africa-press.net\/mozambique\/sites\/64\/2021\/07\/img-60e3233020046.jpg","type":"image\/jpeg"}],"author":"cfeditoren","twitter_card":"summary_large_image","twitter_misc":{"Written by":"cfeditoren","Est. reading time":"2 minutes"},"schema":{"@context":"https:\/\/schema.org","@graph":[{"@type":"Article","@id":"https:\/\/www.africa-press.net\/mozambique\/all-news\/mozambique-young-palma-resident-identifies-alleged-members-of-the-group-that-attacked-the-town-lusa#article","isPartOf":{"@id":"https:\/\/www.africa-press.net\/mozambique\/all-news\/mozambique-young-palma-resident-identifies-alleged-members-of-the-group-that-attacked-the-town-lusa"},"author":{"name":"cfeditoren","@id":"https:\/\/www.africa-press.net\/mozambique\/#\/schema\/person\/068c7ab4e9634ae78ec5d54ec46598bb"},"headline":"Young Palma resident identifies alleged members of the group that attacked the town \u2013 Lusa","datePublished":"2021-07-05T16:31:25+00:00","mainEntityOfPage":{"@id":"https:\/\/www.africa-press.net\/mozambique\/all-news\/mozambique-young-palma-resident-identifies-alleged-members-of-the-group-that-attacked-the-town-lusa"},"wordCount":328,"commentCount":0,"image":{"@id":"https:\/\/www.africa-press.net\/mozambique\/all-news\/mozambique-young-palma-resident-identifies-alleged-members-of-the-group-that-attacked-the-town-lusa#primaryimage"},"thumbnailUrl":"https:\/\/static.africa-press.net\/mozambique\/sites\/64\/2021\/07\/img-60e3233020046.jpg","keywords":["Africa Press","Africa Press-Mozambique","Mozambique"],"articleSection":["all news","community","homepage-english","twitter"],"inLanguage":"en-US","potentialAction":[{"@type":"CommentAction","name":"Comment","target":["https:\/\/www.africa-press.net\/mozambique\/all-news\/mozambique-young-palma-resident-identifies-alleged-members-of-the-group-that-attacked-the-town-lusa#respond"]}]},{"@type":"WebPage","@id":"https:\/\/www.africa-press.net\/mozambique\/all-news\/mozambique-young-palma-resident-identifies-alleged-members-of-the-group-that-attacked-the-town-lusa","url":"https:\/\/www.africa-press.net\/mozambique\/all-news\/mozambique-young-palma-resident-identifies-alleged-members-of-the-group-that-attacked-the-town-lusa","name":"Young Palma resident identifies alleged members of the group that attacked the town \u2013 Lusa - Mozambique","isPartOf":{"@id":"https:\/\/www.africa-press.net\/mozambique\/#website"},"primaryImageOfPage":{"@id":"https:\/\/www.africa-press.net\/mozambique\/all-news\/mozambique-young-palma-resident-identifies-alleged-members-of-the-group-that-attacked-the-town-lusa#primaryimage"},"image":{"@id":"https:\/\/www.africa-press.net\/mozambique\/all-news\/mozambique-young-palma-resident-identifies-alleged-members-of-the-group-that-attacked-the-town-lusa#primaryimage"},"thumbnailUrl":"https:\/\/static.africa-press.net\/mozambique\/sites\/64\/2021\/07\/img-60e3233020046.jpg","datePublished":"2021-07-05T16:31:25+00:00","author":{"@id":"https:\/\/www.africa-press.net\/mozambique\/#\/schema\/person\/068c7ab4e9634ae78ec5d54ec46598bb"},"description":"A young Palma resident is helping the Mozambican Armed Forces identify alleged members of the group that attacked the vi ...","breadcrumb":{"@id":"https:\/\/www.africa-press.net\/mozambique\/all-news\/mozambique-young-palma-resident-identifies-alleged-members-of-the-group-that-attacked-the-town-lusa#breadcrumb"},"inLanguage":"en-US","potentialAction":[{"@type":"ReadAction","target":["https:\/\/www.africa-press.net\/mozambique\/all-news\/mozambique-young-palma-resident-identifies-alleged-members-of-the-group-that-attacked-the-town-lusa"]}]},{"@type":"ImageObject","inLanguage":"en-US","@id":"https:\/\/www.africa-press.net\/mozambique\/all-news\/mozambique-young-palma-resident-identifies-alleged-members-of-the-group-that-attacked-the-town-lusa#primaryimage","url":"https:\/\/static.africa-press.net\/mozambique\/sites\/64\/2021\/07\/img-60e3233020046.jpg","contentUrl":"https:\/\/static.africa-press.net\/mozambique\/sites\/64\/2021\/07\/img-60e3233020046.jpg","width":720,"height":480,"caption":"Mozambique: Young Palma resident identifies alleged members of the group that attacked the town \u2013 Lusa"},{"@type":"BreadcrumbList","@id":"https:\/\/www.africa-press.net\/mozambique\/all-news\/mozambique-young-palma-resident-identifies-alleged-members-of-the-group-that-attacked-the-town-lusa#breadcrumb","itemListElement":[{"@type":"ListItem","position":1,"name":"Home","item":"https:\/\/www.africa-press.net\/mozambique\/"},{"@type":"ListItem","position":2,"name":"Young Palma resident identifies alleged members of the group that attacked the town \u2013 Lusa"}]},{"@type":"WebSite","@id":"https:\/\/www.africa-press.net\/mozambique\/#website","url":"https:\/\/www.africa-press.net\/mozambique\/","name":"Mozambique","description":"Just another Africa News Agency Sites site","potentialAction":[{"@type":"SearchAction","target":{"@type":"EntryPoint","urlTemplate":"https:\/\/www.africa-press.net\/mozambique\/?s={search_term_string}"},"query-input":{"@type":"PropertyValueSpecification","valueRequired":true,"valueName":"search_term_string"}}],"inLanguage":"en-US"},{"@type":"Person","@id":"https:\/\/www.africa-press.net\/mozambique\/#\/schema\/person\/068c7ab4e9634ae78ec5d54ec46598bb","name":"cfeditoren","image":{"@type":"ImageObject","inLanguage":"en-US","@id":"https:\/\/www.africa-press.net\/mozambique\/#\/schema\/person\/image\/","url":"https:\/\/secure.gravatar.com\/avatar\/7417380fa9e23b5c57fdbfdaf3fdf92ee478f759a084addda5faa3732853e74a?s=96&d=mm&r=g","contentUrl":"https:\/\/secure.gravatar.com\/avatar\/7417380fa9e23b5c57fdbfdaf3fdf92ee478f759a084addda5faa3732853e74a?s=96&d=mm&r=g","caption":"cfeditoren"}}]}},"_links":{"self":[{"href":"https:\/\/www.africa-press.net\/mozambique\/wp-json\/wp\/v2\/posts\/1886","targetHints":{"allow":["GET"]}}],"collection":[{"href":"https:\/\/www.africa-press.net\/mozambique\/wp-json\/wp\/v2\/posts"}],"about":[{"href":"https:\/\/www.africa-press.net\/mozambique\/wp-json\/wp\/v2\/types\/post"}],"author":[{"embeddable":true,"href":"https:\/\/www.africa-press.net\/mozambique\/wp-json\/wp\/v2\/users\/84"}],"replies":[{"embeddable":true,"href":"https:\/\/www.africa-press.net\/mozambique\/wp-json\/wp\/v2\/comments?post=1886"}],"version-history":[{"count":0,"href":"https:\/\/www.africa-press.net\/mozambique\/wp-json\/wp\/v2\/posts\/1886\/revisions"}],"wp:featuredmedia":[{"embeddable":true,"href":"https:\/\/www.africa-press.net\/mozambique\/wp-json\/wp\/v2\/media\/1885"}],"wp:attachment":[{"href":"https:\/\/www.africa-press.net\/mozambique\/wp-json\/wp\/v2\/media?parent=1886"}],"wp:term":[{"taxonomy":"category","embeddable":true,"href":"https:\/\/www.africa-press.net\/mozambique\/wp-json\/wp\/v2\/categories?post=1886"},{"taxonomy":"post_tag","embeddable":true,"href":"https:\/\/www.africa-press.net\/mozambique\/wp-json\/wp\/v2\/tags?post=1886"}],"curies":[{"name":"wp","href":"https:\/\/api.w.org\/{rel}","templated":true}]}}