{"id":20272,"date":"2022-05-29T15:30:31","date_gmt":"2022-05-29T15:30:31","guid":{"rendered":"https:\/\/www.africa-press.net\/mozambique\/all-news\/prime-minister-representing-president-nyusi-at-au-summits-in-malabo"},"modified":"2022-05-29T15:30:31","modified_gmt":"2022-05-29T15:30:31","slug":"prime-minister-representing-president-nyusi-at-au-summits-in-malabo","status":"publish","type":"post","link":"https:\/\/www.africa-press.net\/mozambique\/all-news\/prime-minister-representing-president-nyusi-at-au-summits-in-malabo","title":{"rendered":"Prime Minister representing President Nyusi at AU Summits in Malabo"},"content":{"rendered":"<p><span style=\"color: #ff6600\"><strong>Africa-Press &#8211; Mozambique. <\/strong><\/span>Prime Minister of Mozambique, Adriano Maleiane, is in Malabo, Equatorial Guinea, where he will participate, on behalf of President of the Republic, Filipe Nyusi, in the African Union (AU) Extraordinary Humanitarian Summit and Pledging Conference, and in the AU Extraordinary Summit on Unconstitutional Changes of Governments in Africa.<\/p>\n<p>The Prime Minister heads a delegation which includes the Minister of National Defence, Crist\u00f3v\u00e3o Chume; Deputy Minister of Foreign Affairs and Cooperation, Manuel Gon\u00e7alves; the Permanent Representative of the Republic of Mozambique to the African Union, Ambassador Alfredo Nuvunga; plus members of staff of the Prime Minister\u2019s Office, of the Ministry of Foreign Affairs and Cooperation, the Ministry of National Defence and of the Ministry of Economy and Finance.<\/p>\n<p>According to a statement that Not\u00edcias has had access to, the three events are taking place under a decision of this continental organisation (Assembly Decision\/AU\/Dec.828 \u2013 XXXV) \u2013 adopted by the 35th Ordinary Session of the Conference of Chiefs of State and Government of the African Union, held in Addis Ababa, Ethiopia, from 5 to 6 February 2022.<\/p>\n<p><strong>For More News And Analysis About <a href=\"https:\/\/www.africa-press.net\/mozambique\">Mozambique<\/a> Follow <a href=\"https:\/\/www.africa-press.net\/\">Africa-Press<\/a><\/strong><\/p>\n","protected":false},"excerpt":{"rendered":"<p>Africa-Press &#8211; Mozambique. Prime Minister of Mozambique, Adriano Maleiane, is in Malabo, Equatorial Guinea, where he will participate, on behalf of President of the Republic, Filipe Nyusi, in the African Union (AU) Extraordinary Humanitarian Summit and Pledging Conference, and in the AU Extraordinary Summit on Unconstitutional Changes of Governments in Africa. The Prime Minister heads [&hellip;]<\/p>\n","protected":false},"author":84,"featured_media":20271,"comment_status":"open","ping_status":"open","sticky":false,"template":"","format":"standard","meta":{"footnotes":""},"categories":[2,7,8,12,16],"tags":[233,281,283],"class_list":["post-20272","post","type-post","status-publish","format-standard","has-post-thumbnail","hentry","category-all-news","category-head-lines","category-homepage-english","category-policy","category-twitter","tag-africa-press","tag-africa-press-mozambique","tag-mozambique"],"yoast_head":"<!-- This site is optimized with the Yoast SEO Premium plugin v26.1 (Yoast SEO v27.0) - https:\/\/yoast.com\/product\/yoast-seo-premium-wordpress\/ -->\n<title>Prime Minister representing President Nyusi at AU Summits in Malabo - Mozambique<\/title>\n<meta name=\"robots\" content=\"index, follow, max-snippet:-1, max-image-preview:large, max-video-preview:-1\" \/>\n<link rel=\"canonical\" href=\"https:\/\/www.africa-press.net\/mozambique\/all-news\/prime-minister-representing-president-nyusi-at-au-summits-in-malabo\" \/>\n<meta property=\"og:locale\" content=\"en_US\" \/>\n<meta property=\"og:type\" content=\"article\" \/>\n<meta property=\"og:title\" content=\"Prime Minister representing President Nyusi at AU Summits in Malabo\" \/>\n<meta property=\"og:description\" content=\"Africa-Press &#8211; Mozambique. Prime Minister of Mozambique, Adriano Maleiane, is in Malabo, Equatorial Guinea, where he will participate, on behalf of President of the Republic, Filipe Nyusi, in the African Union (AU) Extraordinary Humanitarian Summit and Pledging Conference, and in the AU Extraordinary Summit on Unconstitutional Changes of Governments in Africa. The Prime Minister heads [&hellip;]\" \/>\n<meta property=\"og:url\" content=\"https:\/\/www.africa-press.net\/mozambique\/all-news\/prime-minister-representing-president-nyusi-at-au-summits-in-malabo\" \/>\n<meta property=\"og:site_name\" content=\"Mozambique\" \/>\n<meta property=\"article:publisher\" content=\"https:\/\/www.facebook.com\/AfricaPressTunisiaa\" \/>\n<meta property=\"article:published_time\" content=\"2022-05-29T15:30:31+00:00\" \/>\n<meta name=\"author\" content=\"cfeditoren\" \/>\n<meta name=\"twitter:card\" content=\"summary_large_image\" \/>\n<meta name=\"twitter:label1\" content=\"Written by\" \/>\n\t<meta name=\"twitter:data1\" content=\"cfeditoren\" \/>\n\t<meta name=\"twitter:label2\" content=\"Est. reading time\" \/>\n\t<meta name=\"twitter:data2\" content=\"1 minute\" \/>\n<script type=\"application\/ld+json\" class=\"yoast-schema-graph\">{\"@context\":\"https:\/\/schema.org\",\"@graph\":[{\"@type\":\"Article\",\"@id\":\"https:\/\/www.africa-press.net\/mozambique\/all-news\/prime-minister-representing-president-nyusi-at-au-summits-in-malabo#article\",\"isPartOf\":{\"@id\":\"https:\/\/www.africa-press.net\/mozambique\/all-news\/prime-minister-representing-president-nyusi-at-au-summits-in-malabo\"},\"author\":{\"name\":\"cfeditoren\",\"@id\":\"https:\/\/www.africa-press.net\/mozambique\/#\/schema\/person\/068c7ab4e9634ae78ec5d54ec46598bb\"},\"headline\":\"Prime Minister representing President Nyusi at AU Summits in Malabo\",\"datePublished\":\"2022-05-29T15:30:31+00:00\",\"mainEntityOfPage\":{\"@id\":\"https:\/\/www.africa-press.net\/mozambique\/all-news\/prime-minister-representing-president-nyusi-at-au-summits-in-malabo\"},\"wordCount\":199,\"commentCount\":0,\"image\":{\"@id\":\"https:\/\/www.africa-press.net\/mozambique\/all-news\/prime-minister-representing-president-nyusi-at-au-summits-in-malabo#primaryimage\"},\"thumbnailUrl\":\"https:\/\/static.africa-press.net\/mozambique\/sites\/64\/2022\/05\/img-629391f10f9bc.jpg\",\"keywords\":[\"Africa Press\",\"Africa Press-Mozambique\",\"Mozambique\"],\"articleSection\":[\"all news\",\"head lines\",\"homepage-english\",\"policy\",\"twitter\"],\"inLanguage\":\"en-US\",\"potentialAction\":[{\"@type\":\"CommentAction\",\"name\":\"Comment\",\"target\":[\"https:\/\/www.africa-press.net\/mozambique\/all-news\/prime-minister-representing-president-nyusi-at-au-summits-in-malabo#respond\"]}]},{\"@type\":\"WebPage\",\"@id\":\"https:\/\/www.africa-press.net\/mozambique\/all-news\/prime-minister-representing-president-nyusi-at-au-summits-in-malabo\",\"url\":\"https:\/\/www.africa-press.net\/mozambique\/all-news\/prime-minister-representing-president-nyusi-at-au-summits-in-malabo\",\"name\":\"Prime Minister representing President Nyusi at AU Summits in Malabo - Mozambique\",\"isPartOf\":{\"@id\":\"https:\/\/www.africa-press.net\/mozambique\/#website\"},\"primaryImageOfPage\":{\"@id\":\"https:\/\/www.africa-press.net\/mozambique\/all-news\/prime-minister-representing-president-nyusi-at-au-summits-in-malabo#primaryimage\"},\"image\":{\"@id\":\"https:\/\/www.africa-press.net\/mozambique\/all-news\/prime-minister-representing-president-nyusi-at-au-summits-in-malabo#primaryimage\"},\"thumbnailUrl\":\"https:\/\/static.africa-press.net\/mozambique\/sites\/64\/2022\/05\/img-629391f10f9bc.jpg\",\"datePublished\":\"2022-05-29T15:30:31+00:00\",\"author\":{\"@id\":\"https:\/\/www.africa-press.net\/mozambique\/#\/schema\/person\/068c7ab4e9634ae78ec5d54ec46598bb\"},\"breadcrumb\":{\"@id\":\"https:\/\/www.africa-press.net\/mozambique\/all-news\/prime-minister-representing-president-nyusi-at-au-summits-in-malabo#breadcrumb\"},\"inLanguage\":\"en-US\",\"potentialAction\":[{\"@type\":\"ReadAction\",\"target\":[\"https:\/\/www.africa-press.net\/mozambique\/all-news\/prime-minister-representing-president-nyusi-at-au-summits-in-malabo\"]}]},{\"@type\":\"ImageObject\",\"inLanguage\":\"en-US\",\"@id\":\"https:\/\/www.africa-press.net\/mozambique\/all-news\/prime-minister-representing-president-nyusi-at-au-summits-in-malabo#primaryimage\",\"url\":\"https:\/\/static.africa-press.net\/mozambique\/sites\/64\/2022\/05\/img-629391f10f9bc.jpg\",\"contentUrl\":\"https:\/\/static.africa-press.net\/mozambique\/sites\/64\/2022\/05\/img-629391f10f9bc.jpg\",\"width\":900,\"height\":632,\"caption\":\"Prime Minister representing President Nyusi at AU Summits in Malabo\"},{\"@type\":\"BreadcrumbList\",\"@id\":\"https:\/\/www.africa-press.net\/mozambique\/all-news\/prime-minister-representing-president-nyusi-at-au-summits-in-malabo#breadcrumb\",\"itemListElement\":[{\"@type\":\"ListItem\",\"position\":1,\"name\":\"Home\",\"item\":\"https:\/\/www.africa-press.net\/mozambique\/\"},{\"@type\":\"ListItem\",\"position\":2,\"name\":\"Prime Minister representing President Nyusi at AU Summits in Malabo\"}]},{\"@type\":\"WebSite\",\"@id\":\"https:\/\/www.africa-press.net\/mozambique\/#website\",\"url\":\"https:\/\/www.africa-press.net\/mozambique\/\",\"name\":\"Mozambique\",\"description\":\"Just another Africa News Agency Sites site\",\"potentialAction\":[{\"@type\":\"SearchAction\",\"target\":{\"@type\":\"EntryPoint\",\"urlTemplate\":\"https:\/\/www.africa-press.net\/mozambique\/?s={search_term_string}\"},\"query-input\":{\"@type\":\"PropertyValueSpecification\",\"valueRequired\":true,\"valueName\":\"search_term_string\"}}],\"inLanguage\":\"en-US\"},{\"@type\":\"Person\",\"@id\":\"https:\/\/www.africa-press.net\/mozambique\/#\/schema\/person\/068c7ab4e9634ae78ec5d54ec46598bb\",\"name\":\"cfeditoren\",\"image\":{\"@type\":\"ImageObject\",\"inLanguage\":\"en-US\",\"@id\":\"https:\/\/www.africa-press.net\/mozambique\/#\/schema\/person\/image\/\",\"url\":\"https:\/\/secure.gravatar.com\/avatar\/7417380fa9e23b5c57fdbfdaf3fdf92ee478f759a084addda5faa3732853e74a?s=96&d=mm&r=g\",\"contentUrl\":\"https:\/\/secure.gravatar.com\/avatar\/7417380fa9e23b5c57fdbfdaf3fdf92ee478f759a084addda5faa3732853e74a?s=96&d=mm&r=g\",\"caption\":\"cfeditoren\"}}]}<\/script>\n<!-- \/ Yoast SEO Premium plugin. -->","yoast_head_json":{"title":"Prime Minister representing President Nyusi at AU Summits in Malabo - Mozambique","robots":{"index":"index","follow":"follow","max-snippet":"max-snippet:-1","max-image-preview":"max-image-preview:large","max-video-preview":"max-video-preview:-1"},"canonical":"https:\/\/www.africa-press.net\/mozambique\/all-news\/prime-minister-representing-president-nyusi-at-au-summits-in-malabo","og_locale":"en_US","og_type":"article","og_title":"Prime Minister representing President Nyusi at AU Summits in Malabo","og_description":"Africa-Press &#8211; Mozambique. Prime Minister of Mozambique, Adriano Maleiane, is in Malabo, Equatorial Guinea, where he will participate, on behalf of President of the Republic, Filipe Nyusi, in the African Union (AU) Extraordinary Humanitarian Summit and Pledging Conference, and in the AU Extraordinary Summit on Unconstitutional Changes of Governments in Africa. The Prime Minister heads [&hellip;]","og_url":"https:\/\/www.africa-press.net\/mozambique\/all-news\/prime-minister-representing-president-nyusi-at-au-summits-in-malabo","og_site_name":"Mozambique","article_publisher":"https:\/\/www.facebook.com\/AfricaPressTunisiaa","article_published_time":"2022-05-29T15:30:31+00:00","author":"cfeditoren","twitter_card":"summary_large_image","twitter_misc":{"Written by":"cfeditoren","Est. reading time":"1 minute"},"schema":{"@context":"https:\/\/schema.org","@graph":[{"@type":"Article","@id":"https:\/\/www.africa-press.net\/mozambique\/all-news\/prime-minister-representing-president-nyusi-at-au-summits-in-malabo#article","isPartOf":{"@id":"https:\/\/www.africa-press.net\/mozambique\/all-news\/prime-minister-representing-president-nyusi-at-au-summits-in-malabo"},"author":{"name":"cfeditoren","@id":"https:\/\/www.africa-press.net\/mozambique\/#\/schema\/person\/068c7ab4e9634ae78ec5d54ec46598bb"},"headline":"Prime Minister representing President Nyusi at AU Summits in Malabo","datePublished":"2022-05-29T15:30:31+00:00","mainEntityOfPage":{"@id":"https:\/\/www.africa-press.net\/mozambique\/all-news\/prime-minister-representing-president-nyusi-at-au-summits-in-malabo"},"wordCount":199,"commentCount":0,"image":{"@id":"https:\/\/www.africa-press.net\/mozambique\/all-news\/prime-minister-representing-president-nyusi-at-au-summits-in-malabo#primaryimage"},"thumbnailUrl":"https:\/\/static.africa-press.net\/mozambique\/sites\/64\/2022\/05\/img-629391f10f9bc.jpg","keywords":["Africa Press","Africa Press-Mozambique","Mozambique"],"articleSection":["all news","head lines","homepage-english","policy","twitter"],"inLanguage":"en-US","potentialAction":[{"@type":"CommentAction","name":"Comment","target":["https:\/\/www.africa-press.net\/mozambique\/all-news\/prime-minister-representing-president-nyusi-at-au-summits-in-malabo#respond"]}]},{"@type":"WebPage","@id":"https:\/\/www.africa-press.net\/mozambique\/all-news\/prime-minister-representing-president-nyusi-at-au-summits-in-malabo","url":"https:\/\/www.africa-press.net\/mozambique\/all-news\/prime-minister-representing-president-nyusi-at-au-summits-in-malabo","name":"Prime Minister representing President Nyusi at AU Summits in Malabo - Mozambique","isPartOf":{"@id":"https:\/\/www.africa-press.net\/mozambique\/#website"},"primaryImageOfPage":{"@id":"https:\/\/www.africa-press.net\/mozambique\/all-news\/prime-minister-representing-president-nyusi-at-au-summits-in-malabo#primaryimage"},"image":{"@id":"https:\/\/www.africa-press.net\/mozambique\/all-news\/prime-minister-representing-president-nyusi-at-au-summits-in-malabo#primaryimage"},"thumbnailUrl":"https:\/\/static.africa-press.net\/mozambique\/sites\/64\/2022\/05\/img-629391f10f9bc.jpg","datePublished":"2022-05-29T15:30:31+00:00","author":{"@id":"https:\/\/www.africa-press.net\/mozambique\/#\/schema\/person\/068c7ab4e9634ae78ec5d54ec46598bb"},"breadcrumb":{"@id":"https:\/\/www.africa-press.net\/mozambique\/all-news\/prime-minister-representing-president-nyusi-at-au-summits-in-malabo#breadcrumb"},"inLanguage":"en-US","potentialAction":[{"@type":"ReadAction","target":["https:\/\/www.africa-press.net\/mozambique\/all-news\/prime-minister-representing-president-nyusi-at-au-summits-in-malabo"]}]},{"@type":"ImageObject","inLanguage":"en-US","@id":"https:\/\/www.africa-press.net\/mozambique\/all-news\/prime-minister-representing-president-nyusi-at-au-summits-in-malabo#primaryimage","url":"https:\/\/static.africa-press.net\/mozambique\/sites\/64\/2022\/05\/img-629391f10f9bc.jpg","contentUrl":"https:\/\/static.africa-press.net\/mozambique\/sites\/64\/2022\/05\/img-629391f10f9bc.jpg","width":900,"height":632,"caption":"Prime Minister representing President Nyusi at AU Summits in Malabo"},{"@type":"BreadcrumbList","@id":"https:\/\/www.africa-press.net\/mozambique\/all-news\/prime-minister-representing-president-nyusi-at-au-summits-in-malabo#breadcrumb","itemListElement":[{"@type":"ListItem","position":1,"name":"Home","item":"https:\/\/www.africa-press.net\/mozambique\/"},{"@type":"ListItem","position":2,"name":"Prime Minister representing President Nyusi at AU Summits in Malabo"}]},{"@type":"WebSite","@id":"https:\/\/www.africa-press.net\/mozambique\/#website","url":"https:\/\/www.africa-press.net\/mozambique\/","name":"Mozambique","description":"Just another Africa News Agency Sites site","potentialAction":[{"@type":"SearchAction","target":{"@type":"EntryPoint","urlTemplate":"https:\/\/www.africa-press.net\/mozambique\/?s={search_term_string}"},"query-input":{"@type":"PropertyValueSpecification","valueRequired":true,"valueName":"search_term_string"}}],"inLanguage":"en-US"},{"@type":"Person","@id":"https:\/\/www.africa-press.net\/mozambique\/#\/schema\/person\/068c7ab4e9634ae78ec5d54ec46598bb","name":"cfeditoren","image":{"@type":"ImageObject","inLanguage":"en-US","@id":"https:\/\/www.africa-press.net\/mozambique\/#\/schema\/person\/image\/","url":"https:\/\/secure.gravatar.com\/avatar\/7417380fa9e23b5c57fdbfdaf3fdf92ee478f759a084addda5faa3732853e74a?s=96&d=mm&r=g","contentUrl":"https:\/\/secure.gravatar.com\/avatar\/7417380fa9e23b5c57fdbfdaf3fdf92ee478f759a084addda5faa3732853e74a?s=96&d=mm&r=g","caption":"cfeditoren"}}]}},"_links":{"self":[{"href":"https:\/\/www.africa-press.net\/mozambique\/wp-json\/wp\/v2\/posts\/20272","targetHints":{"allow":["GET"]}}],"collection":[{"href":"https:\/\/www.africa-press.net\/mozambique\/wp-json\/wp\/v2\/posts"}],"about":[{"href":"https:\/\/www.africa-press.net\/mozambique\/wp-json\/wp\/v2\/types\/post"}],"author":[{"embeddable":true,"href":"https:\/\/www.africa-press.net\/mozambique\/wp-json\/wp\/v2\/users\/84"}],"replies":[{"embeddable":true,"href":"https:\/\/www.africa-press.net\/mozambique\/wp-json\/wp\/v2\/comments?post=20272"}],"version-history":[{"count":0,"href":"https:\/\/www.africa-press.net\/mozambique\/wp-json\/wp\/v2\/posts\/20272\/revisions"}],"wp:featuredmedia":[{"embeddable":true,"href":"https:\/\/www.africa-press.net\/mozambique\/wp-json\/wp\/v2\/media\/20271"}],"wp:attachment":[{"href":"https:\/\/www.africa-press.net\/mozambique\/wp-json\/wp\/v2\/media?parent=20272"}],"wp:term":[{"taxonomy":"category","embeddable":true,"href":"https:\/\/www.africa-press.net\/mozambique\/wp-json\/wp\/v2\/categories?post=20272"},{"taxonomy":"post_tag","embeddable":true,"href":"https:\/\/www.africa-press.net\/mozambique\/wp-json\/wp\/v2\/tags?post=20272"}],"curies":[{"name":"wp","href":"https:\/\/api.w.org\/{rel}","templated":true}]}}