{"id":20392,"date":"2022-05-31T16:09:34","date_gmt":"2022-05-31T16:09:34","guid":{"rendered":"https:\/\/www.africa-press.net\/mozambique\/all-news\/remaining-renamo-military-bases-should-be-closed-by-year-end-nyusi"},"modified":"2022-05-31T16:17:52","modified_gmt":"2022-05-31T16:17:52","slug":"remaining-renamo-military-bases-should-be-closed-by-year-end-nyusi","status":"publish","type":"post","link":"https:\/\/www.africa-press.net\/mozambique\/all-news\/remaining-renamo-military-bases-should-be-closed-by-year-end-nyusi","title":{"rendered":"Remaining Renamo military bases should be closed by year end \u2013 Nyusi"},"content":{"rendered":"<p><span style=\"color: #ff6600\"><strong>Africa-Press &#8211; Mozambique. <\/strong><\/span>Mozambican President Filipe Nyusi said on Friday that all Renamo military bases should be closed by the end of the year.<\/p>\n<p>\u201cBy the end of 2022, the four remaining Renamo bases can be closed,\u201d the Mozambican head of state said.<\/p>\n<p>Nyusi was speaking at the opening of the fifth session of the central committee of the ruling party Frente de Liberta\u00e7\u00e3o de Mo\u00e7ambique (Frelimo), of which he is president.<\/p>\n<p>As part of the disarmament, demobilisation and reintegration (DDR) of the Mozambican National Resistance (Renamo) guerrilla group, 12 of the 16 bases that the armed wing of the main opposition party had been deactivated, Nyusi added.<\/p>\n<p>The Frelimo leader said that 68 percent of the 5,000 Renamo guerrillas had been demobilised, \u201care in their homes\u201d and in social reintegration.<\/p>\n<p>Despite the success of the DDR, the government will continue the dialogue with Renamo in order to preserve peace.<\/p>\n<p>\u201cWe maintain that peace, stability, unity and progress should be the supreme interest of all Mozambicans,\u201d concluded Filipe Nyusi.<\/p>\n<p>The DDR falls within the framework of the Peace and Reconciliation Agreement signed between the Frelimo government and Renamo in August 2019.<\/p>\n<p>The understanding was the third between the two parties, always after cycles of armed violence, mainly in the centre of the country.<\/p>\n<p><strong>For More News And Analysis About <a href=\"https:\/\/www.africa-press.net\/mozambique\">Mozambique<\/a> Follow <a href=\"https:\/\/www.africa-press.net\/\">Africa-Press<\/a><\/strong><\/p>\n","protected":false},"excerpt":{"rendered":"<p>Africa-Press &#8211; Mozambique. Mozambican President Filipe Nyusi said on Friday that all Renamo military bases should be closed by the end of the year. \u201cBy the end of 2022, the four remaining Renamo bases can be closed,\u201d the Mozambican head of state said. Nyusi was speaking at the opening of the fifth session of the [&hellip;]<\/p>\n","protected":false},"author":84,"featured_media":20391,"comment_status":"open","ping_status":"open","sticky":false,"template":"","format":"standard","meta":{"footnotes":""},"categories":[2,7,8,10,16],"tags":[233,281,283],"class_list":["post-20392","post","type-post","status-publish","format-standard","has-post-thumbnail","hentry","category-all-news","category-head-lines","category-homepage-english","category-parties","category-twitter","tag-africa-press","tag-africa-press-mozambique","tag-mozambique"],"yoast_head":"<!-- This site is optimized with the Yoast SEO Premium plugin v26.1 (Yoast SEO v27.0) - https:\/\/yoast.com\/product\/yoast-seo-premium-wordpress\/ -->\n<title>Remaining Renamo military bases should be closed by year end \u2013 Nyusi - Mozambique<\/title>\n<meta name=\"description\" content=\"Mozambican President Filipe Nyusi said on Friday that all Renamo military bases should be closed by the end of the year. ...\" \/>\n<meta name=\"robots\" content=\"index, follow, max-snippet:-1, max-image-preview:large, max-video-preview:-1\" \/>\n<link rel=\"canonical\" href=\"https:\/\/www.africa-press.net\/mozambique\/all-news\/remaining-renamo-military-bases-should-be-closed-by-year-end-nyusi\" \/>\n<meta property=\"og:locale\" content=\"en_US\" \/>\n<meta property=\"og:type\" content=\"article\" \/>\n<meta property=\"og:title\" content=\"Remaining Renamo military bases should be closed by year end \u2013 Nyusi\" \/>\n<meta property=\"og:description\" content=\"Mozambican President Filipe Nyusi said on Friday that all Renamo military bases should be closed by the end of the year. ...\" \/>\n<meta property=\"og:url\" content=\"https:\/\/www.africa-press.net\/mozambique\/all-news\/remaining-renamo-military-bases-should-be-closed-by-year-end-nyusi\" \/>\n<meta property=\"og:site_name\" content=\"Mozambique\" \/>\n<meta property=\"article:publisher\" content=\"https:\/\/www.facebook.com\/AfricaPressTunisiaa\" \/>\n<meta property=\"article:published_time\" content=\"2022-05-31T16:09:34+00:00\" \/>\n<meta property=\"article:modified_time\" content=\"2022-05-31T16:17:52+00:00\" \/>\n<meta property=\"og:image\" content=\"https:\/\/static.africa-press.net\/mozambique\/sites\/64\/2022\/05\/img-62963f972d4e8.jpg\" \/>\n\t<meta property=\"og:image:width\" content=\"926\" \/>\n\t<meta property=\"og:image:height\" content=\"593\" \/>\n\t<meta property=\"og:image:type\" content=\"image\/jpeg\" \/>\n<meta name=\"author\" content=\"cfeditoren\" \/>\n<meta name=\"twitter:card\" content=\"summary_large_image\" \/>\n<meta name=\"twitter:label1\" content=\"Written by\" \/>\n\t<meta name=\"twitter:data1\" content=\"cfeditoren\" \/>\n\t<meta name=\"twitter:label2\" content=\"Est. reading time\" \/>\n\t<meta name=\"twitter:data2\" content=\"1 minute\" \/>\n<script type=\"application\/ld+json\" class=\"yoast-schema-graph\">{\"@context\":\"https:\/\/schema.org\",\"@graph\":[{\"@type\":\"Article\",\"@id\":\"https:\/\/www.africa-press.net\/mozambique\/all-news\/remaining-renamo-military-bases-should-be-closed-by-year-end-nyusi#article\",\"isPartOf\":{\"@id\":\"https:\/\/www.africa-press.net\/mozambique\/all-news\/remaining-renamo-military-bases-should-be-closed-by-year-end-nyusi\"},\"author\":{\"name\":\"cfeditoren\",\"@id\":\"https:\/\/www.africa-press.net\/mozambique\/#\/schema\/person\/068c7ab4e9634ae78ec5d54ec46598bb\"},\"headline\":\"Remaining Renamo military bases should be closed by year end \u2013 Nyusi\",\"datePublished\":\"2022-05-31T16:09:34+00:00\",\"dateModified\":\"2022-05-31T16:17:52+00:00\",\"mainEntityOfPage\":{\"@id\":\"https:\/\/www.africa-press.net\/mozambique\/all-news\/remaining-renamo-military-bases-should-be-closed-by-year-end-nyusi\"},\"wordCount\":229,\"commentCount\":0,\"image\":{\"@id\":\"https:\/\/www.africa-press.net\/mozambique\/all-news\/remaining-renamo-military-bases-should-be-closed-by-year-end-nyusi#primaryimage\"},\"thumbnailUrl\":\"https:\/\/static.africa-press.net\/mozambique\/sites\/64\/2022\/05\/img-62963f972d4e8.jpg\",\"keywords\":[\"Africa Press\",\"Africa Press-Mozambique\",\"Mozambique\"],\"articleSection\":[\"all news\",\"head lines\",\"homepage-english\",\"parties\",\"twitter\"],\"inLanguage\":\"en-US\",\"potentialAction\":[{\"@type\":\"CommentAction\",\"name\":\"Comment\",\"target\":[\"https:\/\/www.africa-press.net\/mozambique\/all-news\/remaining-renamo-military-bases-should-be-closed-by-year-end-nyusi#respond\"]}]},{\"@type\":\"WebPage\",\"@id\":\"https:\/\/www.africa-press.net\/mozambique\/all-news\/remaining-renamo-military-bases-should-be-closed-by-year-end-nyusi\",\"url\":\"https:\/\/www.africa-press.net\/mozambique\/all-news\/remaining-renamo-military-bases-should-be-closed-by-year-end-nyusi\",\"name\":\"Remaining Renamo military bases should be closed by year end \u2013 Nyusi - Mozambique\",\"isPartOf\":{\"@id\":\"https:\/\/www.africa-press.net\/mozambique\/#website\"},\"primaryImageOfPage\":{\"@id\":\"https:\/\/www.africa-press.net\/mozambique\/all-news\/remaining-renamo-military-bases-should-be-closed-by-year-end-nyusi#primaryimage\"},\"image\":{\"@id\":\"https:\/\/www.africa-press.net\/mozambique\/all-news\/remaining-renamo-military-bases-should-be-closed-by-year-end-nyusi#primaryimage\"},\"thumbnailUrl\":\"https:\/\/static.africa-press.net\/mozambique\/sites\/64\/2022\/05\/img-62963f972d4e8.jpg\",\"datePublished\":\"2022-05-31T16:09:34+00:00\",\"dateModified\":\"2022-05-31T16:17:52+00:00\",\"author\":{\"@id\":\"https:\/\/www.africa-press.net\/mozambique\/#\/schema\/person\/068c7ab4e9634ae78ec5d54ec46598bb\"},\"description\":\"Mozambican President Filipe Nyusi said on Friday that all Renamo military bases should be closed by the end of the year. ...\",\"breadcrumb\":{\"@id\":\"https:\/\/www.africa-press.net\/mozambique\/all-news\/remaining-renamo-military-bases-should-be-closed-by-year-end-nyusi#breadcrumb\"},\"inLanguage\":\"en-US\",\"potentialAction\":[{\"@type\":\"ReadAction\",\"target\":[\"https:\/\/www.africa-press.net\/mozambique\/all-news\/remaining-renamo-military-bases-should-be-closed-by-year-end-nyusi\"]}]},{\"@type\":\"ImageObject\",\"inLanguage\":\"en-US\",\"@id\":\"https:\/\/www.africa-press.net\/mozambique\/all-news\/remaining-renamo-military-bases-should-be-closed-by-year-end-nyusi#primaryimage\",\"url\":\"https:\/\/static.africa-press.net\/mozambique\/sites\/64\/2022\/05\/img-62963f972d4e8.jpg\",\"contentUrl\":\"https:\/\/static.africa-press.net\/mozambique\/sites\/64\/2022\/05\/img-62963f972d4e8.jpg\",\"width\":926,\"height\":593,\"caption\":\"Remaining Renamo military bases should be closed by year end \u2013 Nyusi\"},{\"@type\":\"BreadcrumbList\",\"@id\":\"https:\/\/www.africa-press.net\/mozambique\/all-news\/remaining-renamo-military-bases-should-be-closed-by-year-end-nyusi#breadcrumb\",\"itemListElement\":[{\"@type\":\"ListItem\",\"position\":1,\"name\":\"Home\",\"item\":\"https:\/\/www.africa-press.net\/mozambique\/\"},{\"@type\":\"ListItem\",\"position\":2,\"name\":\"Remaining Renamo military bases should be closed by year end \u2013 Nyusi\"}]},{\"@type\":\"WebSite\",\"@id\":\"https:\/\/www.africa-press.net\/mozambique\/#website\",\"url\":\"https:\/\/www.africa-press.net\/mozambique\/\",\"name\":\"Mozambique\",\"description\":\"Just another Africa News Agency Sites site\",\"potentialAction\":[{\"@type\":\"SearchAction\",\"target\":{\"@type\":\"EntryPoint\",\"urlTemplate\":\"https:\/\/www.africa-press.net\/mozambique\/?s={search_term_string}\"},\"query-input\":{\"@type\":\"PropertyValueSpecification\",\"valueRequired\":true,\"valueName\":\"search_term_string\"}}],\"inLanguage\":\"en-US\"},{\"@type\":\"Person\",\"@id\":\"https:\/\/www.africa-press.net\/mozambique\/#\/schema\/person\/068c7ab4e9634ae78ec5d54ec46598bb\",\"name\":\"cfeditoren\",\"image\":{\"@type\":\"ImageObject\",\"inLanguage\":\"en-US\",\"@id\":\"https:\/\/www.africa-press.net\/mozambique\/#\/schema\/person\/image\/\",\"url\":\"https:\/\/secure.gravatar.com\/avatar\/7417380fa9e23b5c57fdbfdaf3fdf92ee478f759a084addda5faa3732853e74a?s=96&d=mm&r=g\",\"contentUrl\":\"https:\/\/secure.gravatar.com\/avatar\/7417380fa9e23b5c57fdbfdaf3fdf92ee478f759a084addda5faa3732853e74a?s=96&d=mm&r=g\",\"caption\":\"cfeditoren\"}}]}<\/script>\n<!-- \/ Yoast SEO Premium plugin. -->","yoast_head_json":{"title":"Remaining Renamo military bases should be closed by year end \u2013 Nyusi - Mozambique","description":"Mozambican President Filipe Nyusi said on Friday that all Renamo military bases should be closed by the end of the year. ...","robots":{"index":"index","follow":"follow","max-snippet":"max-snippet:-1","max-image-preview":"max-image-preview:large","max-video-preview":"max-video-preview:-1"},"canonical":"https:\/\/www.africa-press.net\/mozambique\/all-news\/remaining-renamo-military-bases-should-be-closed-by-year-end-nyusi","og_locale":"en_US","og_type":"article","og_title":"Remaining Renamo military bases should be closed by year end \u2013 Nyusi","og_description":"Mozambican President Filipe Nyusi said on Friday that all Renamo military bases should be closed by the end of the year. ...","og_url":"https:\/\/www.africa-press.net\/mozambique\/all-news\/remaining-renamo-military-bases-should-be-closed-by-year-end-nyusi","og_site_name":"Mozambique","article_publisher":"https:\/\/www.facebook.com\/AfricaPressTunisiaa","article_published_time":"2022-05-31T16:09:34+00:00","article_modified_time":"2022-05-31T16:17:52+00:00","og_image":[{"width":926,"height":593,"url":"https:\/\/static.africa-press.net\/mozambique\/sites\/64\/2022\/05\/img-62963f972d4e8.jpg","type":"image\/jpeg"}],"author":"cfeditoren","twitter_card":"summary_large_image","twitter_misc":{"Written by":"cfeditoren","Est. reading time":"1 minute"},"schema":{"@context":"https:\/\/schema.org","@graph":[{"@type":"Article","@id":"https:\/\/www.africa-press.net\/mozambique\/all-news\/remaining-renamo-military-bases-should-be-closed-by-year-end-nyusi#article","isPartOf":{"@id":"https:\/\/www.africa-press.net\/mozambique\/all-news\/remaining-renamo-military-bases-should-be-closed-by-year-end-nyusi"},"author":{"name":"cfeditoren","@id":"https:\/\/www.africa-press.net\/mozambique\/#\/schema\/person\/068c7ab4e9634ae78ec5d54ec46598bb"},"headline":"Remaining Renamo military bases should be closed by year end \u2013 Nyusi","datePublished":"2022-05-31T16:09:34+00:00","dateModified":"2022-05-31T16:17:52+00:00","mainEntityOfPage":{"@id":"https:\/\/www.africa-press.net\/mozambique\/all-news\/remaining-renamo-military-bases-should-be-closed-by-year-end-nyusi"},"wordCount":229,"commentCount":0,"image":{"@id":"https:\/\/www.africa-press.net\/mozambique\/all-news\/remaining-renamo-military-bases-should-be-closed-by-year-end-nyusi#primaryimage"},"thumbnailUrl":"https:\/\/static.africa-press.net\/mozambique\/sites\/64\/2022\/05\/img-62963f972d4e8.jpg","keywords":["Africa Press","Africa Press-Mozambique","Mozambique"],"articleSection":["all news","head lines","homepage-english","parties","twitter"],"inLanguage":"en-US","potentialAction":[{"@type":"CommentAction","name":"Comment","target":["https:\/\/www.africa-press.net\/mozambique\/all-news\/remaining-renamo-military-bases-should-be-closed-by-year-end-nyusi#respond"]}]},{"@type":"WebPage","@id":"https:\/\/www.africa-press.net\/mozambique\/all-news\/remaining-renamo-military-bases-should-be-closed-by-year-end-nyusi","url":"https:\/\/www.africa-press.net\/mozambique\/all-news\/remaining-renamo-military-bases-should-be-closed-by-year-end-nyusi","name":"Remaining Renamo military bases should be closed by year end \u2013 Nyusi - Mozambique","isPartOf":{"@id":"https:\/\/www.africa-press.net\/mozambique\/#website"},"primaryImageOfPage":{"@id":"https:\/\/www.africa-press.net\/mozambique\/all-news\/remaining-renamo-military-bases-should-be-closed-by-year-end-nyusi#primaryimage"},"image":{"@id":"https:\/\/www.africa-press.net\/mozambique\/all-news\/remaining-renamo-military-bases-should-be-closed-by-year-end-nyusi#primaryimage"},"thumbnailUrl":"https:\/\/static.africa-press.net\/mozambique\/sites\/64\/2022\/05\/img-62963f972d4e8.jpg","datePublished":"2022-05-31T16:09:34+00:00","dateModified":"2022-05-31T16:17:52+00:00","author":{"@id":"https:\/\/www.africa-press.net\/mozambique\/#\/schema\/person\/068c7ab4e9634ae78ec5d54ec46598bb"},"description":"Mozambican President Filipe Nyusi said on Friday that all Renamo military bases should be closed by the end of the year. ...","breadcrumb":{"@id":"https:\/\/www.africa-press.net\/mozambique\/all-news\/remaining-renamo-military-bases-should-be-closed-by-year-end-nyusi#breadcrumb"},"inLanguage":"en-US","potentialAction":[{"@type":"ReadAction","target":["https:\/\/www.africa-press.net\/mozambique\/all-news\/remaining-renamo-military-bases-should-be-closed-by-year-end-nyusi"]}]},{"@type":"ImageObject","inLanguage":"en-US","@id":"https:\/\/www.africa-press.net\/mozambique\/all-news\/remaining-renamo-military-bases-should-be-closed-by-year-end-nyusi#primaryimage","url":"https:\/\/static.africa-press.net\/mozambique\/sites\/64\/2022\/05\/img-62963f972d4e8.jpg","contentUrl":"https:\/\/static.africa-press.net\/mozambique\/sites\/64\/2022\/05\/img-62963f972d4e8.jpg","width":926,"height":593,"caption":"Remaining Renamo military bases should be closed by year end \u2013 Nyusi"},{"@type":"BreadcrumbList","@id":"https:\/\/www.africa-press.net\/mozambique\/all-news\/remaining-renamo-military-bases-should-be-closed-by-year-end-nyusi#breadcrumb","itemListElement":[{"@type":"ListItem","position":1,"name":"Home","item":"https:\/\/www.africa-press.net\/mozambique\/"},{"@type":"ListItem","position":2,"name":"Remaining Renamo military bases should be closed by year end \u2013 Nyusi"}]},{"@type":"WebSite","@id":"https:\/\/www.africa-press.net\/mozambique\/#website","url":"https:\/\/www.africa-press.net\/mozambique\/","name":"Mozambique","description":"Just another Africa News Agency Sites site","potentialAction":[{"@type":"SearchAction","target":{"@type":"EntryPoint","urlTemplate":"https:\/\/www.africa-press.net\/mozambique\/?s={search_term_string}"},"query-input":{"@type":"PropertyValueSpecification","valueRequired":true,"valueName":"search_term_string"}}],"inLanguage":"en-US"},{"@type":"Person","@id":"https:\/\/www.africa-press.net\/mozambique\/#\/schema\/person\/068c7ab4e9634ae78ec5d54ec46598bb","name":"cfeditoren","image":{"@type":"ImageObject","inLanguage":"en-US","@id":"https:\/\/www.africa-press.net\/mozambique\/#\/schema\/person\/image\/","url":"https:\/\/secure.gravatar.com\/avatar\/7417380fa9e23b5c57fdbfdaf3fdf92ee478f759a084addda5faa3732853e74a?s=96&d=mm&r=g","contentUrl":"https:\/\/secure.gravatar.com\/avatar\/7417380fa9e23b5c57fdbfdaf3fdf92ee478f759a084addda5faa3732853e74a?s=96&d=mm&r=g","caption":"cfeditoren"}}]}},"_links":{"self":[{"href":"https:\/\/www.africa-press.net\/mozambique\/wp-json\/wp\/v2\/posts\/20392","targetHints":{"allow":["GET"]}}],"collection":[{"href":"https:\/\/www.africa-press.net\/mozambique\/wp-json\/wp\/v2\/posts"}],"about":[{"href":"https:\/\/www.africa-press.net\/mozambique\/wp-json\/wp\/v2\/types\/post"}],"author":[{"embeddable":true,"href":"https:\/\/www.africa-press.net\/mozambique\/wp-json\/wp\/v2\/users\/84"}],"replies":[{"embeddable":true,"href":"https:\/\/www.africa-press.net\/mozambique\/wp-json\/wp\/v2\/comments?post=20392"}],"version-history":[{"count":0,"href":"https:\/\/www.africa-press.net\/mozambique\/wp-json\/wp\/v2\/posts\/20392\/revisions"}],"wp:featuredmedia":[{"embeddable":true,"href":"https:\/\/www.africa-press.net\/mozambique\/wp-json\/wp\/v2\/media\/20391"}],"wp:attachment":[{"href":"https:\/\/www.africa-press.net\/mozambique\/wp-json\/wp\/v2\/media?parent=20392"}],"wp:term":[{"taxonomy":"category","embeddable":true,"href":"https:\/\/www.africa-press.net\/mozambique\/wp-json\/wp\/v2\/categories?post=20392"},{"taxonomy":"post_tag","embeddable":true,"href":"https:\/\/www.africa-press.net\/mozambique\/wp-json\/wp\/v2\/tags?post=20392"}],"curies":[{"name":"wp","href":"https:\/\/api.w.org\/{rel}","templated":true}]}}