{"id":21322,"date":"2022-06-16T15:56:11","date_gmt":"2022-06-16T15:56:11","guid":{"rendered":"https:\/\/www.africa-press.net\/mozambique\/all-news\/france-bestows-knight-of-the-order-of-arts-and-letters-on-quito-tembe"},"modified":"2022-06-16T16:12:28","modified_gmt":"2022-06-16T16:12:28","slug":"france-bestows-knight-of-the-order-of-arts-and-letters-on-quito-tembe","status":"publish","type":"post","link":"https:\/\/www.africa-press.net\/mozambique\/all-news\/france-bestows-knight-of-the-order-of-arts-and-letters-on-quito-tembe","title":{"rendered":"France bestows \u201cKnight of the Order of Arts and Letters\u201d on Quito Tembe"},"content":{"rendered":"<p><span style=\"color: #ff6600\"><strong>Africa-Press &#8211; Mozambique. <\/strong><\/span>The French government has bestowed the award of Knight of the Order of Arts and Letters (Chevalier dans l\u2019Ordre des Arts et des Lettres) on renowned Mozambican dance curator Quito Tembe.<\/p>\n<p>The Ambassador of France to Mozambique David Izzo on Tuesday bestowed upon Quito Tembe the award of Chevalier dans l\u2019Ordre des Arts et des Lettres on behalf of the French Minister of Culture Rima Abdul Malak at the French Residence in Maputo.<\/p>\n<p>The award ceremony was attended by Mozambique\u2019s Minister of Culture, Eldevina Materula.<\/p>\n<p>Director of Mozambique-based International Contemporary Dance Platform KINANI, Quito Abr\u00e3o Tembe, is an associate curators of the International Tanzmesse, a leading contemporary dance platform known as one of the largest forums for exchange, knowledge transfer and networking in the dance world.<br \/>\nDavid Izzo said on the occasion:<\/p>\n<p>\u201cYour Excellency Minister of Culture and Tourism, Dear Eldevina Materula, guests and friends<\/p>\n<p>Dear Quito Tembe, we are all here today to honour your contribution, over many years, to the development of culture in Mozambique, but also your connection with France.<\/p>\n<p>It is a great moment for us, because it has been a long time since we organised a ceremony of this type, due to the health crisis.<\/p>\n<p>Dear Quito, who, since 2015 has been the face and soul of the KINANI contemporary dance biennial. His work has made Maputo a stronghold of contemporary dance not only in the Indian Ocean area, but also on the mainland.<\/p>\n<p>In this regard, Quito was able to forge relationships of trust with the French Institute of Paris, one of the main partners of KINANI, but also with many artists from Metropolitan France and R\u00e9union Island.<\/p>\n<p>Since 2021, he has been a member of the artistic committee of the Festival \u201cDanse l\u2019Afrique Danse\u201d, proof of his commitment and of the work he has been carrying out for over 20 years.<\/p>\n<p>But if we are here, dear Quito, it is also to discover some facets of your history and personality. So let\u2019s go back in time\u2026<\/p>\n<p>Since he was 13\/14 years old, Quito has been sensitive to the arts, frequenting the \u201cCasa Velha de Maputo\u201d.<\/p>\n<p>His passion was such that one day he even fell asleep in \u201cCasa Velha\u201d, after having helped all night to set up a stage for a play!!<\/p>\n<p>His parents looked all over town for him. Finally, they remembered that they were supposed to go there.<\/p>\n<p>His father, upon discovering him asleep on the stage of \u201cCasa Velha\u201d, was relieved, let him sleep and left.<\/p>\n<p>I take this anecdote to greet the family, namely his mother and father, present in memory, his sisters Na\u00edta, Greve and Helena Tembe, his wife Nelly Honwana and their children Tualy, Tembe, and Thandy, their in-laws, Luis Honwana and Suzette Honwana who share with us the honour of being by his side and to whom he owes so much, as Quito likes to recall.<\/p>\n<p>He then continued his career, graduating in stage technique, scenography and lighting in Portugal and also in Mozambique, at ISARC, and I know that many remember his time at this prestigious institute.<\/p>\n<p>Dear Quito,<\/p>\n<p>We all know the strong connection you have had, for nearly 20 years, with France and the French-speaking world. You were very recently with our Canadian friends.<\/p>\n<p>That\u2019s why we are delighted to be part of our French and French-speaking community!<\/p>\n<p>Quito is really part of our family and honours us with his creativity and his love for our country. In this, Quito is one of the symbols of our beautiful Franco-Mozambican friendship.<\/p>\n<p>This friendship is precious and, as the artist and writer Marguerite Yourcenar said, \u201cI believe that friendship, like love, of which it is a particular kind, requires nearly as much art as a successful choreography\u201d.<\/p>\n<p>This relationship began in the early 2000s with the Franco-Mozambican Cultural Centre where, between 2001 and 2007, he worked as a technical director. However, legend has it that Quito didn\u2019t want to work for Franco!<\/p>\n<p>During a discussion with the then director, he said that CCFM\u2019s technical material was insufficient and obsolete. The director took him at his word and replied: \u201cVery well, tell me what I should buy, but only come work here, with us!\u201d<\/p>\n<p>Quito made his ideal list, and the director accepted it. Quito couldn\u2019t refuse his proposal! And that was how he spent seven years at the CCFM Centro Cultural Franco-Mozambino taking care of lighting creations, the scenography of the performances, but also training generations of young Mozambicans, to whom he transmitted his love and passion of the arts.<\/p>\n<p>His journey has taken him to visit numerous French-speaking countries, such as France, Mali, Senegal, but the list is too long to mention them all.<\/p>\n<p>Dear Quito,<\/p>\n<p>In addition to his professional qualities, what characterises him is his personality, his ability to be a driving force for the Mozambican artistic community and to bring together transcending generations.<\/p>\n<p>The friends present here can testify to this, your concern for others and your willingness to do anything to help them.<\/p>\n<p>Like that time at a dance festival in Chalon-sur-Saone, where his friend Idio Chichava had to put on a show under scorching heat that made the stage impractical.<\/p>\n<p>Quito decided to water the stage several times, but the stage was still burning.<\/p>\n<p>He then had the idea of the century, not the most aesthetic one, of course, to perform the entire piece in socks!<\/p>\n<p>I think that Idio, here with us, keeps the fondest memories!<\/p>\n<p>This deep dedication of his can be illustrated by the words of Albert Einstein, who said: \u201cWe dance for laughter, we dance for tears, we dance for madness, we dance for fears, we dance for hopes, we dance for screams, we are the dancers, we create the dreams.\u201d<\/p>\n<p>Quito has this predisposition to give all of him to provide the spectator with all these feelings, to make them dream, through the performance, and in particular through dance.<\/p>\n<p>Dear Quito<\/p>\n<p>In 2023, we will celebrate the 10th edition of the KINANI Dance Biennial and this 10th edition is part of the \u201cDan\u00e7a a \u00c1frica Dan\u00e7a!\u201d, an important event presented by the French Institute, which highlights the work carried out by \u201cVisa for creation \/ visa pour la cr\u00e9ation\u201d, which, for more than 20 years, has made it possible to follow the development and structuring of an entire sector and inscribe it in international dissemination circuits.<\/p>\n<p>This is recognition for the set of work that Quito has carried out for the development of dance in Mozambique and cultural and artistic exchanges with French-speaking Africa and France.<\/p>\n<p>And we all know that culture, whatever its form, not only transcends borders. More than that, it is an engine of union and positive feelings among people. In this regard, Nelson Mandela said: \u201cIt is music and dance that make me at peace with the world.\u201d<\/p>\n<p>A world today so disturbed in which culture and the arts are and will forever be the vectors of our reconciliation.<\/p>\n<p>Dear Quito, by virtue of the powers conferred upon me, I have the honour to bestow upon you the insignia of Knight in the Order of Arts and Letters of the French Republic.<\/p>\n<p><strong>For More News And Analysis About <a href=\"https:\/\/www.africa-press.net\/mozambique\">Mozambique<\/a> Follow <a href=\"https:\/\/www.africa-press.net\/\">Africa-Press<\/a><\/strong><\/p>\n","protected":false},"excerpt":{"rendered":"<p>Africa-Press &#8211; Mozambique. The French government has bestowed the award of Knight of the Order of Arts and Letters (Chevalier dans l\u2019Ordre des Arts et des Lettres) on renowned Mozambican dance curator Quito Tembe. The Ambassador of France to Mozambique David Izzo on Tuesday bestowed upon Quito Tembe the award of Chevalier dans l\u2019Ordre des [&hellip;]<\/p>\n","protected":false},"author":84,"featured_media":21321,"comment_status":"open","ping_status":"open","sticky":false,"template":"","format":"standard","meta":{"footnotes":""},"categories":[2,4,8,16],"tags":[233,281,283],"class_list":["post-21322","post","type-post","status-publish","format-standard","has-post-thumbnail","hentry","category-all-news","category-culture-and-art","category-homepage-english","category-twitter","tag-africa-press","tag-africa-press-mozambique","tag-mozambique"],"yoast_head":"<!-- This site is optimized with the Yoast SEO Premium plugin v26.1 (Yoast SEO v27.0) - https:\/\/yoast.com\/product\/yoast-seo-premium-wordpress\/ -->\n<title>France bestows \u201cKnight of the Order of Arts and Letters\u201d on Quito Tembe - Mozambique<\/title>\n<meta name=\"description\" content=\"The French government has bestowed the award of Knight of the Order of Arts and Letters (Chevalier dans l\u2019Ordre des Arts ...\" \/>\n<meta name=\"robots\" content=\"index, follow, max-snippet:-1, max-image-preview:large, max-video-preview:-1\" \/>\n<link rel=\"canonical\" href=\"https:\/\/www.africa-press.net\/mozambique\/all-news\/france-bestows-knight-of-the-order-of-arts-and-letters-on-quito-tembe\" \/>\n<meta property=\"og:locale\" content=\"en_US\" \/>\n<meta property=\"og:type\" content=\"article\" \/>\n<meta property=\"og:title\" content=\"France bestows \u201cKnight of the Order of Arts and Letters\u201d on Quito Tembe\" \/>\n<meta property=\"og:description\" content=\"The French government has bestowed the award of Knight of the Order of Arts and Letters (Chevalier dans l\u2019Ordre des Arts ...\" \/>\n<meta property=\"og:url\" content=\"https:\/\/www.africa-press.net\/mozambique\/all-news\/france-bestows-knight-of-the-order-of-arts-and-letters-on-quito-tembe\" \/>\n<meta property=\"og:site_name\" content=\"Mozambique\" \/>\n<meta property=\"article:publisher\" content=\"https:\/\/www.facebook.com\/AfricaPressTunisiaa\" \/>\n<meta property=\"article:published_time\" content=\"2022-06-16T15:56:11+00:00\" \/>\n<meta property=\"article:modified_time\" content=\"2022-06-16T16:12:28+00:00\" \/>\n<meta property=\"og:image\" content=\"https:\/\/static.africa-press.net\/mozambique\/sites\/64\/2022\/06\/img-62ab5637e0895.jpg\" \/>\n\t<meta property=\"og:image:width\" content=\"879\" \/>\n\t<meta property=\"og:image:height\" content=\"651\" \/>\n\t<meta property=\"og:image:type\" content=\"image\/jpeg\" \/>\n<meta name=\"author\" content=\"cfeditoren\" \/>\n<meta name=\"twitter:card\" content=\"summary_large_image\" \/>\n<meta name=\"twitter:label1\" content=\"Written by\" \/>\n\t<meta name=\"twitter:data1\" content=\"cfeditoren\" \/>\n\t<meta name=\"twitter:label2\" content=\"Est. reading time\" \/>\n\t<meta name=\"twitter:data2\" content=\"6 minutes\" \/>\n<script type=\"application\/ld+json\" class=\"yoast-schema-graph\">{\"@context\":\"https:\/\/schema.org\",\"@graph\":[{\"@type\":\"Article\",\"@id\":\"https:\/\/www.africa-press.net\/mozambique\/all-news\/france-bestows-knight-of-the-order-of-arts-and-letters-on-quito-tembe#article\",\"isPartOf\":{\"@id\":\"https:\/\/www.africa-press.net\/mozambique\/all-news\/france-bestows-knight-of-the-order-of-arts-and-letters-on-quito-tembe\"},\"author\":{\"name\":\"cfeditoren\",\"@id\":\"https:\/\/www.africa-press.net\/mozambique\/#\/schema\/person\/068c7ab4e9634ae78ec5d54ec46598bb\"},\"headline\":\"France bestows \u201cKnight of the Order of Arts and Letters\u201d on Quito Tembe\",\"datePublished\":\"2022-06-16T15:56:11+00:00\",\"dateModified\":\"2022-06-16T16:12:28+00:00\",\"mainEntityOfPage\":{\"@id\":\"https:\/\/www.africa-press.net\/mozambique\/all-news\/france-bestows-knight-of-the-order-of-arts-and-letters-on-quito-tembe\"},\"wordCount\":1222,\"commentCount\":0,\"image\":{\"@id\":\"https:\/\/www.africa-press.net\/mozambique\/all-news\/france-bestows-knight-of-the-order-of-arts-and-letters-on-quito-tembe#primaryimage\"},\"thumbnailUrl\":\"https:\/\/static.africa-press.net\/mozambique\/sites\/64\/2022\/06\/img-62ab5637e0895.jpg\",\"keywords\":[\"Africa Press\",\"Africa Press-Mozambique\",\"Mozambique\"],\"articleSection\":[\"all news\",\"culture and art\",\"homepage-english\",\"twitter\"],\"inLanguage\":\"en-US\",\"potentialAction\":[{\"@type\":\"CommentAction\",\"name\":\"Comment\",\"target\":[\"https:\/\/www.africa-press.net\/mozambique\/all-news\/france-bestows-knight-of-the-order-of-arts-and-letters-on-quito-tembe#respond\"]}]},{\"@type\":\"WebPage\",\"@id\":\"https:\/\/www.africa-press.net\/mozambique\/all-news\/france-bestows-knight-of-the-order-of-arts-and-letters-on-quito-tembe\",\"url\":\"https:\/\/www.africa-press.net\/mozambique\/all-news\/france-bestows-knight-of-the-order-of-arts-and-letters-on-quito-tembe\",\"name\":\"France bestows \u201cKnight of the Order of Arts and Letters\u201d on Quito Tembe - Mozambique\",\"isPartOf\":{\"@id\":\"https:\/\/www.africa-press.net\/mozambique\/#website\"},\"primaryImageOfPage\":{\"@id\":\"https:\/\/www.africa-press.net\/mozambique\/all-news\/france-bestows-knight-of-the-order-of-arts-and-letters-on-quito-tembe#primaryimage\"},\"image\":{\"@id\":\"https:\/\/www.africa-press.net\/mozambique\/all-news\/france-bestows-knight-of-the-order-of-arts-and-letters-on-quito-tembe#primaryimage\"},\"thumbnailUrl\":\"https:\/\/static.africa-press.net\/mozambique\/sites\/64\/2022\/06\/img-62ab5637e0895.jpg\",\"datePublished\":\"2022-06-16T15:56:11+00:00\",\"dateModified\":\"2022-06-16T16:12:28+00:00\",\"author\":{\"@id\":\"https:\/\/www.africa-press.net\/mozambique\/#\/schema\/person\/068c7ab4e9634ae78ec5d54ec46598bb\"},\"description\":\"The French government has bestowed the award of Knight of the Order of Arts and Letters (Chevalier dans l\u2019Ordre des Arts ...\",\"breadcrumb\":{\"@id\":\"https:\/\/www.africa-press.net\/mozambique\/all-news\/france-bestows-knight-of-the-order-of-arts-and-letters-on-quito-tembe#breadcrumb\"},\"inLanguage\":\"en-US\",\"potentialAction\":[{\"@type\":\"ReadAction\",\"target\":[\"https:\/\/www.africa-press.net\/mozambique\/all-news\/france-bestows-knight-of-the-order-of-arts-and-letters-on-quito-tembe\"]}]},{\"@type\":\"ImageObject\",\"inLanguage\":\"en-US\",\"@id\":\"https:\/\/www.africa-press.net\/mozambique\/all-news\/france-bestows-knight-of-the-order-of-arts-and-letters-on-quito-tembe#primaryimage\",\"url\":\"https:\/\/static.africa-press.net\/mozambique\/sites\/64\/2022\/06\/img-62ab5637e0895.jpg\",\"contentUrl\":\"https:\/\/static.africa-press.net\/mozambique\/sites\/64\/2022\/06\/img-62ab5637e0895.jpg\",\"width\":879,\"height\":651,\"caption\":\"France bestows \u201cKnight of the Order of Arts and Letters\u201d on Quito Tembe\"},{\"@type\":\"BreadcrumbList\",\"@id\":\"https:\/\/www.africa-press.net\/mozambique\/all-news\/france-bestows-knight-of-the-order-of-arts-and-letters-on-quito-tembe#breadcrumb\",\"itemListElement\":[{\"@type\":\"ListItem\",\"position\":1,\"name\":\"Home\",\"item\":\"https:\/\/www.africa-press.net\/mozambique\/\"},{\"@type\":\"ListItem\",\"position\":2,\"name\":\"France bestows \u201cKnight of the Order of Arts and Letters\u201d on Quito Tembe\"}]},{\"@type\":\"WebSite\",\"@id\":\"https:\/\/www.africa-press.net\/mozambique\/#website\",\"url\":\"https:\/\/www.africa-press.net\/mozambique\/\",\"name\":\"Mozambique\",\"description\":\"Just another Africa News Agency Sites site\",\"potentialAction\":[{\"@type\":\"SearchAction\",\"target\":{\"@type\":\"EntryPoint\",\"urlTemplate\":\"https:\/\/www.africa-press.net\/mozambique\/?s={search_term_string}\"},\"query-input\":{\"@type\":\"PropertyValueSpecification\",\"valueRequired\":true,\"valueName\":\"search_term_string\"}}],\"inLanguage\":\"en-US\"},{\"@type\":\"Person\",\"@id\":\"https:\/\/www.africa-press.net\/mozambique\/#\/schema\/person\/068c7ab4e9634ae78ec5d54ec46598bb\",\"name\":\"cfeditoren\",\"image\":{\"@type\":\"ImageObject\",\"inLanguage\":\"en-US\",\"@id\":\"https:\/\/www.africa-press.net\/mozambique\/#\/schema\/person\/image\/\",\"url\":\"https:\/\/secure.gravatar.com\/avatar\/7417380fa9e23b5c57fdbfdaf3fdf92ee478f759a084addda5faa3732853e74a?s=96&d=mm&r=g\",\"contentUrl\":\"https:\/\/secure.gravatar.com\/avatar\/7417380fa9e23b5c57fdbfdaf3fdf92ee478f759a084addda5faa3732853e74a?s=96&d=mm&r=g\",\"caption\":\"cfeditoren\"}}]}<\/script>\n<!-- \/ Yoast SEO Premium plugin. -->","yoast_head_json":{"title":"France bestows \u201cKnight of the Order of Arts and Letters\u201d on Quito Tembe - Mozambique","description":"The French government has bestowed the award of Knight of the Order of Arts and Letters (Chevalier dans l\u2019Ordre des Arts ...","robots":{"index":"index","follow":"follow","max-snippet":"max-snippet:-1","max-image-preview":"max-image-preview:large","max-video-preview":"max-video-preview:-1"},"canonical":"https:\/\/www.africa-press.net\/mozambique\/all-news\/france-bestows-knight-of-the-order-of-arts-and-letters-on-quito-tembe","og_locale":"en_US","og_type":"article","og_title":"France bestows \u201cKnight of the Order of Arts and Letters\u201d on Quito Tembe","og_description":"The French government has bestowed the award of Knight of the Order of Arts and Letters (Chevalier dans l\u2019Ordre des Arts ...","og_url":"https:\/\/www.africa-press.net\/mozambique\/all-news\/france-bestows-knight-of-the-order-of-arts-and-letters-on-quito-tembe","og_site_name":"Mozambique","article_publisher":"https:\/\/www.facebook.com\/AfricaPressTunisiaa","article_published_time":"2022-06-16T15:56:11+00:00","article_modified_time":"2022-06-16T16:12:28+00:00","og_image":[{"width":879,"height":651,"url":"https:\/\/static.africa-press.net\/mozambique\/sites\/64\/2022\/06\/img-62ab5637e0895.jpg","type":"image\/jpeg"}],"author":"cfeditoren","twitter_card":"summary_large_image","twitter_misc":{"Written by":"cfeditoren","Est. reading time":"6 minutes"},"schema":{"@context":"https:\/\/schema.org","@graph":[{"@type":"Article","@id":"https:\/\/www.africa-press.net\/mozambique\/all-news\/france-bestows-knight-of-the-order-of-arts-and-letters-on-quito-tembe#article","isPartOf":{"@id":"https:\/\/www.africa-press.net\/mozambique\/all-news\/france-bestows-knight-of-the-order-of-arts-and-letters-on-quito-tembe"},"author":{"name":"cfeditoren","@id":"https:\/\/www.africa-press.net\/mozambique\/#\/schema\/person\/068c7ab4e9634ae78ec5d54ec46598bb"},"headline":"France bestows \u201cKnight of the Order of Arts and Letters\u201d on Quito Tembe","datePublished":"2022-06-16T15:56:11+00:00","dateModified":"2022-06-16T16:12:28+00:00","mainEntityOfPage":{"@id":"https:\/\/www.africa-press.net\/mozambique\/all-news\/france-bestows-knight-of-the-order-of-arts-and-letters-on-quito-tembe"},"wordCount":1222,"commentCount":0,"image":{"@id":"https:\/\/www.africa-press.net\/mozambique\/all-news\/france-bestows-knight-of-the-order-of-arts-and-letters-on-quito-tembe#primaryimage"},"thumbnailUrl":"https:\/\/static.africa-press.net\/mozambique\/sites\/64\/2022\/06\/img-62ab5637e0895.jpg","keywords":["Africa Press","Africa Press-Mozambique","Mozambique"],"articleSection":["all news","culture and art","homepage-english","twitter"],"inLanguage":"en-US","potentialAction":[{"@type":"CommentAction","name":"Comment","target":["https:\/\/www.africa-press.net\/mozambique\/all-news\/france-bestows-knight-of-the-order-of-arts-and-letters-on-quito-tembe#respond"]}]},{"@type":"WebPage","@id":"https:\/\/www.africa-press.net\/mozambique\/all-news\/france-bestows-knight-of-the-order-of-arts-and-letters-on-quito-tembe","url":"https:\/\/www.africa-press.net\/mozambique\/all-news\/france-bestows-knight-of-the-order-of-arts-and-letters-on-quito-tembe","name":"France bestows \u201cKnight of the Order of Arts and Letters\u201d on Quito Tembe - Mozambique","isPartOf":{"@id":"https:\/\/www.africa-press.net\/mozambique\/#website"},"primaryImageOfPage":{"@id":"https:\/\/www.africa-press.net\/mozambique\/all-news\/france-bestows-knight-of-the-order-of-arts-and-letters-on-quito-tembe#primaryimage"},"image":{"@id":"https:\/\/www.africa-press.net\/mozambique\/all-news\/france-bestows-knight-of-the-order-of-arts-and-letters-on-quito-tembe#primaryimage"},"thumbnailUrl":"https:\/\/static.africa-press.net\/mozambique\/sites\/64\/2022\/06\/img-62ab5637e0895.jpg","datePublished":"2022-06-16T15:56:11+00:00","dateModified":"2022-06-16T16:12:28+00:00","author":{"@id":"https:\/\/www.africa-press.net\/mozambique\/#\/schema\/person\/068c7ab4e9634ae78ec5d54ec46598bb"},"description":"The French government has bestowed the award of Knight of the Order of Arts and Letters (Chevalier dans l\u2019Ordre des Arts ...","breadcrumb":{"@id":"https:\/\/www.africa-press.net\/mozambique\/all-news\/france-bestows-knight-of-the-order-of-arts-and-letters-on-quito-tembe#breadcrumb"},"inLanguage":"en-US","potentialAction":[{"@type":"ReadAction","target":["https:\/\/www.africa-press.net\/mozambique\/all-news\/france-bestows-knight-of-the-order-of-arts-and-letters-on-quito-tembe"]}]},{"@type":"ImageObject","inLanguage":"en-US","@id":"https:\/\/www.africa-press.net\/mozambique\/all-news\/france-bestows-knight-of-the-order-of-arts-and-letters-on-quito-tembe#primaryimage","url":"https:\/\/static.africa-press.net\/mozambique\/sites\/64\/2022\/06\/img-62ab5637e0895.jpg","contentUrl":"https:\/\/static.africa-press.net\/mozambique\/sites\/64\/2022\/06\/img-62ab5637e0895.jpg","width":879,"height":651,"caption":"France bestows \u201cKnight of the Order of Arts and Letters\u201d on Quito Tembe"},{"@type":"BreadcrumbList","@id":"https:\/\/www.africa-press.net\/mozambique\/all-news\/france-bestows-knight-of-the-order-of-arts-and-letters-on-quito-tembe#breadcrumb","itemListElement":[{"@type":"ListItem","position":1,"name":"Home","item":"https:\/\/www.africa-press.net\/mozambique\/"},{"@type":"ListItem","position":2,"name":"France bestows \u201cKnight of the Order of Arts and Letters\u201d on Quito Tembe"}]},{"@type":"WebSite","@id":"https:\/\/www.africa-press.net\/mozambique\/#website","url":"https:\/\/www.africa-press.net\/mozambique\/","name":"Mozambique","description":"Just another Africa News Agency Sites site","potentialAction":[{"@type":"SearchAction","target":{"@type":"EntryPoint","urlTemplate":"https:\/\/www.africa-press.net\/mozambique\/?s={search_term_string}"},"query-input":{"@type":"PropertyValueSpecification","valueRequired":true,"valueName":"search_term_string"}}],"inLanguage":"en-US"},{"@type":"Person","@id":"https:\/\/www.africa-press.net\/mozambique\/#\/schema\/person\/068c7ab4e9634ae78ec5d54ec46598bb","name":"cfeditoren","image":{"@type":"ImageObject","inLanguage":"en-US","@id":"https:\/\/www.africa-press.net\/mozambique\/#\/schema\/person\/image\/","url":"https:\/\/secure.gravatar.com\/avatar\/7417380fa9e23b5c57fdbfdaf3fdf92ee478f759a084addda5faa3732853e74a?s=96&d=mm&r=g","contentUrl":"https:\/\/secure.gravatar.com\/avatar\/7417380fa9e23b5c57fdbfdaf3fdf92ee478f759a084addda5faa3732853e74a?s=96&d=mm&r=g","caption":"cfeditoren"}}]}},"_links":{"self":[{"href":"https:\/\/www.africa-press.net\/mozambique\/wp-json\/wp\/v2\/posts\/21322","targetHints":{"allow":["GET"]}}],"collection":[{"href":"https:\/\/www.africa-press.net\/mozambique\/wp-json\/wp\/v2\/posts"}],"about":[{"href":"https:\/\/www.africa-press.net\/mozambique\/wp-json\/wp\/v2\/types\/post"}],"author":[{"embeddable":true,"href":"https:\/\/www.africa-press.net\/mozambique\/wp-json\/wp\/v2\/users\/84"}],"replies":[{"embeddable":true,"href":"https:\/\/www.africa-press.net\/mozambique\/wp-json\/wp\/v2\/comments?post=21322"}],"version-history":[{"count":0,"href":"https:\/\/www.africa-press.net\/mozambique\/wp-json\/wp\/v2\/posts\/21322\/revisions"}],"wp:featuredmedia":[{"embeddable":true,"href":"https:\/\/www.africa-press.net\/mozambique\/wp-json\/wp\/v2\/media\/21321"}],"wp:attachment":[{"href":"https:\/\/www.africa-press.net\/mozambique\/wp-json\/wp\/v2\/media?parent=21322"}],"wp:term":[{"taxonomy":"category","embeddable":true,"href":"https:\/\/www.africa-press.net\/mozambique\/wp-json\/wp\/v2\/categories?post=21322"},{"taxonomy":"post_tag","embeddable":true,"href":"https:\/\/www.africa-press.net\/mozambique\/wp-json\/wp\/v2\/tags?post=21322"}],"curies":[{"name":"wp","href":"https:\/\/api.w.org\/{rel}","templated":true}]}}