{"id":21545,"date":"2022-06-20T15:46:31","date_gmt":"2022-06-20T15:46:31","guid":{"rendered":"https:\/\/www.africa-press.net\/mozambique\/all-news\/o-apetrechar-do-tempo-by-goncalo-mabunda-with-francisco-vidal-opens-in-maputo"},"modified":"2022-06-20T16:09:16","modified_gmt":"2022-06-20T16:09:16","slug":"o-apetrechar-do-tempo-by-goncalo-mabunda-with-francisco-vidal-opens-in-maputo","status":"publish","type":"post","link":"https:\/\/www.africa-press.net\/mozambique\/all-news\/o-apetrechar-do-tempo-by-goncalo-mabunda-with-francisco-vidal-opens-in-maputo","title":{"rendered":"\u2018O Apetrechar do Tempo\u2019 by Gon\u00e7alo Mabunda with Francisco Vidal opens in Maputo"},"content":{"rendered":"<p><span style=\"color: #ff6600\"><strong>Africa-Press &#8211; Mozambique. <\/strong><\/span>The exhibition \u201cO Apetrechar do Tempo\u201d (The Equipping of Time) by Gon\u00e7alo Mabunda with Francisco Vidal, opens at 6:00 p.m. on Tuesday, June 21, at Cam\u00f5es \u2013 Centro Cultural Portugu\u00eas in Maputo.<\/p>\n<p>The initiative is organised by Cam\u00f5es \u2013 Centro Cultural Portugu\u00eas and sponsored by Absa Bank Mozambique.<\/p>\n<p>After the exhibition \u201cThe Mabundas\u201d, presented in 2019 in the same space, Gon\u00e7alo Mabunda returns to Cam\u00f5es with more recent creations, produced in his new workspace.<\/p>\n<p>Francisco Vidal, a talented artist recognized for his installations, was invited to this project, tracing powerful calligraphic lines on silkscreen canvases in vivid and varied colours and chromatic schemes.<\/p>\n<p>Francisco Vidal travelled to Mozambique expressly to participate in the project and create, together with Mabunda, a reflective installation.<\/p>\n<p>The installation intersects and promotes the encounter between different languages and expressions, moving from sculpture to painting and juxtaposing creations that intersect in common experiences and Cubist inspirations, but distinguished by the singularity of naturally distinct artistic paths.<\/p>\n<p>This exhibition is a unique opportunity for the public to enjoy the collaboration between these two established and internationally recognized artists in the contemporary art world.<\/p>\n<p>For Ant\u00f3nio Costa Moura, Ambassador of Portugal in Mozambique, \u201cThe exhibition is, without a doubt, an excellent opportunity for us to make known to the public the new works of Gon\u00e7alo Mabunda and observe the result of this happy and unprecedented meeting that takes place in Mozambique between these two magnificent artists.\u201d<\/p>\n<p>In the words of Rui Barros, Managing Director of Absa Bank Mozambique, \u201cSupporting the promotion of art and culture has been one of our commitments and we are proud to join Cam\u00f5es \u2013 Centro Cultural Portugu\u00eas in Maputo in promoting this exhibition with two unique artists who, through their art, show us how together we can go further and that the creation of the future we want, for generations to come, are the reflection of our actions today.\u201d<\/p>\n<p>\u201cO Apetrechar do Tempo\u201d will be open to the public until the 31st of August at Galeria do Cam\u00f5es \u2013 Centro Cultural Portugu\u00eas in Maputo, from Monday to Saturday, between 10:00 a.m. and 5:00 p.m.. Entry is free.<\/p>\n<p><b>Gon\u00e7alo Mabunda<\/b><\/p>\n<p>was born in Maputo in 1975, where he lives and works. He started working at Associa\u00e7\u00e3o N\u00facleo de Arte, in Maputo in 1992, as a gallery assistant, and later as a director. In 1995, Gon\u00e7alo participated in the Ujamaa IV workshop as an assistant to South African artist Andries Botha and in 1996 he participated in a 3-month metal and bronze sculpture course at Technikon Natal in Durban, South Africa. His work is inspired by the collective memory of his country, Mozambique. He works with weapons recovered from the end of the 16-year conflict that tore the region apart by civil war. In his sculpture, he gives anthropomorphic forms to metallic materials and war objects. Decommissioned weapons of war carry strong political connotations, but the beautiful objects he creates also convey a positive reflection on the transformative power of art and the resilience and creativity of African civil societies. While the masks can be said to draw from the local history of traditional African art, Mabunda\u2019s work takes on a striking modernist flair, similar to the images of Braque and Picasso. Mabunda is also known for its thrones. According to the artist, the thrones function as attributes of power, tribal symbols and traditional pieces of African ethnic art. They are an ironic way of presenting his childhood and growing experience in the society in which he belongs. He has held several solo exhibitions in galleries and museums, of which we highlight the following: Akka Project Gallery (Dubai, 2018); Caroline Smulders, Cape Town Art Fair (Cape Town, 2018); Ab\u00edlio de Matos e Silva Museum (\u00d3bidos, 2017); All the World\u2019s Future, Venice Biennale (Venice, 2015); Galerie du Passage (Paris, 2015); Jack Bell Gallery (London, 2013); Bozart Gallery (Lisbon, 2012); Afronova Gallery (Johannesburg, 2008); 23 Gallery (Amsterdam, 2005). Mabunda has participated in numerous collective exhibitions, nationally and internationally, in which we highlight some of the most recent: Cam\u00f5es \u2013 Centro Cultural Portugu\u00eas (Maputo, 2019); \u201cAlter Ego\u201d, Annual Arts Exhibition between China and Portuguese \u2013 speaking Countries (Macau, 2018); \u201cOne and other\u201d, Palais de Tokyo (Paris 2018); \u201cUtopia\/Dystopia\u201d, MAAT (Lisbon, 2017); Lumi\u00e8res d\u2019Afriques (Dakar, 2017); 1:54 Art fair (New York, 2016); Guggenheim Bilbao \u201cMaking Africa A Continent\u201d (Bilbao, 2016); 1:54 Art fair (London, 2015); Venice Biennale (Venice, 2015); Gallery 111 (Lisbon, 2014); Herbert Art Gallery &amp; Museum (Coventry, 2013); Marrakech Art Fair Marrakech (Morocco, 2012). Mabunda\u2019s work is represented in the most recognized national and international collections. His work has been acquired by the Chazen Museum of Art at the University of Wisconsin-Madison, the Minneapolis Institute of Art and the Brooklyn Museum, among others.<\/p>\n<p><b>Francisco Vidal<\/b><\/p>\n<p>was born in Lisbon, Portugal, in 1978. He lives and works between Luanda and Lisbon. He received a Master of Fine Arts degree from Columbia University in New York, United States of America in 2010, after having obtained a Bachelor\u2019s degree from the Escola Superior de Artes e Design in Caldas da Rainha, Portugal, in 2002, and having completed the Independent Study Program at the Mamaus School of Visual Arts in Lisbon, Portugal, in 2005. is recognized for his handcrafted paintings and drawings on paper and canvas, often assembled to create large-scale installations. The artist\u2019s work uniquely blends various aesthetic influences, including Cubism, African textiles, and 1980s hip-hop culture, as well as contemporary graffiti and street art. Born in Portugal to an Angolan father and a Cape Verdean mother, the artist works with ideas that are closely linked to the diaspora experience, exploring narratives linked to identity that derive from cross-cultural education. Colonial history and its aftermath are deeply questioned in his work, with a strong emphasis on the impact of labour practices, conflict and violence. Recent solo exhibitions include Nova Angola, Memorial Dr. Ant\u00f3nio Agostinho Neto, Luanda, Angola (2018); Alter Ego, Meeting in Macau, Sino-Lusophone Cultural and Arts Festival, Macau (2018); Studio, Lumiar Cit\u00e9, Maumaus School of Visual Arts, Lisbon, Portugal (2017); Luuanda Rising, Studio Wozen, Lisbon, Portugal (2017); a solo project in Focus: African Perspectives, The Armory Show, New York, USA (2016); Utopia Luanda Experience \u2013 Architecture of Peace, Baginski Gallery, Lisbon, Portugal (2016); Maianga Mutamba Workshop, Tiwani Contemporary, London, UK (2015); and \u00c1gua e Luz, Instituto Cam\u00f5es, Luanda, Angola (2014). was part of the Angola National Pavilion for the 56th Venice Biennale in 2015, as well as in Expo Milan 2015, in Italy. In 2017, his work was exhibited as part of the Afropolitan Festival at Bozar. Brussels, Belgium, and in 2018, his work was included in the Encontro em Macau, the Sino-Lusophone Cultural and Artistic Festival. Other group exhibitions include Artes Mirabilis, UCCLA \u2013 Union of Portuguese-Speaking Capital Cities, Lisbon, Portugal (2018); Metamorphosis, Jahmek Contempor\u00e2nea, Luanda, Angola (2018); Portugal-Portuguese, Afro Brazil Museum, S\u00e3o Paulo, Brazil (2016); and Glocal \u2013 In the Regional of an Space Without Borders, Est\u00fadio Wozen, Lisbon, Portugal (2016). Vidal\u2019s work is part of Portuguese collections such as the EDP Foundation, the PLMJ Foundation, and the Calouste Gulbenkian Foundation, as well as the Scheryn Art collection in South Africa.<\/p>\n<p><strong>For More News And Analysis About <a href=\"https:\/\/www.africa-press.net\/mozambique\">Mozambique<\/a> Follow <a href=\"https:\/\/www.africa-press.net\/\">Africa-Press<\/a><\/strong><\/p>\n","protected":false},"excerpt":{"rendered":"<p>Africa-Press &#8211; Mozambique. The exhibition \u201cO Apetrechar do Tempo\u201d (The Equipping of Time) by Gon\u00e7alo Mabunda with Francisco Vidal, opens at 6:00 p.m. on Tuesday, June 21, at Cam\u00f5es \u2013 Centro Cultural Portugu\u00eas in Maputo. The initiative is organised by Cam\u00f5es \u2013 Centro Cultural Portugu\u00eas and sponsored by Absa Bank Mozambique. After the exhibition \u201cThe [&hellip;]<\/p>\n","protected":false},"author":84,"featured_media":21544,"comment_status":"open","ping_status":"open","sticky":false,"template":"","format":"standard","meta":{"footnotes":""},"categories":[2,4,8,16],"tags":[233,281,283],"class_list":["post-21545","post","type-post","status-publish","format-standard","has-post-thumbnail","hentry","category-all-news","category-culture-and-art","category-homepage-english","category-twitter","tag-africa-press","tag-africa-press-mozambique","tag-mozambique"],"yoast_head":"<!-- This site is optimized with the Yoast SEO Premium plugin v26.1 (Yoast SEO v27.0) - https:\/\/yoast.com\/product\/yoast-seo-premium-wordpress\/ -->\n<title>\u2018O Apetrechar do Tempo\u2019 by Gon\u00e7alo Mabunda with Francisco Vidal opens in Maputo - Mozambique<\/title>\n<meta name=\"description\" content=\"The exhibition \u201cO Apetrechar do Tempo\u201d (The Equipping of Time) by Gon\u00e7alo Mabunda with Francisco Vidal, opens at 6:00 p. ...\" \/>\n<meta name=\"robots\" content=\"index, follow, max-snippet:-1, max-image-preview:large, max-video-preview:-1\" \/>\n<link rel=\"canonical\" href=\"https:\/\/www.africa-press.net\/mozambique\/all-news\/o-apetrechar-do-tempo-by-goncalo-mabunda-with-francisco-vidal-opens-in-maputo\" \/>\n<meta property=\"og:locale\" content=\"en_US\" \/>\n<meta property=\"og:type\" content=\"article\" \/>\n<meta property=\"og:title\" content=\"\u2018O Apetrechar do Tempo\u2019 by Gon\u00e7alo Mabunda with Francisco Vidal opens in Maputo\" \/>\n<meta property=\"og:description\" content=\"The exhibition \u201cO Apetrechar do Tempo\u201d (The Equipping of Time) by Gon\u00e7alo Mabunda with Francisco Vidal, opens at 6:00 p. ...\" \/>\n<meta property=\"og:url\" content=\"https:\/\/www.africa-press.net\/mozambique\/all-news\/o-apetrechar-do-tempo-by-goncalo-mabunda-with-francisco-vidal-opens-in-maputo\" \/>\n<meta property=\"og:site_name\" content=\"Mozambique\" \/>\n<meta property=\"article:publisher\" content=\"https:\/\/www.facebook.com\/AfricaPressTunisiaa\" \/>\n<meta property=\"article:published_time\" content=\"2022-06-20T15:46:31+00:00\" \/>\n<meta property=\"article:modified_time\" content=\"2022-06-20T16:09:16+00:00\" \/>\n<meta property=\"og:image\" content=\"https:\/\/static.africa-press.net\/mozambique\/sites\/64\/2022\/06\/img-62b09b7d89968.jpg\" \/>\n\t<meta property=\"og:image:width\" content=\"1134\" \/>\n\t<meta property=\"og:image:height\" content=\"717\" \/>\n\t<meta property=\"og:image:type\" content=\"image\/jpeg\" \/>\n<meta name=\"author\" content=\"cfeditoren\" \/>\n<meta name=\"twitter:card\" content=\"summary_large_image\" \/>\n<meta name=\"twitter:label1\" content=\"Written by\" \/>\n\t<meta name=\"twitter:data1\" content=\"cfeditoren\" \/>\n\t<meta name=\"twitter:label2\" content=\"Est. reading time\" \/>\n\t<meta name=\"twitter:data2\" content=\"6 minutes\" \/>\n<script type=\"application\/ld+json\" class=\"yoast-schema-graph\">{\"@context\":\"https:\/\/schema.org\",\"@graph\":[{\"@type\":\"Article\",\"@id\":\"https:\/\/www.africa-press.net\/mozambique\/all-news\/o-apetrechar-do-tempo-by-goncalo-mabunda-with-francisco-vidal-opens-in-maputo#article\",\"isPartOf\":{\"@id\":\"https:\/\/www.africa-press.net\/mozambique\/all-news\/o-apetrechar-do-tempo-by-goncalo-mabunda-with-francisco-vidal-opens-in-maputo\"},\"author\":{\"name\":\"cfeditoren\",\"@id\":\"https:\/\/www.africa-press.net\/mozambique\/#\/schema\/person\/068c7ab4e9634ae78ec5d54ec46598bb\"},\"headline\":\"\u2018O Apetrechar do Tempo\u2019 by Gon\u00e7alo Mabunda with Francisco Vidal opens in Maputo\",\"datePublished\":\"2022-06-20T15:46:31+00:00\",\"dateModified\":\"2022-06-20T16:09:16+00:00\",\"mainEntityOfPage\":{\"@id\":\"https:\/\/www.africa-press.net\/mozambique\/all-news\/o-apetrechar-do-tempo-by-goncalo-mabunda-with-francisco-vidal-opens-in-maputo\"},\"wordCount\":1184,\"commentCount\":0,\"image\":{\"@id\":\"https:\/\/www.africa-press.net\/mozambique\/all-news\/o-apetrechar-do-tempo-by-goncalo-mabunda-with-francisco-vidal-opens-in-maputo#primaryimage\"},\"thumbnailUrl\":\"https:\/\/static.africa-press.net\/mozambique\/sites\/64\/2022\/06\/img-62b09b7d89968.jpg\",\"keywords\":[\"Africa Press\",\"Africa Press-Mozambique\",\"Mozambique\"],\"articleSection\":[\"all news\",\"culture and art\",\"homepage-english\",\"twitter\"],\"inLanguage\":\"en-US\",\"potentialAction\":[{\"@type\":\"CommentAction\",\"name\":\"Comment\",\"target\":[\"https:\/\/www.africa-press.net\/mozambique\/all-news\/o-apetrechar-do-tempo-by-goncalo-mabunda-with-francisco-vidal-opens-in-maputo#respond\"]}]},{\"@type\":\"WebPage\",\"@id\":\"https:\/\/www.africa-press.net\/mozambique\/all-news\/o-apetrechar-do-tempo-by-goncalo-mabunda-with-francisco-vidal-opens-in-maputo\",\"url\":\"https:\/\/www.africa-press.net\/mozambique\/all-news\/o-apetrechar-do-tempo-by-goncalo-mabunda-with-francisco-vidal-opens-in-maputo\",\"name\":\"\u2018O Apetrechar do Tempo\u2019 by Gon\u00e7alo Mabunda with Francisco Vidal opens in Maputo - Mozambique\",\"isPartOf\":{\"@id\":\"https:\/\/www.africa-press.net\/mozambique\/#website\"},\"primaryImageOfPage\":{\"@id\":\"https:\/\/www.africa-press.net\/mozambique\/all-news\/o-apetrechar-do-tempo-by-goncalo-mabunda-with-francisco-vidal-opens-in-maputo#primaryimage\"},\"image\":{\"@id\":\"https:\/\/www.africa-press.net\/mozambique\/all-news\/o-apetrechar-do-tempo-by-goncalo-mabunda-with-francisco-vidal-opens-in-maputo#primaryimage\"},\"thumbnailUrl\":\"https:\/\/static.africa-press.net\/mozambique\/sites\/64\/2022\/06\/img-62b09b7d89968.jpg\",\"datePublished\":\"2022-06-20T15:46:31+00:00\",\"dateModified\":\"2022-06-20T16:09:16+00:00\",\"author\":{\"@id\":\"https:\/\/www.africa-press.net\/mozambique\/#\/schema\/person\/068c7ab4e9634ae78ec5d54ec46598bb\"},\"description\":\"The exhibition \u201cO Apetrechar do Tempo\u201d (The Equipping of Time) by Gon\u00e7alo Mabunda with Francisco Vidal, opens at 6:00 p. ...\",\"breadcrumb\":{\"@id\":\"https:\/\/www.africa-press.net\/mozambique\/all-news\/o-apetrechar-do-tempo-by-goncalo-mabunda-with-francisco-vidal-opens-in-maputo#breadcrumb\"},\"inLanguage\":\"en-US\",\"potentialAction\":[{\"@type\":\"ReadAction\",\"target\":[\"https:\/\/www.africa-press.net\/mozambique\/all-news\/o-apetrechar-do-tempo-by-goncalo-mabunda-with-francisco-vidal-opens-in-maputo\"]}]},{\"@type\":\"ImageObject\",\"inLanguage\":\"en-US\",\"@id\":\"https:\/\/www.africa-press.net\/mozambique\/all-news\/o-apetrechar-do-tempo-by-goncalo-mabunda-with-francisco-vidal-opens-in-maputo#primaryimage\",\"url\":\"https:\/\/static.africa-press.net\/mozambique\/sites\/64\/2022\/06\/img-62b09b7d89968.jpg\",\"contentUrl\":\"https:\/\/static.africa-press.net\/mozambique\/sites\/64\/2022\/06\/img-62b09b7d89968.jpg\",\"width\":1134,\"height\":717,\"caption\":\"\u2018O Apetrechar do Tempo\u2019 by Gon\u00e7alo Mabunda with Francisco Vidal opens in Maputo\"},{\"@type\":\"BreadcrumbList\",\"@id\":\"https:\/\/www.africa-press.net\/mozambique\/all-news\/o-apetrechar-do-tempo-by-goncalo-mabunda-with-francisco-vidal-opens-in-maputo#breadcrumb\",\"itemListElement\":[{\"@type\":\"ListItem\",\"position\":1,\"name\":\"Home\",\"item\":\"https:\/\/www.africa-press.net\/mozambique\/\"},{\"@type\":\"ListItem\",\"position\":2,\"name\":\"\u2018O Apetrechar do Tempo\u2019 by Gon\u00e7alo Mabunda with Francisco Vidal opens in Maputo\"}]},{\"@type\":\"WebSite\",\"@id\":\"https:\/\/www.africa-press.net\/mozambique\/#website\",\"url\":\"https:\/\/www.africa-press.net\/mozambique\/\",\"name\":\"Mozambique\",\"description\":\"Just another Africa News Agency Sites site\",\"potentialAction\":[{\"@type\":\"SearchAction\",\"target\":{\"@type\":\"EntryPoint\",\"urlTemplate\":\"https:\/\/www.africa-press.net\/mozambique\/?s={search_term_string}\"},\"query-input\":{\"@type\":\"PropertyValueSpecification\",\"valueRequired\":true,\"valueName\":\"search_term_string\"}}],\"inLanguage\":\"en-US\"},{\"@type\":\"Person\",\"@id\":\"https:\/\/www.africa-press.net\/mozambique\/#\/schema\/person\/068c7ab4e9634ae78ec5d54ec46598bb\",\"name\":\"cfeditoren\",\"image\":{\"@type\":\"ImageObject\",\"inLanguage\":\"en-US\",\"@id\":\"https:\/\/www.africa-press.net\/mozambique\/#\/schema\/person\/image\/\",\"url\":\"https:\/\/secure.gravatar.com\/avatar\/7417380fa9e23b5c57fdbfdaf3fdf92ee478f759a084addda5faa3732853e74a?s=96&d=mm&r=g\",\"contentUrl\":\"https:\/\/secure.gravatar.com\/avatar\/7417380fa9e23b5c57fdbfdaf3fdf92ee478f759a084addda5faa3732853e74a?s=96&d=mm&r=g\",\"caption\":\"cfeditoren\"}}]}<\/script>\n<!-- \/ Yoast SEO Premium plugin. -->","yoast_head_json":{"title":"\u2018O Apetrechar do Tempo\u2019 by Gon\u00e7alo Mabunda with Francisco Vidal opens in Maputo - Mozambique","description":"The exhibition \u201cO Apetrechar do Tempo\u201d (The Equipping of Time) by Gon\u00e7alo Mabunda with Francisco Vidal, opens at 6:00 p. ...","robots":{"index":"index","follow":"follow","max-snippet":"max-snippet:-1","max-image-preview":"max-image-preview:large","max-video-preview":"max-video-preview:-1"},"canonical":"https:\/\/www.africa-press.net\/mozambique\/all-news\/o-apetrechar-do-tempo-by-goncalo-mabunda-with-francisco-vidal-opens-in-maputo","og_locale":"en_US","og_type":"article","og_title":"\u2018O Apetrechar do Tempo\u2019 by Gon\u00e7alo Mabunda with Francisco Vidal opens in Maputo","og_description":"The exhibition \u201cO Apetrechar do Tempo\u201d (The Equipping of Time) by Gon\u00e7alo Mabunda with Francisco Vidal, opens at 6:00 p. ...","og_url":"https:\/\/www.africa-press.net\/mozambique\/all-news\/o-apetrechar-do-tempo-by-goncalo-mabunda-with-francisco-vidal-opens-in-maputo","og_site_name":"Mozambique","article_publisher":"https:\/\/www.facebook.com\/AfricaPressTunisiaa","article_published_time":"2022-06-20T15:46:31+00:00","article_modified_time":"2022-06-20T16:09:16+00:00","og_image":[{"width":1134,"height":717,"url":"https:\/\/static.africa-press.net\/mozambique\/sites\/64\/2022\/06\/img-62b09b7d89968.jpg","type":"image\/jpeg"}],"author":"cfeditoren","twitter_card":"summary_large_image","twitter_misc":{"Written by":"cfeditoren","Est. reading time":"6 minutes"},"schema":{"@context":"https:\/\/schema.org","@graph":[{"@type":"Article","@id":"https:\/\/www.africa-press.net\/mozambique\/all-news\/o-apetrechar-do-tempo-by-goncalo-mabunda-with-francisco-vidal-opens-in-maputo#article","isPartOf":{"@id":"https:\/\/www.africa-press.net\/mozambique\/all-news\/o-apetrechar-do-tempo-by-goncalo-mabunda-with-francisco-vidal-opens-in-maputo"},"author":{"name":"cfeditoren","@id":"https:\/\/www.africa-press.net\/mozambique\/#\/schema\/person\/068c7ab4e9634ae78ec5d54ec46598bb"},"headline":"\u2018O Apetrechar do Tempo\u2019 by Gon\u00e7alo Mabunda with Francisco Vidal opens in Maputo","datePublished":"2022-06-20T15:46:31+00:00","dateModified":"2022-06-20T16:09:16+00:00","mainEntityOfPage":{"@id":"https:\/\/www.africa-press.net\/mozambique\/all-news\/o-apetrechar-do-tempo-by-goncalo-mabunda-with-francisco-vidal-opens-in-maputo"},"wordCount":1184,"commentCount":0,"image":{"@id":"https:\/\/www.africa-press.net\/mozambique\/all-news\/o-apetrechar-do-tempo-by-goncalo-mabunda-with-francisco-vidal-opens-in-maputo#primaryimage"},"thumbnailUrl":"https:\/\/static.africa-press.net\/mozambique\/sites\/64\/2022\/06\/img-62b09b7d89968.jpg","keywords":["Africa Press","Africa Press-Mozambique","Mozambique"],"articleSection":["all news","culture and art","homepage-english","twitter"],"inLanguage":"en-US","potentialAction":[{"@type":"CommentAction","name":"Comment","target":["https:\/\/www.africa-press.net\/mozambique\/all-news\/o-apetrechar-do-tempo-by-goncalo-mabunda-with-francisco-vidal-opens-in-maputo#respond"]}]},{"@type":"WebPage","@id":"https:\/\/www.africa-press.net\/mozambique\/all-news\/o-apetrechar-do-tempo-by-goncalo-mabunda-with-francisco-vidal-opens-in-maputo","url":"https:\/\/www.africa-press.net\/mozambique\/all-news\/o-apetrechar-do-tempo-by-goncalo-mabunda-with-francisco-vidal-opens-in-maputo","name":"\u2018O Apetrechar do Tempo\u2019 by Gon\u00e7alo Mabunda with Francisco Vidal opens in Maputo - Mozambique","isPartOf":{"@id":"https:\/\/www.africa-press.net\/mozambique\/#website"},"primaryImageOfPage":{"@id":"https:\/\/www.africa-press.net\/mozambique\/all-news\/o-apetrechar-do-tempo-by-goncalo-mabunda-with-francisco-vidal-opens-in-maputo#primaryimage"},"image":{"@id":"https:\/\/www.africa-press.net\/mozambique\/all-news\/o-apetrechar-do-tempo-by-goncalo-mabunda-with-francisco-vidal-opens-in-maputo#primaryimage"},"thumbnailUrl":"https:\/\/static.africa-press.net\/mozambique\/sites\/64\/2022\/06\/img-62b09b7d89968.jpg","datePublished":"2022-06-20T15:46:31+00:00","dateModified":"2022-06-20T16:09:16+00:00","author":{"@id":"https:\/\/www.africa-press.net\/mozambique\/#\/schema\/person\/068c7ab4e9634ae78ec5d54ec46598bb"},"description":"The exhibition \u201cO Apetrechar do Tempo\u201d (The Equipping of Time) by Gon\u00e7alo Mabunda with Francisco Vidal, opens at 6:00 p. ...","breadcrumb":{"@id":"https:\/\/www.africa-press.net\/mozambique\/all-news\/o-apetrechar-do-tempo-by-goncalo-mabunda-with-francisco-vidal-opens-in-maputo#breadcrumb"},"inLanguage":"en-US","potentialAction":[{"@type":"ReadAction","target":["https:\/\/www.africa-press.net\/mozambique\/all-news\/o-apetrechar-do-tempo-by-goncalo-mabunda-with-francisco-vidal-opens-in-maputo"]}]},{"@type":"ImageObject","inLanguage":"en-US","@id":"https:\/\/www.africa-press.net\/mozambique\/all-news\/o-apetrechar-do-tempo-by-goncalo-mabunda-with-francisco-vidal-opens-in-maputo#primaryimage","url":"https:\/\/static.africa-press.net\/mozambique\/sites\/64\/2022\/06\/img-62b09b7d89968.jpg","contentUrl":"https:\/\/static.africa-press.net\/mozambique\/sites\/64\/2022\/06\/img-62b09b7d89968.jpg","width":1134,"height":717,"caption":"\u2018O Apetrechar do Tempo\u2019 by Gon\u00e7alo Mabunda with Francisco Vidal opens in Maputo"},{"@type":"BreadcrumbList","@id":"https:\/\/www.africa-press.net\/mozambique\/all-news\/o-apetrechar-do-tempo-by-goncalo-mabunda-with-francisco-vidal-opens-in-maputo#breadcrumb","itemListElement":[{"@type":"ListItem","position":1,"name":"Home","item":"https:\/\/www.africa-press.net\/mozambique\/"},{"@type":"ListItem","position":2,"name":"\u2018O Apetrechar do Tempo\u2019 by Gon\u00e7alo Mabunda with Francisco Vidal opens in Maputo"}]},{"@type":"WebSite","@id":"https:\/\/www.africa-press.net\/mozambique\/#website","url":"https:\/\/www.africa-press.net\/mozambique\/","name":"Mozambique","description":"Just another Africa News Agency Sites site","potentialAction":[{"@type":"SearchAction","target":{"@type":"EntryPoint","urlTemplate":"https:\/\/www.africa-press.net\/mozambique\/?s={search_term_string}"},"query-input":{"@type":"PropertyValueSpecification","valueRequired":true,"valueName":"search_term_string"}}],"inLanguage":"en-US"},{"@type":"Person","@id":"https:\/\/www.africa-press.net\/mozambique\/#\/schema\/person\/068c7ab4e9634ae78ec5d54ec46598bb","name":"cfeditoren","image":{"@type":"ImageObject","inLanguage":"en-US","@id":"https:\/\/www.africa-press.net\/mozambique\/#\/schema\/person\/image\/","url":"https:\/\/secure.gravatar.com\/avatar\/7417380fa9e23b5c57fdbfdaf3fdf92ee478f759a084addda5faa3732853e74a?s=96&d=mm&r=g","contentUrl":"https:\/\/secure.gravatar.com\/avatar\/7417380fa9e23b5c57fdbfdaf3fdf92ee478f759a084addda5faa3732853e74a?s=96&d=mm&r=g","caption":"cfeditoren"}}]}},"_links":{"self":[{"href":"https:\/\/www.africa-press.net\/mozambique\/wp-json\/wp\/v2\/posts\/21545","targetHints":{"allow":["GET"]}}],"collection":[{"href":"https:\/\/www.africa-press.net\/mozambique\/wp-json\/wp\/v2\/posts"}],"about":[{"href":"https:\/\/www.africa-press.net\/mozambique\/wp-json\/wp\/v2\/types\/post"}],"author":[{"embeddable":true,"href":"https:\/\/www.africa-press.net\/mozambique\/wp-json\/wp\/v2\/users\/84"}],"replies":[{"embeddable":true,"href":"https:\/\/www.africa-press.net\/mozambique\/wp-json\/wp\/v2\/comments?post=21545"}],"version-history":[{"count":0,"href":"https:\/\/www.africa-press.net\/mozambique\/wp-json\/wp\/v2\/posts\/21545\/revisions"}],"wp:featuredmedia":[{"embeddable":true,"href":"https:\/\/www.africa-press.net\/mozambique\/wp-json\/wp\/v2\/media\/21544"}],"wp:attachment":[{"href":"https:\/\/www.africa-press.net\/mozambique\/wp-json\/wp\/v2\/media?parent=21545"}],"wp:term":[{"taxonomy":"category","embeddable":true,"href":"https:\/\/www.africa-press.net\/mozambique\/wp-json\/wp\/v2\/categories?post=21545"},{"taxonomy":"post_tag","embeddable":true,"href":"https:\/\/www.africa-press.net\/mozambique\/wp-json\/wp\/v2\/tags?post=21545"}],"curies":[{"name":"wp","href":"https:\/\/api.w.org\/{rel}","templated":true}]}}