{"id":21591,"date":"2022-06-21T16:31:02","date_gmt":"2022-06-21T16:31:02","guid":{"rendered":"https:\/\/www.africa-press.net\/mozambique\/all-news\/mozambique-july-summit-with-portugal-to-assess-bilateral-cooperation"},"modified":"2022-06-21T16:31:02","modified_gmt":"2022-06-21T16:31:02","slug":"mozambique-july-summit-with-portugal-to-assess-bilateral-cooperation","status":"publish","type":"post","link":"https:\/\/www.africa-press.net\/mozambique\/all-news\/mozambique-july-summit-with-portugal-to-assess-bilateral-cooperation","title":{"rendered":"Mozambique. July summit with Portugal to assess bilateral cooperation"},"content":{"rendered":"<p><span style=\"color: #ff6600\"><strong>Africa-Press &#8211; Mozambique. <\/strong><\/span>The Portuguese secretary of state for foreign affairs and cooperation said on Monday that the 5th bilateral summit between Portugal and Mozambique in July will be a \u201cgood time\u201d to assess the strategic plan for cooperation between the two countries.<\/p>\n<p>\u201cThis summit will be a good time to take stock of the strategic cooperation programme, which has now ended, and also to work and look to the future,\u201d said Francisco Andr\u00e9.<\/p>\n<p>The Portuguese secretary of state for foreign affairs and cooperation (SENEC) was speaking in Maputo after a meeting with the Mozambican deputy minister for foreign affairs and cooperation, Manuel Gon\u00e7alves, to prepare for the summit.<\/p>\n<p>He said that the new cooperation programme between the two countries, also to be discussed at the summit, would focus on education, health and the environment, considered to be \u201cfundamental areas\u201d<\/p>\n<p>The Portuguese minister also said that the summit would also \u201cassess and highlight\u201d military cooperation between Mozambique and Portugal, mainly with a view to \u201cexpressing total and unequivocal solidarity\u201d in the face of the terrorist threat in northern Mozambique.<\/p>\n<p>\u201cWe want this to be a summit with a lot of content that shows this relationship that both countries consider to be excellent on a diplomatic, political and economic level,\u201d he said.<\/p>\n<p>Asked by journalists, SENEC declined to confirm dates, however, Mozambican Mateus Magala, as vice president of the African Development Bank (ADB), told Lusa in May that the meeting would take place between 11 and 13 July.<\/p>\n<p>The initiative will also serve to launch the Lusophone Compact, a programme through which Portugal provides financial guarantees of 400 million euros for investments in Portuguese-speaking African countries \u2013 but Magala has since been appointed minister of transport and communications.<\/p>\n<p>The bilateral summit between Portugal and Mozambique was scheduled for 4 and 5 November, 2021 but was postponed due to the rejection of the Portuguese state budget for 2022, which led to the dissolution of parliament and the calling of early legislative elections.<\/p>\n<p>Encontro com o Ministro da Sa\u00fade de Mo\u00e7ambique, Armindo Tiago, para discutir iniciativas comuns no dom\u00ednio da Sa\u00fade, uma das principais \u00e1reas da implementa\u00e7\u00e3o do Programa Estrat\u00e9gico de Coopera\u00e7\u00e3o 2022-2026 ?? ?? pic.twitter.com\/MdQvMGg8qx<\/p>\n<p>\u2014 Francisco Andr\u00e9 (@FAndreSENEC) June 21, 2022<\/p>\n<p><strong>For More News And Analysis About <a href=\"https:\/\/www.africa-press.net\/mozambique\">Mozambique<\/a> Follow <a href=\"https:\/\/www.africa-press.net\/\">Africa-Press<\/a><\/strong><\/p>\n","protected":false},"excerpt":{"rendered":"<p>Africa-Press &#8211; Mozambique. The Portuguese secretary of state for foreign affairs and cooperation said on Monday that the 5th bilateral summit between Portugal and Mozambique in July will be a \u201cgood time\u201d to assess the strategic plan for cooperation between the two countries. \u201cThis summit will be a good time to take stock of the [&hellip;]<\/p>\n","protected":false},"author":84,"featured_media":21590,"comment_status":"open","ping_status":"open","sticky":false,"template":"","format":"standard","meta":{"footnotes":""},"categories":[2,8,12,16],"tags":[233,281,283],"class_list":["post-21591","post","type-post","status-publish","format-standard","has-post-thumbnail","hentry","category-all-news","category-homepage-english","category-policy","category-twitter","tag-africa-press","tag-africa-press-mozambique","tag-mozambique"],"yoast_head":"<!-- This site is optimized with the Yoast SEO Premium plugin v26.1 (Yoast SEO v27.0) - https:\/\/yoast.com\/product\/yoast-seo-premium-wordpress\/ -->\n<title>Mozambique. July summit with Portugal to assess bilateral cooperation - Mozambique<\/title>\n<meta name=\"robots\" content=\"index, follow, max-snippet:-1, max-image-preview:large, max-video-preview:-1\" \/>\n<link rel=\"canonical\" href=\"https:\/\/www.africa-press.net\/mozambique\/all-news\/mozambique-july-summit-with-portugal-to-assess-bilateral-cooperation\" \/>\n<meta property=\"og:locale\" content=\"en_US\" \/>\n<meta property=\"og:type\" content=\"article\" \/>\n<meta property=\"og:title\" content=\"Mozambique. July summit with Portugal to assess bilateral cooperation\" \/>\n<meta property=\"og:description\" content=\"Africa-Press &#8211; Mozambique. The Portuguese secretary of state for foreign affairs and cooperation said on Monday that the 5th bilateral summit between Portugal and Mozambique in July will be a \u201cgood time\u201d to assess the strategic plan for cooperation between the two countries. \u201cThis summit will be a good time to take stock of the [&hellip;]\" \/>\n<meta property=\"og:url\" content=\"https:\/\/www.africa-press.net\/mozambique\/all-news\/mozambique-july-summit-with-portugal-to-assess-bilateral-cooperation\" \/>\n<meta property=\"og:site_name\" content=\"Mozambique\" \/>\n<meta property=\"article:publisher\" content=\"https:\/\/www.facebook.com\/AfricaPressTunisiaa\" \/>\n<meta property=\"article:published_time\" content=\"2022-06-21T16:31:02+00:00\" \/>\n<meta name=\"author\" content=\"cfeditoren\" \/>\n<meta name=\"twitter:card\" content=\"summary_large_image\" \/>\n<meta name=\"twitter:label1\" content=\"Written by\" \/>\n\t<meta name=\"twitter:data1\" content=\"cfeditoren\" \/>\n\t<meta name=\"twitter:label2\" content=\"Est. reading time\" \/>\n\t<meta name=\"twitter:data2\" content=\"2 minutes\" \/>\n<script type=\"application\/ld+json\" class=\"yoast-schema-graph\">{\"@context\":\"https:\/\/schema.org\",\"@graph\":[{\"@type\":\"Article\",\"@id\":\"https:\/\/www.africa-press.net\/mozambique\/all-news\/mozambique-july-summit-with-portugal-to-assess-bilateral-cooperation#article\",\"isPartOf\":{\"@id\":\"https:\/\/www.africa-press.net\/mozambique\/all-news\/mozambique-july-summit-with-portugal-to-assess-bilateral-cooperation\"},\"author\":{\"name\":\"cfeditoren\",\"@id\":\"https:\/\/www.africa-press.net\/mozambique\/#\/schema\/person\/068c7ab4e9634ae78ec5d54ec46598bb\"},\"headline\":\"Mozambique. July summit with Portugal to assess bilateral cooperation\",\"datePublished\":\"2022-06-21T16:31:02+00:00\",\"mainEntityOfPage\":{\"@id\":\"https:\/\/www.africa-press.net\/mozambique\/all-news\/mozambique-july-summit-with-portugal-to-assess-bilateral-cooperation\"},\"wordCount\":387,\"commentCount\":0,\"image\":{\"@id\":\"https:\/\/www.africa-press.net\/mozambique\/all-news\/mozambique-july-summit-with-portugal-to-assess-bilateral-cooperation#primaryimage\"},\"thumbnailUrl\":\"https:\/\/static.africa-press.net\/mozambique\/sites\/64\/2022\/06\/img-62b1f5493b8fa.jpg\",\"keywords\":[\"Africa Press\",\"Africa Press-Mozambique\",\"Mozambique\"],\"articleSection\":[\"all news\",\"homepage-english\",\"policy\",\"twitter\"],\"inLanguage\":\"en-US\",\"potentialAction\":[{\"@type\":\"CommentAction\",\"name\":\"Comment\",\"target\":[\"https:\/\/www.africa-press.net\/mozambique\/all-news\/mozambique-july-summit-with-portugal-to-assess-bilateral-cooperation#respond\"]}]},{\"@type\":\"WebPage\",\"@id\":\"https:\/\/www.africa-press.net\/mozambique\/all-news\/mozambique-july-summit-with-portugal-to-assess-bilateral-cooperation\",\"url\":\"https:\/\/www.africa-press.net\/mozambique\/all-news\/mozambique-july-summit-with-portugal-to-assess-bilateral-cooperation\",\"name\":\"Mozambique. July summit with Portugal to assess bilateral cooperation - Mozambique\",\"isPartOf\":{\"@id\":\"https:\/\/www.africa-press.net\/mozambique\/#website\"},\"primaryImageOfPage\":{\"@id\":\"https:\/\/www.africa-press.net\/mozambique\/all-news\/mozambique-july-summit-with-portugal-to-assess-bilateral-cooperation#primaryimage\"},\"image\":{\"@id\":\"https:\/\/www.africa-press.net\/mozambique\/all-news\/mozambique-july-summit-with-portugal-to-assess-bilateral-cooperation#primaryimage\"},\"thumbnailUrl\":\"https:\/\/static.africa-press.net\/mozambique\/sites\/64\/2022\/06\/img-62b1f5493b8fa.jpg\",\"datePublished\":\"2022-06-21T16:31:02+00:00\",\"author\":{\"@id\":\"https:\/\/www.africa-press.net\/mozambique\/#\/schema\/person\/068c7ab4e9634ae78ec5d54ec46598bb\"},\"breadcrumb\":{\"@id\":\"https:\/\/www.africa-press.net\/mozambique\/all-news\/mozambique-july-summit-with-portugal-to-assess-bilateral-cooperation#breadcrumb\"},\"inLanguage\":\"en-US\",\"potentialAction\":[{\"@type\":\"ReadAction\",\"target\":[\"https:\/\/www.africa-press.net\/mozambique\/all-news\/mozambique-july-summit-with-portugal-to-assess-bilateral-cooperation\"]}]},{\"@type\":\"ImageObject\",\"inLanguage\":\"en-US\",\"@id\":\"https:\/\/www.africa-press.net\/mozambique\/all-news\/mozambique-july-summit-with-portugal-to-assess-bilateral-cooperation#primaryimage\",\"url\":\"https:\/\/static.africa-press.net\/mozambique\/sites\/64\/2022\/06\/img-62b1f5493b8fa.jpg\",\"contentUrl\":\"https:\/\/static.africa-press.net\/mozambique\/sites\/64\/2022\/06\/img-62b1f5493b8fa.jpg\",\"width\":823,\"height\":628,\"caption\":\"Mozambique. July summit with Portugal to assess bilateral cooperation\"},{\"@type\":\"BreadcrumbList\",\"@id\":\"https:\/\/www.africa-press.net\/mozambique\/all-news\/mozambique-july-summit-with-portugal-to-assess-bilateral-cooperation#breadcrumb\",\"itemListElement\":[{\"@type\":\"ListItem\",\"position\":1,\"name\":\"Home\",\"item\":\"https:\/\/www.africa-press.net\/mozambique\/\"},{\"@type\":\"ListItem\",\"position\":2,\"name\":\"Mozambique. July summit with Portugal to assess bilateral cooperation\"}]},{\"@type\":\"WebSite\",\"@id\":\"https:\/\/www.africa-press.net\/mozambique\/#website\",\"url\":\"https:\/\/www.africa-press.net\/mozambique\/\",\"name\":\"Mozambique\",\"description\":\"Just another Africa News Agency Sites site\",\"potentialAction\":[{\"@type\":\"SearchAction\",\"target\":{\"@type\":\"EntryPoint\",\"urlTemplate\":\"https:\/\/www.africa-press.net\/mozambique\/?s={search_term_string}\"},\"query-input\":{\"@type\":\"PropertyValueSpecification\",\"valueRequired\":true,\"valueName\":\"search_term_string\"}}],\"inLanguage\":\"en-US\"},{\"@type\":\"Person\",\"@id\":\"https:\/\/www.africa-press.net\/mozambique\/#\/schema\/person\/068c7ab4e9634ae78ec5d54ec46598bb\",\"name\":\"cfeditoren\",\"image\":{\"@type\":\"ImageObject\",\"inLanguage\":\"en-US\",\"@id\":\"https:\/\/www.africa-press.net\/mozambique\/#\/schema\/person\/image\/\",\"url\":\"https:\/\/secure.gravatar.com\/avatar\/7417380fa9e23b5c57fdbfdaf3fdf92ee478f759a084addda5faa3732853e74a?s=96&d=mm&r=g\",\"contentUrl\":\"https:\/\/secure.gravatar.com\/avatar\/7417380fa9e23b5c57fdbfdaf3fdf92ee478f759a084addda5faa3732853e74a?s=96&d=mm&r=g\",\"caption\":\"cfeditoren\"}}]}<\/script>\n<!-- \/ Yoast SEO Premium plugin. -->","yoast_head_json":{"title":"Mozambique. July summit with Portugal to assess bilateral cooperation - Mozambique","robots":{"index":"index","follow":"follow","max-snippet":"max-snippet:-1","max-image-preview":"max-image-preview:large","max-video-preview":"max-video-preview:-1"},"canonical":"https:\/\/www.africa-press.net\/mozambique\/all-news\/mozambique-july-summit-with-portugal-to-assess-bilateral-cooperation","og_locale":"en_US","og_type":"article","og_title":"Mozambique. July summit with Portugal to assess bilateral cooperation","og_description":"Africa-Press &#8211; Mozambique. The Portuguese secretary of state for foreign affairs and cooperation said on Monday that the 5th bilateral summit between Portugal and Mozambique in July will be a \u201cgood time\u201d to assess the strategic plan for cooperation between the two countries. \u201cThis summit will be a good time to take stock of the [&hellip;]","og_url":"https:\/\/www.africa-press.net\/mozambique\/all-news\/mozambique-july-summit-with-portugal-to-assess-bilateral-cooperation","og_site_name":"Mozambique","article_publisher":"https:\/\/www.facebook.com\/AfricaPressTunisiaa","article_published_time":"2022-06-21T16:31:02+00:00","author":"cfeditoren","twitter_card":"summary_large_image","twitter_misc":{"Written by":"cfeditoren","Est. reading time":"2 minutes"},"schema":{"@context":"https:\/\/schema.org","@graph":[{"@type":"Article","@id":"https:\/\/www.africa-press.net\/mozambique\/all-news\/mozambique-july-summit-with-portugal-to-assess-bilateral-cooperation#article","isPartOf":{"@id":"https:\/\/www.africa-press.net\/mozambique\/all-news\/mozambique-july-summit-with-portugal-to-assess-bilateral-cooperation"},"author":{"name":"cfeditoren","@id":"https:\/\/www.africa-press.net\/mozambique\/#\/schema\/person\/068c7ab4e9634ae78ec5d54ec46598bb"},"headline":"Mozambique. July summit with Portugal to assess bilateral cooperation","datePublished":"2022-06-21T16:31:02+00:00","mainEntityOfPage":{"@id":"https:\/\/www.africa-press.net\/mozambique\/all-news\/mozambique-july-summit-with-portugal-to-assess-bilateral-cooperation"},"wordCount":387,"commentCount":0,"image":{"@id":"https:\/\/www.africa-press.net\/mozambique\/all-news\/mozambique-july-summit-with-portugal-to-assess-bilateral-cooperation#primaryimage"},"thumbnailUrl":"https:\/\/static.africa-press.net\/mozambique\/sites\/64\/2022\/06\/img-62b1f5493b8fa.jpg","keywords":["Africa Press","Africa Press-Mozambique","Mozambique"],"articleSection":["all news","homepage-english","policy","twitter"],"inLanguage":"en-US","potentialAction":[{"@type":"CommentAction","name":"Comment","target":["https:\/\/www.africa-press.net\/mozambique\/all-news\/mozambique-july-summit-with-portugal-to-assess-bilateral-cooperation#respond"]}]},{"@type":"WebPage","@id":"https:\/\/www.africa-press.net\/mozambique\/all-news\/mozambique-july-summit-with-portugal-to-assess-bilateral-cooperation","url":"https:\/\/www.africa-press.net\/mozambique\/all-news\/mozambique-july-summit-with-portugal-to-assess-bilateral-cooperation","name":"Mozambique. July summit with Portugal to assess bilateral cooperation - Mozambique","isPartOf":{"@id":"https:\/\/www.africa-press.net\/mozambique\/#website"},"primaryImageOfPage":{"@id":"https:\/\/www.africa-press.net\/mozambique\/all-news\/mozambique-july-summit-with-portugal-to-assess-bilateral-cooperation#primaryimage"},"image":{"@id":"https:\/\/www.africa-press.net\/mozambique\/all-news\/mozambique-july-summit-with-portugal-to-assess-bilateral-cooperation#primaryimage"},"thumbnailUrl":"https:\/\/static.africa-press.net\/mozambique\/sites\/64\/2022\/06\/img-62b1f5493b8fa.jpg","datePublished":"2022-06-21T16:31:02+00:00","author":{"@id":"https:\/\/www.africa-press.net\/mozambique\/#\/schema\/person\/068c7ab4e9634ae78ec5d54ec46598bb"},"breadcrumb":{"@id":"https:\/\/www.africa-press.net\/mozambique\/all-news\/mozambique-july-summit-with-portugal-to-assess-bilateral-cooperation#breadcrumb"},"inLanguage":"en-US","potentialAction":[{"@type":"ReadAction","target":["https:\/\/www.africa-press.net\/mozambique\/all-news\/mozambique-july-summit-with-portugal-to-assess-bilateral-cooperation"]}]},{"@type":"ImageObject","inLanguage":"en-US","@id":"https:\/\/www.africa-press.net\/mozambique\/all-news\/mozambique-july-summit-with-portugal-to-assess-bilateral-cooperation#primaryimage","url":"https:\/\/static.africa-press.net\/mozambique\/sites\/64\/2022\/06\/img-62b1f5493b8fa.jpg","contentUrl":"https:\/\/static.africa-press.net\/mozambique\/sites\/64\/2022\/06\/img-62b1f5493b8fa.jpg","width":823,"height":628,"caption":"Mozambique. July summit with Portugal to assess bilateral cooperation"},{"@type":"BreadcrumbList","@id":"https:\/\/www.africa-press.net\/mozambique\/all-news\/mozambique-july-summit-with-portugal-to-assess-bilateral-cooperation#breadcrumb","itemListElement":[{"@type":"ListItem","position":1,"name":"Home","item":"https:\/\/www.africa-press.net\/mozambique\/"},{"@type":"ListItem","position":2,"name":"Mozambique. July summit with Portugal to assess bilateral cooperation"}]},{"@type":"WebSite","@id":"https:\/\/www.africa-press.net\/mozambique\/#website","url":"https:\/\/www.africa-press.net\/mozambique\/","name":"Mozambique","description":"Just another Africa News Agency Sites site","potentialAction":[{"@type":"SearchAction","target":{"@type":"EntryPoint","urlTemplate":"https:\/\/www.africa-press.net\/mozambique\/?s={search_term_string}"},"query-input":{"@type":"PropertyValueSpecification","valueRequired":true,"valueName":"search_term_string"}}],"inLanguage":"en-US"},{"@type":"Person","@id":"https:\/\/www.africa-press.net\/mozambique\/#\/schema\/person\/068c7ab4e9634ae78ec5d54ec46598bb","name":"cfeditoren","image":{"@type":"ImageObject","inLanguage":"en-US","@id":"https:\/\/www.africa-press.net\/mozambique\/#\/schema\/person\/image\/","url":"https:\/\/secure.gravatar.com\/avatar\/7417380fa9e23b5c57fdbfdaf3fdf92ee478f759a084addda5faa3732853e74a?s=96&d=mm&r=g","contentUrl":"https:\/\/secure.gravatar.com\/avatar\/7417380fa9e23b5c57fdbfdaf3fdf92ee478f759a084addda5faa3732853e74a?s=96&d=mm&r=g","caption":"cfeditoren"}}]}},"_links":{"self":[{"href":"https:\/\/www.africa-press.net\/mozambique\/wp-json\/wp\/v2\/posts\/21591","targetHints":{"allow":["GET"]}}],"collection":[{"href":"https:\/\/www.africa-press.net\/mozambique\/wp-json\/wp\/v2\/posts"}],"about":[{"href":"https:\/\/www.africa-press.net\/mozambique\/wp-json\/wp\/v2\/types\/post"}],"author":[{"embeddable":true,"href":"https:\/\/www.africa-press.net\/mozambique\/wp-json\/wp\/v2\/users\/84"}],"replies":[{"embeddable":true,"href":"https:\/\/www.africa-press.net\/mozambique\/wp-json\/wp\/v2\/comments?post=21591"}],"version-history":[{"count":0,"href":"https:\/\/www.africa-press.net\/mozambique\/wp-json\/wp\/v2\/posts\/21591\/revisions"}],"wp:featuredmedia":[{"embeddable":true,"href":"https:\/\/www.africa-press.net\/mozambique\/wp-json\/wp\/v2\/media\/21590"}],"wp:attachment":[{"href":"https:\/\/www.africa-press.net\/mozambique\/wp-json\/wp\/v2\/media?parent=21591"}],"wp:term":[{"taxonomy":"category","embeddable":true,"href":"https:\/\/www.africa-press.net\/mozambique\/wp-json\/wp\/v2\/categories?post=21591"},{"taxonomy":"post_tag","embeddable":true,"href":"https:\/\/www.africa-press.net\/mozambique\/wp-json\/wp\/v2\/tags?post=21591"}],"curies":[{"name":"wp","href":"https:\/\/api.w.org\/{rel}","templated":true}]}}