{"id":22017,"date":"2022-06-28T16:40:38","date_gmt":"2022-06-28T16:40:38","guid":{"rendered":"https:\/\/www.africa-press.net\/mozambique\/all-news\/biofund-and-wwf-sign-agreement-to-conserve-sea-turtles-in-primeiras-e-segundas-islands"},"modified":"2022-06-28T16:52:58","modified_gmt":"2022-06-28T16:52:58","slug":"biofund-and-wwf-sign-agreement-to-conserve-sea-turtles-in-primeiras-e-segundas-islands","status":"publish","type":"post","link":"https:\/\/www.africa-press.net\/mozambique\/all-news\/biofund-and-wwf-sign-agreement-to-conserve-sea-turtles-in-primeiras-e-segundas-islands","title":{"rendered":"BIOFUND and WWF sign agreement to conserve sea turtles in Primeiras e Segundas islands"},"content":{"rendered":"<p><span style=\"color: #ff6600\"><strong>Africa-Press &#8211; Mozambique. <\/strong><\/span>The Foundation for Biodiversity Conservation (BIOFUND) and WWF Mozambique in June signed a joint grant agreement for a new project to monitor sea turtles in the Primeiras e Segundas Environmental Protection Area (PSEPA).<\/p>\n<p>The project involves attaching satellite tags to the sea turtles that nest in the PSEPA, with the aim of improving real-time knowledge of their migration routes.<\/p>\n<p>The project is financed through the \u2018Bio Card\u2019 [Cart\u00e3o Bio], a joint program involving Banco Comercial de Investimentos (BCI) and BIOFUND, which channels a percentage of the ATM card\u2019s annual and usage fees into biodiversity conservation projects.<\/p>\n<p>The partnership also foresees a communication drive, sensitising local communities to the value of conserving sea turtles.<\/p>\n<p>BIOFUND intends the partnership to increasingly support research and innovation related to the conservation of biodiversity, promoting environmental awareness actions on relevant topics.<\/p>\n<p>BIOFUND e WWF assinam acordo de parceria para a Conserva\u00e7\u00e3o de Tartarugas Marinhas na \u00c1rea de Protec\u00e7\u00e3o Ambiental das Ilhas Primeiras e Segundas<\/p>\n<p>Little is known about sea turtles in Mozambique, except in specific areas where more consistent monitoring and research programs take place, such as Inhaca Island, Ponta do Ouro, Ponta Santa Maria, Bazaruto Archipelago. and Vamizi and Rongui Islands.<\/p>\n<p>Between 2005 to 2010, some turtle monitoring and marking actions were carried out in the Primeiras and Segundas Islands, attaching titanium tags to the turtles\u2019 flippers. Data from the monitoring verified that green turtles nest on the islands.<\/p>\n<p><b>The Primeiras e Segundas Environmental Protection Area<\/b><\/p>\n<p>With an area of approximately 1,040,926 ha (hectares) and a land area of 205 km, the archipelago of the Primeiras and Segundas Islands forms a region of great marine influence where an extensive \u201cdeep mountain range\u201d of reefs develops and surface in some locations, rich in biological diversity. The archipelago is an integral part of the East African Marine Eco-Region that runs from southern Somalia to the Kwazulu-Natal coast of the Republic of South Africa. PSEPA environmental protection ensures the physical and environmental integrity of the habitat linking coastal and marine areas.<\/p>\n<p><strong>For More News And Analysis About <a href=\"https:\/\/www.africa-press.net\/mozambique\">Mozambique<\/a> Follow <a href=\"https:\/\/www.africa-press.net\/\">Africa-Press<\/a><\/strong><\/p>\n","protected":false},"excerpt":{"rendered":"<p>Africa-Press &#8211; Mozambique. The Foundation for Biodiversity Conservation (BIOFUND) and WWF Mozambique in June signed a joint grant agreement for a new project to monitor sea turtles in the Primeiras e Segundas Environmental Protection Area (PSEPA). The project involves attaching satellite tags to the sea turtles that nest in the PSEPA, with the aim of [&hellip;]<\/p>\n","protected":false},"author":84,"featured_media":22016,"comment_status":"open","ping_status":"open","sticky":false,"template":"","format":"standard","meta":{"footnotes":""},"categories":[2,3,8,16],"tags":[233,281,283],"class_list":["post-22017","post","type-post","status-publish","format-standard","has-post-thumbnail","hentry","category-all-news","category-community","category-homepage-english","category-twitter","tag-africa-press","tag-africa-press-mozambique","tag-mozambique"],"yoast_head":"<!-- This site is optimized with the Yoast SEO Premium plugin v26.1 (Yoast SEO v27.0) - https:\/\/yoast.com\/product\/yoast-seo-premium-wordpress\/ -->\n<title>BIOFUND and WWF sign agreement to conserve sea turtles in Primeiras e Segundas islands - Mozambique<\/title>\n<meta name=\"description\" content=\"The Foundation for Biodiversity Conservation (BIOFUND) and WWF Mozambique in June signed a joint grant agreement for a n ...\" \/>\n<meta name=\"robots\" content=\"index, follow, max-snippet:-1, max-image-preview:large, max-video-preview:-1\" \/>\n<link rel=\"canonical\" href=\"https:\/\/www.africa-press.net\/mozambique\/all-news\/biofund-and-wwf-sign-agreement-to-conserve-sea-turtles-in-primeiras-e-segundas-islands\" \/>\n<meta property=\"og:locale\" content=\"en_US\" \/>\n<meta property=\"og:type\" content=\"article\" \/>\n<meta property=\"og:title\" content=\"BIOFUND and WWF sign agreement to conserve sea turtles in Primeiras e Segundas islands\" \/>\n<meta property=\"og:description\" content=\"The Foundation for Biodiversity Conservation (BIOFUND) and WWF Mozambique in June signed a joint grant agreement for a n ...\" \/>\n<meta property=\"og:url\" content=\"https:\/\/www.africa-press.net\/mozambique\/all-news\/biofund-and-wwf-sign-agreement-to-conserve-sea-turtles-in-primeiras-e-segundas-islands\" \/>\n<meta property=\"og:site_name\" content=\"Mozambique\" \/>\n<meta property=\"article:publisher\" content=\"https:\/\/www.facebook.com\/AfricaPressTunisiaa\" \/>\n<meta property=\"article:published_time\" content=\"2022-06-28T16:40:38+00:00\" \/>\n<meta property=\"article:modified_time\" content=\"2022-06-28T16:52:58+00:00\" \/>\n<meta property=\"og:image\" content=\"https:\/\/static.africa-press.net\/mozambique\/sites\/64\/2022\/06\/img-62bb31cb8409f.jpg\" \/>\n\t<meta property=\"og:image:width\" content=\"720\" \/>\n\t<meta property=\"og:image:height\" content=\"547\" \/>\n\t<meta property=\"og:image:type\" content=\"image\/jpeg\" \/>\n<meta name=\"author\" content=\"cfeditoren\" \/>\n<meta name=\"twitter:card\" content=\"summary_large_image\" \/>\n<meta name=\"twitter:label1\" content=\"Written by\" \/>\n\t<meta name=\"twitter:data1\" content=\"cfeditoren\" \/>\n\t<meta name=\"twitter:label2\" content=\"Est. reading time\" \/>\n\t<meta name=\"twitter:data2\" content=\"2 minutes\" \/>\n<script type=\"application\/ld+json\" class=\"yoast-schema-graph\">{\"@context\":\"https:\/\/schema.org\",\"@graph\":[{\"@type\":\"Article\",\"@id\":\"https:\/\/www.africa-press.net\/mozambique\/all-news\/biofund-and-wwf-sign-agreement-to-conserve-sea-turtles-in-primeiras-e-segundas-islands#article\",\"isPartOf\":{\"@id\":\"https:\/\/www.africa-press.net\/mozambique\/all-news\/biofund-and-wwf-sign-agreement-to-conserve-sea-turtles-in-primeiras-e-segundas-islands\"},\"author\":{\"name\":\"cfeditoren\",\"@id\":\"https:\/\/www.africa-press.net\/mozambique\/#\/schema\/person\/068c7ab4e9634ae78ec5d54ec46598bb\"},\"headline\":\"BIOFUND and WWF sign agreement to conserve sea turtles in Primeiras e Segundas islands\",\"datePublished\":\"2022-06-28T16:40:38+00:00\",\"dateModified\":\"2022-06-28T16:52:58+00:00\",\"mainEntityOfPage\":{\"@id\":\"https:\/\/www.africa-press.net\/mozambique\/all-news\/biofund-and-wwf-sign-agreement-to-conserve-sea-turtles-in-primeiras-e-segundas-islands\"},\"wordCount\":360,\"commentCount\":0,\"image\":{\"@id\":\"https:\/\/www.africa-press.net\/mozambique\/all-news\/biofund-and-wwf-sign-agreement-to-conserve-sea-turtles-in-primeiras-e-segundas-islands#primaryimage\"},\"thumbnailUrl\":\"https:\/\/static.africa-press.net\/mozambique\/sites\/64\/2022\/06\/img-62bb31cb8409f.jpg\",\"keywords\":[\"Africa Press\",\"Africa Press-Mozambique\",\"Mozambique\"],\"articleSection\":[\"all news\",\"community\",\"homepage-english\",\"twitter\"],\"inLanguage\":\"en-US\",\"potentialAction\":[{\"@type\":\"CommentAction\",\"name\":\"Comment\",\"target\":[\"https:\/\/www.africa-press.net\/mozambique\/all-news\/biofund-and-wwf-sign-agreement-to-conserve-sea-turtles-in-primeiras-e-segundas-islands#respond\"]}]},{\"@type\":\"WebPage\",\"@id\":\"https:\/\/www.africa-press.net\/mozambique\/all-news\/biofund-and-wwf-sign-agreement-to-conserve-sea-turtles-in-primeiras-e-segundas-islands\",\"url\":\"https:\/\/www.africa-press.net\/mozambique\/all-news\/biofund-and-wwf-sign-agreement-to-conserve-sea-turtles-in-primeiras-e-segundas-islands\",\"name\":\"BIOFUND and WWF sign agreement to conserve sea turtles in Primeiras e Segundas islands - Mozambique\",\"isPartOf\":{\"@id\":\"https:\/\/www.africa-press.net\/mozambique\/#website\"},\"primaryImageOfPage\":{\"@id\":\"https:\/\/www.africa-press.net\/mozambique\/all-news\/biofund-and-wwf-sign-agreement-to-conserve-sea-turtles-in-primeiras-e-segundas-islands#primaryimage\"},\"image\":{\"@id\":\"https:\/\/www.africa-press.net\/mozambique\/all-news\/biofund-and-wwf-sign-agreement-to-conserve-sea-turtles-in-primeiras-e-segundas-islands#primaryimage\"},\"thumbnailUrl\":\"https:\/\/static.africa-press.net\/mozambique\/sites\/64\/2022\/06\/img-62bb31cb8409f.jpg\",\"datePublished\":\"2022-06-28T16:40:38+00:00\",\"dateModified\":\"2022-06-28T16:52:58+00:00\",\"author\":{\"@id\":\"https:\/\/www.africa-press.net\/mozambique\/#\/schema\/person\/068c7ab4e9634ae78ec5d54ec46598bb\"},\"description\":\"The Foundation for Biodiversity Conservation (BIOFUND) and WWF Mozambique in June signed a joint grant agreement for a n ...\",\"breadcrumb\":{\"@id\":\"https:\/\/www.africa-press.net\/mozambique\/all-news\/biofund-and-wwf-sign-agreement-to-conserve-sea-turtles-in-primeiras-e-segundas-islands#breadcrumb\"},\"inLanguage\":\"en-US\",\"potentialAction\":[{\"@type\":\"ReadAction\",\"target\":[\"https:\/\/www.africa-press.net\/mozambique\/all-news\/biofund-and-wwf-sign-agreement-to-conserve-sea-turtles-in-primeiras-e-segundas-islands\"]}]},{\"@type\":\"ImageObject\",\"inLanguage\":\"en-US\",\"@id\":\"https:\/\/www.africa-press.net\/mozambique\/all-news\/biofund-and-wwf-sign-agreement-to-conserve-sea-turtles-in-primeiras-e-segundas-islands#primaryimage\",\"url\":\"https:\/\/static.africa-press.net\/mozambique\/sites\/64\/2022\/06\/img-62bb31cb8409f.jpg\",\"contentUrl\":\"https:\/\/static.africa-press.net\/mozambique\/sites\/64\/2022\/06\/img-62bb31cb8409f.jpg\",\"width\":720,\"height\":547,\"caption\":\"BIOFUND and WWF sign agreement to conserve sea turtles in Primeiras e Segundas islands\"},{\"@type\":\"BreadcrumbList\",\"@id\":\"https:\/\/www.africa-press.net\/mozambique\/all-news\/biofund-and-wwf-sign-agreement-to-conserve-sea-turtles-in-primeiras-e-segundas-islands#breadcrumb\",\"itemListElement\":[{\"@type\":\"ListItem\",\"position\":1,\"name\":\"Home\",\"item\":\"https:\/\/www.africa-press.net\/mozambique\/\"},{\"@type\":\"ListItem\",\"position\":2,\"name\":\"BIOFUND and WWF sign agreement to conserve sea turtles in Primeiras e Segundas islands\"}]},{\"@type\":\"WebSite\",\"@id\":\"https:\/\/www.africa-press.net\/mozambique\/#website\",\"url\":\"https:\/\/www.africa-press.net\/mozambique\/\",\"name\":\"Mozambique\",\"description\":\"Just another Africa News Agency Sites site\",\"potentialAction\":[{\"@type\":\"SearchAction\",\"target\":{\"@type\":\"EntryPoint\",\"urlTemplate\":\"https:\/\/www.africa-press.net\/mozambique\/?s={search_term_string}\"},\"query-input\":{\"@type\":\"PropertyValueSpecification\",\"valueRequired\":true,\"valueName\":\"search_term_string\"}}],\"inLanguage\":\"en-US\"},{\"@type\":\"Person\",\"@id\":\"https:\/\/www.africa-press.net\/mozambique\/#\/schema\/person\/068c7ab4e9634ae78ec5d54ec46598bb\",\"name\":\"cfeditoren\",\"image\":{\"@type\":\"ImageObject\",\"inLanguage\":\"en-US\",\"@id\":\"https:\/\/www.africa-press.net\/mozambique\/#\/schema\/person\/image\/\",\"url\":\"https:\/\/secure.gravatar.com\/avatar\/7417380fa9e23b5c57fdbfdaf3fdf92ee478f759a084addda5faa3732853e74a?s=96&d=mm&r=g\",\"contentUrl\":\"https:\/\/secure.gravatar.com\/avatar\/7417380fa9e23b5c57fdbfdaf3fdf92ee478f759a084addda5faa3732853e74a?s=96&d=mm&r=g\",\"caption\":\"cfeditoren\"}}]}<\/script>\n<!-- \/ Yoast SEO Premium plugin. -->","yoast_head_json":{"title":"BIOFUND and WWF sign agreement to conserve sea turtles in Primeiras e Segundas islands - Mozambique","description":"The Foundation for Biodiversity Conservation (BIOFUND) and WWF Mozambique in June signed a joint grant agreement for a n ...","robots":{"index":"index","follow":"follow","max-snippet":"max-snippet:-1","max-image-preview":"max-image-preview:large","max-video-preview":"max-video-preview:-1"},"canonical":"https:\/\/www.africa-press.net\/mozambique\/all-news\/biofund-and-wwf-sign-agreement-to-conserve-sea-turtles-in-primeiras-e-segundas-islands","og_locale":"en_US","og_type":"article","og_title":"BIOFUND and WWF sign agreement to conserve sea turtles in Primeiras e Segundas islands","og_description":"The Foundation for Biodiversity Conservation (BIOFUND) and WWF Mozambique in June signed a joint grant agreement for a n ...","og_url":"https:\/\/www.africa-press.net\/mozambique\/all-news\/biofund-and-wwf-sign-agreement-to-conserve-sea-turtles-in-primeiras-e-segundas-islands","og_site_name":"Mozambique","article_publisher":"https:\/\/www.facebook.com\/AfricaPressTunisiaa","article_published_time":"2022-06-28T16:40:38+00:00","article_modified_time":"2022-06-28T16:52:58+00:00","og_image":[{"width":720,"height":547,"url":"https:\/\/static.africa-press.net\/mozambique\/sites\/64\/2022\/06\/img-62bb31cb8409f.jpg","type":"image\/jpeg"}],"author":"cfeditoren","twitter_card":"summary_large_image","twitter_misc":{"Written by":"cfeditoren","Est. reading time":"2 minutes"},"schema":{"@context":"https:\/\/schema.org","@graph":[{"@type":"Article","@id":"https:\/\/www.africa-press.net\/mozambique\/all-news\/biofund-and-wwf-sign-agreement-to-conserve-sea-turtles-in-primeiras-e-segundas-islands#article","isPartOf":{"@id":"https:\/\/www.africa-press.net\/mozambique\/all-news\/biofund-and-wwf-sign-agreement-to-conserve-sea-turtles-in-primeiras-e-segundas-islands"},"author":{"name":"cfeditoren","@id":"https:\/\/www.africa-press.net\/mozambique\/#\/schema\/person\/068c7ab4e9634ae78ec5d54ec46598bb"},"headline":"BIOFUND and WWF sign agreement to conserve sea turtles in Primeiras e Segundas islands","datePublished":"2022-06-28T16:40:38+00:00","dateModified":"2022-06-28T16:52:58+00:00","mainEntityOfPage":{"@id":"https:\/\/www.africa-press.net\/mozambique\/all-news\/biofund-and-wwf-sign-agreement-to-conserve-sea-turtles-in-primeiras-e-segundas-islands"},"wordCount":360,"commentCount":0,"image":{"@id":"https:\/\/www.africa-press.net\/mozambique\/all-news\/biofund-and-wwf-sign-agreement-to-conserve-sea-turtles-in-primeiras-e-segundas-islands#primaryimage"},"thumbnailUrl":"https:\/\/static.africa-press.net\/mozambique\/sites\/64\/2022\/06\/img-62bb31cb8409f.jpg","keywords":["Africa Press","Africa Press-Mozambique","Mozambique"],"articleSection":["all news","community","homepage-english","twitter"],"inLanguage":"en-US","potentialAction":[{"@type":"CommentAction","name":"Comment","target":["https:\/\/www.africa-press.net\/mozambique\/all-news\/biofund-and-wwf-sign-agreement-to-conserve-sea-turtles-in-primeiras-e-segundas-islands#respond"]}]},{"@type":"WebPage","@id":"https:\/\/www.africa-press.net\/mozambique\/all-news\/biofund-and-wwf-sign-agreement-to-conserve-sea-turtles-in-primeiras-e-segundas-islands","url":"https:\/\/www.africa-press.net\/mozambique\/all-news\/biofund-and-wwf-sign-agreement-to-conserve-sea-turtles-in-primeiras-e-segundas-islands","name":"BIOFUND and WWF sign agreement to conserve sea turtles in Primeiras e Segundas islands - Mozambique","isPartOf":{"@id":"https:\/\/www.africa-press.net\/mozambique\/#website"},"primaryImageOfPage":{"@id":"https:\/\/www.africa-press.net\/mozambique\/all-news\/biofund-and-wwf-sign-agreement-to-conserve-sea-turtles-in-primeiras-e-segundas-islands#primaryimage"},"image":{"@id":"https:\/\/www.africa-press.net\/mozambique\/all-news\/biofund-and-wwf-sign-agreement-to-conserve-sea-turtles-in-primeiras-e-segundas-islands#primaryimage"},"thumbnailUrl":"https:\/\/static.africa-press.net\/mozambique\/sites\/64\/2022\/06\/img-62bb31cb8409f.jpg","datePublished":"2022-06-28T16:40:38+00:00","dateModified":"2022-06-28T16:52:58+00:00","author":{"@id":"https:\/\/www.africa-press.net\/mozambique\/#\/schema\/person\/068c7ab4e9634ae78ec5d54ec46598bb"},"description":"The Foundation for Biodiversity Conservation (BIOFUND) and WWF Mozambique in June signed a joint grant agreement for a n ...","breadcrumb":{"@id":"https:\/\/www.africa-press.net\/mozambique\/all-news\/biofund-and-wwf-sign-agreement-to-conserve-sea-turtles-in-primeiras-e-segundas-islands#breadcrumb"},"inLanguage":"en-US","potentialAction":[{"@type":"ReadAction","target":["https:\/\/www.africa-press.net\/mozambique\/all-news\/biofund-and-wwf-sign-agreement-to-conserve-sea-turtles-in-primeiras-e-segundas-islands"]}]},{"@type":"ImageObject","inLanguage":"en-US","@id":"https:\/\/www.africa-press.net\/mozambique\/all-news\/biofund-and-wwf-sign-agreement-to-conserve-sea-turtles-in-primeiras-e-segundas-islands#primaryimage","url":"https:\/\/static.africa-press.net\/mozambique\/sites\/64\/2022\/06\/img-62bb31cb8409f.jpg","contentUrl":"https:\/\/static.africa-press.net\/mozambique\/sites\/64\/2022\/06\/img-62bb31cb8409f.jpg","width":720,"height":547,"caption":"BIOFUND and WWF sign agreement to conserve sea turtles in Primeiras e Segundas islands"},{"@type":"BreadcrumbList","@id":"https:\/\/www.africa-press.net\/mozambique\/all-news\/biofund-and-wwf-sign-agreement-to-conserve-sea-turtles-in-primeiras-e-segundas-islands#breadcrumb","itemListElement":[{"@type":"ListItem","position":1,"name":"Home","item":"https:\/\/www.africa-press.net\/mozambique\/"},{"@type":"ListItem","position":2,"name":"BIOFUND and WWF sign agreement to conserve sea turtles in Primeiras e Segundas islands"}]},{"@type":"WebSite","@id":"https:\/\/www.africa-press.net\/mozambique\/#website","url":"https:\/\/www.africa-press.net\/mozambique\/","name":"Mozambique","description":"Just another Africa News Agency Sites site","potentialAction":[{"@type":"SearchAction","target":{"@type":"EntryPoint","urlTemplate":"https:\/\/www.africa-press.net\/mozambique\/?s={search_term_string}"},"query-input":{"@type":"PropertyValueSpecification","valueRequired":true,"valueName":"search_term_string"}}],"inLanguage":"en-US"},{"@type":"Person","@id":"https:\/\/www.africa-press.net\/mozambique\/#\/schema\/person\/068c7ab4e9634ae78ec5d54ec46598bb","name":"cfeditoren","image":{"@type":"ImageObject","inLanguage":"en-US","@id":"https:\/\/www.africa-press.net\/mozambique\/#\/schema\/person\/image\/","url":"https:\/\/secure.gravatar.com\/avatar\/7417380fa9e23b5c57fdbfdaf3fdf92ee478f759a084addda5faa3732853e74a?s=96&d=mm&r=g","contentUrl":"https:\/\/secure.gravatar.com\/avatar\/7417380fa9e23b5c57fdbfdaf3fdf92ee478f759a084addda5faa3732853e74a?s=96&d=mm&r=g","caption":"cfeditoren"}}]}},"_links":{"self":[{"href":"https:\/\/www.africa-press.net\/mozambique\/wp-json\/wp\/v2\/posts\/22017","targetHints":{"allow":["GET"]}}],"collection":[{"href":"https:\/\/www.africa-press.net\/mozambique\/wp-json\/wp\/v2\/posts"}],"about":[{"href":"https:\/\/www.africa-press.net\/mozambique\/wp-json\/wp\/v2\/types\/post"}],"author":[{"embeddable":true,"href":"https:\/\/www.africa-press.net\/mozambique\/wp-json\/wp\/v2\/users\/84"}],"replies":[{"embeddable":true,"href":"https:\/\/www.africa-press.net\/mozambique\/wp-json\/wp\/v2\/comments?post=22017"}],"version-history":[{"count":0,"href":"https:\/\/www.africa-press.net\/mozambique\/wp-json\/wp\/v2\/posts\/22017\/revisions"}],"wp:featuredmedia":[{"embeddable":true,"href":"https:\/\/www.africa-press.net\/mozambique\/wp-json\/wp\/v2\/media\/22016"}],"wp:attachment":[{"href":"https:\/\/www.africa-press.net\/mozambique\/wp-json\/wp\/v2\/media?parent=22017"}],"wp:term":[{"taxonomy":"category","embeddable":true,"href":"https:\/\/www.africa-press.net\/mozambique\/wp-json\/wp\/v2\/categories?post=22017"},{"taxonomy":"post_tag","embeddable":true,"href":"https:\/\/www.africa-press.net\/mozambique\/wp-json\/wp\/v2\/tags?post=22017"}],"curies":[{"name":"wp","href":"https:\/\/api.w.org\/{rel}","templated":true}]}}