{"id":22050,"date":"2022-06-29T15:34:47","date_gmt":"2022-06-29T15:34:47","guid":{"rendered":"https:\/\/www.africa-press.net\/mozambique\/all-news\/spain-chamber-of-commerce-celebrates-its-5th-anniversary-at-key-time-for-mozambique"},"modified":"2022-06-29T15:41:09","modified_gmt":"2022-06-29T15:41:09","slug":"spain-chamber-of-commerce-celebrates-its-5th-anniversary-at-key-time-for-mozambique","status":"publish","type":"post","link":"https:\/\/www.africa-press.net\/mozambique\/all-news\/spain-chamber-of-commerce-celebrates-its-5th-anniversary-at-key-time-for-mozambique","title":{"rendered":"Spain Chamber of Commerce celebrates its 5th anniversary at key time for Mozambique"},"content":{"rendered":"<p><span style=\"color: #ff6600\"><strong>Africa-Press &#8211; Mozambique. <\/strong><\/span>To commemorate its fifth anniversary, the Mozambique-Spain Chamber of Commerce last Wednesday (22-06) held a cocktail party, attended by numerous Mozambican and Spanish businesspeople, at the residence of the Spanish ambassador.<\/p>\n<p>In his speech to the gathering, Ambassador of Spain in Mozambique Alberto Cerezo said that the time had come for Mozambique to show the world its investment potential, international geopolitical circumstances defined by the current energy and food crisis having given countries like Mozambique strategic status.<\/p>\n<p>Ambassador Cerezo reiterated his government\u2019s congratulations on Mozambique\u2019s election as a non-permanent member of the United Nations Security Council, which, he said, assured Mozambique\u2019s position on the international political agenda.<\/p>\n<p>It also gives Mozambique the opportunity to publicize, the ambassador continued, its potential as a new gas producer, a country with strategic import in mitigating the effects of climate change in the midst of an international energy transition.<\/p>\n<p>Mozambique was a destination for investment in infrastructure, with enormous space and resources to develop agriculture and fisheries with modern systems, the ambassador recalled. Spain had a lot to offer in these areas, he said: its \u2018blue economy\u2019 was the largest in Europe; it was a leader in fisheries and aquaculture, as well as in renewable energies.<\/p>\n<p>The ambassador recalled that Spain and Mozambique enjoy an excellent cooperation relationship, but need to diversify and further develop trade relations.<\/p>\n<p>Ambassador Alberto Cerezo said that this is one of the priorities of his mission in Mozambique. He would make available the Embassy and its Chief Economic and Commercial Officer, Isaac Mart\u00edn-Barbero, also present, for all Spanish and Mozambican entrepreneurs interested in developing links between Spain and Mozambique.<\/p>\n<p>In turn, the president of the Mozambique-Spain Chamber of Commerce, Jos\u00e9 Mar\u00eda S\u00e1nchez-Castillo, and its director, Nuno Alvarez, highlighted the work carried out during the chamber\u2019s first five years together with their partners and friends, defining the chamber as an instrument to facilitate the path of Mozambican and Spanish entrepreneurs both in Spain and in Mozambique in times of crisis.<\/p>\n<p>The objective must be to join efforts to take advantage of the global crisis and the opportunities that also arise in such times and from which, in the end, solutions emerge.<\/p>\n<p><strong>For More News And Analysis About <a href=\"https:\/\/www.africa-press.net\/mozambique\">Mozambique<\/a> Follow <a href=\"https:\/\/www.africa-press.net\/\">Africa-Press<\/a><\/strong><\/p>\n","protected":false},"excerpt":{"rendered":"<p>Africa-Press &#8211; Mozambique. To commemorate its fifth anniversary, the Mozambique-Spain Chamber of Commerce last Wednesday (22-06) held a cocktail party, attended by numerous Mozambican and Spanish businesspeople, at the residence of the Spanish ambassador. In his speech to the gathering, Ambassador of Spain in Mozambique Alberto Cerezo said that the time had come for Mozambique [&hellip;]<\/p>\n","protected":false},"author":84,"featured_media":22049,"comment_status":"open","ping_status":"open","sticky":false,"template":"","format":"standard","meta":{"footnotes":""},"categories":[2,5,7,8,16],"tags":[233,281,283],"class_list":["post-22050","post","type-post","status-publish","format-standard","has-post-thumbnail","hentry","category-all-news","category-economy","category-head-lines","category-homepage-english","category-twitter","tag-africa-press","tag-africa-press-mozambique","tag-mozambique"],"yoast_head":"<!-- This site is optimized with the Yoast SEO Premium plugin v26.1 (Yoast SEO v27.0) - https:\/\/yoast.com\/product\/yoast-seo-premium-wordpress\/ -->\n<title>Spain Chamber of Commerce celebrates its 5th anniversary at key time for Mozambique - Mozambique<\/title>\n<meta name=\"description\" content=\"To commemorate its fifth anniversary, the Mozambique-Spain Chamber of Commerce last Wednesday (22-06) held a cocktail pa ...\" \/>\n<meta name=\"robots\" content=\"index, follow, max-snippet:-1, max-image-preview:large, max-video-preview:-1\" \/>\n<link rel=\"canonical\" href=\"https:\/\/www.africa-press.net\/mozambique\/all-news\/spain-chamber-of-commerce-celebrates-its-5th-anniversary-at-key-time-for-mozambique\" \/>\n<meta property=\"og:locale\" content=\"en_US\" \/>\n<meta property=\"og:type\" content=\"article\" \/>\n<meta property=\"og:title\" content=\"Spain Chamber of Commerce celebrates its 5th anniversary at key time for Mozambique\" \/>\n<meta property=\"og:description\" content=\"To commemorate its fifth anniversary, the Mozambique-Spain Chamber of Commerce last Wednesday (22-06) held a cocktail pa ...\" \/>\n<meta property=\"og:url\" content=\"https:\/\/www.africa-press.net\/mozambique\/all-news\/spain-chamber-of-commerce-celebrates-its-5th-anniversary-at-key-time-for-mozambique\" \/>\n<meta property=\"og:site_name\" content=\"Mozambique\" \/>\n<meta property=\"article:publisher\" content=\"https:\/\/www.facebook.com\/AfricaPressTunisiaa\" \/>\n<meta property=\"article:published_time\" content=\"2022-06-29T15:34:47+00:00\" \/>\n<meta property=\"article:modified_time\" content=\"2022-06-29T15:41:09+00:00\" \/>\n<meta property=\"og:image\" content=\"https:\/\/static.africa-press.net\/mozambique\/sites\/64\/2022\/06\/img-62bc7279e69cf.jpg\" \/>\n\t<meta property=\"og:image:width\" content=\"1235\" \/>\n\t<meta property=\"og:image:height\" content=\"824\" \/>\n\t<meta property=\"og:image:type\" content=\"image\/jpeg\" \/>\n<meta name=\"author\" content=\"cfeditoren\" \/>\n<meta name=\"twitter:card\" content=\"summary_large_image\" \/>\n<meta name=\"twitter:label1\" content=\"Written by\" \/>\n\t<meta name=\"twitter:data1\" content=\"cfeditoren\" \/>\n\t<meta name=\"twitter:label2\" content=\"Est. reading time\" \/>\n\t<meta name=\"twitter:data2\" content=\"2 minutes\" \/>\n<script type=\"application\/ld+json\" class=\"yoast-schema-graph\">{\"@context\":\"https:\/\/schema.org\",\"@graph\":[{\"@type\":\"Article\",\"@id\":\"https:\/\/www.africa-press.net\/mozambique\/all-news\/spain-chamber-of-commerce-celebrates-its-5th-anniversary-at-key-time-for-mozambique#article\",\"isPartOf\":{\"@id\":\"https:\/\/www.africa-press.net\/mozambique\/all-news\/spain-chamber-of-commerce-celebrates-its-5th-anniversary-at-key-time-for-mozambique\"},\"author\":{\"name\":\"cfeditoren\",\"@id\":\"https:\/\/www.africa-press.net\/mozambique\/#\/schema\/person\/068c7ab4e9634ae78ec5d54ec46598bb\"},\"headline\":\"Spain Chamber of Commerce celebrates its 5th anniversary at key time for Mozambique\",\"datePublished\":\"2022-06-29T15:34:47+00:00\",\"dateModified\":\"2022-06-29T15:41:09+00:00\",\"mainEntityOfPage\":{\"@id\":\"https:\/\/www.africa-press.net\/mozambique\/all-news\/spain-chamber-of-commerce-celebrates-its-5th-anniversary-at-key-time-for-mozambique\"},\"wordCount\":393,\"commentCount\":0,\"image\":{\"@id\":\"https:\/\/www.africa-press.net\/mozambique\/all-news\/spain-chamber-of-commerce-celebrates-its-5th-anniversary-at-key-time-for-mozambique#primaryimage\"},\"thumbnailUrl\":\"https:\/\/static.africa-press.net\/mozambique\/sites\/64\/2022\/06\/img-62bc7279e69cf.jpg\",\"keywords\":[\"Africa Press\",\"Africa Press-Mozambique\",\"Mozambique\"],\"articleSection\":[\"all news\",\"economy\",\"head lines\",\"homepage-english\",\"twitter\"],\"inLanguage\":\"en-US\",\"potentialAction\":[{\"@type\":\"CommentAction\",\"name\":\"Comment\",\"target\":[\"https:\/\/www.africa-press.net\/mozambique\/all-news\/spain-chamber-of-commerce-celebrates-its-5th-anniversary-at-key-time-for-mozambique#respond\"]}]},{\"@type\":\"WebPage\",\"@id\":\"https:\/\/www.africa-press.net\/mozambique\/all-news\/spain-chamber-of-commerce-celebrates-its-5th-anniversary-at-key-time-for-mozambique\",\"url\":\"https:\/\/www.africa-press.net\/mozambique\/all-news\/spain-chamber-of-commerce-celebrates-its-5th-anniversary-at-key-time-for-mozambique\",\"name\":\"Spain Chamber of Commerce celebrates its 5th anniversary at key time for Mozambique - Mozambique\",\"isPartOf\":{\"@id\":\"https:\/\/www.africa-press.net\/mozambique\/#website\"},\"primaryImageOfPage\":{\"@id\":\"https:\/\/www.africa-press.net\/mozambique\/all-news\/spain-chamber-of-commerce-celebrates-its-5th-anniversary-at-key-time-for-mozambique#primaryimage\"},\"image\":{\"@id\":\"https:\/\/www.africa-press.net\/mozambique\/all-news\/spain-chamber-of-commerce-celebrates-its-5th-anniversary-at-key-time-for-mozambique#primaryimage\"},\"thumbnailUrl\":\"https:\/\/static.africa-press.net\/mozambique\/sites\/64\/2022\/06\/img-62bc7279e69cf.jpg\",\"datePublished\":\"2022-06-29T15:34:47+00:00\",\"dateModified\":\"2022-06-29T15:41:09+00:00\",\"author\":{\"@id\":\"https:\/\/www.africa-press.net\/mozambique\/#\/schema\/person\/068c7ab4e9634ae78ec5d54ec46598bb\"},\"description\":\"To commemorate its fifth anniversary, the Mozambique-Spain Chamber of Commerce last Wednesday (22-06) held a cocktail pa ...\",\"breadcrumb\":{\"@id\":\"https:\/\/www.africa-press.net\/mozambique\/all-news\/spain-chamber-of-commerce-celebrates-its-5th-anniversary-at-key-time-for-mozambique#breadcrumb\"},\"inLanguage\":\"en-US\",\"potentialAction\":[{\"@type\":\"ReadAction\",\"target\":[\"https:\/\/www.africa-press.net\/mozambique\/all-news\/spain-chamber-of-commerce-celebrates-its-5th-anniversary-at-key-time-for-mozambique\"]}]},{\"@type\":\"ImageObject\",\"inLanguage\":\"en-US\",\"@id\":\"https:\/\/www.africa-press.net\/mozambique\/all-news\/spain-chamber-of-commerce-celebrates-its-5th-anniversary-at-key-time-for-mozambique#primaryimage\",\"url\":\"https:\/\/static.africa-press.net\/mozambique\/sites\/64\/2022\/06\/img-62bc7279e69cf.jpg\",\"contentUrl\":\"https:\/\/static.africa-press.net\/mozambique\/sites\/64\/2022\/06\/img-62bc7279e69cf.jpg\",\"width\":1235,\"height\":824,\"caption\":\"Spain Chamber of Commerce celebrates its 5th anniversary at key time for Mozambique\"},{\"@type\":\"BreadcrumbList\",\"@id\":\"https:\/\/www.africa-press.net\/mozambique\/all-news\/spain-chamber-of-commerce-celebrates-its-5th-anniversary-at-key-time-for-mozambique#breadcrumb\",\"itemListElement\":[{\"@type\":\"ListItem\",\"position\":1,\"name\":\"Home\",\"item\":\"https:\/\/www.africa-press.net\/mozambique\/\"},{\"@type\":\"ListItem\",\"position\":2,\"name\":\"Spain Chamber of Commerce celebrates its 5th anniversary at key time for Mozambique\"}]},{\"@type\":\"WebSite\",\"@id\":\"https:\/\/www.africa-press.net\/mozambique\/#website\",\"url\":\"https:\/\/www.africa-press.net\/mozambique\/\",\"name\":\"Mozambique\",\"description\":\"Just another Africa News Agency Sites site\",\"potentialAction\":[{\"@type\":\"SearchAction\",\"target\":{\"@type\":\"EntryPoint\",\"urlTemplate\":\"https:\/\/www.africa-press.net\/mozambique\/?s={search_term_string}\"},\"query-input\":{\"@type\":\"PropertyValueSpecification\",\"valueRequired\":true,\"valueName\":\"search_term_string\"}}],\"inLanguage\":\"en-US\"},{\"@type\":\"Person\",\"@id\":\"https:\/\/www.africa-press.net\/mozambique\/#\/schema\/person\/068c7ab4e9634ae78ec5d54ec46598bb\",\"name\":\"cfeditoren\",\"image\":{\"@type\":\"ImageObject\",\"inLanguage\":\"en-US\",\"@id\":\"https:\/\/www.africa-press.net\/mozambique\/#\/schema\/person\/image\/\",\"url\":\"https:\/\/secure.gravatar.com\/avatar\/7417380fa9e23b5c57fdbfdaf3fdf92ee478f759a084addda5faa3732853e74a?s=96&d=mm&r=g\",\"contentUrl\":\"https:\/\/secure.gravatar.com\/avatar\/7417380fa9e23b5c57fdbfdaf3fdf92ee478f759a084addda5faa3732853e74a?s=96&d=mm&r=g\",\"caption\":\"cfeditoren\"}}]}<\/script>\n<!-- \/ Yoast SEO Premium plugin. -->","yoast_head_json":{"title":"Spain Chamber of Commerce celebrates its 5th anniversary at key time for Mozambique - Mozambique","description":"To commemorate its fifth anniversary, the Mozambique-Spain Chamber of Commerce last Wednesday (22-06) held a cocktail pa ...","robots":{"index":"index","follow":"follow","max-snippet":"max-snippet:-1","max-image-preview":"max-image-preview:large","max-video-preview":"max-video-preview:-1"},"canonical":"https:\/\/www.africa-press.net\/mozambique\/all-news\/spain-chamber-of-commerce-celebrates-its-5th-anniversary-at-key-time-for-mozambique","og_locale":"en_US","og_type":"article","og_title":"Spain Chamber of Commerce celebrates its 5th anniversary at key time for Mozambique","og_description":"To commemorate its fifth anniversary, the Mozambique-Spain Chamber of Commerce last Wednesday (22-06) held a cocktail pa ...","og_url":"https:\/\/www.africa-press.net\/mozambique\/all-news\/spain-chamber-of-commerce-celebrates-its-5th-anniversary-at-key-time-for-mozambique","og_site_name":"Mozambique","article_publisher":"https:\/\/www.facebook.com\/AfricaPressTunisiaa","article_published_time":"2022-06-29T15:34:47+00:00","article_modified_time":"2022-06-29T15:41:09+00:00","og_image":[{"width":1235,"height":824,"url":"https:\/\/static.africa-press.net\/mozambique\/sites\/64\/2022\/06\/img-62bc7279e69cf.jpg","type":"image\/jpeg"}],"author":"cfeditoren","twitter_card":"summary_large_image","twitter_misc":{"Written by":"cfeditoren","Est. reading time":"2 minutes"},"schema":{"@context":"https:\/\/schema.org","@graph":[{"@type":"Article","@id":"https:\/\/www.africa-press.net\/mozambique\/all-news\/spain-chamber-of-commerce-celebrates-its-5th-anniversary-at-key-time-for-mozambique#article","isPartOf":{"@id":"https:\/\/www.africa-press.net\/mozambique\/all-news\/spain-chamber-of-commerce-celebrates-its-5th-anniversary-at-key-time-for-mozambique"},"author":{"name":"cfeditoren","@id":"https:\/\/www.africa-press.net\/mozambique\/#\/schema\/person\/068c7ab4e9634ae78ec5d54ec46598bb"},"headline":"Spain Chamber of Commerce celebrates its 5th anniversary at key time for Mozambique","datePublished":"2022-06-29T15:34:47+00:00","dateModified":"2022-06-29T15:41:09+00:00","mainEntityOfPage":{"@id":"https:\/\/www.africa-press.net\/mozambique\/all-news\/spain-chamber-of-commerce-celebrates-its-5th-anniversary-at-key-time-for-mozambique"},"wordCount":393,"commentCount":0,"image":{"@id":"https:\/\/www.africa-press.net\/mozambique\/all-news\/spain-chamber-of-commerce-celebrates-its-5th-anniversary-at-key-time-for-mozambique#primaryimage"},"thumbnailUrl":"https:\/\/static.africa-press.net\/mozambique\/sites\/64\/2022\/06\/img-62bc7279e69cf.jpg","keywords":["Africa Press","Africa Press-Mozambique","Mozambique"],"articleSection":["all news","economy","head lines","homepage-english","twitter"],"inLanguage":"en-US","potentialAction":[{"@type":"CommentAction","name":"Comment","target":["https:\/\/www.africa-press.net\/mozambique\/all-news\/spain-chamber-of-commerce-celebrates-its-5th-anniversary-at-key-time-for-mozambique#respond"]}]},{"@type":"WebPage","@id":"https:\/\/www.africa-press.net\/mozambique\/all-news\/spain-chamber-of-commerce-celebrates-its-5th-anniversary-at-key-time-for-mozambique","url":"https:\/\/www.africa-press.net\/mozambique\/all-news\/spain-chamber-of-commerce-celebrates-its-5th-anniversary-at-key-time-for-mozambique","name":"Spain Chamber of Commerce celebrates its 5th anniversary at key time for Mozambique - Mozambique","isPartOf":{"@id":"https:\/\/www.africa-press.net\/mozambique\/#website"},"primaryImageOfPage":{"@id":"https:\/\/www.africa-press.net\/mozambique\/all-news\/spain-chamber-of-commerce-celebrates-its-5th-anniversary-at-key-time-for-mozambique#primaryimage"},"image":{"@id":"https:\/\/www.africa-press.net\/mozambique\/all-news\/spain-chamber-of-commerce-celebrates-its-5th-anniversary-at-key-time-for-mozambique#primaryimage"},"thumbnailUrl":"https:\/\/static.africa-press.net\/mozambique\/sites\/64\/2022\/06\/img-62bc7279e69cf.jpg","datePublished":"2022-06-29T15:34:47+00:00","dateModified":"2022-06-29T15:41:09+00:00","author":{"@id":"https:\/\/www.africa-press.net\/mozambique\/#\/schema\/person\/068c7ab4e9634ae78ec5d54ec46598bb"},"description":"To commemorate its fifth anniversary, the Mozambique-Spain Chamber of Commerce last Wednesday (22-06) held a cocktail pa ...","breadcrumb":{"@id":"https:\/\/www.africa-press.net\/mozambique\/all-news\/spain-chamber-of-commerce-celebrates-its-5th-anniversary-at-key-time-for-mozambique#breadcrumb"},"inLanguage":"en-US","potentialAction":[{"@type":"ReadAction","target":["https:\/\/www.africa-press.net\/mozambique\/all-news\/spain-chamber-of-commerce-celebrates-its-5th-anniversary-at-key-time-for-mozambique"]}]},{"@type":"ImageObject","inLanguage":"en-US","@id":"https:\/\/www.africa-press.net\/mozambique\/all-news\/spain-chamber-of-commerce-celebrates-its-5th-anniversary-at-key-time-for-mozambique#primaryimage","url":"https:\/\/static.africa-press.net\/mozambique\/sites\/64\/2022\/06\/img-62bc7279e69cf.jpg","contentUrl":"https:\/\/static.africa-press.net\/mozambique\/sites\/64\/2022\/06\/img-62bc7279e69cf.jpg","width":1235,"height":824,"caption":"Spain Chamber of Commerce celebrates its 5th anniversary at key time for Mozambique"},{"@type":"BreadcrumbList","@id":"https:\/\/www.africa-press.net\/mozambique\/all-news\/spain-chamber-of-commerce-celebrates-its-5th-anniversary-at-key-time-for-mozambique#breadcrumb","itemListElement":[{"@type":"ListItem","position":1,"name":"Home","item":"https:\/\/www.africa-press.net\/mozambique\/"},{"@type":"ListItem","position":2,"name":"Spain Chamber of Commerce celebrates its 5th anniversary at key time for Mozambique"}]},{"@type":"WebSite","@id":"https:\/\/www.africa-press.net\/mozambique\/#website","url":"https:\/\/www.africa-press.net\/mozambique\/","name":"Mozambique","description":"Just another Africa News Agency Sites site","potentialAction":[{"@type":"SearchAction","target":{"@type":"EntryPoint","urlTemplate":"https:\/\/www.africa-press.net\/mozambique\/?s={search_term_string}"},"query-input":{"@type":"PropertyValueSpecification","valueRequired":true,"valueName":"search_term_string"}}],"inLanguage":"en-US"},{"@type":"Person","@id":"https:\/\/www.africa-press.net\/mozambique\/#\/schema\/person\/068c7ab4e9634ae78ec5d54ec46598bb","name":"cfeditoren","image":{"@type":"ImageObject","inLanguage":"en-US","@id":"https:\/\/www.africa-press.net\/mozambique\/#\/schema\/person\/image\/","url":"https:\/\/secure.gravatar.com\/avatar\/7417380fa9e23b5c57fdbfdaf3fdf92ee478f759a084addda5faa3732853e74a?s=96&d=mm&r=g","contentUrl":"https:\/\/secure.gravatar.com\/avatar\/7417380fa9e23b5c57fdbfdaf3fdf92ee478f759a084addda5faa3732853e74a?s=96&d=mm&r=g","caption":"cfeditoren"}}]}},"_links":{"self":[{"href":"https:\/\/www.africa-press.net\/mozambique\/wp-json\/wp\/v2\/posts\/22050","targetHints":{"allow":["GET"]}}],"collection":[{"href":"https:\/\/www.africa-press.net\/mozambique\/wp-json\/wp\/v2\/posts"}],"about":[{"href":"https:\/\/www.africa-press.net\/mozambique\/wp-json\/wp\/v2\/types\/post"}],"author":[{"embeddable":true,"href":"https:\/\/www.africa-press.net\/mozambique\/wp-json\/wp\/v2\/users\/84"}],"replies":[{"embeddable":true,"href":"https:\/\/www.africa-press.net\/mozambique\/wp-json\/wp\/v2\/comments?post=22050"}],"version-history":[{"count":0,"href":"https:\/\/www.africa-press.net\/mozambique\/wp-json\/wp\/v2\/posts\/22050\/revisions"}],"wp:featuredmedia":[{"embeddable":true,"href":"https:\/\/www.africa-press.net\/mozambique\/wp-json\/wp\/v2\/media\/22049"}],"wp:attachment":[{"href":"https:\/\/www.africa-press.net\/mozambique\/wp-json\/wp\/v2\/media?parent=22050"}],"wp:term":[{"taxonomy":"category","embeddable":true,"href":"https:\/\/www.africa-press.net\/mozambique\/wp-json\/wp\/v2\/categories?post=22050"},{"taxonomy":"post_tag","embeddable":true,"href":"https:\/\/www.africa-press.net\/mozambique\/wp-json\/wp\/v2\/tags?post=22050"}],"curies":[{"name":"wp","href":"https:\/\/api.w.org\/{rel}","templated":true}]}}