{"id":22597,"date":"2022-07-08T15:58:36","date_gmt":"2022-07-08T15:58:36","guid":{"rendered":"https:\/\/www.africa-press.net\/mozambique\/all-news\/sao-vicente-de-paulo-school-wants-to-honour-eduardo-white"},"modified":"2022-07-08T16:05:04","modified_gmt":"2022-07-08T16:05:04","slug":"sao-vicente-de-paulo-school-wants-to-honour-eduardo-white","status":"publish","type":"post","link":"https:\/\/www.africa-press.net\/mozambique\/all-news\/sao-vicente-de-paulo-school-wants-to-honour-eduardo-white","title":{"rendered":"S\u00e3o Vicente de Paulo school wants to honour Eduardo White"},"content":{"rendered":"<p><span style=\"color: #ff6600\"><strong>Africa-Press &#8211; Mozambique. <\/strong><\/span>The library of the S\u00e3o Vicente de Paulo Community School, one of the oldest in the city of Maputo, could this year be renamed after the Mozambican poet Eduardo Costley White (1963-2014).<\/p>\n<p>This intention was expressed on Tuesday by the directors of the joint primary and secondary school at the opening ceremony of a book fair taking place there until Saturday.<\/p>\n<p>According to school director Lic\u00ednio Miguelo, this would be one of the best ways of paying tribute to Eduardo White, who laboured unceasingly to establish the library in the school.<\/p>\n<p>\u201cHe gave conferences here, offered books and brought writers, so we want to remember him through a tribute,\u201d Miguelo clarified.<\/p>\n<p>Eduardo White, he said, always expressed an ambition to set up a reading space at the St Vincent de Paul school, and this came to fruition in 2013, a year before he lost his life to an illness in Maputo, on August 24, 2014.<\/p>\n<p>This idea was also backed by the Association of Mozambican Writers (AEMO), which took the opportunity to emphasise that White deserved this recognition, and more besides.<\/p>\n<p>\u201cOur words are an incentive for the library to be named after Eduardo White,\u201d said AEMO secretary general Carlos Paradona, adding that the author was a friend to the school and encouraged students to develop the habit of reading.<\/p>\n<p><b>White was the promoter and founder of the school\u2019s library<\/b><\/p>\n<p>Lic\u00ednio Miguelo said that, if it was not possible to rename the library, the author of \u201cO Pa\u00eds de Mim\u201d should have another space in the school dedicated in his honour.<\/p>\n<p>\u201cHe was the promoter and founder of the library, but if it is not possible to rename the library, we should pay tribute to this great writer by attributing his name to another space in the school. There are many tributes to hi, to his body of work in Mozambique, but he followed this case particularly closely,\u201d Miguelo noted.<\/p>\n<p>The space is currently called Biblioteca S. Paulo, in reference to the biblical figure Paul of Tarsus, as shown on the plaque at the entrance.<\/p>\n<p>Currently with a stock of 2,393 books, the library could benefit from some modernization. Yesterday, it received some more books from AEMO.<\/p>\n<p>\u201cWe are working on it, not only in the physical library, but also in a virtual one. Of course, books are important, but we cannot forget that the younger generations are connected digitally, and we should take advantage of that,\u201dMiguelo added.<\/p>\n<p>Miguelo also explained that the idea of holding a book fair at the school emerged after the outbreak of the new coronavirus pandemic in the country, so its realisation was postponed by preventative measures.<\/p>\n<p>The book fair is an opportunity for around 2,300 students to connect with works by Mozambican authors, provided by AEMO and the publishers Alcance, Ethale Publishing, Plural and Kuvaninga.<\/p>\n<p>On the occasion, J\u00falia da Consola\u00e7\u00e3o Nhampule, from the District Directorate of Education and Culture, said the literary festival was important for student development, because books contained the knowledge necessary for a better understanding of the world.<\/p>\n<p>\u201cWe encourage everyone to carry out these types of activities, because they help the student grasp the importance of literature. Especially since all we see around us today is cell phones,\u201d she said.<\/p>\n<p><b>Eduardo White<\/b><\/p>\n<p>Eduardo Costley-White was born in Quelimane, Zamb\u00e9zia province, the son of Portuguese mother and English father. He began his published career in 1984 with the work \u2018Amar sobre o \u00cdndico\u2019 (\u201cLoving over the Indic\u201d).<\/p>\n<p>White belonged to the literary generation who founded the \u2018Charrua\u2019 (Plough) Magazine, and was a prominent member of the Association of Mozambican Writers (AEMO).<\/p>\n<p>Costley-White published more than a dozen titles. His works include \u201cHomo\u00edne\u201d, \u201cO Pa\u00eds de Mim (My Country),\u201d \u201cPoemas da Ci\u00eancia de Voar e da Engenharia de Ser Ave (The Science of the Science of Flying and the Engineering of Being a Bird)\u201d, \u201cDesafio \u00e0 Tristeza (Challenge to Sadness)\u201d, \u201cOs Materiais do Amor\u201d (The Materials Of Love)\u201d , \u201cO Manual das M\u00e3os (The Manual Of Hands)\u201d, \u201cA Mec\u00e2nica Lunar (Lunar Mechanics)\u201d, \u201cA Escrita Desassossegada (Restless Writing)\u201d.<\/p>\n<p>The Mozambican Press Association voted him literary figure of the year in 2001, and his anthology \u201cO Libreto da Mis\u00e9ria (The Libretto of Hardship)\u201d won the BCI Prize for Literature in 2012.<\/p>\n<p>Eduardo White also won the National Award of Mozambican poetry, the Rui de Noronha Consecration Prize and the Jos\u00e9 Craveirinha Great Prize for Literature of Mozambique.<\/p>\n<p><strong>For More News And Analysis About <a href=\"https:\/\/www.africa-press.net\/mozambique\">Mozambique<\/a> Follow <a href=\"https:\/\/www.africa-press.net\/\">Africa-Press<\/a><\/strong><\/p>\n","protected":false},"excerpt":{"rendered":"<p>Africa-Press &#8211; Mozambique. The library of the S\u00e3o Vicente de Paulo Community School, one of the oldest in the city of Maputo, could this year be renamed after the Mozambican poet Eduardo Costley White (1963-2014). This intention was expressed on Tuesday by the directors of the joint primary and secondary school at the opening ceremony [&hellip;]<\/p>\n","protected":false},"author":84,"featured_media":22596,"comment_status":"open","ping_status":"open","sticky":false,"template":"","format":"standard","meta":{"footnotes":""},"categories":[2,4,8,16],"tags":[233,281,283],"class_list":["post-22597","post","type-post","status-publish","format-standard","has-post-thumbnail","hentry","category-all-news","category-culture-and-art","category-homepage-english","category-twitter","tag-africa-press","tag-africa-press-mozambique","tag-mozambique"],"yoast_head":"<!-- This site is optimized with the Yoast SEO Premium plugin v26.1 (Yoast SEO v27.0) - https:\/\/yoast.com\/product\/yoast-seo-premium-wordpress\/ -->\n<title>S\u00e3o Vicente de Paulo school wants to honour Eduardo White - Mozambique<\/title>\n<meta name=\"description\" content=\"The library of the S\u00e3o Vicente de Paulo Community School, one of the oldest in the city of Maputo, could this year be re ...\" \/>\n<meta name=\"robots\" content=\"index, follow, max-snippet:-1, max-image-preview:large, max-video-preview:-1\" \/>\n<link rel=\"canonical\" href=\"https:\/\/www.africa-press.net\/mozambique\/all-news\/sao-vicente-de-paulo-school-wants-to-honour-eduardo-white\" \/>\n<meta property=\"og:locale\" content=\"en_US\" \/>\n<meta property=\"og:type\" content=\"article\" \/>\n<meta property=\"og:title\" content=\"S\u00e3o Vicente de Paulo school wants to honour Eduardo White\" \/>\n<meta property=\"og:description\" content=\"The library of the S\u00e3o Vicente de Paulo Community School, one of the oldest in the city of Maputo, could this year be re ...\" \/>\n<meta property=\"og:url\" content=\"https:\/\/www.africa-press.net\/mozambique\/all-news\/sao-vicente-de-paulo-school-wants-to-honour-eduardo-white\" \/>\n<meta property=\"og:site_name\" content=\"Mozambique\" \/>\n<meta property=\"article:publisher\" content=\"https:\/\/www.facebook.com\/AfricaPressTunisiaa\" \/>\n<meta property=\"article:published_time\" content=\"2022-07-08T15:58:36+00:00\" \/>\n<meta property=\"article:modified_time\" content=\"2022-07-08T16:05:04+00:00\" \/>\n<meta property=\"og:image\" content=\"https:\/\/static.africa-press.net\/mozambique\/sites\/64\/2022\/07\/postQueueImg_1-62c85582a83cc.jpg\" \/>\n\t<meta property=\"og:image:width\" content=\"749\" \/>\n\t<meta property=\"og:image:height\" content=\"500\" \/>\n\t<meta property=\"og:image:type\" content=\"image\/jpeg\" \/>\n<meta name=\"author\" content=\"cfeditoren\" \/>\n<meta name=\"twitter:card\" content=\"summary_large_image\" \/>\n<meta name=\"twitter:label1\" content=\"Written by\" \/>\n\t<meta name=\"twitter:data1\" content=\"cfeditoren\" \/>\n\t<meta name=\"twitter:label2\" content=\"Est. reading time\" \/>\n\t<meta name=\"twitter:data2\" content=\"4 minutes\" \/>\n<script type=\"application\/ld+json\" class=\"yoast-schema-graph\">{\"@context\":\"https:\/\/schema.org\",\"@graph\":[{\"@type\":\"Article\",\"@id\":\"https:\/\/www.africa-press.net\/mozambique\/all-news\/sao-vicente-de-paulo-school-wants-to-honour-eduardo-white#article\",\"isPartOf\":{\"@id\":\"https:\/\/www.africa-press.net\/mozambique\/all-news\/sao-vicente-de-paulo-school-wants-to-honour-eduardo-white\"},\"author\":{\"name\":\"cfeditoren\",\"@id\":\"https:\/\/www.africa-press.net\/mozambique\/#\/schema\/person\/068c7ab4e9634ae78ec5d54ec46598bb\"},\"headline\":\"S\u00e3o Vicente de Paulo school wants to honour Eduardo White\",\"datePublished\":\"2022-07-08T15:58:36+00:00\",\"dateModified\":\"2022-07-08T16:05:04+00:00\",\"mainEntityOfPage\":{\"@id\":\"https:\/\/www.africa-press.net\/mozambique\/all-news\/sao-vicente-de-paulo-school-wants-to-honour-eduardo-white\"},\"wordCount\":762,\"commentCount\":0,\"image\":{\"@id\":\"https:\/\/www.africa-press.net\/mozambique\/all-news\/sao-vicente-de-paulo-school-wants-to-honour-eduardo-white#primaryimage\"},\"thumbnailUrl\":\"https:\/\/static.africa-press.net\/mozambique\/sites\/64\/2022\/07\/postQueueImg_1-62c85582a83cc.jpg\",\"keywords\":[\"Africa Press\",\"Africa Press-Mozambique\",\"Mozambique\"],\"articleSection\":[\"all news\",\"culture and art\",\"homepage-english\",\"twitter\"],\"inLanguage\":\"en-US\",\"potentialAction\":[{\"@type\":\"CommentAction\",\"name\":\"Comment\",\"target\":[\"https:\/\/www.africa-press.net\/mozambique\/all-news\/sao-vicente-de-paulo-school-wants-to-honour-eduardo-white#respond\"]}]},{\"@type\":\"WebPage\",\"@id\":\"https:\/\/www.africa-press.net\/mozambique\/all-news\/sao-vicente-de-paulo-school-wants-to-honour-eduardo-white\",\"url\":\"https:\/\/www.africa-press.net\/mozambique\/all-news\/sao-vicente-de-paulo-school-wants-to-honour-eduardo-white\",\"name\":\"S\u00e3o Vicente de Paulo school wants to honour Eduardo White - Mozambique\",\"isPartOf\":{\"@id\":\"https:\/\/www.africa-press.net\/mozambique\/#website\"},\"primaryImageOfPage\":{\"@id\":\"https:\/\/www.africa-press.net\/mozambique\/all-news\/sao-vicente-de-paulo-school-wants-to-honour-eduardo-white#primaryimage\"},\"image\":{\"@id\":\"https:\/\/www.africa-press.net\/mozambique\/all-news\/sao-vicente-de-paulo-school-wants-to-honour-eduardo-white#primaryimage\"},\"thumbnailUrl\":\"https:\/\/static.africa-press.net\/mozambique\/sites\/64\/2022\/07\/postQueueImg_1-62c85582a83cc.jpg\",\"datePublished\":\"2022-07-08T15:58:36+00:00\",\"dateModified\":\"2022-07-08T16:05:04+00:00\",\"author\":{\"@id\":\"https:\/\/www.africa-press.net\/mozambique\/#\/schema\/person\/068c7ab4e9634ae78ec5d54ec46598bb\"},\"description\":\"The library of the S\u00e3o Vicente de Paulo Community School, one of the oldest in the city of Maputo, could this year be re ...\",\"breadcrumb\":{\"@id\":\"https:\/\/www.africa-press.net\/mozambique\/all-news\/sao-vicente-de-paulo-school-wants-to-honour-eduardo-white#breadcrumb\"},\"inLanguage\":\"en-US\",\"potentialAction\":[{\"@type\":\"ReadAction\",\"target\":[\"https:\/\/www.africa-press.net\/mozambique\/all-news\/sao-vicente-de-paulo-school-wants-to-honour-eduardo-white\"]}]},{\"@type\":\"ImageObject\",\"inLanguage\":\"en-US\",\"@id\":\"https:\/\/www.africa-press.net\/mozambique\/all-news\/sao-vicente-de-paulo-school-wants-to-honour-eduardo-white#primaryimage\",\"url\":\"https:\/\/static.africa-press.net\/mozambique\/sites\/64\/2022\/07\/postQueueImg_1-62c85582a83cc.jpg\",\"contentUrl\":\"https:\/\/static.africa-press.net\/mozambique\/sites\/64\/2022\/07\/postQueueImg_1-62c85582a83cc.jpg\",\"width\":749,\"height\":500,\"caption\":\"S\u00e3o Vicente de Paulo school wants to honour Eduardo White\"},{\"@type\":\"BreadcrumbList\",\"@id\":\"https:\/\/www.africa-press.net\/mozambique\/all-news\/sao-vicente-de-paulo-school-wants-to-honour-eduardo-white#breadcrumb\",\"itemListElement\":[{\"@type\":\"ListItem\",\"position\":1,\"name\":\"Home\",\"item\":\"https:\/\/www.africa-press.net\/mozambique\/\"},{\"@type\":\"ListItem\",\"position\":2,\"name\":\"S\u00e3o Vicente de Paulo school wants to honour Eduardo White\"}]},{\"@type\":\"WebSite\",\"@id\":\"https:\/\/www.africa-press.net\/mozambique\/#website\",\"url\":\"https:\/\/www.africa-press.net\/mozambique\/\",\"name\":\"Mozambique\",\"description\":\"Just another Africa News Agency Sites site\",\"potentialAction\":[{\"@type\":\"SearchAction\",\"target\":{\"@type\":\"EntryPoint\",\"urlTemplate\":\"https:\/\/www.africa-press.net\/mozambique\/?s={search_term_string}\"},\"query-input\":{\"@type\":\"PropertyValueSpecification\",\"valueRequired\":true,\"valueName\":\"search_term_string\"}}],\"inLanguage\":\"en-US\"},{\"@type\":\"Person\",\"@id\":\"https:\/\/www.africa-press.net\/mozambique\/#\/schema\/person\/068c7ab4e9634ae78ec5d54ec46598bb\",\"name\":\"cfeditoren\",\"image\":{\"@type\":\"ImageObject\",\"inLanguage\":\"en-US\",\"@id\":\"https:\/\/www.africa-press.net\/mozambique\/#\/schema\/person\/image\/\",\"url\":\"https:\/\/secure.gravatar.com\/avatar\/7417380fa9e23b5c57fdbfdaf3fdf92ee478f759a084addda5faa3732853e74a?s=96&d=mm&r=g\",\"contentUrl\":\"https:\/\/secure.gravatar.com\/avatar\/7417380fa9e23b5c57fdbfdaf3fdf92ee478f759a084addda5faa3732853e74a?s=96&d=mm&r=g\",\"caption\":\"cfeditoren\"}}]}<\/script>\n<!-- \/ Yoast SEO Premium plugin. -->","yoast_head_json":{"title":"S\u00e3o Vicente de Paulo school wants to honour Eduardo White - Mozambique","description":"The library of the S\u00e3o Vicente de Paulo Community School, one of the oldest in the city of Maputo, could this year be re ...","robots":{"index":"index","follow":"follow","max-snippet":"max-snippet:-1","max-image-preview":"max-image-preview:large","max-video-preview":"max-video-preview:-1"},"canonical":"https:\/\/www.africa-press.net\/mozambique\/all-news\/sao-vicente-de-paulo-school-wants-to-honour-eduardo-white","og_locale":"en_US","og_type":"article","og_title":"S\u00e3o Vicente de Paulo school wants to honour Eduardo White","og_description":"The library of the S\u00e3o Vicente de Paulo Community School, one of the oldest in the city of Maputo, could this year be re ...","og_url":"https:\/\/www.africa-press.net\/mozambique\/all-news\/sao-vicente-de-paulo-school-wants-to-honour-eduardo-white","og_site_name":"Mozambique","article_publisher":"https:\/\/www.facebook.com\/AfricaPressTunisiaa","article_published_time":"2022-07-08T15:58:36+00:00","article_modified_time":"2022-07-08T16:05:04+00:00","og_image":[{"width":749,"height":500,"url":"https:\/\/static.africa-press.net\/mozambique\/sites\/64\/2022\/07\/postQueueImg_1-62c85582a83cc.jpg","type":"image\/jpeg"}],"author":"cfeditoren","twitter_card":"summary_large_image","twitter_misc":{"Written by":"cfeditoren","Est. reading time":"4 minutes"},"schema":{"@context":"https:\/\/schema.org","@graph":[{"@type":"Article","@id":"https:\/\/www.africa-press.net\/mozambique\/all-news\/sao-vicente-de-paulo-school-wants-to-honour-eduardo-white#article","isPartOf":{"@id":"https:\/\/www.africa-press.net\/mozambique\/all-news\/sao-vicente-de-paulo-school-wants-to-honour-eduardo-white"},"author":{"name":"cfeditoren","@id":"https:\/\/www.africa-press.net\/mozambique\/#\/schema\/person\/068c7ab4e9634ae78ec5d54ec46598bb"},"headline":"S\u00e3o Vicente de Paulo school wants to honour Eduardo White","datePublished":"2022-07-08T15:58:36+00:00","dateModified":"2022-07-08T16:05:04+00:00","mainEntityOfPage":{"@id":"https:\/\/www.africa-press.net\/mozambique\/all-news\/sao-vicente-de-paulo-school-wants-to-honour-eduardo-white"},"wordCount":762,"commentCount":0,"image":{"@id":"https:\/\/www.africa-press.net\/mozambique\/all-news\/sao-vicente-de-paulo-school-wants-to-honour-eduardo-white#primaryimage"},"thumbnailUrl":"https:\/\/static.africa-press.net\/mozambique\/sites\/64\/2022\/07\/postQueueImg_1-62c85582a83cc.jpg","keywords":["Africa Press","Africa Press-Mozambique","Mozambique"],"articleSection":["all news","culture and art","homepage-english","twitter"],"inLanguage":"en-US","potentialAction":[{"@type":"CommentAction","name":"Comment","target":["https:\/\/www.africa-press.net\/mozambique\/all-news\/sao-vicente-de-paulo-school-wants-to-honour-eduardo-white#respond"]}]},{"@type":"WebPage","@id":"https:\/\/www.africa-press.net\/mozambique\/all-news\/sao-vicente-de-paulo-school-wants-to-honour-eduardo-white","url":"https:\/\/www.africa-press.net\/mozambique\/all-news\/sao-vicente-de-paulo-school-wants-to-honour-eduardo-white","name":"S\u00e3o Vicente de Paulo school wants to honour Eduardo White - Mozambique","isPartOf":{"@id":"https:\/\/www.africa-press.net\/mozambique\/#website"},"primaryImageOfPage":{"@id":"https:\/\/www.africa-press.net\/mozambique\/all-news\/sao-vicente-de-paulo-school-wants-to-honour-eduardo-white#primaryimage"},"image":{"@id":"https:\/\/www.africa-press.net\/mozambique\/all-news\/sao-vicente-de-paulo-school-wants-to-honour-eduardo-white#primaryimage"},"thumbnailUrl":"https:\/\/static.africa-press.net\/mozambique\/sites\/64\/2022\/07\/postQueueImg_1-62c85582a83cc.jpg","datePublished":"2022-07-08T15:58:36+00:00","dateModified":"2022-07-08T16:05:04+00:00","author":{"@id":"https:\/\/www.africa-press.net\/mozambique\/#\/schema\/person\/068c7ab4e9634ae78ec5d54ec46598bb"},"description":"The library of the S\u00e3o Vicente de Paulo Community School, one of the oldest in the city of Maputo, could this year be re ...","breadcrumb":{"@id":"https:\/\/www.africa-press.net\/mozambique\/all-news\/sao-vicente-de-paulo-school-wants-to-honour-eduardo-white#breadcrumb"},"inLanguage":"en-US","potentialAction":[{"@type":"ReadAction","target":["https:\/\/www.africa-press.net\/mozambique\/all-news\/sao-vicente-de-paulo-school-wants-to-honour-eduardo-white"]}]},{"@type":"ImageObject","inLanguage":"en-US","@id":"https:\/\/www.africa-press.net\/mozambique\/all-news\/sao-vicente-de-paulo-school-wants-to-honour-eduardo-white#primaryimage","url":"https:\/\/static.africa-press.net\/mozambique\/sites\/64\/2022\/07\/postQueueImg_1-62c85582a83cc.jpg","contentUrl":"https:\/\/static.africa-press.net\/mozambique\/sites\/64\/2022\/07\/postQueueImg_1-62c85582a83cc.jpg","width":749,"height":500,"caption":"S\u00e3o Vicente de Paulo school wants to honour Eduardo White"},{"@type":"BreadcrumbList","@id":"https:\/\/www.africa-press.net\/mozambique\/all-news\/sao-vicente-de-paulo-school-wants-to-honour-eduardo-white#breadcrumb","itemListElement":[{"@type":"ListItem","position":1,"name":"Home","item":"https:\/\/www.africa-press.net\/mozambique\/"},{"@type":"ListItem","position":2,"name":"S\u00e3o Vicente de Paulo school wants to honour Eduardo White"}]},{"@type":"WebSite","@id":"https:\/\/www.africa-press.net\/mozambique\/#website","url":"https:\/\/www.africa-press.net\/mozambique\/","name":"Mozambique","description":"Just another Africa News Agency Sites site","potentialAction":[{"@type":"SearchAction","target":{"@type":"EntryPoint","urlTemplate":"https:\/\/www.africa-press.net\/mozambique\/?s={search_term_string}"},"query-input":{"@type":"PropertyValueSpecification","valueRequired":true,"valueName":"search_term_string"}}],"inLanguage":"en-US"},{"@type":"Person","@id":"https:\/\/www.africa-press.net\/mozambique\/#\/schema\/person\/068c7ab4e9634ae78ec5d54ec46598bb","name":"cfeditoren","image":{"@type":"ImageObject","inLanguage":"en-US","@id":"https:\/\/www.africa-press.net\/mozambique\/#\/schema\/person\/image\/","url":"https:\/\/secure.gravatar.com\/avatar\/7417380fa9e23b5c57fdbfdaf3fdf92ee478f759a084addda5faa3732853e74a?s=96&d=mm&r=g","contentUrl":"https:\/\/secure.gravatar.com\/avatar\/7417380fa9e23b5c57fdbfdaf3fdf92ee478f759a084addda5faa3732853e74a?s=96&d=mm&r=g","caption":"cfeditoren"}}]}},"_links":{"self":[{"href":"https:\/\/www.africa-press.net\/mozambique\/wp-json\/wp\/v2\/posts\/22597","targetHints":{"allow":["GET"]}}],"collection":[{"href":"https:\/\/www.africa-press.net\/mozambique\/wp-json\/wp\/v2\/posts"}],"about":[{"href":"https:\/\/www.africa-press.net\/mozambique\/wp-json\/wp\/v2\/types\/post"}],"author":[{"embeddable":true,"href":"https:\/\/www.africa-press.net\/mozambique\/wp-json\/wp\/v2\/users\/84"}],"replies":[{"embeddable":true,"href":"https:\/\/www.africa-press.net\/mozambique\/wp-json\/wp\/v2\/comments?post=22597"}],"version-history":[{"count":0,"href":"https:\/\/www.africa-press.net\/mozambique\/wp-json\/wp\/v2\/posts\/22597\/revisions"}],"wp:featuredmedia":[{"embeddable":true,"href":"https:\/\/www.africa-press.net\/mozambique\/wp-json\/wp\/v2\/media\/22596"}],"wp:attachment":[{"href":"https:\/\/www.africa-press.net\/mozambique\/wp-json\/wp\/v2\/media?parent=22597"}],"wp:term":[{"taxonomy":"category","embeddable":true,"href":"https:\/\/www.africa-press.net\/mozambique\/wp-json\/wp\/v2\/categories?post=22597"},{"taxonomy":"post_tag","embeddable":true,"href":"https:\/\/www.africa-press.net\/mozambique\/wp-json\/wp\/v2\/tags?post=22597"}],"curies":[{"name":"wp","href":"https:\/\/api.w.org\/{rel}","templated":true}]}}