{"id":23110,"date":"2022-07-18T15:48:20","date_gmt":"2022-07-18T15:48:20","guid":{"rendered":"https:\/\/www.africa-press.net\/mozambique\/all-news\/90-years-of-st-lukes-apostolic-ejiwel-jekenishen-church-national-conference-in-machipanda"},"modified":"2022-07-18T15:59:32","modified_gmt":"2022-07-18T15:59:32","slug":"90-years-of-st-lukes-apostolic-ejiwel-jekenishen-church-national-conference-in-machipanda","status":"publish","type":"post","link":"https:\/\/www.africa-press.net\/mozambique\/all-news\/90-years-of-st-lukes-apostolic-ejiwel-jekenishen-church-national-conference-in-machipanda","title":{"rendered":"90 years of St. Luke\u2019s Apostolic Ejiwel Jekenishen Church, national conference in Machipanda"},"content":{"rendered":"<p><span style=\"color: #ff6600\"><strong>Africa-Press &#8211; Mozambique. <\/strong><\/span>His Excellency Edson da Gra\u00e7a Franc\u00edsco Macu\u00e1cua, Secretary of State for Manica province, on Saturday (16-07) participated, in Chadzuca, Machipanda administrative post, Manica district, in the 90th anniversary celebrations of the foundation in Mozambique of the St. Luke\u2019s Apostolic Ejiwel Jekenishen Church.<\/p>\n<p>The Secretary of State Macu\u00e1cua praised the excellent relations between the State and the St. Luke\u2019s Apostolic Ejiwel Jekenishen Church in Mozambique.<\/p>\n<p>The Secretary of State recognized the church\u2019s contribution to the building of peace, moral character and universal well-being.<\/p>\n<p>His Excellency Edson da Gra\u00e7a Franc\u00edsco Macu\u00e1cua expressed the state\u2019s readiness to continue collaborating with religious denominations, within the framework of cooperative secularism and complementarity.<\/p>\n<p><strong>For More News And Analysis About <a href=\"https:\/\/www.africa-press.net\/mozambique\">Mozambique<\/a> Follow <a href=\"https:\/\/www.africa-press.net\/\">Africa-Press<\/a><\/strong><\/p>\n","protected":false},"excerpt":{"rendered":"<p>Africa-Press &#8211; Mozambique. His Excellency Edson da Gra\u00e7a Franc\u00edsco Macu\u00e1cua, Secretary of State for Manica province, on Saturday (16-07) participated, in Chadzuca, Machipanda administrative post, Manica district, in the 90th anniversary celebrations of the foundation in Mozambique of the St. Luke\u2019s Apostolic Ejiwel Jekenishen Church. The Secretary of State Macu\u00e1cua praised the excellent relations between [&hellip;]<\/p>\n","protected":false},"author":84,"featured_media":23109,"comment_status":"open","ping_status":"open","sticky":false,"template":"","format":"standard","meta":{"footnotes":""},"categories":[2,4,8,16],"tags":[233,281,283],"class_list":["post-23110","post","type-post","status-publish","format-standard","has-post-thumbnail","hentry","category-all-news","category-culture-and-art","category-homepage-english","category-twitter","tag-africa-press","tag-africa-press-mozambique","tag-mozambique"],"yoast_head":"<!-- This site is optimized with the Yoast SEO Premium plugin v26.1 (Yoast SEO v27.0) - https:\/\/yoast.com\/product\/yoast-seo-premium-wordpress\/ -->\n<title>90 years of St. Luke\u2019s Apostolic Ejiwel Jekenishen Church, national conference in Machipanda - Mozambique<\/title>\n<meta name=\"description\" content=\"His Excellency Edson da Gra\u00e7a Franc\u00edsco Macu\u00e1cua, Secretary of State for Manica province, on Saturday (16-07) participat ...\" \/>\n<meta name=\"robots\" content=\"index, follow, max-snippet:-1, max-image-preview:large, max-video-preview:-1\" \/>\n<link rel=\"canonical\" href=\"https:\/\/www.africa-press.net\/mozambique\/all-news\/90-years-of-st-lukes-apostolic-ejiwel-jekenishen-church-national-conference-in-machipanda\" \/>\n<meta property=\"og:locale\" content=\"en_US\" \/>\n<meta property=\"og:type\" content=\"article\" \/>\n<meta property=\"og:title\" content=\"90 years of St. Luke\u2019s Apostolic Ejiwel Jekenishen Church, national conference in Machipanda\" \/>\n<meta property=\"og:description\" content=\"His Excellency Edson da Gra\u00e7a Franc\u00edsco Macu\u00e1cua, Secretary of State for Manica province, on Saturday (16-07) participat ...\" \/>\n<meta property=\"og:url\" content=\"https:\/\/www.africa-press.net\/mozambique\/all-news\/90-years-of-st-lukes-apostolic-ejiwel-jekenishen-church-national-conference-in-machipanda\" \/>\n<meta property=\"og:site_name\" content=\"Mozambique\" \/>\n<meta property=\"article:publisher\" content=\"https:\/\/www.facebook.com\/AfricaPressTunisiaa\" \/>\n<meta property=\"article:published_time\" content=\"2022-07-18T15:48:20+00:00\" \/>\n<meta property=\"article:modified_time\" content=\"2022-07-18T15:59:32+00:00\" \/>\n<meta property=\"og:image\" content=\"https:\/\/static.africa-press.net\/mozambique\/sites\/64\/2022\/07\/postQueueImg_9-62d5834773998.jpg\" \/>\n\t<meta property=\"og:image:width\" content=\"1024\" \/>\n\t<meta property=\"og:image:height\" content=\"769\" \/>\n\t<meta property=\"og:image:type\" content=\"image\/jpeg\" \/>\n<meta name=\"author\" content=\"cfeditoren\" \/>\n<meta name=\"twitter:card\" content=\"summary_large_image\" \/>\n<meta name=\"twitter:label1\" content=\"Written by\" \/>\n\t<meta name=\"twitter:data1\" content=\"cfeditoren\" \/>\n\t<meta name=\"twitter:label2\" content=\"Est. reading time\" \/>\n\t<meta name=\"twitter:data2\" content=\"1 minute\" \/>\n<script type=\"application\/ld+json\" class=\"yoast-schema-graph\">{\"@context\":\"https:\/\/schema.org\",\"@graph\":[{\"@type\":\"Article\",\"@id\":\"https:\/\/www.africa-press.net\/mozambique\/all-news\/90-years-of-st-lukes-apostolic-ejiwel-jekenishen-church-national-conference-in-machipanda#article\",\"isPartOf\":{\"@id\":\"https:\/\/www.africa-press.net\/mozambique\/all-news\/90-years-of-st-lukes-apostolic-ejiwel-jekenishen-church-national-conference-in-machipanda\"},\"author\":{\"name\":\"cfeditoren\",\"@id\":\"https:\/\/www.africa-press.net\/mozambique\/#\/schema\/person\/068c7ab4e9634ae78ec5d54ec46598bb\"},\"headline\":\"90 years of St. Luke\u2019s Apostolic Ejiwel Jekenishen Church, national conference in Machipanda\",\"datePublished\":\"2022-07-18T15:48:20+00:00\",\"dateModified\":\"2022-07-18T15:59:32+00:00\",\"mainEntityOfPage\":{\"@id\":\"https:\/\/www.africa-press.net\/mozambique\/all-news\/90-years-of-st-lukes-apostolic-ejiwel-jekenishen-church-national-conference-in-machipanda\"},\"wordCount\":143,\"commentCount\":0,\"image\":{\"@id\":\"https:\/\/www.africa-press.net\/mozambique\/all-news\/90-years-of-st-lukes-apostolic-ejiwel-jekenishen-church-national-conference-in-machipanda#primaryimage\"},\"thumbnailUrl\":\"https:\/\/static.africa-press.net\/mozambique\/sites\/64\/2022\/07\/postQueueImg_9-62d5834773998.jpg\",\"keywords\":[\"Africa Press\",\"Africa Press-Mozambique\",\"Mozambique\"],\"articleSection\":[\"all news\",\"culture and art\",\"homepage-english\",\"twitter\"],\"inLanguage\":\"en-US\",\"potentialAction\":[{\"@type\":\"CommentAction\",\"name\":\"Comment\",\"target\":[\"https:\/\/www.africa-press.net\/mozambique\/all-news\/90-years-of-st-lukes-apostolic-ejiwel-jekenishen-church-national-conference-in-machipanda#respond\"]}]},{\"@type\":\"WebPage\",\"@id\":\"https:\/\/www.africa-press.net\/mozambique\/all-news\/90-years-of-st-lukes-apostolic-ejiwel-jekenishen-church-national-conference-in-machipanda\",\"url\":\"https:\/\/www.africa-press.net\/mozambique\/all-news\/90-years-of-st-lukes-apostolic-ejiwel-jekenishen-church-national-conference-in-machipanda\",\"name\":\"90 years of St. Luke\u2019s Apostolic Ejiwel Jekenishen Church, national conference in Machipanda - Mozambique\",\"isPartOf\":{\"@id\":\"https:\/\/www.africa-press.net\/mozambique\/#website\"},\"primaryImageOfPage\":{\"@id\":\"https:\/\/www.africa-press.net\/mozambique\/all-news\/90-years-of-st-lukes-apostolic-ejiwel-jekenishen-church-national-conference-in-machipanda#primaryimage\"},\"image\":{\"@id\":\"https:\/\/www.africa-press.net\/mozambique\/all-news\/90-years-of-st-lukes-apostolic-ejiwel-jekenishen-church-national-conference-in-machipanda#primaryimage\"},\"thumbnailUrl\":\"https:\/\/static.africa-press.net\/mozambique\/sites\/64\/2022\/07\/postQueueImg_9-62d5834773998.jpg\",\"datePublished\":\"2022-07-18T15:48:20+00:00\",\"dateModified\":\"2022-07-18T15:59:32+00:00\",\"author\":{\"@id\":\"https:\/\/www.africa-press.net\/mozambique\/#\/schema\/person\/068c7ab4e9634ae78ec5d54ec46598bb\"},\"description\":\"His Excellency Edson da Gra\u00e7a Franc\u00edsco Macu\u00e1cua, Secretary of State for Manica province, on Saturday (16-07) participat ...\",\"breadcrumb\":{\"@id\":\"https:\/\/www.africa-press.net\/mozambique\/all-news\/90-years-of-st-lukes-apostolic-ejiwel-jekenishen-church-national-conference-in-machipanda#breadcrumb\"},\"inLanguage\":\"en-US\",\"potentialAction\":[{\"@type\":\"ReadAction\",\"target\":[\"https:\/\/www.africa-press.net\/mozambique\/all-news\/90-years-of-st-lukes-apostolic-ejiwel-jekenishen-church-national-conference-in-machipanda\"]}]},{\"@type\":\"ImageObject\",\"inLanguage\":\"en-US\",\"@id\":\"https:\/\/www.africa-press.net\/mozambique\/all-news\/90-years-of-st-lukes-apostolic-ejiwel-jekenishen-church-national-conference-in-machipanda#primaryimage\",\"url\":\"https:\/\/static.africa-press.net\/mozambique\/sites\/64\/2022\/07\/postQueueImg_9-62d5834773998.jpg\",\"contentUrl\":\"https:\/\/static.africa-press.net\/mozambique\/sites\/64\/2022\/07\/postQueueImg_9-62d5834773998.jpg\",\"width\":1024,\"height\":769,\"caption\":\"90 years of St. Luke\u2019s Apostolic Ejiwel Jekenishen Church, national conference in Machipanda\"},{\"@type\":\"BreadcrumbList\",\"@id\":\"https:\/\/www.africa-press.net\/mozambique\/all-news\/90-years-of-st-lukes-apostolic-ejiwel-jekenishen-church-national-conference-in-machipanda#breadcrumb\",\"itemListElement\":[{\"@type\":\"ListItem\",\"position\":1,\"name\":\"Home\",\"item\":\"https:\/\/www.africa-press.net\/mozambique\/\"},{\"@type\":\"ListItem\",\"position\":2,\"name\":\"90 years of St. Luke\u2019s Apostolic Ejiwel Jekenishen Church, national conference in Machipanda\"}]},{\"@type\":\"WebSite\",\"@id\":\"https:\/\/www.africa-press.net\/mozambique\/#website\",\"url\":\"https:\/\/www.africa-press.net\/mozambique\/\",\"name\":\"Mozambique\",\"description\":\"Just another Africa News Agency Sites site\",\"potentialAction\":[{\"@type\":\"SearchAction\",\"target\":{\"@type\":\"EntryPoint\",\"urlTemplate\":\"https:\/\/www.africa-press.net\/mozambique\/?s={search_term_string}\"},\"query-input\":{\"@type\":\"PropertyValueSpecification\",\"valueRequired\":true,\"valueName\":\"search_term_string\"}}],\"inLanguage\":\"en-US\"},{\"@type\":\"Person\",\"@id\":\"https:\/\/www.africa-press.net\/mozambique\/#\/schema\/person\/068c7ab4e9634ae78ec5d54ec46598bb\",\"name\":\"cfeditoren\",\"image\":{\"@type\":\"ImageObject\",\"inLanguage\":\"en-US\",\"@id\":\"https:\/\/www.africa-press.net\/mozambique\/#\/schema\/person\/image\/\",\"url\":\"https:\/\/secure.gravatar.com\/avatar\/7417380fa9e23b5c57fdbfdaf3fdf92ee478f759a084addda5faa3732853e74a?s=96&d=mm&r=g\",\"contentUrl\":\"https:\/\/secure.gravatar.com\/avatar\/7417380fa9e23b5c57fdbfdaf3fdf92ee478f759a084addda5faa3732853e74a?s=96&d=mm&r=g\",\"caption\":\"cfeditoren\"}}]}<\/script>\n<!-- \/ Yoast SEO Premium plugin. -->","yoast_head_json":{"title":"90 years of St. Luke\u2019s Apostolic Ejiwel Jekenishen Church, national conference in Machipanda - Mozambique","description":"His Excellency Edson da Gra\u00e7a Franc\u00edsco Macu\u00e1cua, Secretary of State for Manica province, on Saturday (16-07) participat ...","robots":{"index":"index","follow":"follow","max-snippet":"max-snippet:-1","max-image-preview":"max-image-preview:large","max-video-preview":"max-video-preview:-1"},"canonical":"https:\/\/www.africa-press.net\/mozambique\/all-news\/90-years-of-st-lukes-apostolic-ejiwel-jekenishen-church-national-conference-in-machipanda","og_locale":"en_US","og_type":"article","og_title":"90 years of St. Luke\u2019s Apostolic Ejiwel Jekenishen Church, national conference in Machipanda","og_description":"His Excellency Edson da Gra\u00e7a Franc\u00edsco Macu\u00e1cua, Secretary of State for Manica province, on Saturday (16-07) participat ...","og_url":"https:\/\/www.africa-press.net\/mozambique\/all-news\/90-years-of-st-lukes-apostolic-ejiwel-jekenishen-church-national-conference-in-machipanda","og_site_name":"Mozambique","article_publisher":"https:\/\/www.facebook.com\/AfricaPressTunisiaa","article_published_time":"2022-07-18T15:48:20+00:00","article_modified_time":"2022-07-18T15:59:32+00:00","og_image":[{"width":1024,"height":769,"url":"https:\/\/static.africa-press.net\/mozambique\/sites\/64\/2022\/07\/postQueueImg_9-62d5834773998.jpg","type":"image\/jpeg"}],"author":"cfeditoren","twitter_card":"summary_large_image","twitter_misc":{"Written by":"cfeditoren","Est. reading time":"1 minute"},"schema":{"@context":"https:\/\/schema.org","@graph":[{"@type":"Article","@id":"https:\/\/www.africa-press.net\/mozambique\/all-news\/90-years-of-st-lukes-apostolic-ejiwel-jekenishen-church-national-conference-in-machipanda#article","isPartOf":{"@id":"https:\/\/www.africa-press.net\/mozambique\/all-news\/90-years-of-st-lukes-apostolic-ejiwel-jekenishen-church-national-conference-in-machipanda"},"author":{"name":"cfeditoren","@id":"https:\/\/www.africa-press.net\/mozambique\/#\/schema\/person\/068c7ab4e9634ae78ec5d54ec46598bb"},"headline":"90 years of St. Luke\u2019s Apostolic Ejiwel Jekenishen Church, national conference in Machipanda","datePublished":"2022-07-18T15:48:20+00:00","dateModified":"2022-07-18T15:59:32+00:00","mainEntityOfPage":{"@id":"https:\/\/www.africa-press.net\/mozambique\/all-news\/90-years-of-st-lukes-apostolic-ejiwel-jekenishen-church-national-conference-in-machipanda"},"wordCount":143,"commentCount":0,"image":{"@id":"https:\/\/www.africa-press.net\/mozambique\/all-news\/90-years-of-st-lukes-apostolic-ejiwel-jekenishen-church-national-conference-in-machipanda#primaryimage"},"thumbnailUrl":"https:\/\/static.africa-press.net\/mozambique\/sites\/64\/2022\/07\/postQueueImg_9-62d5834773998.jpg","keywords":["Africa Press","Africa Press-Mozambique","Mozambique"],"articleSection":["all news","culture and art","homepage-english","twitter"],"inLanguage":"en-US","potentialAction":[{"@type":"CommentAction","name":"Comment","target":["https:\/\/www.africa-press.net\/mozambique\/all-news\/90-years-of-st-lukes-apostolic-ejiwel-jekenishen-church-national-conference-in-machipanda#respond"]}]},{"@type":"WebPage","@id":"https:\/\/www.africa-press.net\/mozambique\/all-news\/90-years-of-st-lukes-apostolic-ejiwel-jekenishen-church-national-conference-in-machipanda","url":"https:\/\/www.africa-press.net\/mozambique\/all-news\/90-years-of-st-lukes-apostolic-ejiwel-jekenishen-church-national-conference-in-machipanda","name":"90 years of St. Luke\u2019s Apostolic Ejiwel Jekenishen Church, national conference in Machipanda - Mozambique","isPartOf":{"@id":"https:\/\/www.africa-press.net\/mozambique\/#website"},"primaryImageOfPage":{"@id":"https:\/\/www.africa-press.net\/mozambique\/all-news\/90-years-of-st-lukes-apostolic-ejiwel-jekenishen-church-national-conference-in-machipanda#primaryimage"},"image":{"@id":"https:\/\/www.africa-press.net\/mozambique\/all-news\/90-years-of-st-lukes-apostolic-ejiwel-jekenishen-church-national-conference-in-machipanda#primaryimage"},"thumbnailUrl":"https:\/\/static.africa-press.net\/mozambique\/sites\/64\/2022\/07\/postQueueImg_9-62d5834773998.jpg","datePublished":"2022-07-18T15:48:20+00:00","dateModified":"2022-07-18T15:59:32+00:00","author":{"@id":"https:\/\/www.africa-press.net\/mozambique\/#\/schema\/person\/068c7ab4e9634ae78ec5d54ec46598bb"},"description":"His Excellency Edson da Gra\u00e7a Franc\u00edsco Macu\u00e1cua, Secretary of State for Manica province, on Saturday (16-07) participat ...","breadcrumb":{"@id":"https:\/\/www.africa-press.net\/mozambique\/all-news\/90-years-of-st-lukes-apostolic-ejiwel-jekenishen-church-national-conference-in-machipanda#breadcrumb"},"inLanguage":"en-US","potentialAction":[{"@type":"ReadAction","target":["https:\/\/www.africa-press.net\/mozambique\/all-news\/90-years-of-st-lukes-apostolic-ejiwel-jekenishen-church-national-conference-in-machipanda"]}]},{"@type":"ImageObject","inLanguage":"en-US","@id":"https:\/\/www.africa-press.net\/mozambique\/all-news\/90-years-of-st-lukes-apostolic-ejiwel-jekenishen-church-national-conference-in-machipanda#primaryimage","url":"https:\/\/static.africa-press.net\/mozambique\/sites\/64\/2022\/07\/postQueueImg_9-62d5834773998.jpg","contentUrl":"https:\/\/static.africa-press.net\/mozambique\/sites\/64\/2022\/07\/postQueueImg_9-62d5834773998.jpg","width":1024,"height":769,"caption":"90 years of St. Luke\u2019s Apostolic Ejiwel Jekenishen Church, national conference in Machipanda"},{"@type":"BreadcrumbList","@id":"https:\/\/www.africa-press.net\/mozambique\/all-news\/90-years-of-st-lukes-apostolic-ejiwel-jekenishen-church-national-conference-in-machipanda#breadcrumb","itemListElement":[{"@type":"ListItem","position":1,"name":"Home","item":"https:\/\/www.africa-press.net\/mozambique\/"},{"@type":"ListItem","position":2,"name":"90 years of St. Luke\u2019s Apostolic Ejiwel Jekenishen Church, national conference in Machipanda"}]},{"@type":"WebSite","@id":"https:\/\/www.africa-press.net\/mozambique\/#website","url":"https:\/\/www.africa-press.net\/mozambique\/","name":"Mozambique","description":"Just another Africa News Agency Sites site","potentialAction":[{"@type":"SearchAction","target":{"@type":"EntryPoint","urlTemplate":"https:\/\/www.africa-press.net\/mozambique\/?s={search_term_string}"},"query-input":{"@type":"PropertyValueSpecification","valueRequired":true,"valueName":"search_term_string"}}],"inLanguage":"en-US"},{"@type":"Person","@id":"https:\/\/www.africa-press.net\/mozambique\/#\/schema\/person\/068c7ab4e9634ae78ec5d54ec46598bb","name":"cfeditoren","image":{"@type":"ImageObject","inLanguage":"en-US","@id":"https:\/\/www.africa-press.net\/mozambique\/#\/schema\/person\/image\/","url":"https:\/\/secure.gravatar.com\/avatar\/7417380fa9e23b5c57fdbfdaf3fdf92ee478f759a084addda5faa3732853e74a?s=96&d=mm&r=g","contentUrl":"https:\/\/secure.gravatar.com\/avatar\/7417380fa9e23b5c57fdbfdaf3fdf92ee478f759a084addda5faa3732853e74a?s=96&d=mm&r=g","caption":"cfeditoren"}}]}},"_links":{"self":[{"href":"https:\/\/www.africa-press.net\/mozambique\/wp-json\/wp\/v2\/posts\/23110","targetHints":{"allow":["GET"]}}],"collection":[{"href":"https:\/\/www.africa-press.net\/mozambique\/wp-json\/wp\/v2\/posts"}],"about":[{"href":"https:\/\/www.africa-press.net\/mozambique\/wp-json\/wp\/v2\/types\/post"}],"author":[{"embeddable":true,"href":"https:\/\/www.africa-press.net\/mozambique\/wp-json\/wp\/v2\/users\/84"}],"replies":[{"embeddable":true,"href":"https:\/\/www.africa-press.net\/mozambique\/wp-json\/wp\/v2\/comments?post=23110"}],"version-history":[{"count":0,"href":"https:\/\/www.africa-press.net\/mozambique\/wp-json\/wp\/v2\/posts\/23110\/revisions"}],"wp:featuredmedia":[{"embeddable":true,"href":"https:\/\/www.africa-press.net\/mozambique\/wp-json\/wp\/v2\/media\/23109"}],"wp:attachment":[{"href":"https:\/\/www.africa-press.net\/mozambique\/wp-json\/wp\/v2\/media?parent=23110"}],"wp:term":[{"taxonomy":"category","embeddable":true,"href":"https:\/\/www.africa-press.net\/mozambique\/wp-json\/wp\/v2\/categories?post=23110"},{"taxonomy":"post_tag","embeddable":true,"href":"https:\/\/www.africa-press.net\/mozambique\/wp-json\/wp\/v2\/tags?post=23110"}],"curies":[{"name":"wp","href":"https:\/\/api.w.org\/{rel}","templated":true}]}}