{"id":23182,"date":"2022-07-19T16:11:19","date_gmt":"2022-07-19T16:11:19","guid":{"rendered":"https:\/\/www.africa-press.net\/mozambique\/all-news\/raul-domingos-appointed-ambassador-to-the-holy-see"},"modified":"2022-07-19T16:15:42","modified_gmt":"2022-07-19T16:15:42","slug":"raul-domingos-appointed-ambassador-to-the-holy-see","status":"publish","type":"post","link":"https:\/\/www.africa-press.net\/mozambique\/all-news\/raul-domingos-appointed-ambassador-to-the-holy-see","title":{"rendered":"Ra\u00fal Domingos appointed ambassador to the Holy See"},"content":{"rendered":"<p><span style=\"color: #ff6600\"><strong>Africa-Press &#8211; Mozambique. <\/strong><\/span>The Head of State, Filipe Nyusi, this afternoon appointed the president of the Party for Peace, Democracy and Development (PDD)and former Renamo number 2, Raul Domingos, to the post of ambassador of Mozambique to the Holy See (Vatican).<\/p>\n<p>Raul Domingos replaces S\u00e9rgio Nath\u00fa Cab\u00e1, a former deputy director general of SISE (State\u2019s Security and Intelligence Service ), who accumulated diplomatic representation of the country in the Vatican with other European states.<\/p>\n<p>Ra\u00fal Domingos, a Mozambican politician and negotiator of the 1992 Rome Peace Agreement, has just been appointed by the President of the Republic, Filipe Nyusi, to the position of Ambassador Extraordinary and Plenipotentiary of the Republic of Mozambique to the Holy See, the Presidency announced today.<\/p>\n<p>A Press Release issued by the Office of the Presidency of the Republic announces that Filipe Nyusi has dismissed by presidential dispatch S\u00e9rgio Nath\u00fa Cab\u00e1 from the position of Ambassador Extraordinary and Plenipotentiary of the Republic of Mozambique to the Holy See.<\/p>\n<p>Domingos is the first opposition politician to be appointed to a similar position.<\/p>\n<p>Raul Domingos was a member of the Mozambican National Resistance, the largest opposition political party. He was considered the favourite to succeed the then party leader, Afonso Dhlakama, until he was expelled from Renamo on 7 July 2000.<\/p>\n<p>From 1994 to 1999, he was the chief whip of the Renamo parliamentary group.<\/p>\n<p>In the 2004 presidential election, Raul Domingos ran for President of the Republic by the Party for Peace, Democracy and Development (PDD), receiving 85,815 votes, 2.7% of the total.<\/p>\n<p><strong>For More News And Analysis About <a href=\"https:\/\/www.africa-press.net\/mozambique\">Mozambique<\/a> Follow <a href=\"https:\/\/www.africa-press.net\/\">Africa-Press<\/a><\/strong><\/p>\n","protected":false},"excerpt":{"rendered":"<p>Africa-Press &#8211; Mozambique. The Head of State, Filipe Nyusi, this afternoon appointed the president of the Party for Peace, Democracy and Development (PDD)and former Renamo number 2, Raul Domingos, to the post of ambassador of Mozambique to the Holy See (Vatican). Raul Domingos replaces S\u00e9rgio Nath\u00fa Cab\u00e1, a former deputy director general of SISE (State\u2019s [&hellip;]<\/p>\n","protected":false},"author":84,"featured_media":23181,"comment_status":"open","ping_status":"open","sticky":false,"template":"","format":"standard","meta":{"footnotes":""},"categories":[2,7,8,12,16],"tags":[233,281,283],"class_list":["post-23182","post","type-post","status-publish","format-standard","has-post-thumbnail","hentry","category-all-news","category-head-lines","category-homepage-english","category-policy","category-twitter","tag-africa-press","tag-africa-press-mozambique","tag-mozambique"],"yoast_head":"<!-- This site is optimized with the Yoast SEO Premium plugin v26.1 (Yoast SEO v27.0) - https:\/\/yoast.com\/product\/yoast-seo-premium-wordpress\/ -->\n<title>Ra\u00fal Domingos appointed ambassador to the Holy See - Mozambique<\/title>\n<meta name=\"description\" content=\"The Head of State, Filipe Nyusi, this afternoon appointed the president of the Party for Peace, Democracy and Developmen ...\" \/>\n<meta name=\"robots\" content=\"index, follow, max-snippet:-1, max-image-preview:large, max-video-preview:-1\" \/>\n<link rel=\"canonical\" href=\"https:\/\/www.africa-press.net\/mozambique\/all-news\/raul-domingos-appointed-ambassador-to-the-holy-see\" \/>\n<meta property=\"og:locale\" content=\"en_US\" \/>\n<meta property=\"og:type\" content=\"article\" \/>\n<meta property=\"og:title\" content=\"Ra\u00fal Domingos appointed ambassador to the Holy See\" \/>\n<meta property=\"og:description\" content=\"The Head of State, Filipe Nyusi, this afternoon appointed the president of the Party for Peace, Democracy and Developmen ...\" \/>\n<meta property=\"og:url\" content=\"https:\/\/www.africa-press.net\/mozambique\/all-news\/raul-domingos-appointed-ambassador-to-the-holy-see\" \/>\n<meta property=\"og:site_name\" content=\"Mozambique\" \/>\n<meta property=\"article:publisher\" content=\"https:\/\/www.facebook.com\/AfricaPressTunisiaa\" \/>\n<meta property=\"article:published_time\" content=\"2022-07-19T16:11:19+00:00\" \/>\n<meta property=\"article:modified_time\" content=\"2022-07-19T16:15:42+00:00\" \/>\n<meta property=\"og:image\" content=\"https:\/\/static.africa-press.net\/mozambique\/sites\/64\/2022\/07\/postQueueImg_4-62d6d8921434d.jpg\" \/>\n\t<meta property=\"og:image:width\" content=\"749\" \/>\n\t<meta property=\"og:image:height\" content=\"500\" \/>\n\t<meta property=\"og:image:type\" content=\"image\/jpeg\" \/>\n<meta name=\"author\" content=\"cfeditoren\" \/>\n<meta name=\"twitter:card\" content=\"summary_large_image\" \/>\n<meta name=\"twitter:label1\" content=\"Written by\" \/>\n\t<meta name=\"twitter:data1\" content=\"cfeditoren\" \/>\n\t<meta name=\"twitter:label2\" content=\"Est. reading time\" \/>\n\t<meta name=\"twitter:data2\" content=\"1 minute\" \/>\n<script type=\"application\/ld+json\" class=\"yoast-schema-graph\">{\"@context\":\"https:\/\/schema.org\",\"@graph\":[{\"@type\":\"Article\",\"@id\":\"https:\/\/www.africa-press.net\/mozambique\/all-news\/raul-domingos-appointed-ambassador-to-the-holy-see#article\",\"isPartOf\":{\"@id\":\"https:\/\/www.africa-press.net\/mozambique\/all-news\/raul-domingos-appointed-ambassador-to-the-holy-see\"},\"author\":{\"name\":\"cfeditoren\",\"@id\":\"https:\/\/www.africa-press.net\/mozambique\/#\/schema\/person\/068c7ab4e9634ae78ec5d54ec46598bb\"},\"headline\":\"Ra\u00fal Domingos appointed ambassador to the Holy See\",\"datePublished\":\"2022-07-19T16:11:19+00:00\",\"dateModified\":\"2022-07-19T16:15:42+00:00\",\"mainEntityOfPage\":{\"@id\":\"https:\/\/www.africa-press.net\/mozambique\/all-news\/raul-domingos-appointed-ambassador-to-the-holy-see\"},\"wordCount\":269,\"commentCount\":0,\"image\":{\"@id\":\"https:\/\/www.africa-press.net\/mozambique\/all-news\/raul-domingos-appointed-ambassador-to-the-holy-see#primaryimage\"},\"thumbnailUrl\":\"https:\/\/static.africa-press.net\/mozambique\/sites\/64\/2022\/07\/postQueueImg_4-62d6d8921434d.jpg\",\"keywords\":[\"Africa Press\",\"Africa Press-Mozambique\",\"Mozambique\"],\"articleSection\":[\"all news\",\"head lines\",\"homepage-english\",\"policy\",\"twitter\"],\"inLanguage\":\"en-US\",\"potentialAction\":[{\"@type\":\"CommentAction\",\"name\":\"Comment\",\"target\":[\"https:\/\/www.africa-press.net\/mozambique\/all-news\/raul-domingos-appointed-ambassador-to-the-holy-see#respond\"]}]},{\"@type\":\"WebPage\",\"@id\":\"https:\/\/www.africa-press.net\/mozambique\/all-news\/raul-domingos-appointed-ambassador-to-the-holy-see\",\"url\":\"https:\/\/www.africa-press.net\/mozambique\/all-news\/raul-domingos-appointed-ambassador-to-the-holy-see\",\"name\":\"Ra\u00fal Domingos appointed ambassador to the Holy See - Mozambique\",\"isPartOf\":{\"@id\":\"https:\/\/www.africa-press.net\/mozambique\/#website\"},\"primaryImageOfPage\":{\"@id\":\"https:\/\/www.africa-press.net\/mozambique\/all-news\/raul-domingos-appointed-ambassador-to-the-holy-see#primaryimage\"},\"image\":{\"@id\":\"https:\/\/www.africa-press.net\/mozambique\/all-news\/raul-domingos-appointed-ambassador-to-the-holy-see#primaryimage\"},\"thumbnailUrl\":\"https:\/\/static.africa-press.net\/mozambique\/sites\/64\/2022\/07\/postQueueImg_4-62d6d8921434d.jpg\",\"datePublished\":\"2022-07-19T16:11:19+00:00\",\"dateModified\":\"2022-07-19T16:15:42+00:00\",\"author\":{\"@id\":\"https:\/\/www.africa-press.net\/mozambique\/#\/schema\/person\/068c7ab4e9634ae78ec5d54ec46598bb\"},\"description\":\"The Head of State, Filipe Nyusi, this afternoon appointed the president of the Party for Peace, Democracy and Developmen ...\",\"breadcrumb\":{\"@id\":\"https:\/\/www.africa-press.net\/mozambique\/all-news\/raul-domingos-appointed-ambassador-to-the-holy-see#breadcrumb\"},\"inLanguage\":\"en-US\",\"potentialAction\":[{\"@type\":\"ReadAction\",\"target\":[\"https:\/\/www.africa-press.net\/mozambique\/all-news\/raul-domingos-appointed-ambassador-to-the-holy-see\"]}]},{\"@type\":\"ImageObject\",\"inLanguage\":\"en-US\",\"@id\":\"https:\/\/www.africa-press.net\/mozambique\/all-news\/raul-domingos-appointed-ambassador-to-the-holy-see#primaryimage\",\"url\":\"https:\/\/static.africa-press.net\/mozambique\/sites\/64\/2022\/07\/postQueueImg_4-62d6d8921434d.jpg\",\"contentUrl\":\"https:\/\/static.africa-press.net\/mozambique\/sites\/64\/2022\/07\/postQueueImg_4-62d6d8921434d.jpg\",\"width\":749,\"height\":500,\"caption\":\"Ra\u00fal Domingos appointed ambassador to the Holy See\"},{\"@type\":\"BreadcrumbList\",\"@id\":\"https:\/\/www.africa-press.net\/mozambique\/all-news\/raul-domingos-appointed-ambassador-to-the-holy-see#breadcrumb\",\"itemListElement\":[{\"@type\":\"ListItem\",\"position\":1,\"name\":\"Home\",\"item\":\"https:\/\/www.africa-press.net\/mozambique\/\"},{\"@type\":\"ListItem\",\"position\":2,\"name\":\"Ra\u00fal Domingos appointed ambassador to the Holy See\"}]},{\"@type\":\"WebSite\",\"@id\":\"https:\/\/www.africa-press.net\/mozambique\/#website\",\"url\":\"https:\/\/www.africa-press.net\/mozambique\/\",\"name\":\"Mozambique\",\"description\":\"Just another Africa News Agency Sites site\",\"potentialAction\":[{\"@type\":\"SearchAction\",\"target\":{\"@type\":\"EntryPoint\",\"urlTemplate\":\"https:\/\/www.africa-press.net\/mozambique\/?s={search_term_string}\"},\"query-input\":{\"@type\":\"PropertyValueSpecification\",\"valueRequired\":true,\"valueName\":\"search_term_string\"}}],\"inLanguage\":\"en-US\"},{\"@type\":\"Person\",\"@id\":\"https:\/\/www.africa-press.net\/mozambique\/#\/schema\/person\/068c7ab4e9634ae78ec5d54ec46598bb\",\"name\":\"cfeditoren\",\"image\":{\"@type\":\"ImageObject\",\"inLanguage\":\"en-US\",\"@id\":\"https:\/\/www.africa-press.net\/mozambique\/#\/schema\/person\/image\/\",\"url\":\"https:\/\/secure.gravatar.com\/avatar\/7417380fa9e23b5c57fdbfdaf3fdf92ee478f759a084addda5faa3732853e74a?s=96&d=mm&r=g\",\"contentUrl\":\"https:\/\/secure.gravatar.com\/avatar\/7417380fa9e23b5c57fdbfdaf3fdf92ee478f759a084addda5faa3732853e74a?s=96&d=mm&r=g\",\"caption\":\"cfeditoren\"}}]}<\/script>\n<!-- \/ Yoast SEO Premium plugin. -->","yoast_head_json":{"title":"Ra\u00fal Domingos appointed ambassador to the Holy See - Mozambique","description":"The Head of State, Filipe Nyusi, this afternoon appointed the president of the Party for Peace, Democracy and Developmen ...","robots":{"index":"index","follow":"follow","max-snippet":"max-snippet:-1","max-image-preview":"max-image-preview:large","max-video-preview":"max-video-preview:-1"},"canonical":"https:\/\/www.africa-press.net\/mozambique\/all-news\/raul-domingos-appointed-ambassador-to-the-holy-see","og_locale":"en_US","og_type":"article","og_title":"Ra\u00fal Domingos appointed ambassador to the Holy See","og_description":"The Head of State, Filipe Nyusi, this afternoon appointed the president of the Party for Peace, Democracy and Developmen ...","og_url":"https:\/\/www.africa-press.net\/mozambique\/all-news\/raul-domingos-appointed-ambassador-to-the-holy-see","og_site_name":"Mozambique","article_publisher":"https:\/\/www.facebook.com\/AfricaPressTunisiaa","article_published_time":"2022-07-19T16:11:19+00:00","article_modified_time":"2022-07-19T16:15:42+00:00","og_image":[{"width":749,"height":500,"url":"https:\/\/static.africa-press.net\/mozambique\/sites\/64\/2022\/07\/postQueueImg_4-62d6d8921434d.jpg","type":"image\/jpeg"}],"author":"cfeditoren","twitter_card":"summary_large_image","twitter_misc":{"Written by":"cfeditoren","Est. reading time":"1 minute"},"schema":{"@context":"https:\/\/schema.org","@graph":[{"@type":"Article","@id":"https:\/\/www.africa-press.net\/mozambique\/all-news\/raul-domingos-appointed-ambassador-to-the-holy-see#article","isPartOf":{"@id":"https:\/\/www.africa-press.net\/mozambique\/all-news\/raul-domingos-appointed-ambassador-to-the-holy-see"},"author":{"name":"cfeditoren","@id":"https:\/\/www.africa-press.net\/mozambique\/#\/schema\/person\/068c7ab4e9634ae78ec5d54ec46598bb"},"headline":"Ra\u00fal Domingos appointed ambassador to the Holy See","datePublished":"2022-07-19T16:11:19+00:00","dateModified":"2022-07-19T16:15:42+00:00","mainEntityOfPage":{"@id":"https:\/\/www.africa-press.net\/mozambique\/all-news\/raul-domingos-appointed-ambassador-to-the-holy-see"},"wordCount":269,"commentCount":0,"image":{"@id":"https:\/\/www.africa-press.net\/mozambique\/all-news\/raul-domingos-appointed-ambassador-to-the-holy-see#primaryimage"},"thumbnailUrl":"https:\/\/static.africa-press.net\/mozambique\/sites\/64\/2022\/07\/postQueueImg_4-62d6d8921434d.jpg","keywords":["Africa Press","Africa Press-Mozambique","Mozambique"],"articleSection":["all news","head lines","homepage-english","policy","twitter"],"inLanguage":"en-US","potentialAction":[{"@type":"CommentAction","name":"Comment","target":["https:\/\/www.africa-press.net\/mozambique\/all-news\/raul-domingos-appointed-ambassador-to-the-holy-see#respond"]}]},{"@type":"WebPage","@id":"https:\/\/www.africa-press.net\/mozambique\/all-news\/raul-domingos-appointed-ambassador-to-the-holy-see","url":"https:\/\/www.africa-press.net\/mozambique\/all-news\/raul-domingos-appointed-ambassador-to-the-holy-see","name":"Ra\u00fal Domingos appointed ambassador to the Holy See - Mozambique","isPartOf":{"@id":"https:\/\/www.africa-press.net\/mozambique\/#website"},"primaryImageOfPage":{"@id":"https:\/\/www.africa-press.net\/mozambique\/all-news\/raul-domingos-appointed-ambassador-to-the-holy-see#primaryimage"},"image":{"@id":"https:\/\/www.africa-press.net\/mozambique\/all-news\/raul-domingos-appointed-ambassador-to-the-holy-see#primaryimage"},"thumbnailUrl":"https:\/\/static.africa-press.net\/mozambique\/sites\/64\/2022\/07\/postQueueImg_4-62d6d8921434d.jpg","datePublished":"2022-07-19T16:11:19+00:00","dateModified":"2022-07-19T16:15:42+00:00","author":{"@id":"https:\/\/www.africa-press.net\/mozambique\/#\/schema\/person\/068c7ab4e9634ae78ec5d54ec46598bb"},"description":"The Head of State, Filipe Nyusi, this afternoon appointed the president of the Party for Peace, Democracy and Developmen ...","breadcrumb":{"@id":"https:\/\/www.africa-press.net\/mozambique\/all-news\/raul-domingos-appointed-ambassador-to-the-holy-see#breadcrumb"},"inLanguage":"en-US","potentialAction":[{"@type":"ReadAction","target":["https:\/\/www.africa-press.net\/mozambique\/all-news\/raul-domingos-appointed-ambassador-to-the-holy-see"]}]},{"@type":"ImageObject","inLanguage":"en-US","@id":"https:\/\/www.africa-press.net\/mozambique\/all-news\/raul-domingos-appointed-ambassador-to-the-holy-see#primaryimage","url":"https:\/\/static.africa-press.net\/mozambique\/sites\/64\/2022\/07\/postQueueImg_4-62d6d8921434d.jpg","contentUrl":"https:\/\/static.africa-press.net\/mozambique\/sites\/64\/2022\/07\/postQueueImg_4-62d6d8921434d.jpg","width":749,"height":500,"caption":"Ra\u00fal Domingos appointed ambassador to the Holy See"},{"@type":"BreadcrumbList","@id":"https:\/\/www.africa-press.net\/mozambique\/all-news\/raul-domingos-appointed-ambassador-to-the-holy-see#breadcrumb","itemListElement":[{"@type":"ListItem","position":1,"name":"Home","item":"https:\/\/www.africa-press.net\/mozambique\/"},{"@type":"ListItem","position":2,"name":"Ra\u00fal Domingos appointed ambassador to the Holy See"}]},{"@type":"WebSite","@id":"https:\/\/www.africa-press.net\/mozambique\/#website","url":"https:\/\/www.africa-press.net\/mozambique\/","name":"Mozambique","description":"Just another Africa News Agency Sites site","potentialAction":[{"@type":"SearchAction","target":{"@type":"EntryPoint","urlTemplate":"https:\/\/www.africa-press.net\/mozambique\/?s={search_term_string}"},"query-input":{"@type":"PropertyValueSpecification","valueRequired":true,"valueName":"search_term_string"}}],"inLanguage":"en-US"},{"@type":"Person","@id":"https:\/\/www.africa-press.net\/mozambique\/#\/schema\/person\/068c7ab4e9634ae78ec5d54ec46598bb","name":"cfeditoren","image":{"@type":"ImageObject","inLanguage":"en-US","@id":"https:\/\/www.africa-press.net\/mozambique\/#\/schema\/person\/image\/","url":"https:\/\/secure.gravatar.com\/avatar\/7417380fa9e23b5c57fdbfdaf3fdf92ee478f759a084addda5faa3732853e74a?s=96&d=mm&r=g","contentUrl":"https:\/\/secure.gravatar.com\/avatar\/7417380fa9e23b5c57fdbfdaf3fdf92ee478f759a084addda5faa3732853e74a?s=96&d=mm&r=g","caption":"cfeditoren"}}]}},"_links":{"self":[{"href":"https:\/\/www.africa-press.net\/mozambique\/wp-json\/wp\/v2\/posts\/23182","targetHints":{"allow":["GET"]}}],"collection":[{"href":"https:\/\/www.africa-press.net\/mozambique\/wp-json\/wp\/v2\/posts"}],"about":[{"href":"https:\/\/www.africa-press.net\/mozambique\/wp-json\/wp\/v2\/types\/post"}],"author":[{"embeddable":true,"href":"https:\/\/www.africa-press.net\/mozambique\/wp-json\/wp\/v2\/users\/84"}],"replies":[{"embeddable":true,"href":"https:\/\/www.africa-press.net\/mozambique\/wp-json\/wp\/v2\/comments?post=23182"}],"version-history":[{"count":0,"href":"https:\/\/www.africa-press.net\/mozambique\/wp-json\/wp\/v2\/posts\/23182\/revisions"}],"wp:featuredmedia":[{"embeddable":true,"href":"https:\/\/www.africa-press.net\/mozambique\/wp-json\/wp\/v2\/media\/23181"}],"wp:attachment":[{"href":"https:\/\/www.africa-press.net\/mozambique\/wp-json\/wp\/v2\/media?parent=23182"}],"wp:term":[{"taxonomy":"category","embeddable":true,"href":"https:\/\/www.africa-press.net\/mozambique\/wp-json\/wp\/v2\/categories?post=23182"},{"taxonomy":"post_tag","embeddable":true,"href":"https:\/\/www.africa-press.net\/mozambique\/wp-json\/wp\/v2\/tags?post=23182"}],"curies":[{"name":"wp","href":"https:\/\/api.w.org\/{rel}","templated":true}]}}