{"id":23236,"date":"2022-07-20T15:39:56","date_gmt":"2022-07-20T15:39:56","guid":{"rendered":"https:\/\/www.africa-press.net\/mozambique\/all-news\/special-forces-in-the-fight-against-terrorism-independent-unit-for-montepuez"},"modified":"2022-07-20T15:55:51","modified_gmt":"2022-07-20T15:55:51","slug":"special-forces-in-the-fight-against-terrorism-independent-unit-for-montepuez","status":"publish","type":"post","link":"https:\/\/www.africa-press.net\/mozambique\/all-news\/special-forces-in-the-fight-against-terrorism-independent-unit-for-montepuez","title":{"rendered":"Special Forces in the fight against terrorism: Independent unit for Montepuez"},"content":{"rendered":"<p><span style=\"color: #ff6600\"><strong>Africa-Press &#8211; Mozambique. <\/strong><\/span>Commander-General of the Police of the Republic of Mozambique (PRM) Bernardino Rafael on Sunday conducted the installation of an \u2018independent company\u2019 of the Border Guard Police in the district of Montepuez, Cabo Delgado province.<\/p>\n<p>It is yet another action in the search for \u201ceffective and sustainable\u201d means in the fight against terrorism, at a time when reports of armed incursions are beginning to emerge in Montepuez district.<\/p>\n<p>In addition to terrorism, Bernardino Rafael also spoke of the need to protect natural resources, particularly the district\u2019s rich deposits of precious and semi-precious stones.<\/p>\n<p>In fact, according to the General Commander of the Police, many foreigners enter Mozambique, exploit the resources and then use the money to finance terrorism.<\/p>\n<p>\u201cThey\u2019ve been here. Once they get [the stones], they sell them and sponsor terrorism,\u201d Rafael said at the ceremony.<\/p>\n<p>The \u2018independent units\u2019 of the Special Forces of the Police of the Republic of Mozambique, which specialise in the defence and protection of the national territory and its resources, were launched In November last year in 12 districts of Cabo Delgado, Nampula, Zamb\u00e9zia, Inhambane and Niassa provinces.<\/p>\n<p>The pilot phase covered the districts of Palma, Nangade, Moc\u00edmboa, Muidunbe and Quissanga in Cabo Delgado; Marrupa and Mecula in Niassa; Memba and Moma in Nampula; Pebane and Guru\u00e9 in Zamb\u00e9zia; and Inhassoro in Inhambane.<\/p>\n<p><strong>For More News And Analysis About <a href=\"https:\/\/www.africa-press.net\/mozambique\">Mozambique<\/a> Follow <a href=\"https:\/\/www.africa-press.net\/\">Africa-Press<\/a><\/strong><\/p>\n","protected":false},"excerpt":{"rendered":"<p>Africa-Press &#8211; Mozambique. Commander-General of the Police of the Republic of Mozambique (PRM) Bernardino Rafael on Sunday conducted the installation of an \u2018independent company\u2019 of the Border Guard Police in the district of Montepuez, Cabo Delgado province. It is yet another action in the search for \u201ceffective and sustainable\u201d means in the fight against terrorism, [&hellip;]<\/p>\n","protected":false},"author":84,"featured_media":23235,"comment_status":"open","ping_status":"open","sticky":false,"template":"","format":"standard","meta":{"footnotes":""},"categories":[2,8,12,16],"tags":[233,281,283],"class_list":["post-23236","post","type-post","status-publish","format-standard","has-post-thumbnail","hentry","category-all-news","category-homepage-english","category-policy","category-twitter","tag-africa-press","tag-africa-press-mozambique","tag-mozambique"],"yoast_head":"<!-- This site is optimized with the Yoast SEO Premium plugin v26.1 (Yoast SEO v27.0) - https:\/\/yoast.com\/product\/yoast-seo-premium-wordpress\/ -->\n<title>Special Forces in the fight against terrorism: Independent unit for Montepuez - Mozambique<\/title>\n<meta name=\"description\" content=\"Commander-General of the Police of the Republic of Mozambique (PRM) Bernardino Rafael on Sunday conducted the installati ...\" \/>\n<meta name=\"robots\" content=\"index, follow, max-snippet:-1, max-image-preview:large, max-video-preview:-1\" \/>\n<link rel=\"canonical\" href=\"https:\/\/www.africa-press.net\/mozambique\/all-news\/special-forces-in-the-fight-against-terrorism-independent-unit-for-montepuez\" \/>\n<meta property=\"og:locale\" content=\"en_US\" \/>\n<meta property=\"og:type\" content=\"article\" \/>\n<meta property=\"og:title\" content=\"Special Forces in the fight against terrorism: Independent unit for Montepuez\" \/>\n<meta property=\"og:description\" content=\"Commander-General of the Police of the Republic of Mozambique (PRM) Bernardino Rafael on Sunday conducted the installati ...\" \/>\n<meta property=\"og:url\" content=\"https:\/\/www.africa-press.net\/mozambique\/all-news\/special-forces-in-the-fight-against-terrorism-independent-unit-for-montepuez\" \/>\n<meta property=\"og:site_name\" content=\"Mozambique\" \/>\n<meta property=\"article:publisher\" content=\"https:\/\/www.facebook.com\/AfricaPressTunisiaa\" \/>\n<meta property=\"article:published_time\" content=\"2022-07-20T15:39:56+00:00\" \/>\n<meta property=\"article:modified_time\" content=\"2022-07-20T15:55:51+00:00\" \/>\n<meta property=\"og:image\" content=\"https:\/\/static.africa-press.net\/mozambique\/sites\/64\/2022\/07\/postQueueImg_11-62d8256bb01da.jpg\" \/>\n\t<meta property=\"og:image:width\" content=\"741\" \/>\n\t<meta property=\"og:image:height\" content=\"602\" \/>\n\t<meta property=\"og:image:type\" content=\"image\/jpeg\" \/>\n<meta name=\"author\" content=\"cfeditoren\" \/>\n<meta name=\"twitter:card\" content=\"summary_large_image\" \/>\n<meta name=\"twitter:label1\" content=\"Written by\" \/>\n\t<meta name=\"twitter:data1\" content=\"cfeditoren\" \/>\n\t<meta name=\"twitter:label2\" content=\"Est. reading time\" \/>\n\t<meta name=\"twitter:data2\" content=\"1 minute\" \/>\n<script type=\"application\/ld+json\" class=\"yoast-schema-graph\">{\"@context\":\"https:\/\/schema.org\",\"@graph\":[{\"@type\":\"Article\",\"@id\":\"https:\/\/www.africa-press.net\/mozambique\/all-news\/special-forces-in-the-fight-against-terrorism-independent-unit-for-montepuez#article\",\"isPartOf\":{\"@id\":\"https:\/\/www.africa-press.net\/mozambique\/all-news\/special-forces-in-the-fight-against-terrorism-independent-unit-for-montepuez\"},\"author\":{\"name\":\"cfeditoren\",\"@id\":\"https:\/\/www.africa-press.net\/mozambique\/#\/schema\/person\/068c7ab4e9634ae78ec5d54ec46598bb\"},\"headline\":\"Special Forces in the fight against terrorism: Independent unit for Montepuez\",\"datePublished\":\"2022-07-20T15:39:56+00:00\",\"dateModified\":\"2022-07-20T15:55:51+00:00\",\"mainEntityOfPage\":{\"@id\":\"https:\/\/www.africa-press.net\/mozambique\/all-news\/special-forces-in-the-fight-against-terrorism-independent-unit-for-montepuez\"},\"wordCount\":245,\"commentCount\":0,\"image\":{\"@id\":\"https:\/\/www.africa-press.net\/mozambique\/all-news\/special-forces-in-the-fight-against-terrorism-independent-unit-for-montepuez#primaryimage\"},\"thumbnailUrl\":\"https:\/\/static.africa-press.net\/mozambique\/sites\/64\/2022\/07\/postQueueImg_11-62d8256bb01da.jpg\",\"keywords\":[\"Africa Press\",\"Africa Press-Mozambique\",\"Mozambique\"],\"articleSection\":[\"all news\",\"homepage-english\",\"policy\",\"twitter\"],\"inLanguage\":\"en-US\",\"potentialAction\":[{\"@type\":\"CommentAction\",\"name\":\"Comment\",\"target\":[\"https:\/\/www.africa-press.net\/mozambique\/all-news\/special-forces-in-the-fight-against-terrorism-independent-unit-for-montepuez#respond\"]}]},{\"@type\":\"WebPage\",\"@id\":\"https:\/\/www.africa-press.net\/mozambique\/all-news\/special-forces-in-the-fight-against-terrorism-independent-unit-for-montepuez\",\"url\":\"https:\/\/www.africa-press.net\/mozambique\/all-news\/special-forces-in-the-fight-against-terrorism-independent-unit-for-montepuez\",\"name\":\"Special Forces in the fight against terrorism: Independent unit for Montepuez - Mozambique\",\"isPartOf\":{\"@id\":\"https:\/\/www.africa-press.net\/mozambique\/#website\"},\"primaryImageOfPage\":{\"@id\":\"https:\/\/www.africa-press.net\/mozambique\/all-news\/special-forces-in-the-fight-against-terrorism-independent-unit-for-montepuez#primaryimage\"},\"image\":{\"@id\":\"https:\/\/www.africa-press.net\/mozambique\/all-news\/special-forces-in-the-fight-against-terrorism-independent-unit-for-montepuez#primaryimage\"},\"thumbnailUrl\":\"https:\/\/static.africa-press.net\/mozambique\/sites\/64\/2022\/07\/postQueueImg_11-62d8256bb01da.jpg\",\"datePublished\":\"2022-07-20T15:39:56+00:00\",\"dateModified\":\"2022-07-20T15:55:51+00:00\",\"author\":{\"@id\":\"https:\/\/www.africa-press.net\/mozambique\/#\/schema\/person\/068c7ab4e9634ae78ec5d54ec46598bb\"},\"description\":\"Commander-General of the Police of the Republic of Mozambique (PRM) Bernardino Rafael on Sunday conducted the installati ...\",\"breadcrumb\":{\"@id\":\"https:\/\/www.africa-press.net\/mozambique\/all-news\/special-forces-in-the-fight-against-terrorism-independent-unit-for-montepuez#breadcrumb\"},\"inLanguage\":\"en-US\",\"potentialAction\":[{\"@type\":\"ReadAction\",\"target\":[\"https:\/\/www.africa-press.net\/mozambique\/all-news\/special-forces-in-the-fight-against-terrorism-independent-unit-for-montepuez\"]}]},{\"@type\":\"ImageObject\",\"inLanguage\":\"en-US\",\"@id\":\"https:\/\/www.africa-press.net\/mozambique\/all-news\/special-forces-in-the-fight-against-terrorism-independent-unit-for-montepuez#primaryimage\",\"url\":\"https:\/\/static.africa-press.net\/mozambique\/sites\/64\/2022\/07\/postQueueImg_11-62d8256bb01da.jpg\",\"contentUrl\":\"https:\/\/static.africa-press.net\/mozambique\/sites\/64\/2022\/07\/postQueueImg_11-62d8256bb01da.jpg\",\"width\":741,\"height\":602,\"caption\":\"Special Forces in the fight against terrorism: Independent unit for Montepuez\"},{\"@type\":\"BreadcrumbList\",\"@id\":\"https:\/\/www.africa-press.net\/mozambique\/all-news\/special-forces-in-the-fight-against-terrorism-independent-unit-for-montepuez#breadcrumb\",\"itemListElement\":[{\"@type\":\"ListItem\",\"position\":1,\"name\":\"Home\",\"item\":\"https:\/\/www.africa-press.net\/mozambique\/\"},{\"@type\":\"ListItem\",\"position\":2,\"name\":\"Special Forces in the fight against terrorism: Independent unit for Montepuez\"}]},{\"@type\":\"WebSite\",\"@id\":\"https:\/\/www.africa-press.net\/mozambique\/#website\",\"url\":\"https:\/\/www.africa-press.net\/mozambique\/\",\"name\":\"Mozambique\",\"description\":\"Just another Africa News Agency Sites site\",\"potentialAction\":[{\"@type\":\"SearchAction\",\"target\":{\"@type\":\"EntryPoint\",\"urlTemplate\":\"https:\/\/www.africa-press.net\/mozambique\/?s={search_term_string}\"},\"query-input\":{\"@type\":\"PropertyValueSpecification\",\"valueRequired\":true,\"valueName\":\"search_term_string\"}}],\"inLanguage\":\"en-US\"},{\"@type\":\"Person\",\"@id\":\"https:\/\/www.africa-press.net\/mozambique\/#\/schema\/person\/068c7ab4e9634ae78ec5d54ec46598bb\",\"name\":\"cfeditoren\",\"image\":{\"@type\":\"ImageObject\",\"inLanguage\":\"en-US\",\"@id\":\"https:\/\/www.africa-press.net\/mozambique\/#\/schema\/person\/image\/\",\"url\":\"https:\/\/secure.gravatar.com\/avatar\/7417380fa9e23b5c57fdbfdaf3fdf92ee478f759a084addda5faa3732853e74a?s=96&d=mm&r=g\",\"contentUrl\":\"https:\/\/secure.gravatar.com\/avatar\/7417380fa9e23b5c57fdbfdaf3fdf92ee478f759a084addda5faa3732853e74a?s=96&d=mm&r=g\",\"caption\":\"cfeditoren\"}}]}<\/script>\n<!-- \/ Yoast SEO Premium plugin. -->","yoast_head_json":{"title":"Special Forces in the fight against terrorism: Independent unit for Montepuez - Mozambique","description":"Commander-General of the Police of the Republic of Mozambique (PRM) Bernardino Rafael on Sunday conducted the installati ...","robots":{"index":"index","follow":"follow","max-snippet":"max-snippet:-1","max-image-preview":"max-image-preview:large","max-video-preview":"max-video-preview:-1"},"canonical":"https:\/\/www.africa-press.net\/mozambique\/all-news\/special-forces-in-the-fight-against-terrorism-independent-unit-for-montepuez","og_locale":"en_US","og_type":"article","og_title":"Special Forces in the fight against terrorism: Independent unit for Montepuez","og_description":"Commander-General of the Police of the Republic of Mozambique (PRM) Bernardino Rafael on Sunday conducted the installati ...","og_url":"https:\/\/www.africa-press.net\/mozambique\/all-news\/special-forces-in-the-fight-against-terrorism-independent-unit-for-montepuez","og_site_name":"Mozambique","article_publisher":"https:\/\/www.facebook.com\/AfricaPressTunisiaa","article_published_time":"2022-07-20T15:39:56+00:00","article_modified_time":"2022-07-20T15:55:51+00:00","og_image":[{"width":741,"height":602,"url":"https:\/\/static.africa-press.net\/mozambique\/sites\/64\/2022\/07\/postQueueImg_11-62d8256bb01da.jpg","type":"image\/jpeg"}],"author":"cfeditoren","twitter_card":"summary_large_image","twitter_misc":{"Written by":"cfeditoren","Est. reading time":"1 minute"},"schema":{"@context":"https:\/\/schema.org","@graph":[{"@type":"Article","@id":"https:\/\/www.africa-press.net\/mozambique\/all-news\/special-forces-in-the-fight-against-terrorism-independent-unit-for-montepuez#article","isPartOf":{"@id":"https:\/\/www.africa-press.net\/mozambique\/all-news\/special-forces-in-the-fight-against-terrorism-independent-unit-for-montepuez"},"author":{"name":"cfeditoren","@id":"https:\/\/www.africa-press.net\/mozambique\/#\/schema\/person\/068c7ab4e9634ae78ec5d54ec46598bb"},"headline":"Special Forces in the fight against terrorism: Independent unit for Montepuez","datePublished":"2022-07-20T15:39:56+00:00","dateModified":"2022-07-20T15:55:51+00:00","mainEntityOfPage":{"@id":"https:\/\/www.africa-press.net\/mozambique\/all-news\/special-forces-in-the-fight-against-terrorism-independent-unit-for-montepuez"},"wordCount":245,"commentCount":0,"image":{"@id":"https:\/\/www.africa-press.net\/mozambique\/all-news\/special-forces-in-the-fight-against-terrorism-independent-unit-for-montepuez#primaryimage"},"thumbnailUrl":"https:\/\/static.africa-press.net\/mozambique\/sites\/64\/2022\/07\/postQueueImg_11-62d8256bb01da.jpg","keywords":["Africa Press","Africa Press-Mozambique","Mozambique"],"articleSection":["all news","homepage-english","policy","twitter"],"inLanguage":"en-US","potentialAction":[{"@type":"CommentAction","name":"Comment","target":["https:\/\/www.africa-press.net\/mozambique\/all-news\/special-forces-in-the-fight-against-terrorism-independent-unit-for-montepuez#respond"]}]},{"@type":"WebPage","@id":"https:\/\/www.africa-press.net\/mozambique\/all-news\/special-forces-in-the-fight-against-terrorism-independent-unit-for-montepuez","url":"https:\/\/www.africa-press.net\/mozambique\/all-news\/special-forces-in-the-fight-against-terrorism-independent-unit-for-montepuez","name":"Special Forces in the fight against terrorism: Independent unit for Montepuez - Mozambique","isPartOf":{"@id":"https:\/\/www.africa-press.net\/mozambique\/#website"},"primaryImageOfPage":{"@id":"https:\/\/www.africa-press.net\/mozambique\/all-news\/special-forces-in-the-fight-against-terrorism-independent-unit-for-montepuez#primaryimage"},"image":{"@id":"https:\/\/www.africa-press.net\/mozambique\/all-news\/special-forces-in-the-fight-against-terrorism-independent-unit-for-montepuez#primaryimage"},"thumbnailUrl":"https:\/\/static.africa-press.net\/mozambique\/sites\/64\/2022\/07\/postQueueImg_11-62d8256bb01da.jpg","datePublished":"2022-07-20T15:39:56+00:00","dateModified":"2022-07-20T15:55:51+00:00","author":{"@id":"https:\/\/www.africa-press.net\/mozambique\/#\/schema\/person\/068c7ab4e9634ae78ec5d54ec46598bb"},"description":"Commander-General of the Police of the Republic of Mozambique (PRM) Bernardino Rafael on Sunday conducted the installati ...","breadcrumb":{"@id":"https:\/\/www.africa-press.net\/mozambique\/all-news\/special-forces-in-the-fight-against-terrorism-independent-unit-for-montepuez#breadcrumb"},"inLanguage":"en-US","potentialAction":[{"@type":"ReadAction","target":["https:\/\/www.africa-press.net\/mozambique\/all-news\/special-forces-in-the-fight-against-terrorism-independent-unit-for-montepuez"]}]},{"@type":"ImageObject","inLanguage":"en-US","@id":"https:\/\/www.africa-press.net\/mozambique\/all-news\/special-forces-in-the-fight-against-terrorism-independent-unit-for-montepuez#primaryimage","url":"https:\/\/static.africa-press.net\/mozambique\/sites\/64\/2022\/07\/postQueueImg_11-62d8256bb01da.jpg","contentUrl":"https:\/\/static.africa-press.net\/mozambique\/sites\/64\/2022\/07\/postQueueImg_11-62d8256bb01da.jpg","width":741,"height":602,"caption":"Special Forces in the fight against terrorism: Independent unit for Montepuez"},{"@type":"BreadcrumbList","@id":"https:\/\/www.africa-press.net\/mozambique\/all-news\/special-forces-in-the-fight-against-terrorism-independent-unit-for-montepuez#breadcrumb","itemListElement":[{"@type":"ListItem","position":1,"name":"Home","item":"https:\/\/www.africa-press.net\/mozambique\/"},{"@type":"ListItem","position":2,"name":"Special Forces in the fight against terrorism: Independent unit for Montepuez"}]},{"@type":"WebSite","@id":"https:\/\/www.africa-press.net\/mozambique\/#website","url":"https:\/\/www.africa-press.net\/mozambique\/","name":"Mozambique","description":"Just another Africa News Agency Sites site","potentialAction":[{"@type":"SearchAction","target":{"@type":"EntryPoint","urlTemplate":"https:\/\/www.africa-press.net\/mozambique\/?s={search_term_string}"},"query-input":{"@type":"PropertyValueSpecification","valueRequired":true,"valueName":"search_term_string"}}],"inLanguage":"en-US"},{"@type":"Person","@id":"https:\/\/www.africa-press.net\/mozambique\/#\/schema\/person\/068c7ab4e9634ae78ec5d54ec46598bb","name":"cfeditoren","image":{"@type":"ImageObject","inLanguage":"en-US","@id":"https:\/\/www.africa-press.net\/mozambique\/#\/schema\/person\/image\/","url":"https:\/\/secure.gravatar.com\/avatar\/7417380fa9e23b5c57fdbfdaf3fdf92ee478f759a084addda5faa3732853e74a?s=96&d=mm&r=g","contentUrl":"https:\/\/secure.gravatar.com\/avatar\/7417380fa9e23b5c57fdbfdaf3fdf92ee478f759a084addda5faa3732853e74a?s=96&d=mm&r=g","caption":"cfeditoren"}}]}},"_links":{"self":[{"href":"https:\/\/www.africa-press.net\/mozambique\/wp-json\/wp\/v2\/posts\/23236","targetHints":{"allow":["GET"]}}],"collection":[{"href":"https:\/\/www.africa-press.net\/mozambique\/wp-json\/wp\/v2\/posts"}],"about":[{"href":"https:\/\/www.africa-press.net\/mozambique\/wp-json\/wp\/v2\/types\/post"}],"author":[{"embeddable":true,"href":"https:\/\/www.africa-press.net\/mozambique\/wp-json\/wp\/v2\/users\/84"}],"replies":[{"embeddable":true,"href":"https:\/\/www.africa-press.net\/mozambique\/wp-json\/wp\/v2\/comments?post=23236"}],"version-history":[{"count":0,"href":"https:\/\/www.africa-press.net\/mozambique\/wp-json\/wp\/v2\/posts\/23236\/revisions"}],"wp:featuredmedia":[{"embeddable":true,"href":"https:\/\/www.africa-press.net\/mozambique\/wp-json\/wp\/v2\/media\/23235"}],"wp:attachment":[{"href":"https:\/\/www.africa-press.net\/mozambique\/wp-json\/wp\/v2\/media?parent=23236"}],"wp:term":[{"taxonomy":"category","embeddable":true,"href":"https:\/\/www.africa-press.net\/mozambique\/wp-json\/wp\/v2\/categories?post=23236"},{"taxonomy":"post_tag","embeddable":true,"href":"https:\/\/www.africa-press.net\/mozambique\/wp-json\/wp\/v2\/tags?post=23236"}],"curies":[{"name":"wp","href":"https:\/\/api.w.org\/{rel}","templated":true}]}}