{"id":23385,"date":"2022-07-22T14:56:38","date_gmt":"2022-07-22T14:56:38","guid":{"rendered":"https:\/\/www.africa-press.net\/mozambique\/all-news\/athletes-in-despair-at-detention-of-portuguese-coach"},"modified":"2022-07-22T15:00:49","modified_gmt":"2022-07-22T15:00:49","slug":"athletes-in-despair-at-detention-of-portuguese-coach","status":"publish","type":"post","link":"https:\/\/www.africa-press.net\/mozambique\/all-news\/athletes-in-despair-at-detention-of-portuguese-coach","title":{"rendered":"Athletes \u2018in despair\u2019 at detention of Portuguese coach"},"content":{"rendered":"<p><span style=\"color: #ff6600\"><strong>Africa-Press &#8211; Mozambique. <\/strong><\/span>Ver\u00f3nica Jos\u00e9, who is one of the world\u2019s top junior female competitors in the 1,500 metres, is among athletes in Mozambique expressing despair at the detention in Maputo of their Portuguese coach, Alberto L\u00e1rio, in Jos\u00e9\u2019s case just days before her debut at the world championship in Colombia.<\/p>\n<p>\u201cIt will be a despair for me to have to go to the world championship without my coach,\u201d the athlete told Lusa, after on Thursday holding her first training session in preparation for the world championships in Colombia without her coach, who was marking his 63rd birthday in a police cell in Maputo.<\/p>\n<p>L\u00e1rio, who has been a reference for young athletics in Mozambique, was detained on Tuesday afternoon, allegedly because of irregularities in his documentation.<\/p>\n<p>Mozambique\u2019s National Migration Service confirmed to Lusa the detention of the Portuguese athletics coach, claiming that he had \u201cfor a long time\u201d been in an illegal situation in the country, although it admitted that since he was born Mozambique \u2013 having left the country very young \u2013 he has had a nationality application pending for over six years.<\/p>\n<p>But according to Ver\u00f3nica Jos\u00e9, the coach\u2019s detention is the result of a \u201cconspiracy\u201d organised by federation officials who do not want to let him reap the fruits of the work that he has done in recent years with young athletes from various provinces, some of whom were welcomed in his own residence in Maputo, as was the case of Ver\u00f3nica.<\/p>\n<p>\u201cHe is a father to us,\u201d stresses the athlete, who even thought of giving up her world championship bid when she learnt that the coach had been detained following a complaint made by the president of the Mozambican Athletics Federation, Kamal Badr\u00fa.<\/p>\n<p>She recalls that she has had several opportunities to join Portuguese athletics clubs, but that L\u00e1rio always advised her to stay in Mozambique, as the country needs athletes.<\/p>\n<p>\u201cI have already received proposals from Sporting and Benfica, but my coach has always maintained the idea that Mozambique needs athletes,\u201d she said.<\/p>\n<p>\u201cFor us, he represents two roles: the first as a father and the second as a coach,\u201d agreed Esm\u00e9nio Beir\u00e3o, another young athlete discovered by L\u00e1rio and who lives at the Portuguese coach\u2019s house in Maputo.<\/p>\n<p>L\u00e1rio\u2019s detention has caused outrage among athletics in Mozambique, with a march even being organised, to start on the track at the Continuadores Park in Maputo and end at the headquarters of the Mozambique Migration Service, where a news conference on the case is t be staged later on Thursday.<\/p>\n<p>L\u00e1rio, who was born in Mozambique and who has lived in the country for several years of late, oversaw Ver\u00f3nica Jos\u00e9\u2019s establishing herself in the world\u2019s top six juniors in the 1,500 metres, with the support of the Portuguese Association (AP) of Mozambique.<\/p>\n<p>The world championship in Cali, Colombia, scheduled for August 1st to 6th, will be Jos\u00e9\u2019s first major international 1,500 metres. Jos\u00e9 beat the time of 4.29 minutes in Braga, Portugal, and has been improving her performance since then.<\/p>\n<p><strong>For More News And Analysis About <a href=\"https:\/\/www.africa-press.net\/mozambique\">Mozambique<\/a> Follow <a href=\"https:\/\/www.africa-press.net\/\">Africa-Press<\/a><\/strong><\/p>\n","protected":false},"excerpt":{"rendered":"<p>Africa-Press &#8211; Mozambique. Ver\u00f3nica Jos\u00e9, who is one of the world\u2019s top junior female competitors in the 1,500 metres, is among athletes in Mozambique expressing despair at the detention in Maputo of their Portuguese coach, Alberto L\u00e1rio, in Jos\u00e9\u2019s case just days before her debut at the world championship in Colombia. \u201cIt will be a [&hellip;]<\/p>\n","protected":false},"author":84,"featured_media":23384,"comment_status":"open","ping_status":"open","sticky":false,"template":"","format":"standard","meta":{"footnotes":""},"categories":[2,8,17,16],"tags":[233,281,283],"class_list":["post-23385","post","type-post","status-publish","format-standard","has-post-thumbnail","hentry","category-all-news","category-homepage-english","category-sport","category-twitter","tag-africa-press","tag-africa-press-mozambique","tag-mozambique"],"yoast_head":"<!-- This site is optimized with the Yoast SEO Premium plugin v26.1 (Yoast SEO v27.0) - https:\/\/yoast.com\/product\/yoast-seo-premium-wordpress\/ -->\n<title>Athletes \u2018in despair\u2019 at detention of Portuguese coach - Mozambique<\/title>\n<meta name=\"description\" content=\"Ver\u00f3nica Jos\u00e9, who is one of the world\u2019s top junior female competitors in the 1,500 metres, is among athletes in Mozambi ...\" \/>\n<meta name=\"robots\" content=\"index, follow, max-snippet:-1, max-image-preview:large, max-video-preview:-1\" \/>\n<link rel=\"canonical\" href=\"https:\/\/www.africa-press.net\/mozambique\/all-news\/athletes-in-despair-at-detention-of-portuguese-coach\" \/>\n<meta property=\"og:locale\" content=\"en_US\" \/>\n<meta property=\"og:type\" content=\"article\" \/>\n<meta property=\"og:title\" content=\"Athletes \u2018in despair\u2019 at detention of Portuguese coach\" \/>\n<meta property=\"og:description\" content=\"Ver\u00f3nica Jos\u00e9, who is one of the world\u2019s top junior female competitors in the 1,500 metres, is among athletes in Mozambi ...\" \/>\n<meta property=\"og:url\" content=\"https:\/\/www.africa-press.net\/mozambique\/all-news\/athletes-in-despair-at-detention-of-portuguese-coach\" \/>\n<meta property=\"og:site_name\" content=\"Mozambique\" \/>\n<meta property=\"article:publisher\" content=\"https:\/\/www.facebook.com\/AfricaPressTunisiaa\" \/>\n<meta property=\"article:published_time\" content=\"2022-07-22T14:56:38+00:00\" \/>\n<meta property=\"article:modified_time\" content=\"2022-07-22T15:00:49+00:00\" \/>\n<meta property=\"og:image\" content=\"https:\/\/static.africa-press.net\/mozambique\/sites\/64\/2022\/07\/postQueueImg_2-62dabb896c104.jpg\" \/>\n\t<meta property=\"og:image:width\" content=\"1354\" \/>\n\t<meta property=\"og:image:height\" content=\"903\" \/>\n\t<meta property=\"og:image:type\" content=\"image\/jpeg\" \/>\n<meta name=\"author\" content=\"cfeditoren\" \/>\n<meta name=\"twitter:card\" content=\"summary_large_image\" \/>\n<meta name=\"twitter:label1\" content=\"Written by\" \/>\n\t<meta name=\"twitter:data1\" content=\"cfeditoren\" \/>\n\t<meta name=\"twitter:label2\" content=\"Est. reading time\" \/>\n\t<meta name=\"twitter:data2\" content=\"3 minutes\" \/>\n<script type=\"application\/ld+json\" class=\"yoast-schema-graph\">{\"@context\":\"https:\/\/schema.org\",\"@graph\":[{\"@type\":\"Article\",\"@id\":\"https:\/\/www.africa-press.net\/mozambique\/all-news\/athletes-in-despair-at-detention-of-portuguese-coach#article\",\"isPartOf\":{\"@id\":\"https:\/\/www.africa-press.net\/mozambique\/all-news\/athletes-in-despair-at-detention-of-portuguese-coach\"},\"author\":{\"name\":\"cfeditoren\",\"@id\":\"https:\/\/www.africa-press.net\/mozambique\/#\/schema\/person\/068c7ab4e9634ae78ec5d54ec46598bb\"},\"headline\":\"Athletes \u2018in despair\u2019 at detention of Portuguese coach\",\"datePublished\":\"2022-07-22T14:56:38+00:00\",\"dateModified\":\"2022-07-22T15:00:49+00:00\",\"mainEntityOfPage\":{\"@id\":\"https:\/\/www.africa-press.net\/mozambique\/all-news\/athletes-in-despair-at-detention-of-portuguese-coach\"},\"wordCount\":538,\"commentCount\":0,\"image\":{\"@id\":\"https:\/\/www.africa-press.net\/mozambique\/all-news\/athletes-in-despair-at-detention-of-portuguese-coach#primaryimage\"},\"thumbnailUrl\":\"https:\/\/static.africa-press.net\/mozambique\/sites\/64\/2022\/07\/postQueueImg_2-62dabb896c104.jpg\",\"keywords\":[\"Africa Press\",\"Africa Press-Mozambique\",\"Mozambique\"],\"articleSection\":[\"all news\",\"homepage-english\",\"sport\",\"twitter\"],\"inLanguage\":\"en-US\",\"potentialAction\":[{\"@type\":\"CommentAction\",\"name\":\"Comment\",\"target\":[\"https:\/\/www.africa-press.net\/mozambique\/all-news\/athletes-in-despair-at-detention-of-portuguese-coach#respond\"]}]},{\"@type\":\"WebPage\",\"@id\":\"https:\/\/www.africa-press.net\/mozambique\/all-news\/athletes-in-despair-at-detention-of-portuguese-coach\",\"url\":\"https:\/\/www.africa-press.net\/mozambique\/all-news\/athletes-in-despair-at-detention-of-portuguese-coach\",\"name\":\"Athletes \u2018in despair\u2019 at detention of Portuguese coach - Mozambique\",\"isPartOf\":{\"@id\":\"https:\/\/www.africa-press.net\/mozambique\/#website\"},\"primaryImageOfPage\":{\"@id\":\"https:\/\/www.africa-press.net\/mozambique\/all-news\/athletes-in-despair-at-detention-of-portuguese-coach#primaryimage\"},\"image\":{\"@id\":\"https:\/\/www.africa-press.net\/mozambique\/all-news\/athletes-in-despair-at-detention-of-portuguese-coach#primaryimage\"},\"thumbnailUrl\":\"https:\/\/static.africa-press.net\/mozambique\/sites\/64\/2022\/07\/postQueueImg_2-62dabb896c104.jpg\",\"datePublished\":\"2022-07-22T14:56:38+00:00\",\"dateModified\":\"2022-07-22T15:00:49+00:00\",\"author\":{\"@id\":\"https:\/\/www.africa-press.net\/mozambique\/#\/schema\/person\/068c7ab4e9634ae78ec5d54ec46598bb\"},\"description\":\"Ver\u00f3nica Jos\u00e9, who is one of the world\u2019s top junior female competitors in the 1,500 metres, is among athletes in Mozambi ...\",\"breadcrumb\":{\"@id\":\"https:\/\/www.africa-press.net\/mozambique\/all-news\/athletes-in-despair-at-detention-of-portuguese-coach#breadcrumb\"},\"inLanguage\":\"en-US\",\"potentialAction\":[{\"@type\":\"ReadAction\",\"target\":[\"https:\/\/www.africa-press.net\/mozambique\/all-news\/athletes-in-despair-at-detention-of-portuguese-coach\"]}]},{\"@type\":\"ImageObject\",\"inLanguage\":\"en-US\",\"@id\":\"https:\/\/www.africa-press.net\/mozambique\/all-news\/athletes-in-despair-at-detention-of-portuguese-coach#primaryimage\",\"url\":\"https:\/\/static.africa-press.net\/mozambique\/sites\/64\/2022\/07\/postQueueImg_2-62dabb896c104.jpg\",\"contentUrl\":\"https:\/\/static.africa-press.net\/mozambique\/sites\/64\/2022\/07\/postQueueImg_2-62dabb896c104.jpg\",\"width\":1354,\"height\":903,\"caption\":\"Athletes \u2018in despair\u2019 at detention of Portuguese coach\"},{\"@type\":\"BreadcrumbList\",\"@id\":\"https:\/\/www.africa-press.net\/mozambique\/all-news\/athletes-in-despair-at-detention-of-portuguese-coach#breadcrumb\",\"itemListElement\":[{\"@type\":\"ListItem\",\"position\":1,\"name\":\"Home\",\"item\":\"https:\/\/www.africa-press.net\/mozambique\/\"},{\"@type\":\"ListItem\",\"position\":2,\"name\":\"Athletes \u2018in despair\u2019 at detention of Portuguese coach\"}]},{\"@type\":\"WebSite\",\"@id\":\"https:\/\/www.africa-press.net\/mozambique\/#website\",\"url\":\"https:\/\/www.africa-press.net\/mozambique\/\",\"name\":\"Mozambique\",\"description\":\"Just another Africa News Agency Sites site\",\"potentialAction\":[{\"@type\":\"SearchAction\",\"target\":{\"@type\":\"EntryPoint\",\"urlTemplate\":\"https:\/\/www.africa-press.net\/mozambique\/?s={search_term_string}\"},\"query-input\":{\"@type\":\"PropertyValueSpecification\",\"valueRequired\":true,\"valueName\":\"search_term_string\"}}],\"inLanguage\":\"en-US\"},{\"@type\":\"Person\",\"@id\":\"https:\/\/www.africa-press.net\/mozambique\/#\/schema\/person\/068c7ab4e9634ae78ec5d54ec46598bb\",\"name\":\"cfeditoren\",\"image\":{\"@type\":\"ImageObject\",\"inLanguage\":\"en-US\",\"@id\":\"https:\/\/www.africa-press.net\/mozambique\/#\/schema\/person\/image\/\",\"url\":\"https:\/\/secure.gravatar.com\/avatar\/7417380fa9e23b5c57fdbfdaf3fdf92ee478f759a084addda5faa3732853e74a?s=96&d=mm&r=g\",\"contentUrl\":\"https:\/\/secure.gravatar.com\/avatar\/7417380fa9e23b5c57fdbfdaf3fdf92ee478f759a084addda5faa3732853e74a?s=96&d=mm&r=g\",\"caption\":\"cfeditoren\"}}]}<\/script>\n<!-- \/ Yoast SEO Premium plugin. -->","yoast_head_json":{"title":"Athletes \u2018in despair\u2019 at detention of Portuguese coach - Mozambique","description":"Ver\u00f3nica Jos\u00e9, who is one of the world\u2019s top junior female competitors in the 1,500 metres, is among athletes in Mozambi ...","robots":{"index":"index","follow":"follow","max-snippet":"max-snippet:-1","max-image-preview":"max-image-preview:large","max-video-preview":"max-video-preview:-1"},"canonical":"https:\/\/www.africa-press.net\/mozambique\/all-news\/athletes-in-despair-at-detention-of-portuguese-coach","og_locale":"en_US","og_type":"article","og_title":"Athletes \u2018in despair\u2019 at detention of Portuguese coach","og_description":"Ver\u00f3nica Jos\u00e9, who is one of the world\u2019s top junior female competitors in the 1,500 metres, is among athletes in Mozambi ...","og_url":"https:\/\/www.africa-press.net\/mozambique\/all-news\/athletes-in-despair-at-detention-of-portuguese-coach","og_site_name":"Mozambique","article_publisher":"https:\/\/www.facebook.com\/AfricaPressTunisiaa","article_published_time":"2022-07-22T14:56:38+00:00","article_modified_time":"2022-07-22T15:00:49+00:00","og_image":[{"width":1354,"height":903,"url":"https:\/\/static.africa-press.net\/mozambique\/sites\/64\/2022\/07\/postQueueImg_2-62dabb896c104.jpg","type":"image\/jpeg"}],"author":"cfeditoren","twitter_card":"summary_large_image","twitter_misc":{"Written by":"cfeditoren","Est. reading time":"3 minutes"},"schema":{"@context":"https:\/\/schema.org","@graph":[{"@type":"Article","@id":"https:\/\/www.africa-press.net\/mozambique\/all-news\/athletes-in-despair-at-detention-of-portuguese-coach#article","isPartOf":{"@id":"https:\/\/www.africa-press.net\/mozambique\/all-news\/athletes-in-despair-at-detention-of-portuguese-coach"},"author":{"name":"cfeditoren","@id":"https:\/\/www.africa-press.net\/mozambique\/#\/schema\/person\/068c7ab4e9634ae78ec5d54ec46598bb"},"headline":"Athletes \u2018in despair\u2019 at detention of Portuguese coach","datePublished":"2022-07-22T14:56:38+00:00","dateModified":"2022-07-22T15:00:49+00:00","mainEntityOfPage":{"@id":"https:\/\/www.africa-press.net\/mozambique\/all-news\/athletes-in-despair-at-detention-of-portuguese-coach"},"wordCount":538,"commentCount":0,"image":{"@id":"https:\/\/www.africa-press.net\/mozambique\/all-news\/athletes-in-despair-at-detention-of-portuguese-coach#primaryimage"},"thumbnailUrl":"https:\/\/static.africa-press.net\/mozambique\/sites\/64\/2022\/07\/postQueueImg_2-62dabb896c104.jpg","keywords":["Africa Press","Africa Press-Mozambique","Mozambique"],"articleSection":["all news","homepage-english","sport","twitter"],"inLanguage":"en-US","potentialAction":[{"@type":"CommentAction","name":"Comment","target":["https:\/\/www.africa-press.net\/mozambique\/all-news\/athletes-in-despair-at-detention-of-portuguese-coach#respond"]}]},{"@type":"WebPage","@id":"https:\/\/www.africa-press.net\/mozambique\/all-news\/athletes-in-despair-at-detention-of-portuguese-coach","url":"https:\/\/www.africa-press.net\/mozambique\/all-news\/athletes-in-despair-at-detention-of-portuguese-coach","name":"Athletes \u2018in despair\u2019 at detention of Portuguese coach - Mozambique","isPartOf":{"@id":"https:\/\/www.africa-press.net\/mozambique\/#website"},"primaryImageOfPage":{"@id":"https:\/\/www.africa-press.net\/mozambique\/all-news\/athletes-in-despair-at-detention-of-portuguese-coach#primaryimage"},"image":{"@id":"https:\/\/www.africa-press.net\/mozambique\/all-news\/athletes-in-despair-at-detention-of-portuguese-coach#primaryimage"},"thumbnailUrl":"https:\/\/static.africa-press.net\/mozambique\/sites\/64\/2022\/07\/postQueueImg_2-62dabb896c104.jpg","datePublished":"2022-07-22T14:56:38+00:00","dateModified":"2022-07-22T15:00:49+00:00","author":{"@id":"https:\/\/www.africa-press.net\/mozambique\/#\/schema\/person\/068c7ab4e9634ae78ec5d54ec46598bb"},"description":"Ver\u00f3nica Jos\u00e9, who is one of the world\u2019s top junior female competitors in the 1,500 metres, is among athletes in Mozambi ...","breadcrumb":{"@id":"https:\/\/www.africa-press.net\/mozambique\/all-news\/athletes-in-despair-at-detention-of-portuguese-coach#breadcrumb"},"inLanguage":"en-US","potentialAction":[{"@type":"ReadAction","target":["https:\/\/www.africa-press.net\/mozambique\/all-news\/athletes-in-despair-at-detention-of-portuguese-coach"]}]},{"@type":"ImageObject","inLanguage":"en-US","@id":"https:\/\/www.africa-press.net\/mozambique\/all-news\/athletes-in-despair-at-detention-of-portuguese-coach#primaryimage","url":"https:\/\/static.africa-press.net\/mozambique\/sites\/64\/2022\/07\/postQueueImg_2-62dabb896c104.jpg","contentUrl":"https:\/\/static.africa-press.net\/mozambique\/sites\/64\/2022\/07\/postQueueImg_2-62dabb896c104.jpg","width":1354,"height":903,"caption":"Athletes \u2018in despair\u2019 at detention of Portuguese coach"},{"@type":"BreadcrumbList","@id":"https:\/\/www.africa-press.net\/mozambique\/all-news\/athletes-in-despair-at-detention-of-portuguese-coach#breadcrumb","itemListElement":[{"@type":"ListItem","position":1,"name":"Home","item":"https:\/\/www.africa-press.net\/mozambique\/"},{"@type":"ListItem","position":2,"name":"Athletes \u2018in despair\u2019 at detention of Portuguese coach"}]},{"@type":"WebSite","@id":"https:\/\/www.africa-press.net\/mozambique\/#website","url":"https:\/\/www.africa-press.net\/mozambique\/","name":"Mozambique","description":"Just another Africa News Agency Sites site","potentialAction":[{"@type":"SearchAction","target":{"@type":"EntryPoint","urlTemplate":"https:\/\/www.africa-press.net\/mozambique\/?s={search_term_string}"},"query-input":{"@type":"PropertyValueSpecification","valueRequired":true,"valueName":"search_term_string"}}],"inLanguage":"en-US"},{"@type":"Person","@id":"https:\/\/www.africa-press.net\/mozambique\/#\/schema\/person\/068c7ab4e9634ae78ec5d54ec46598bb","name":"cfeditoren","image":{"@type":"ImageObject","inLanguage":"en-US","@id":"https:\/\/www.africa-press.net\/mozambique\/#\/schema\/person\/image\/","url":"https:\/\/secure.gravatar.com\/avatar\/7417380fa9e23b5c57fdbfdaf3fdf92ee478f759a084addda5faa3732853e74a?s=96&d=mm&r=g","contentUrl":"https:\/\/secure.gravatar.com\/avatar\/7417380fa9e23b5c57fdbfdaf3fdf92ee478f759a084addda5faa3732853e74a?s=96&d=mm&r=g","caption":"cfeditoren"}}]}},"_links":{"self":[{"href":"https:\/\/www.africa-press.net\/mozambique\/wp-json\/wp\/v2\/posts\/23385","targetHints":{"allow":["GET"]}}],"collection":[{"href":"https:\/\/www.africa-press.net\/mozambique\/wp-json\/wp\/v2\/posts"}],"about":[{"href":"https:\/\/www.africa-press.net\/mozambique\/wp-json\/wp\/v2\/types\/post"}],"author":[{"embeddable":true,"href":"https:\/\/www.africa-press.net\/mozambique\/wp-json\/wp\/v2\/users\/84"}],"replies":[{"embeddable":true,"href":"https:\/\/www.africa-press.net\/mozambique\/wp-json\/wp\/v2\/comments?post=23385"}],"version-history":[{"count":0,"href":"https:\/\/www.africa-press.net\/mozambique\/wp-json\/wp\/v2\/posts\/23385\/revisions"}],"wp:featuredmedia":[{"embeddable":true,"href":"https:\/\/www.africa-press.net\/mozambique\/wp-json\/wp\/v2\/media\/23384"}],"wp:attachment":[{"href":"https:\/\/www.africa-press.net\/mozambique\/wp-json\/wp\/v2\/media?parent=23385"}],"wp:term":[{"taxonomy":"category","embeddable":true,"href":"https:\/\/www.africa-press.net\/mozambique\/wp-json\/wp\/v2\/categories?post=23385"},{"taxonomy":"post_tag","embeddable":true,"href":"https:\/\/www.africa-press.net\/mozambique\/wp-json\/wp\/v2\/tags?post=23385"}],"curies":[{"name":"wp","href":"https:\/\/api.w.org\/{rel}","templated":true}]}}