{"id":23388,"date":"2022-07-22T14:57:18","date_gmt":"2022-07-22T14:57:18","guid":{"rendered":"https:\/\/www.africa-press.net\/mozambique\/all-news\/portuguese-athletics-coach-to-be-deported-athletes-outraged"},"modified":"2022-07-22T15:01:15","modified_gmt":"2022-07-22T15:01:15","slug":"portuguese-athletics-coach-to-be-deported-athletes-outraged","status":"publish","type":"post","link":"https:\/\/www.africa-press.net\/mozambique\/all-news\/portuguese-athletics-coach-to-be-deported-athletes-outraged","title":{"rendered":"Portuguese athletics coach to be deported, athletes outraged"},"content":{"rendered":"<p><span style=\"color: #ff6600\"><strong>Africa-Press &#8211; Mozambique. <\/strong><\/span>Mozambique\u2019s migration service announced this Thursday that Portuguese athletics coach Alberto L\u00e1rio, who was detained in Maputo due to irregularities in his documents, will be deported to Portugal.<\/p>\n<p>\u201cThe citizen will be repatriated to his country of origin because he does not meet the requirements to stay in national territory,\u201d spokesperson Felizardo Jamaca told a press conference called to clarify the case in Maputo.<\/p>\n<p>Alberto L\u00e1rio, a figure who has been a reference for new generations of athletics in Mozambique, was arrested on Tuesday afternoon, allegedly because of irregularities in his documentation.<\/p>\n<p>According to Felizardo Jamaca, Alberto L\u00e1rio has been in an irregular situation since his Foreign Resident Identification Document (DIRE) expired in 2019.<\/p>\n<p>L\u00e1rio was born in Mozambique and left the country at a young age. He has had a nationality application \u201cpending\u201d for more than six years, but the Mozambican Migration Service considers that the coach should have raised the issue with the authorities to which he submitted the request.<\/p>\n<p>\u201cIn order to acquire nationality, certain requirements must be observed and if he did not receive an answer to the request he should have approached the entities to find out what happened. But we have no evidence that he submitted a nationality request,\u201d Jamaca said, adding that contact with Portuguese diplomatic entities in Mozambique regarding L\u00e1rio\u2019s deportation had already started.<\/p>\n<p>Alberto L\u00e1rio, who was born in Mozambique and has lived in the country for several years, achieved the milestone of coaching Ver\u00f3nica Jos\u00e9, with the support of the Portuguese Association (AP) of Mozambique, to a place among the best female junior athletes in the world.<\/p>\n<p>The world championship in Cali, Colombia, scheduled for August 1st to 6th, will be Ver\u00f3nica\u2019s first major international 1,500 metres race. Ver\u00f3nica Jos\u00e9 beat the time of 4.29 minutes in Braga, Portugal, and has been improving her performance since then.<\/p>\n<p>The detention of the coach, which resulted from a complaint made by the president of the Mozambican Athletics Federation, Kamal Badr\u00fa, has generated outrage among Mozambican athletes, who were today organising a march to the Mozambique Migration Service building, demanding the release of \u201cCoach L\u00e1rio\u201d, as he is popularly known.<\/p>\n<p><a href=\"https:\/\/www.facebook.com\/Tvmuniga\/videos\/568902827974581\/\"><b>video<\/b><\/a><\/p>\n<p><strong>For More News And Analysis About <a href=\"https:\/\/www.africa-press.net\/mozambique\">Mozambique<\/a> Follow <a href=\"https:\/\/www.africa-press.net\/\">Africa-Press<\/a><\/strong><\/p>\n","protected":false},"excerpt":{"rendered":"<p>Africa-Press &#8211; Mozambique. Mozambique\u2019s migration service announced this Thursday that Portuguese athletics coach Alberto L\u00e1rio, who was detained in Maputo due to irregularities in his documents, will be deported to Portugal. \u201cThe citizen will be repatriated to his country of origin because he does not meet the requirements to stay in national territory,\u201d spokesperson Felizardo [&hellip;]<\/p>\n","protected":false},"author":84,"featured_media":23387,"comment_status":"open","ping_status":"open","sticky":false,"template":"","format":"standard","meta":{"footnotes":""},"categories":[2,8,17,16,18],"tags":[233,281,283],"class_list":["post-23388","post","type-post","status-publish","format-standard","has-post-thumbnail","hentry","category-all-news","category-homepage-english","category-sport","category-twitter","category-video","tag-africa-press","tag-africa-press-mozambique","tag-mozambique"],"yoast_head":"<!-- This site is optimized with the Yoast SEO Premium plugin v26.1 (Yoast SEO v27.0) - https:\/\/yoast.com\/product\/yoast-seo-premium-wordpress\/ -->\n<title>Portuguese athletics coach to be deported, athletes outraged - Mozambique<\/title>\n<meta name=\"description\" content=\"Mozambique\u2019s migration service announced this Thursday that Portuguese athletics coach Alberto L\u00e1rio, who was detained i ...\" \/>\n<meta name=\"robots\" content=\"index, follow, max-snippet:-1, max-image-preview:large, max-video-preview:-1\" \/>\n<link rel=\"canonical\" href=\"https:\/\/www.africa-press.net\/mozambique\/all-news\/portuguese-athletics-coach-to-be-deported-athletes-outraged\" \/>\n<meta property=\"og:locale\" content=\"en_US\" \/>\n<meta property=\"og:type\" content=\"article\" \/>\n<meta property=\"og:title\" content=\"Portuguese athletics coach to be deported, athletes outraged\" \/>\n<meta property=\"og:description\" content=\"Mozambique\u2019s migration service announced this Thursday that Portuguese athletics coach Alberto L\u00e1rio, who was detained i ...\" \/>\n<meta property=\"og:url\" content=\"https:\/\/www.africa-press.net\/mozambique\/all-news\/portuguese-athletics-coach-to-be-deported-athletes-outraged\" \/>\n<meta property=\"og:site_name\" content=\"Mozambique\" \/>\n<meta property=\"article:publisher\" content=\"https:\/\/www.facebook.com\/AfricaPressTunisiaa\" \/>\n<meta property=\"article:published_time\" content=\"2022-07-22T14:57:18+00:00\" \/>\n<meta property=\"article:modified_time\" content=\"2022-07-22T15:01:15+00:00\" \/>\n<meta property=\"og:image\" content=\"https:\/\/static.africa-press.net\/mozambique\/sites\/64\/2022\/07\/postQueueImg_3-62dabba792ad5.jpg\" \/>\n\t<meta property=\"og:image:width\" content=\"775\" \/>\n\t<meta property=\"og:image:height\" content=\"517\" \/>\n\t<meta property=\"og:image:type\" content=\"image\/jpeg\" \/>\n<meta name=\"author\" content=\"cfeditoren\" \/>\n<meta name=\"twitter:card\" content=\"summary_large_image\" \/>\n<meta name=\"twitter:label1\" content=\"Written by\" \/>\n\t<meta name=\"twitter:data1\" content=\"cfeditoren\" \/>\n\t<meta name=\"twitter:label2\" content=\"Est. reading time\" \/>\n\t<meta name=\"twitter:data2\" content=\"2 minutes\" \/>\n<script type=\"application\/ld+json\" class=\"yoast-schema-graph\">{\"@context\":\"https:\/\/schema.org\",\"@graph\":[{\"@type\":\"Article\",\"@id\":\"https:\/\/www.africa-press.net\/mozambique\/all-news\/portuguese-athletics-coach-to-be-deported-athletes-outraged#article\",\"isPartOf\":{\"@id\":\"https:\/\/www.africa-press.net\/mozambique\/all-news\/portuguese-athletics-coach-to-be-deported-athletes-outraged\"},\"author\":{\"name\":\"cfeditoren\",\"@id\":\"https:\/\/www.africa-press.net\/mozambique\/#\/schema\/person\/068c7ab4e9634ae78ec5d54ec46598bb\"},\"headline\":\"Portuguese athletics coach to be deported, athletes outraged\",\"datePublished\":\"2022-07-22T14:57:18+00:00\",\"dateModified\":\"2022-07-22T15:01:15+00:00\",\"mainEntityOfPage\":{\"@id\":\"https:\/\/www.africa-press.net\/mozambique\/all-news\/portuguese-athletics-coach-to-be-deported-athletes-outraged\"},\"wordCount\":388,\"commentCount\":0,\"image\":{\"@id\":\"https:\/\/www.africa-press.net\/mozambique\/all-news\/portuguese-athletics-coach-to-be-deported-athletes-outraged#primaryimage\"},\"thumbnailUrl\":\"https:\/\/static.africa-press.net\/mozambique\/sites\/64\/2022\/07\/postQueueImg_3-62dabba792ad5.jpg\",\"keywords\":[\"Africa Press\",\"Africa Press-Mozambique\",\"Mozambique\"],\"articleSection\":[\"all news\",\"homepage-english\",\"sport\",\"twitter\",\"video\"],\"inLanguage\":\"en-US\",\"potentialAction\":[{\"@type\":\"CommentAction\",\"name\":\"Comment\",\"target\":[\"https:\/\/www.africa-press.net\/mozambique\/all-news\/portuguese-athletics-coach-to-be-deported-athletes-outraged#respond\"]}]},{\"@type\":\"WebPage\",\"@id\":\"https:\/\/www.africa-press.net\/mozambique\/all-news\/portuguese-athletics-coach-to-be-deported-athletes-outraged\",\"url\":\"https:\/\/www.africa-press.net\/mozambique\/all-news\/portuguese-athletics-coach-to-be-deported-athletes-outraged\",\"name\":\"Portuguese athletics coach to be deported, athletes outraged - Mozambique\",\"isPartOf\":{\"@id\":\"https:\/\/www.africa-press.net\/mozambique\/#website\"},\"primaryImageOfPage\":{\"@id\":\"https:\/\/www.africa-press.net\/mozambique\/all-news\/portuguese-athletics-coach-to-be-deported-athletes-outraged#primaryimage\"},\"image\":{\"@id\":\"https:\/\/www.africa-press.net\/mozambique\/all-news\/portuguese-athletics-coach-to-be-deported-athletes-outraged#primaryimage\"},\"thumbnailUrl\":\"https:\/\/static.africa-press.net\/mozambique\/sites\/64\/2022\/07\/postQueueImg_3-62dabba792ad5.jpg\",\"datePublished\":\"2022-07-22T14:57:18+00:00\",\"dateModified\":\"2022-07-22T15:01:15+00:00\",\"author\":{\"@id\":\"https:\/\/www.africa-press.net\/mozambique\/#\/schema\/person\/068c7ab4e9634ae78ec5d54ec46598bb\"},\"description\":\"Mozambique\u2019s migration service announced this Thursday that Portuguese athletics coach Alberto L\u00e1rio, who was detained i ...\",\"breadcrumb\":{\"@id\":\"https:\/\/www.africa-press.net\/mozambique\/all-news\/portuguese-athletics-coach-to-be-deported-athletes-outraged#breadcrumb\"},\"inLanguage\":\"en-US\",\"potentialAction\":[{\"@type\":\"ReadAction\",\"target\":[\"https:\/\/www.africa-press.net\/mozambique\/all-news\/portuguese-athletics-coach-to-be-deported-athletes-outraged\"]}]},{\"@type\":\"ImageObject\",\"inLanguage\":\"en-US\",\"@id\":\"https:\/\/www.africa-press.net\/mozambique\/all-news\/portuguese-athletics-coach-to-be-deported-athletes-outraged#primaryimage\",\"url\":\"https:\/\/static.africa-press.net\/mozambique\/sites\/64\/2022\/07\/postQueueImg_3-62dabba792ad5.jpg\",\"contentUrl\":\"https:\/\/static.africa-press.net\/mozambique\/sites\/64\/2022\/07\/postQueueImg_3-62dabba792ad5.jpg\",\"width\":775,\"height\":517,\"caption\":\"Portuguese athletics coach to be deported, athletes outraged\"},{\"@type\":\"BreadcrumbList\",\"@id\":\"https:\/\/www.africa-press.net\/mozambique\/all-news\/portuguese-athletics-coach-to-be-deported-athletes-outraged#breadcrumb\",\"itemListElement\":[{\"@type\":\"ListItem\",\"position\":1,\"name\":\"Home\",\"item\":\"https:\/\/www.africa-press.net\/mozambique\/\"},{\"@type\":\"ListItem\",\"position\":2,\"name\":\"Portuguese athletics coach to be deported, athletes outraged\"}]},{\"@type\":\"WebSite\",\"@id\":\"https:\/\/www.africa-press.net\/mozambique\/#website\",\"url\":\"https:\/\/www.africa-press.net\/mozambique\/\",\"name\":\"Mozambique\",\"description\":\"Just another Africa News Agency Sites site\",\"potentialAction\":[{\"@type\":\"SearchAction\",\"target\":{\"@type\":\"EntryPoint\",\"urlTemplate\":\"https:\/\/www.africa-press.net\/mozambique\/?s={search_term_string}\"},\"query-input\":{\"@type\":\"PropertyValueSpecification\",\"valueRequired\":true,\"valueName\":\"search_term_string\"}}],\"inLanguage\":\"en-US\"},{\"@type\":\"Person\",\"@id\":\"https:\/\/www.africa-press.net\/mozambique\/#\/schema\/person\/068c7ab4e9634ae78ec5d54ec46598bb\",\"name\":\"cfeditoren\",\"image\":{\"@type\":\"ImageObject\",\"inLanguage\":\"en-US\",\"@id\":\"https:\/\/www.africa-press.net\/mozambique\/#\/schema\/person\/image\/\",\"url\":\"https:\/\/secure.gravatar.com\/avatar\/7417380fa9e23b5c57fdbfdaf3fdf92ee478f759a084addda5faa3732853e74a?s=96&d=mm&r=g\",\"contentUrl\":\"https:\/\/secure.gravatar.com\/avatar\/7417380fa9e23b5c57fdbfdaf3fdf92ee478f759a084addda5faa3732853e74a?s=96&d=mm&r=g\",\"caption\":\"cfeditoren\"}}]}<\/script>\n<!-- \/ Yoast SEO Premium plugin. -->","yoast_head_json":{"title":"Portuguese athletics coach to be deported, athletes outraged - Mozambique","description":"Mozambique\u2019s migration service announced this Thursday that Portuguese athletics coach Alberto L\u00e1rio, who was detained i ...","robots":{"index":"index","follow":"follow","max-snippet":"max-snippet:-1","max-image-preview":"max-image-preview:large","max-video-preview":"max-video-preview:-1"},"canonical":"https:\/\/www.africa-press.net\/mozambique\/all-news\/portuguese-athletics-coach-to-be-deported-athletes-outraged","og_locale":"en_US","og_type":"article","og_title":"Portuguese athletics coach to be deported, athletes outraged","og_description":"Mozambique\u2019s migration service announced this Thursday that Portuguese athletics coach Alberto L\u00e1rio, who was detained i ...","og_url":"https:\/\/www.africa-press.net\/mozambique\/all-news\/portuguese-athletics-coach-to-be-deported-athletes-outraged","og_site_name":"Mozambique","article_publisher":"https:\/\/www.facebook.com\/AfricaPressTunisiaa","article_published_time":"2022-07-22T14:57:18+00:00","article_modified_time":"2022-07-22T15:01:15+00:00","og_image":[{"width":775,"height":517,"url":"https:\/\/static.africa-press.net\/mozambique\/sites\/64\/2022\/07\/postQueueImg_3-62dabba792ad5.jpg","type":"image\/jpeg"}],"author":"cfeditoren","twitter_card":"summary_large_image","twitter_misc":{"Written by":"cfeditoren","Est. reading time":"2 minutes"},"schema":{"@context":"https:\/\/schema.org","@graph":[{"@type":"Article","@id":"https:\/\/www.africa-press.net\/mozambique\/all-news\/portuguese-athletics-coach-to-be-deported-athletes-outraged#article","isPartOf":{"@id":"https:\/\/www.africa-press.net\/mozambique\/all-news\/portuguese-athletics-coach-to-be-deported-athletes-outraged"},"author":{"name":"cfeditoren","@id":"https:\/\/www.africa-press.net\/mozambique\/#\/schema\/person\/068c7ab4e9634ae78ec5d54ec46598bb"},"headline":"Portuguese athletics coach to be deported, athletes outraged","datePublished":"2022-07-22T14:57:18+00:00","dateModified":"2022-07-22T15:01:15+00:00","mainEntityOfPage":{"@id":"https:\/\/www.africa-press.net\/mozambique\/all-news\/portuguese-athletics-coach-to-be-deported-athletes-outraged"},"wordCount":388,"commentCount":0,"image":{"@id":"https:\/\/www.africa-press.net\/mozambique\/all-news\/portuguese-athletics-coach-to-be-deported-athletes-outraged#primaryimage"},"thumbnailUrl":"https:\/\/static.africa-press.net\/mozambique\/sites\/64\/2022\/07\/postQueueImg_3-62dabba792ad5.jpg","keywords":["Africa Press","Africa Press-Mozambique","Mozambique"],"articleSection":["all news","homepage-english","sport","twitter","video"],"inLanguage":"en-US","potentialAction":[{"@type":"CommentAction","name":"Comment","target":["https:\/\/www.africa-press.net\/mozambique\/all-news\/portuguese-athletics-coach-to-be-deported-athletes-outraged#respond"]}]},{"@type":"WebPage","@id":"https:\/\/www.africa-press.net\/mozambique\/all-news\/portuguese-athletics-coach-to-be-deported-athletes-outraged","url":"https:\/\/www.africa-press.net\/mozambique\/all-news\/portuguese-athletics-coach-to-be-deported-athletes-outraged","name":"Portuguese athletics coach to be deported, athletes outraged - Mozambique","isPartOf":{"@id":"https:\/\/www.africa-press.net\/mozambique\/#website"},"primaryImageOfPage":{"@id":"https:\/\/www.africa-press.net\/mozambique\/all-news\/portuguese-athletics-coach-to-be-deported-athletes-outraged#primaryimage"},"image":{"@id":"https:\/\/www.africa-press.net\/mozambique\/all-news\/portuguese-athletics-coach-to-be-deported-athletes-outraged#primaryimage"},"thumbnailUrl":"https:\/\/static.africa-press.net\/mozambique\/sites\/64\/2022\/07\/postQueueImg_3-62dabba792ad5.jpg","datePublished":"2022-07-22T14:57:18+00:00","dateModified":"2022-07-22T15:01:15+00:00","author":{"@id":"https:\/\/www.africa-press.net\/mozambique\/#\/schema\/person\/068c7ab4e9634ae78ec5d54ec46598bb"},"description":"Mozambique\u2019s migration service announced this Thursday that Portuguese athletics coach Alberto L\u00e1rio, who was detained i ...","breadcrumb":{"@id":"https:\/\/www.africa-press.net\/mozambique\/all-news\/portuguese-athletics-coach-to-be-deported-athletes-outraged#breadcrumb"},"inLanguage":"en-US","potentialAction":[{"@type":"ReadAction","target":["https:\/\/www.africa-press.net\/mozambique\/all-news\/portuguese-athletics-coach-to-be-deported-athletes-outraged"]}]},{"@type":"ImageObject","inLanguage":"en-US","@id":"https:\/\/www.africa-press.net\/mozambique\/all-news\/portuguese-athletics-coach-to-be-deported-athletes-outraged#primaryimage","url":"https:\/\/static.africa-press.net\/mozambique\/sites\/64\/2022\/07\/postQueueImg_3-62dabba792ad5.jpg","contentUrl":"https:\/\/static.africa-press.net\/mozambique\/sites\/64\/2022\/07\/postQueueImg_3-62dabba792ad5.jpg","width":775,"height":517,"caption":"Portuguese athletics coach to be deported, athletes outraged"},{"@type":"BreadcrumbList","@id":"https:\/\/www.africa-press.net\/mozambique\/all-news\/portuguese-athletics-coach-to-be-deported-athletes-outraged#breadcrumb","itemListElement":[{"@type":"ListItem","position":1,"name":"Home","item":"https:\/\/www.africa-press.net\/mozambique\/"},{"@type":"ListItem","position":2,"name":"Portuguese athletics coach to be deported, athletes outraged"}]},{"@type":"WebSite","@id":"https:\/\/www.africa-press.net\/mozambique\/#website","url":"https:\/\/www.africa-press.net\/mozambique\/","name":"Mozambique","description":"Just another Africa News Agency Sites site","potentialAction":[{"@type":"SearchAction","target":{"@type":"EntryPoint","urlTemplate":"https:\/\/www.africa-press.net\/mozambique\/?s={search_term_string}"},"query-input":{"@type":"PropertyValueSpecification","valueRequired":true,"valueName":"search_term_string"}}],"inLanguage":"en-US"},{"@type":"Person","@id":"https:\/\/www.africa-press.net\/mozambique\/#\/schema\/person\/068c7ab4e9634ae78ec5d54ec46598bb","name":"cfeditoren","image":{"@type":"ImageObject","inLanguage":"en-US","@id":"https:\/\/www.africa-press.net\/mozambique\/#\/schema\/person\/image\/","url":"https:\/\/secure.gravatar.com\/avatar\/7417380fa9e23b5c57fdbfdaf3fdf92ee478f759a084addda5faa3732853e74a?s=96&d=mm&r=g","contentUrl":"https:\/\/secure.gravatar.com\/avatar\/7417380fa9e23b5c57fdbfdaf3fdf92ee478f759a084addda5faa3732853e74a?s=96&d=mm&r=g","caption":"cfeditoren"}}]}},"_links":{"self":[{"href":"https:\/\/www.africa-press.net\/mozambique\/wp-json\/wp\/v2\/posts\/23388","targetHints":{"allow":["GET"]}}],"collection":[{"href":"https:\/\/www.africa-press.net\/mozambique\/wp-json\/wp\/v2\/posts"}],"about":[{"href":"https:\/\/www.africa-press.net\/mozambique\/wp-json\/wp\/v2\/types\/post"}],"author":[{"embeddable":true,"href":"https:\/\/www.africa-press.net\/mozambique\/wp-json\/wp\/v2\/users\/84"}],"replies":[{"embeddable":true,"href":"https:\/\/www.africa-press.net\/mozambique\/wp-json\/wp\/v2\/comments?post=23388"}],"version-history":[{"count":0,"href":"https:\/\/www.africa-press.net\/mozambique\/wp-json\/wp\/v2\/posts\/23388\/revisions"}],"wp:featuredmedia":[{"embeddable":true,"href":"https:\/\/www.africa-press.net\/mozambique\/wp-json\/wp\/v2\/media\/23387"}],"wp:attachment":[{"href":"https:\/\/www.africa-press.net\/mozambique\/wp-json\/wp\/v2\/media?parent=23388"}],"wp:term":[{"taxonomy":"category","embeddable":true,"href":"https:\/\/www.africa-press.net\/mozambique\/wp-json\/wp\/v2\/categories?post=23388"},{"taxonomy":"post_tag","embeddable":true,"href":"https:\/\/www.africa-press.net\/mozambique\/wp-json\/wp\/v2\/tags?post=23388"}],"curies":[{"name":"wp","href":"https:\/\/api.w.org\/{rel}","templated":true}]}}