{"id":10018,"date":"2021-08-14T13:50:07","date_gmt":"2021-08-14T13:50:07","guid":{"rendered":"https:\/\/www.africa-press.net\/niger\/?p=10018"},"modified":"2021-08-16T21:30:16","modified_gmt":"2021-08-16T21:30:16","slug":"diffa-session-de-renforcement-des-capacites-des-executifs-communaux-et-regionaux","status":"publish","type":"post","link":"https:\/\/www.africa-press.net\/niger\/politique\/diffa-session-de-renforcement-des-capacites-des-executifs-communaux-et-regionaux","title":{"rendered":"Diffa : Session de renforcement des capacit\u00e9s des ex\u00e9cutifs communaux et r\u00e9gionaux"},"content":{"rendered":"<p><span style=\"color: #ff6600\"><strong><a href=\"https:\/\/www.africa-press.net\/\">Africa-Press<\/a> &#8211; <a href=\"https:\/\/www.africa-press.net\/niger\">Niger<\/a>.\u00a0 <\/strong><\/span>Le Gouverneur de la r\u00e9gion de Diffa, M.Issa L\u00e9mine, a pr\u00e9sid\u00e9, ce vendredi 13 Ao\u00fbt 2021, l\u2019ouverture d\u2019une session de renforcement des capacit\u00e9s des ex\u00e9cutifs r\u00e9gionaux et communaux de la r\u00e9gion.<\/p>\n<p>Cette session sera notamment centr\u00e9e autour des th\u00e9matiques li\u00e9es \u00e0 la gestion des collectivit\u00e9s territoriales, dont les principes g\u00e9n\u00e9raux de la d\u00e9centralisation et de la d\u00e9concentration, les r\u00f4les et responsabilit\u00e9s de l&rsquo;\u00e9lu local, l\u2019organisation et le fonctionnement d&rsquo;une collectivit\u00e9 territoriale et les r\u00f4les et responsabilit\u00e9s des acteurs de la sc\u00e8ne communale<\/p>\n<p>Dans son discours d&rsquo;ouverture, le Gouverneur de la r\u00e9gion de Diffa a d\u2019abord fait remarquer que \u00ab\u00a0la gestion de nos entit\u00e9s d\u00e9centralis\u00e9es fait face \u00e0 une nouvelle vague d&rsquo;\u00e9lus locaux, qui arrivent \u00e0 la t\u00eate de nos collectivit\u00e9s territoriales \u00e0 un moment crucial de la mise en oeuvre de la politique nationale de d\u00e9centralisation au Niger\u00a0\u00bb.<\/p>\n<p>Or, a-t-il r\u00e9v\u00e9l\u00e9, \u00ab\u00a0l&rsquo;\u00e9valuation r\u00e9cente de quinze ann\u00e9es de mise en oeuvre du processus de d\u00e9centralisation au Niger a r\u00e9v\u00e9l\u00e9 certes des avanc\u00e9es notables dans la gestion des collectivit\u00e9s territoriales, mais aussi de nombreuses lacunes et d\u00e9fis avec comme cons\u00e9quences, entre autres, la r\u00e9vocation des maires et la dissolution de nombreux conseils municipaux\u00a0\u00bb.<\/p>\n<p>Aujourd&rsquo;hui, a d\u00e9clar\u00e9 le Gouverneur Issa L\u00e9mine, \u00ab\u00a0le nouveau contexte se caract\u00e9rise par l&rsquo;amorce de nombreuses r\u00e9formes que les nouveaux responsables des collectivit\u00e9s se doivent d&rsquo;internaliser dans le cadre du processus de transfert de comp\u00e9tences et de ressources de l&rsquo;Etat aux collectivit\u00e9s territoriales, de la mise en place de la fonction publique territoriale et du contexte d&rsquo;int\u00e9gration r\u00e9gionale\u00a0\u00bb.<\/p>\n<p>\u00ab\u00a0Il appartient donc clairement que les nouveaux \u00e9lus ont des d\u00e9fis importants \u00e0 relever, notamment la ma\u00eetrise de leurs r\u00f4les et responsabilit\u00e9s, les missions de services publics des collectivit\u00e9s, la gestion des ressources financi\u00e8res et humaines\u00a0\u00bb, a-t-il soulign\u00e9.<\/p>\n<p>Quant \u00e0 la Mairesse de Diffa, Mme Baro Assamaou kanta, elle s\u2019est r\u00e9jouie du choix de la commune de Diffa pour abriter cette de formation.<\/p>\n<p>Elle a \u00e9galement appr\u00e9ci\u00e9 le fait que \u00ab\u00a0pendant trois jours, nous serons \u00e9difi\u00e9s sur des th\u00e9matiques qui nous permettrons d&rsquo;am\u00e9liorer nos capacit\u00e9s et nos comp\u00e9tences\u00a0\u00bb.<\/p>\n<p>&nbsp;<\/p>\n","protected":false},"excerpt":{"rendered":"<p>Africa-Press &#8211; Niger.\u00a0 Le Gouverneur de la r\u00e9gion de Diffa, M.Issa L\u00e9mine, a pr\u00e9sid\u00e9, ce vendredi 13 Ao\u00fbt 2021, l\u2019ouverture d\u2019une session de renforcement des capacit\u00e9s des ex\u00e9cutifs r\u00e9gionaux et communaux de la r\u00e9gion. Cette session sera notamment centr\u00e9e autour des th\u00e9matiques li\u00e9es \u00e0 la gestion des collectivit\u00e9s territoriales, dont les principes g\u00e9n\u00e9raux de la [&hellip;]<\/p>\n","protected":false},"author":82,"featured_media":10017,"comment_status":"open","ping_status":"closed","sticky":false,"template":"","format":"standard","meta":{"footnotes":""},"categories":[11,2,10],"tags":[55,60,29],"class_list":["post-10018","post","type-post","status-publish","format-standard","has-post-thumbnail","hentry","category-homepage-french","category-politique","category-toutes-les-actualites","tag-africa-press","tag-africa-press-niger","tag-niger"],"yoast_head":"<!-- This site is optimized with the Yoast SEO Premium plugin v26.1 (Yoast SEO v27.0) - https:\/\/yoast.com\/product\/yoast-seo-premium-wordpress\/ -->\n<title>Diffa : Session de renforcement des capacit\u00e9s des ex\u00e9cutifs communaux et r\u00e9gionaux - niger<\/title>\n<meta name=\"description\" content=\"13 Ao\u00fbt (ANP) - Le Gouverneur de la r\u00e9gion de Diffa, M.Issa L\u00e9mine, a pr\u00e9sid\u00e9, ce vendredi 13 Ao\u00fbt 2021, l\u2019ouverture d\u2019u ...\" \/>\n<meta name=\"robots\" content=\"index, follow, max-snippet:-1, max-image-preview:large, max-video-preview:-1\" \/>\n<link rel=\"canonical\" href=\"https:\/\/www.africa-press.net\/niger\/politique\/diffa-session-de-renforcement-des-capacites-des-executifs-communaux-et-regionaux\" \/>\n<meta property=\"og:locale\" content=\"fr_FR\" \/>\n<meta property=\"og:type\" content=\"article\" \/>\n<meta property=\"og:title\" content=\"Diffa : Session de renforcement des capacit\u00e9s des ex\u00e9cutifs communaux et r\u00e9gionaux\" \/>\n<meta property=\"og:description\" content=\"13 Ao\u00fbt (ANP) - Le Gouverneur de la r\u00e9gion de Diffa, M.Issa L\u00e9mine, a pr\u00e9sid\u00e9, ce vendredi 13 Ao\u00fbt 2021, l\u2019ouverture d\u2019u ...\" \/>\n<meta property=\"og:url\" content=\"https:\/\/www.africa-press.net\/niger\/politique\/diffa-session-de-renforcement-des-capacites-des-executifs-communaux-et-regionaux\" \/>\n<meta property=\"og:site_name\" content=\"niger\" \/>\n<meta property=\"article:published_time\" content=\"2021-08-14T13:50:07+00:00\" \/>\n<meta property=\"article:modified_time\" content=\"2021-08-16T21:30:16+00:00\" \/>\n<meta property=\"og:image\" content=\"https:\/\/static.africa-press.net\/niger\/sites\/40\/2021\/08\/img-6117c8d80c921.jpg\" \/>\n\t<meta property=\"og:image:width\" content=\"1080\" \/>\n\t<meta property=\"og:image:height\" content=\"809\" \/>\n\t<meta property=\"og:image:type\" content=\"image\/jpeg\" \/>\n<meta name=\"author\" content=\"cfeditorfr\" \/>\n<meta name=\"twitter:card\" content=\"summary_large_image\" \/>\n<meta name=\"twitter:label1\" content=\"\u00c9crit par\" \/>\n\t<meta name=\"twitter:data1\" content=\"cfeditorfr\" \/>\n\t<meta name=\"twitter:label2\" content=\"Dur\u00e9e de lecture estim\u00e9e\" \/>\n\t<meta name=\"twitter:data2\" content=\"2 minutes\" \/>\n<script type=\"application\/ld+json\" class=\"yoast-schema-graph\">{\"@context\":\"https:\/\/schema.org\",\"@graph\":[{\"@type\":\"Article\",\"@id\":\"https:\/\/www.africa-press.net\/niger\/politique\/diffa-session-de-renforcement-des-capacites-des-executifs-communaux-et-regionaux#article\",\"isPartOf\":{\"@id\":\"https:\/\/www.africa-press.net\/niger\/politique\/diffa-session-de-renforcement-des-capacites-des-executifs-communaux-et-regionaux\"},\"author\":{\"name\":\"cfeditorfr\",\"@id\":\"https:\/\/www.africa-press.net\/niger\/#\/schema\/person\/2b1cf3cd81a31e3cd26889ca66d677f1\"},\"headline\":\"Diffa : Session de renforcement des capacit\u00e9s des ex\u00e9cutifs communaux et r\u00e9gionaux\",\"datePublished\":\"2021-08-14T13:50:07+00:00\",\"dateModified\":\"2021-08-16T21:30:16+00:00\",\"mainEntityOfPage\":{\"@id\":\"https:\/\/www.africa-press.net\/niger\/politique\/diffa-session-de-renforcement-des-capacites-des-executifs-communaux-et-regionaux\"},\"wordCount\":426,\"commentCount\":0,\"image\":{\"@id\":\"https:\/\/www.africa-press.net\/niger\/politique\/diffa-session-de-renforcement-des-capacites-des-executifs-communaux-et-regionaux#primaryimage\"},\"thumbnailUrl\":\"https:\/\/static.africa-press.net\/niger\/sites\/40\/2021\/08\/img-6117c8d80c921.jpg\",\"keywords\":[\"Africa Press\",\"Africa Press-Niger\",\"Niger\"],\"articleSection\":[\"homepage-french\",\"Politique\",\"Toutes les actualit\u00e9s\"],\"inLanguage\":\"fr-FR\",\"potentialAction\":[{\"@type\":\"CommentAction\",\"name\":\"Comment\",\"target\":[\"https:\/\/www.africa-press.net\/niger\/politique\/diffa-session-de-renforcement-des-capacites-des-executifs-communaux-et-regionaux#respond\"]}]},{\"@type\":\"WebPage\",\"@id\":\"https:\/\/www.africa-press.net\/niger\/politique\/diffa-session-de-renforcement-des-capacites-des-executifs-communaux-et-regionaux\",\"url\":\"https:\/\/www.africa-press.net\/niger\/politique\/diffa-session-de-renforcement-des-capacites-des-executifs-communaux-et-regionaux\",\"name\":\"Diffa : Session de renforcement des capacit\u00e9s des ex\u00e9cutifs communaux et r\u00e9gionaux - niger\",\"isPartOf\":{\"@id\":\"https:\/\/www.africa-press.net\/niger\/#website\"},\"primaryImageOfPage\":{\"@id\":\"https:\/\/www.africa-press.net\/niger\/politique\/diffa-session-de-renforcement-des-capacites-des-executifs-communaux-et-regionaux#primaryimage\"},\"image\":{\"@id\":\"https:\/\/www.africa-press.net\/niger\/politique\/diffa-session-de-renforcement-des-capacites-des-executifs-communaux-et-regionaux#primaryimage\"},\"thumbnailUrl\":\"https:\/\/static.africa-press.net\/niger\/sites\/40\/2021\/08\/img-6117c8d80c921.jpg\",\"datePublished\":\"2021-08-14T13:50:07+00:00\",\"dateModified\":\"2021-08-16T21:30:16+00:00\",\"author\":{\"@id\":\"https:\/\/www.africa-press.net\/niger\/#\/schema\/person\/2b1cf3cd81a31e3cd26889ca66d677f1\"},\"description\":\"13 Ao\u00fbt (ANP) - Le Gouverneur de la r\u00e9gion de Diffa, M.Issa L\u00e9mine, a pr\u00e9sid\u00e9, ce vendredi 13 Ao\u00fbt 2021, l\u2019ouverture d\u2019u ...\",\"breadcrumb\":{\"@id\":\"https:\/\/www.africa-press.net\/niger\/politique\/diffa-session-de-renforcement-des-capacites-des-executifs-communaux-et-regionaux#breadcrumb\"},\"inLanguage\":\"fr-FR\",\"potentialAction\":[{\"@type\":\"ReadAction\",\"target\":[\"https:\/\/www.africa-press.net\/niger\/politique\/diffa-session-de-renforcement-des-capacites-des-executifs-communaux-et-regionaux\"]}]},{\"@type\":\"ImageObject\",\"inLanguage\":\"fr-FR\",\"@id\":\"https:\/\/www.africa-press.net\/niger\/politique\/diffa-session-de-renforcement-des-capacites-des-executifs-communaux-et-regionaux#primaryimage\",\"url\":\"https:\/\/static.africa-press.net\/niger\/sites\/40\/2021\/08\/img-6117c8d80c921.jpg\",\"contentUrl\":\"https:\/\/static.africa-press.net\/niger\/sites\/40\/2021\/08\/img-6117c8d80c921.jpg\",\"width\":1080,\"height\":809,\"caption\":\"Diffa : Session de renforcement des capacit\u00e9s des ex\u00e9cutifs communaux et r\u00e9gionaux\"},{\"@type\":\"BreadcrumbList\",\"@id\":\"https:\/\/www.africa-press.net\/niger\/politique\/diffa-session-de-renforcement-des-capacites-des-executifs-communaux-et-regionaux#breadcrumb\",\"itemListElement\":[{\"@type\":\"ListItem\",\"position\":1,\"name\":\"Accueil\",\"item\":\"https:\/\/www.africa-press.net\/niger\/\"},{\"@type\":\"ListItem\",\"position\":2,\"name\":\"Diffa : Session de renforcement des capacit\u00e9s des ex\u00e9cutifs communaux et r\u00e9gionaux\"}]},{\"@type\":\"WebSite\",\"@id\":\"https:\/\/www.africa-press.net\/niger\/#website\",\"url\":\"https:\/\/www.africa-press.net\/niger\/\",\"name\":\"niger\",\"description\":\"Just another Africa News Agency Sites site\",\"potentialAction\":[{\"@type\":\"SearchAction\",\"target\":{\"@type\":\"EntryPoint\",\"urlTemplate\":\"https:\/\/www.africa-press.net\/niger\/?s={search_term_string}\"},\"query-input\":{\"@type\":\"PropertyValueSpecification\",\"valueRequired\":true,\"valueName\":\"search_term_string\"}}],\"inLanguage\":\"fr-FR\"},{\"@type\":\"Person\",\"@id\":\"https:\/\/www.africa-press.net\/niger\/#\/schema\/person\/2b1cf3cd81a31e3cd26889ca66d677f1\",\"name\":\"cfeditorfr\"}]}<\/script>\n<!-- \/ Yoast SEO Premium plugin. -->","yoast_head_json":{"title":"Diffa : Session de renforcement des capacit\u00e9s des ex\u00e9cutifs communaux et r\u00e9gionaux - niger","description":"13 Ao\u00fbt (ANP) - Le Gouverneur de la r\u00e9gion de Diffa, M.Issa L\u00e9mine, a pr\u00e9sid\u00e9, ce vendredi 13 Ao\u00fbt 2021, l\u2019ouverture d\u2019u ...","robots":{"index":"index","follow":"follow","max-snippet":"max-snippet:-1","max-image-preview":"max-image-preview:large","max-video-preview":"max-video-preview:-1"},"canonical":"https:\/\/www.africa-press.net\/niger\/politique\/diffa-session-de-renforcement-des-capacites-des-executifs-communaux-et-regionaux","og_locale":"fr_FR","og_type":"article","og_title":"Diffa : Session de renforcement des capacit\u00e9s des ex\u00e9cutifs communaux et r\u00e9gionaux","og_description":"13 Ao\u00fbt (ANP) - Le Gouverneur de la r\u00e9gion de Diffa, M.Issa L\u00e9mine, a pr\u00e9sid\u00e9, ce vendredi 13 Ao\u00fbt 2021, l\u2019ouverture d\u2019u ...","og_url":"https:\/\/www.africa-press.net\/niger\/politique\/diffa-session-de-renforcement-des-capacites-des-executifs-communaux-et-regionaux","og_site_name":"niger","article_published_time":"2021-08-14T13:50:07+00:00","article_modified_time":"2021-08-16T21:30:16+00:00","og_image":[{"width":1080,"height":809,"url":"https:\/\/static.africa-press.net\/niger\/sites\/40\/2021\/08\/img-6117c8d80c921.jpg","type":"image\/jpeg"}],"author":"cfeditorfr","twitter_card":"summary_large_image","twitter_misc":{"\u00c9crit par":"cfeditorfr","Dur\u00e9e de lecture estim\u00e9e":"2 minutes"},"schema":{"@context":"https:\/\/schema.org","@graph":[{"@type":"Article","@id":"https:\/\/www.africa-press.net\/niger\/politique\/diffa-session-de-renforcement-des-capacites-des-executifs-communaux-et-regionaux#article","isPartOf":{"@id":"https:\/\/www.africa-press.net\/niger\/politique\/diffa-session-de-renforcement-des-capacites-des-executifs-communaux-et-regionaux"},"author":{"name":"cfeditorfr","@id":"https:\/\/www.africa-press.net\/niger\/#\/schema\/person\/2b1cf3cd81a31e3cd26889ca66d677f1"},"headline":"Diffa : Session de renforcement des capacit\u00e9s des ex\u00e9cutifs communaux et r\u00e9gionaux","datePublished":"2021-08-14T13:50:07+00:00","dateModified":"2021-08-16T21:30:16+00:00","mainEntityOfPage":{"@id":"https:\/\/www.africa-press.net\/niger\/politique\/diffa-session-de-renforcement-des-capacites-des-executifs-communaux-et-regionaux"},"wordCount":426,"commentCount":0,"image":{"@id":"https:\/\/www.africa-press.net\/niger\/politique\/diffa-session-de-renforcement-des-capacites-des-executifs-communaux-et-regionaux#primaryimage"},"thumbnailUrl":"https:\/\/static.africa-press.net\/niger\/sites\/40\/2021\/08\/img-6117c8d80c921.jpg","keywords":["Africa Press","Africa Press-Niger","Niger"],"articleSection":["homepage-french","Politique","Toutes les actualit\u00e9s"],"inLanguage":"fr-FR","potentialAction":[{"@type":"CommentAction","name":"Comment","target":["https:\/\/www.africa-press.net\/niger\/politique\/diffa-session-de-renforcement-des-capacites-des-executifs-communaux-et-regionaux#respond"]}]},{"@type":"WebPage","@id":"https:\/\/www.africa-press.net\/niger\/politique\/diffa-session-de-renforcement-des-capacites-des-executifs-communaux-et-regionaux","url":"https:\/\/www.africa-press.net\/niger\/politique\/diffa-session-de-renforcement-des-capacites-des-executifs-communaux-et-regionaux","name":"Diffa : Session de renforcement des capacit\u00e9s des ex\u00e9cutifs communaux et r\u00e9gionaux - niger","isPartOf":{"@id":"https:\/\/www.africa-press.net\/niger\/#website"},"primaryImageOfPage":{"@id":"https:\/\/www.africa-press.net\/niger\/politique\/diffa-session-de-renforcement-des-capacites-des-executifs-communaux-et-regionaux#primaryimage"},"image":{"@id":"https:\/\/www.africa-press.net\/niger\/politique\/diffa-session-de-renforcement-des-capacites-des-executifs-communaux-et-regionaux#primaryimage"},"thumbnailUrl":"https:\/\/static.africa-press.net\/niger\/sites\/40\/2021\/08\/img-6117c8d80c921.jpg","datePublished":"2021-08-14T13:50:07+00:00","dateModified":"2021-08-16T21:30:16+00:00","author":{"@id":"https:\/\/www.africa-press.net\/niger\/#\/schema\/person\/2b1cf3cd81a31e3cd26889ca66d677f1"},"description":"13 Ao\u00fbt (ANP) - Le Gouverneur de la r\u00e9gion de Diffa, M.Issa L\u00e9mine, a pr\u00e9sid\u00e9, ce vendredi 13 Ao\u00fbt 2021, l\u2019ouverture d\u2019u ...","breadcrumb":{"@id":"https:\/\/www.africa-press.net\/niger\/politique\/diffa-session-de-renforcement-des-capacites-des-executifs-communaux-et-regionaux#breadcrumb"},"inLanguage":"fr-FR","potentialAction":[{"@type":"ReadAction","target":["https:\/\/www.africa-press.net\/niger\/politique\/diffa-session-de-renforcement-des-capacites-des-executifs-communaux-et-regionaux"]}]},{"@type":"ImageObject","inLanguage":"fr-FR","@id":"https:\/\/www.africa-press.net\/niger\/politique\/diffa-session-de-renforcement-des-capacites-des-executifs-communaux-et-regionaux#primaryimage","url":"https:\/\/static.africa-press.net\/niger\/sites\/40\/2021\/08\/img-6117c8d80c921.jpg","contentUrl":"https:\/\/static.africa-press.net\/niger\/sites\/40\/2021\/08\/img-6117c8d80c921.jpg","width":1080,"height":809,"caption":"Diffa : Session de renforcement des capacit\u00e9s des ex\u00e9cutifs communaux et r\u00e9gionaux"},{"@type":"BreadcrumbList","@id":"https:\/\/www.africa-press.net\/niger\/politique\/diffa-session-de-renforcement-des-capacites-des-executifs-communaux-et-regionaux#breadcrumb","itemListElement":[{"@type":"ListItem","position":1,"name":"Accueil","item":"https:\/\/www.africa-press.net\/niger\/"},{"@type":"ListItem","position":2,"name":"Diffa : Session de renforcement des capacit\u00e9s des ex\u00e9cutifs communaux et r\u00e9gionaux"}]},{"@type":"WebSite","@id":"https:\/\/www.africa-press.net\/niger\/#website","url":"https:\/\/www.africa-press.net\/niger\/","name":"niger","description":"Just another Africa News Agency Sites site","potentialAction":[{"@type":"SearchAction","target":{"@type":"EntryPoint","urlTemplate":"https:\/\/www.africa-press.net\/niger\/?s={search_term_string}"},"query-input":{"@type":"PropertyValueSpecification","valueRequired":true,"valueName":"search_term_string"}}],"inLanguage":"fr-FR"},{"@type":"Person","@id":"https:\/\/www.africa-press.net\/niger\/#\/schema\/person\/2b1cf3cd81a31e3cd26889ca66d677f1","name":"cfeditorfr"}]}},"_links":{"self":[{"href":"https:\/\/www.africa-press.net\/niger\/wp-json\/wp\/v2\/posts\/10018","targetHints":{"allow":["GET"]}}],"collection":[{"href":"https:\/\/www.africa-press.net\/niger\/wp-json\/wp\/v2\/posts"}],"about":[{"href":"https:\/\/www.africa-press.net\/niger\/wp-json\/wp\/v2\/types\/post"}],"author":[{"embeddable":true,"href":"https:\/\/www.africa-press.net\/niger\/wp-json\/wp\/v2\/users\/82"}],"replies":[{"embeddable":true,"href":"https:\/\/www.africa-press.net\/niger\/wp-json\/wp\/v2\/comments?post=10018"}],"version-history":[{"count":0,"href":"https:\/\/www.africa-press.net\/niger\/wp-json\/wp\/v2\/posts\/10018\/revisions"}],"wp:featuredmedia":[{"embeddable":true,"href":"https:\/\/www.africa-press.net\/niger\/wp-json\/wp\/v2\/media\/10017"}],"wp:attachment":[{"href":"https:\/\/www.africa-press.net\/niger\/wp-json\/wp\/v2\/media?parent=10018"}],"wp:term":[{"taxonomy":"category","embeddable":true,"href":"https:\/\/www.africa-press.net\/niger\/wp-json\/wp\/v2\/categories?post=10018"},{"taxonomy":"post_tag","embeddable":true,"href":"https:\/\/www.africa-press.net\/niger\/wp-json\/wp\/v2\/tags?post=10018"}],"curies":[{"name":"wp","href":"https:\/\/api.w.org\/{rel}","templated":true}]}}