{"id":10021,"date":"2021-08-14T13:53:53","date_gmt":"2021-08-14T13:53:53","guid":{"rendered":"https:\/\/www.africa-press.net\/niger\/?p=10021"},"modified":"2021-08-16T21:30:24","modified_gmt":"2021-08-16T21:30:24","slug":"diffa-le-gouverneur-issa-lemine-senquiert-de-la-situation-des-vivres-destines-aux-deplaces","status":"publish","type":"post","link":"https:\/\/www.africa-press.net\/niger\/toutes-les-actualites\/diffa-le-gouverneur-issa-lemine-senquiert-de-la-situation-des-vivres-destines-aux-deplaces","title":{"rendered":"Diffa : Le Gouverneur Issa L\u00e9mine s\u2019enquiert de la situation des vivres destin\u00e9s aux d\u00e9plac\u00e9s"},"content":{"rendered":"<p><span style=\"color: #ff6600\"><strong><a href=\"https:\/\/www.africa-press.net\/\">Africa-Press<\/a> &#8211; <a href=\"https:\/\/www.africa-press.net\/niger\">Niger<\/a>. <\/strong><\/span>Le Gouverneur de la r\u00e9gion de Diffa, M. Issa L\u00e9mine, s\u2019est rendu, ce vendredi 13 Ao\u00fbt 2021, dans les magasins de l&rsquo;Office des Produits Vivriers du Niger pour s&rsquo;enqu\u00e9rir de la situation des vivres destin\u00e9s \u00e0 l&rsquo;accompagnement des populations d\u00e9plac\u00e9es de la r\u00e9gion.<\/p>\n<p>Pr\u00e9vu pour une dur\u00e9e de 3 mois, cet accompagnement est destin\u00e9 aux populations qui ont accept\u00e9 de retour dans leurs villages d\u2019origine qu\u2019ils ont abandonn\u00e9s pour fuir les exactions du groupe terroriste Boko Haram.<\/p>\n<p>\u00ab\u00a0Nous sommes venus constater les vivres qui sont destin\u00e9s \u00e0 ces populations pour une pr\u00e9vision de trois mois apr\u00e8s la premi\u00e8re phase de leur retour dans leurs villages qui a consist\u00e9 \u00e0 ramener la population de 22 villages sur une pr\u00e9vision initiale de 19, pour une population de plus de 30000 personnes\u00a0\u00bb, a expliqu\u00e9 le Gouverneur Issa L\u00e9mine.<\/p>\n<p>Selon lui, \u00ab\u00a0toutes les quantit\u00e9s pr\u00e9vues sont achemin\u00e9es\u00a0\u00bb. Il a ensuite soulign\u00e9 qu\u2019apr\u00e8s la premi\u00e8re phase qui a consist\u00e9 \u00e0 distribuer des vivres pour un mois, il s\u2019agira de s\u2019assurer que le stock disponible peut servir pour les trois mois d\u2019accompagnement restants.<\/p>\n<p>Le fait est que \u00a0\u00bb nous sommes dans la p\u00e9riode d&rsquo;hivernage et les populations qui ont quitt\u00e9 leurs sites de refuge pour revenir dans leurs anciens village vont s\u2019attaquer aux travaux champ\u00eatres. Il faut donc les aider \u00e0 se r\u00e9installer et \u00e0 refaire leurs vies\u00a0\u00bb, a-t-il indiqu\u00e9.<\/p>\n<p>Le stock disponible mis \u00e0 la disposition des populations d\u00e9plac\u00e9es par l&rsquo;\u00c9tat est compos\u00e9 de 1600 tonnes, dont le ni\u00e9b\u00e9 340 tonnes, le sucre 83 tonnes, l&rsquo;huile 6000 litres, le sel 20 tonnes et plusieurs mat\u00e9riels en non vivres (b\u00e2che, moustiquaire, friperie, pagne).<\/p>\n<p>\u00ab\u00a0Et nous allons prendre toutes les dispositions pour pouvoir, en fin de chaque mois, ravitailler ces populations \u00ab\u00a0, a promis M. Issa L\u00e9mine.<\/p>\n<p>&nbsp;<\/p>\n","protected":false},"excerpt":{"rendered":"<p>Africa-Press &#8211; Niger. Le Gouverneur de la r\u00e9gion de Diffa, M. Issa L\u00e9mine, s\u2019est rendu, ce vendredi 13 Ao\u00fbt 2021, dans les magasins de l&rsquo;Office des Produits Vivriers du Niger pour s&rsquo;enqu\u00e9rir de la situation des vivres destin\u00e9s \u00e0 l&rsquo;accompagnement des populations d\u00e9plac\u00e9es de la r\u00e9gion. Pr\u00e9vu pour une dur\u00e9e de 3 mois, cet accompagnement [&hellip;]<\/p>\n","protected":false},"author":82,"featured_media":10020,"comment_status":"open","ping_status":"closed","sticky":false,"template":"","format":"standard","meta":{"footnotes":""},"categories":[21,11,20,10],"tags":[55,60,29],"class_list":["post-10021","post","type-post","status-publish","format-standard","has-post-thumbnail","hentry","category-communaute","category-homepage-french","category-top-nouvelles","category-toutes-les-actualites","tag-africa-press","tag-africa-press-niger","tag-niger"],"yoast_head":"<!-- This site is optimized with the Yoast SEO Premium plugin v26.1 (Yoast SEO v27.0) - https:\/\/yoast.com\/product\/yoast-seo-premium-wordpress\/ -->\n<title>Diffa : Le Gouverneur Issa L\u00e9mine s\u2019enquiert de la situation des vivres destin\u00e9s aux d\u00e9plac\u00e9s - niger<\/title>\n<meta name=\"description\" content=\"13 Ao\u00fbt (ANP) - Le Gouverneur de la r\u00e9gion de Diffa, M. Issa L\u00e9mine, s\u2019est rendu, ce vendredi 13 Ao\u00fbt 2021, dans les mag ...\" \/>\n<meta name=\"robots\" content=\"index, follow, max-snippet:-1, max-image-preview:large, max-video-preview:-1\" \/>\n<link rel=\"canonical\" href=\"https:\/\/www.africa-press.net\/niger\/toutes-les-actualites\/diffa-le-gouverneur-issa-lemine-senquiert-de-la-situation-des-vivres-destines-aux-deplaces\" \/>\n<meta property=\"og:locale\" content=\"fr_FR\" \/>\n<meta property=\"og:type\" content=\"article\" \/>\n<meta property=\"og:title\" content=\"Diffa : Le Gouverneur Issa L\u00e9mine s\u2019enquiert de la situation des vivres destin\u00e9s aux d\u00e9plac\u00e9s\" \/>\n<meta property=\"og:description\" content=\"13 Ao\u00fbt (ANP) - Le Gouverneur de la r\u00e9gion de Diffa, M. Issa L\u00e9mine, s\u2019est rendu, ce vendredi 13 Ao\u00fbt 2021, dans les mag ...\" \/>\n<meta property=\"og:url\" content=\"https:\/\/www.africa-press.net\/niger\/toutes-les-actualites\/diffa-le-gouverneur-issa-lemine-senquiert-de-la-situation-des-vivres-destines-aux-deplaces\" \/>\n<meta property=\"og:site_name\" content=\"niger\" \/>\n<meta property=\"article:published_time\" content=\"2021-08-14T13:53:53+00:00\" \/>\n<meta property=\"article:modified_time\" content=\"2021-08-16T21:30:24+00:00\" \/>\n<meta property=\"og:image\" content=\"https:\/\/static.africa-press.net\/niger\/sites\/40\/2021\/08\/img-6117c9043c43a.jpg\" \/>\n\t<meta property=\"og:image:width\" content=\"809\" \/>\n\t<meta property=\"og:image:height\" content=\"1080\" \/>\n\t<meta property=\"og:image:type\" content=\"image\/jpeg\" \/>\n<meta name=\"author\" content=\"cfeditorfr\" \/>\n<meta name=\"twitter:card\" content=\"summary_large_image\" \/>\n<meta name=\"twitter:label1\" content=\"\u00c9crit par\" \/>\n\t<meta name=\"twitter:data1\" content=\"cfeditorfr\" \/>\n\t<meta name=\"twitter:label2\" content=\"Dur\u00e9e de lecture estim\u00e9e\" \/>\n\t<meta name=\"twitter:data2\" content=\"2 minutes\" \/>\n<script type=\"application\/ld+json\" class=\"yoast-schema-graph\">{\"@context\":\"https:\/\/schema.org\",\"@graph\":[{\"@type\":\"Article\",\"@id\":\"https:\/\/www.africa-press.net\/niger\/toutes-les-actualites\/diffa-le-gouverneur-issa-lemine-senquiert-de-la-situation-des-vivres-destines-aux-deplaces#article\",\"isPartOf\":{\"@id\":\"https:\/\/www.africa-press.net\/niger\/toutes-les-actualites\/diffa-le-gouverneur-issa-lemine-senquiert-de-la-situation-des-vivres-destines-aux-deplaces\"},\"author\":{\"name\":\"cfeditorfr\",\"@id\":\"https:\/\/www.africa-press.net\/niger\/#\/schema\/person\/2b1cf3cd81a31e3cd26889ca66d677f1\"},\"headline\":\"Diffa : Le Gouverneur Issa L\u00e9mine s\u2019enquiert de la situation des vivres destin\u00e9s aux d\u00e9plac\u00e9s\",\"datePublished\":\"2021-08-14T13:53:53+00:00\",\"dateModified\":\"2021-08-16T21:30:24+00:00\",\"mainEntityOfPage\":{\"@id\":\"https:\/\/www.africa-press.net\/niger\/toutes-les-actualites\/diffa-le-gouverneur-issa-lemine-senquiert-de-la-situation-des-vivres-destines-aux-deplaces\"},\"wordCount\":338,\"commentCount\":0,\"image\":{\"@id\":\"https:\/\/www.africa-press.net\/niger\/toutes-les-actualites\/diffa-le-gouverneur-issa-lemine-senquiert-de-la-situation-des-vivres-destines-aux-deplaces#primaryimage\"},\"thumbnailUrl\":\"https:\/\/static.africa-press.net\/niger\/sites\/40\/2021\/08\/img-6117c9043c43a.jpg\",\"keywords\":[\"Africa Press\",\"Africa Press-Niger\",\"Niger\"],\"articleSection\":[\"Communaut\u00e9\",\"homepage-french\",\"Top Nouvelles\",\"Toutes les actualit\u00e9s\"],\"inLanguage\":\"fr-FR\",\"potentialAction\":[{\"@type\":\"CommentAction\",\"name\":\"Comment\",\"target\":[\"https:\/\/www.africa-press.net\/niger\/toutes-les-actualites\/diffa-le-gouverneur-issa-lemine-senquiert-de-la-situation-des-vivres-destines-aux-deplaces#respond\"]}]},{\"@type\":\"WebPage\",\"@id\":\"https:\/\/www.africa-press.net\/niger\/toutes-les-actualites\/diffa-le-gouverneur-issa-lemine-senquiert-de-la-situation-des-vivres-destines-aux-deplaces\",\"url\":\"https:\/\/www.africa-press.net\/niger\/toutes-les-actualites\/diffa-le-gouverneur-issa-lemine-senquiert-de-la-situation-des-vivres-destines-aux-deplaces\",\"name\":\"Diffa : Le Gouverneur Issa L\u00e9mine s\u2019enquiert de la situation des vivres destin\u00e9s aux d\u00e9plac\u00e9s - niger\",\"isPartOf\":{\"@id\":\"https:\/\/www.africa-press.net\/niger\/#website\"},\"primaryImageOfPage\":{\"@id\":\"https:\/\/www.africa-press.net\/niger\/toutes-les-actualites\/diffa-le-gouverneur-issa-lemine-senquiert-de-la-situation-des-vivres-destines-aux-deplaces#primaryimage\"},\"image\":{\"@id\":\"https:\/\/www.africa-press.net\/niger\/toutes-les-actualites\/diffa-le-gouverneur-issa-lemine-senquiert-de-la-situation-des-vivres-destines-aux-deplaces#primaryimage\"},\"thumbnailUrl\":\"https:\/\/static.africa-press.net\/niger\/sites\/40\/2021\/08\/img-6117c9043c43a.jpg\",\"datePublished\":\"2021-08-14T13:53:53+00:00\",\"dateModified\":\"2021-08-16T21:30:24+00:00\",\"author\":{\"@id\":\"https:\/\/www.africa-press.net\/niger\/#\/schema\/person\/2b1cf3cd81a31e3cd26889ca66d677f1\"},\"description\":\"13 Ao\u00fbt (ANP) - Le Gouverneur de la r\u00e9gion de Diffa, M. Issa L\u00e9mine, s\u2019est rendu, ce vendredi 13 Ao\u00fbt 2021, dans les mag ...\",\"breadcrumb\":{\"@id\":\"https:\/\/www.africa-press.net\/niger\/toutes-les-actualites\/diffa-le-gouverneur-issa-lemine-senquiert-de-la-situation-des-vivres-destines-aux-deplaces#breadcrumb\"},\"inLanguage\":\"fr-FR\",\"potentialAction\":[{\"@type\":\"ReadAction\",\"target\":[\"https:\/\/www.africa-press.net\/niger\/toutes-les-actualites\/diffa-le-gouverneur-issa-lemine-senquiert-de-la-situation-des-vivres-destines-aux-deplaces\"]}]},{\"@type\":\"ImageObject\",\"inLanguage\":\"fr-FR\",\"@id\":\"https:\/\/www.africa-press.net\/niger\/toutes-les-actualites\/diffa-le-gouverneur-issa-lemine-senquiert-de-la-situation-des-vivres-destines-aux-deplaces#primaryimage\",\"url\":\"https:\/\/static.africa-press.net\/niger\/sites\/40\/2021\/08\/img-6117c9043c43a.jpg\",\"contentUrl\":\"https:\/\/static.africa-press.net\/niger\/sites\/40\/2021\/08\/img-6117c9043c43a.jpg\",\"width\":809,\"height\":1080,\"caption\":\"Diffa : Le Gouverneur Issa L\u00e9mine s\u2019enquiert de la situation des vivres destin\u00e9s aux d\u00e9plac\u00e9s\"},{\"@type\":\"BreadcrumbList\",\"@id\":\"https:\/\/www.africa-press.net\/niger\/toutes-les-actualites\/diffa-le-gouverneur-issa-lemine-senquiert-de-la-situation-des-vivres-destines-aux-deplaces#breadcrumb\",\"itemListElement\":[{\"@type\":\"ListItem\",\"position\":1,\"name\":\"Accueil\",\"item\":\"https:\/\/www.africa-press.net\/niger\/\"},{\"@type\":\"ListItem\",\"position\":2,\"name\":\"Diffa : Le Gouverneur Issa L\u00e9mine s\u2019enquiert de la situation des vivres destin\u00e9s aux d\u00e9plac\u00e9s\"}]},{\"@type\":\"WebSite\",\"@id\":\"https:\/\/www.africa-press.net\/niger\/#website\",\"url\":\"https:\/\/www.africa-press.net\/niger\/\",\"name\":\"niger\",\"description\":\"Just another Africa News Agency Sites site\",\"potentialAction\":[{\"@type\":\"SearchAction\",\"target\":{\"@type\":\"EntryPoint\",\"urlTemplate\":\"https:\/\/www.africa-press.net\/niger\/?s={search_term_string}\"},\"query-input\":{\"@type\":\"PropertyValueSpecification\",\"valueRequired\":true,\"valueName\":\"search_term_string\"}}],\"inLanguage\":\"fr-FR\"},{\"@type\":\"Person\",\"@id\":\"https:\/\/www.africa-press.net\/niger\/#\/schema\/person\/2b1cf3cd81a31e3cd26889ca66d677f1\",\"name\":\"cfeditorfr\"}]}<\/script>\n<!-- \/ Yoast SEO Premium plugin. -->","yoast_head_json":{"title":"Diffa : Le Gouverneur Issa L\u00e9mine s\u2019enquiert de la situation des vivres destin\u00e9s aux d\u00e9plac\u00e9s - niger","description":"13 Ao\u00fbt (ANP) - Le Gouverneur de la r\u00e9gion de Diffa, M. Issa L\u00e9mine, s\u2019est rendu, ce vendredi 13 Ao\u00fbt 2021, dans les mag ...","robots":{"index":"index","follow":"follow","max-snippet":"max-snippet:-1","max-image-preview":"max-image-preview:large","max-video-preview":"max-video-preview:-1"},"canonical":"https:\/\/www.africa-press.net\/niger\/toutes-les-actualites\/diffa-le-gouverneur-issa-lemine-senquiert-de-la-situation-des-vivres-destines-aux-deplaces","og_locale":"fr_FR","og_type":"article","og_title":"Diffa : Le Gouverneur Issa L\u00e9mine s\u2019enquiert de la situation des vivres destin\u00e9s aux d\u00e9plac\u00e9s","og_description":"13 Ao\u00fbt (ANP) - Le Gouverneur de la r\u00e9gion de Diffa, M. Issa L\u00e9mine, s\u2019est rendu, ce vendredi 13 Ao\u00fbt 2021, dans les mag ...","og_url":"https:\/\/www.africa-press.net\/niger\/toutes-les-actualites\/diffa-le-gouverneur-issa-lemine-senquiert-de-la-situation-des-vivres-destines-aux-deplaces","og_site_name":"niger","article_published_time":"2021-08-14T13:53:53+00:00","article_modified_time":"2021-08-16T21:30:24+00:00","og_image":[{"width":809,"height":1080,"url":"https:\/\/static.africa-press.net\/niger\/sites\/40\/2021\/08\/img-6117c9043c43a.jpg","type":"image\/jpeg"}],"author":"cfeditorfr","twitter_card":"summary_large_image","twitter_misc":{"\u00c9crit par":"cfeditorfr","Dur\u00e9e de lecture estim\u00e9e":"2 minutes"},"schema":{"@context":"https:\/\/schema.org","@graph":[{"@type":"Article","@id":"https:\/\/www.africa-press.net\/niger\/toutes-les-actualites\/diffa-le-gouverneur-issa-lemine-senquiert-de-la-situation-des-vivres-destines-aux-deplaces#article","isPartOf":{"@id":"https:\/\/www.africa-press.net\/niger\/toutes-les-actualites\/diffa-le-gouverneur-issa-lemine-senquiert-de-la-situation-des-vivres-destines-aux-deplaces"},"author":{"name":"cfeditorfr","@id":"https:\/\/www.africa-press.net\/niger\/#\/schema\/person\/2b1cf3cd81a31e3cd26889ca66d677f1"},"headline":"Diffa : Le Gouverneur Issa L\u00e9mine s\u2019enquiert de la situation des vivres destin\u00e9s aux d\u00e9plac\u00e9s","datePublished":"2021-08-14T13:53:53+00:00","dateModified":"2021-08-16T21:30:24+00:00","mainEntityOfPage":{"@id":"https:\/\/www.africa-press.net\/niger\/toutes-les-actualites\/diffa-le-gouverneur-issa-lemine-senquiert-de-la-situation-des-vivres-destines-aux-deplaces"},"wordCount":338,"commentCount":0,"image":{"@id":"https:\/\/www.africa-press.net\/niger\/toutes-les-actualites\/diffa-le-gouverneur-issa-lemine-senquiert-de-la-situation-des-vivres-destines-aux-deplaces#primaryimage"},"thumbnailUrl":"https:\/\/static.africa-press.net\/niger\/sites\/40\/2021\/08\/img-6117c9043c43a.jpg","keywords":["Africa Press","Africa Press-Niger","Niger"],"articleSection":["Communaut\u00e9","homepage-french","Top Nouvelles","Toutes les actualit\u00e9s"],"inLanguage":"fr-FR","potentialAction":[{"@type":"CommentAction","name":"Comment","target":["https:\/\/www.africa-press.net\/niger\/toutes-les-actualites\/diffa-le-gouverneur-issa-lemine-senquiert-de-la-situation-des-vivres-destines-aux-deplaces#respond"]}]},{"@type":"WebPage","@id":"https:\/\/www.africa-press.net\/niger\/toutes-les-actualites\/diffa-le-gouverneur-issa-lemine-senquiert-de-la-situation-des-vivres-destines-aux-deplaces","url":"https:\/\/www.africa-press.net\/niger\/toutes-les-actualites\/diffa-le-gouverneur-issa-lemine-senquiert-de-la-situation-des-vivres-destines-aux-deplaces","name":"Diffa : Le Gouverneur Issa L\u00e9mine s\u2019enquiert de la situation des vivres destin\u00e9s aux d\u00e9plac\u00e9s - niger","isPartOf":{"@id":"https:\/\/www.africa-press.net\/niger\/#website"},"primaryImageOfPage":{"@id":"https:\/\/www.africa-press.net\/niger\/toutes-les-actualites\/diffa-le-gouverneur-issa-lemine-senquiert-de-la-situation-des-vivres-destines-aux-deplaces#primaryimage"},"image":{"@id":"https:\/\/www.africa-press.net\/niger\/toutes-les-actualites\/diffa-le-gouverneur-issa-lemine-senquiert-de-la-situation-des-vivres-destines-aux-deplaces#primaryimage"},"thumbnailUrl":"https:\/\/static.africa-press.net\/niger\/sites\/40\/2021\/08\/img-6117c9043c43a.jpg","datePublished":"2021-08-14T13:53:53+00:00","dateModified":"2021-08-16T21:30:24+00:00","author":{"@id":"https:\/\/www.africa-press.net\/niger\/#\/schema\/person\/2b1cf3cd81a31e3cd26889ca66d677f1"},"description":"13 Ao\u00fbt (ANP) - Le Gouverneur de la r\u00e9gion de Diffa, M. Issa L\u00e9mine, s\u2019est rendu, ce vendredi 13 Ao\u00fbt 2021, dans les mag ...","breadcrumb":{"@id":"https:\/\/www.africa-press.net\/niger\/toutes-les-actualites\/diffa-le-gouverneur-issa-lemine-senquiert-de-la-situation-des-vivres-destines-aux-deplaces#breadcrumb"},"inLanguage":"fr-FR","potentialAction":[{"@type":"ReadAction","target":["https:\/\/www.africa-press.net\/niger\/toutes-les-actualites\/diffa-le-gouverneur-issa-lemine-senquiert-de-la-situation-des-vivres-destines-aux-deplaces"]}]},{"@type":"ImageObject","inLanguage":"fr-FR","@id":"https:\/\/www.africa-press.net\/niger\/toutes-les-actualites\/diffa-le-gouverneur-issa-lemine-senquiert-de-la-situation-des-vivres-destines-aux-deplaces#primaryimage","url":"https:\/\/static.africa-press.net\/niger\/sites\/40\/2021\/08\/img-6117c9043c43a.jpg","contentUrl":"https:\/\/static.africa-press.net\/niger\/sites\/40\/2021\/08\/img-6117c9043c43a.jpg","width":809,"height":1080,"caption":"Diffa : Le Gouverneur Issa L\u00e9mine s\u2019enquiert de la situation des vivres destin\u00e9s aux d\u00e9plac\u00e9s"},{"@type":"BreadcrumbList","@id":"https:\/\/www.africa-press.net\/niger\/toutes-les-actualites\/diffa-le-gouverneur-issa-lemine-senquiert-de-la-situation-des-vivres-destines-aux-deplaces#breadcrumb","itemListElement":[{"@type":"ListItem","position":1,"name":"Accueil","item":"https:\/\/www.africa-press.net\/niger\/"},{"@type":"ListItem","position":2,"name":"Diffa : Le Gouverneur Issa L\u00e9mine s\u2019enquiert de la situation des vivres destin\u00e9s aux d\u00e9plac\u00e9s"}]},{"@type":"WebSite","@id":"https:\/\/www.africa-press.net\/niger\/#website","url":"https:\/\/www.africa-press.net\/niger\/","name":"niger","description":"Just another Africa News Agency Sites site","potentialAction":[{"@type":"SearchAction","target":{"@type":"EntryPoint","urlTemplate":"https:\/\/www.africa-press.net\/niger\/?s={search_term_string}"},"query-input":{"@type":"PropertyValueSpecification","valueRequired":true,"valueName":"search_term_string"}}],"inLanguage":"fr-FR"},{"@type":"Person","@id":"https:\/\/www.africa-press.net\/niger\/#\/schema\/person\/2b1cf3cd81a31e3cd26889ca66d677f1","name":"cfeditorfr"}]}},"_links":{"self":[{"href":"https:\/\/www.africa-press.net\/niger\/wp-json\/wp\/v2\/posts\/10021","targetHints":{"allow":["GET"]}}],"collection":[{"href":"https:\/\/www.africa-press.net\/niger\/wp-json\/wp\/v2\/posts"}],"about":[{"href":"https:\/\/www.africa-press.net\/niger\/wp-json\/wp\/v2\/types\/post"}],"author":[{"embeddable":true,"href":"https:\/\/www.africa-press.net\/niger\/wp-json\/wp\/v2\/users\/82"}],"replies":[{"embeddable":true,"href":"https:\/\/www.africa-press.net\/niger\/wp-json\/wp\/v2\/comments?post=10021"}],"version-history":[{"count":0,"href":"https:\/\/www.africa-press.net\/niger\/wp-json\/wp\/v2\/posts\/10021\/revisions"}],"wp:featuredmedia":[{"embeddable":true,"href":"https:\/\/www.africa-press.net\/niger\/wp-json\/wp\/v2\/media\/10020"}],"wp:attachment":[{"href":"https:\/\/www.africa-press.net\/niger\/wp-json\/wp\/v2\/media?parent=10021"}],"wp:term":[{"taxonomy":"category","embeddable":true,"href":"https:\/\/www.africa-press.net\/niger\/wp-json\/wp\/v2\/categories?post=10021"},{"taxonomy":"post_tag","embeddable":true,"href":"https:\/\/www.africa-press.net\/niger\/wp-json\/wp\/v2\/tags?post=10021"}],"curies":[{"name":"wp","href":"https:\/\/api.w.org\/{rel}","templated":true}]}}