{"id":10024,"date":"2021-08-14T14:04:32","date_gmt":"2021-08-14T14:04:32","guid":{"rendered":"https:\/\/www.africa-press.net\/niger\/?p=10024"},"modified":"2021-08-16T21:30:33","modified_gmt":"2021-08-16T21:30:33","slug":"tillaberi-une-mission-parlementaire-dinformation-et-de-sensibilisation-sejourne-dans-la-region","status":"publish","type":"post","link":"https:\/\/www.africa-press.net\/niger\/politique\/tillaberi-une-mission-parlementaire-dinformation-et-de-sensibilisation-sejourne-dans-la-region","title":{"rendered":"Tillab\u00e9ri : Une mission parlementaire d\u2019information et de sensibilisation s\u00e9journe dans la R\u00e9gion"},"content":{"rendered":"<p><span style=\"color: #ff6600\"><strong><a href=\"https:\/\/www.africa-press.net\/\">Africa-Press<\/a> &#8211; <a href=\"https:\/\/www.africa-press.net\/niger\">Niger<\/a>. <\/strong><\/span>Une d\u00e9l\u00e9gation des parlementaires et des techniciens de la Commission des Affaires Economiques et du Plan de l\u2019Assembl\u00e9e Nationale s\u00e9journe, depuis ce jeudi 12 Ao\u00fbt2021, dans la r\u00e9gion de Tillab\u00e9ry dans le cadre d\u2019une mission d\u2019information et de sensibilisation.<\/p>\n<p>Cette mission aura \u00e0 rencontrer les autorit\u00e9s administratives et coutumi\u00e8res, ainsi que les couches sociales de la r\u00e9gion pour \u00e9changer sur la situation de la pand\u00e9mie de la Covid-19, la question d\u2019ins\u00e9curit\u00e9, le d\u00e9roulement de la campagne agro-sylvo-pastorale et hydraulique, les probl\u00e8mes d\u2019inondations et les questions d\u2019infrastructures.<\/p>\n<p>Selon la Pr\u00e9sidente de ladite Commission, Mme Ali Mariama Elh Ibrahim, \u00ab cette visite de terrain nous permettra de constater de visu les diff\u00e9rentes r\u00e9alisations du Gouvernement dans la r\u00e9gion et de v\u00e9rifier l\u2019effectivit\u00e9 de la prise en compte des recommandations des missions de la Commission affaires \u00e9conomiques et du plan de l\u2019ann\u00e9e pass\u00e9e \u00bb.<\/p>\n<p>Mme Ali Mariama Elh Ibrahim a, par ailleurs, ajout\u00e9 que \u00ab les \u00e9changes et les visites nous permettront non seulement de rendre compte \u00e0 la repr\u00e9sentation nationale du respect des engagements du Gouvernement vis-\u00e0-vis de la population de la r\u00e9gion de Tillab\u00e9ri, mais aussi et surtout de l\u2019informer des pr\u00e9occupations du moment afin que les dispositions n\u00e9cessaires soient prises \u00bb.<\/p>\n<p>Lors d\u2019une r\u00e9union, le jeudi 12 Ao\u00fbt au Gouvernorat de Tillab\u00e9ry, un accent a particuli\u00e8rement \u00e9t\u00e9 mis sur la situation s\u00e9curitaire pr\u00e9occupante de la r\u00e9gion, notamment les attaques contre les populations civiles, mais aussi les enl\u00e8vements.<\/p>\n<p>L\u2019ins\u00e9curit\u00e9 a d\u2019une mani\u00e8re g\u00e9n\u00e9rale impact\u00e9 tous les secteurs de la vie, toutes les couches socio-\u00e9conomiques de la r\u00e9gion.<\/p>\n<p>Relativement \u00e0 l\u2019\u00e9conomie de la r\u00e9gion, un plaidoyer a \u00e9t\u00e9 fait pour aider les commer\u00e7ants \u00e0 travers des pr\u00eats bancaires mais surtout d\u2019aider les jeunes d\u00e9s\u0153uvr\u00e9s de la r\u00e9gion afin qu\u2019ils ne puissent pas \u00eatre r\u00e9cup\u00e9r\u00e9s par les bandits arm\u00e9s.<\/p>\n<p>&nbsp;<\/p>\n","protected":false},"excerpt":{"rendered":"<p>Africa-Press &#8211; Niger. Une d\u00e9l\u00e9gation des parlementaires et des techniciens de la Commission des Affaires Economiques et du Plan de l\u2019Assembl\u00e9e Nationale s\u00e9journe, depuis ce jeudi 12 Ao\u00fbt2021, dans la r\u00e9gion de Tillab\u00e9ry dans le cadre d\u2019une mission d\u2019information et de sensibilisation. Cette mission aura \u00e0 rencontrer les autorit\u00e9s administratives et coutumi\u00e8res, ainsi que les [&hellip;]<\/p>\n","protected":false},"author":82,"featured_media":10023,"comment_status":"open","ping_status":"closed","sticky":false,"template":"","format":"standard","meta":{"footnotes":""},"categories":[11,2,20,10],"tags":[55,60,29],"class_list":["post-10024","post","type-post","status-publish","format-standard","has-post-thumbnail","hentry","category-homepage-french","category-politique","category-top-nouvelles","category-toutes-les-actualites","tag-africa-press","tag-africa-press-niger","tag-niger"],"yoast_head":"<!-- This site is optimized with the Yoast SEO Premium plugin v26.1 (Yoast SEO v27.0) - https:\/\/yoast.com\/product\/yoast-seo-premium-wordpress\/ -->\n<title>Tillab\u00e9ri : Une mission parlementaire d\u2019information et de sensibilisation s\u00e9journe dans la R\u00e9gion - niger<\/title>\n<meta name=\"description\" content=\"\u00e9ry, 13 Ao\u00fbt (ANP) - Une d\u00e9l\u00e9gation des parlementaires et des techniciens de la Commission des Affaires Economiques et d ...\" \/>\n<meta name=\"robots\" content=\"index, follow, max-snippet:-1, max-image-preview:large, max-video-preview:-1\" \/>\n<link rel=\"canonical\" href=\"https:\/\/www.africa-press.net\/niger\/politique\/tillaberi-une-mission-parlementaire-dinformation-et-de-sensibilisation-sejourne-dans-la-region\" \/>\n<meta property=\"og:locale\" content=\"fr_FR\" \/>\n<meta property=\"og:type\" content=\"article\" \/>\n<meta property=\"og:title\" content=\"Tillab\u00e9ri : Une mission parlementaire d\u2019information et de sensibilisation s\u00e9journe dans la R\u00e9gion\" \/>\n<meta property=\"og:description\" content=\"\u00e9ry, 13 Ao\u00fbt (ANP) - Une d\u00e9l\u00e9gation des parlementaires et des techniciens de la Commission des Affaires Economiques et d ...\" \/>\n<meta property=\"og:url\" content=\"https:\/\/www.africa-press.net\/niger\/politique\/tillaberi-une-mission-parlementaire-dinformation-et-de-sensibilisation-sejourne-dans-la-region\" \/>\n<meta property=\"og:site_name\" content=\"niger\" \/>\n<meta property=\"article:published_time\" content=\"2021-08-14T14:04:32+00:00\" \/>\n<meta property=\"article:modified_time\" content=\"2021-08-16T21:30:33+00:00\" \/>\n<meta property=\"og:image\" content=\"https:\/\/static.africa-press.net\/niger\/sites\/40\/2021\/08\/img-6117c92523366.jpg\" \/>\n\t<meta property=\"og:image:width\" content=\"1080\" \/>\n\t<meta property=\"og:image:height\" content=\"809\" \/>\n\t<meta property=\"og:image:type\" content=\"image\/jpeg\" \/>\n<meta name=\"author\" content=\"cfeditorfr\" \/>\n<meta name=\"twitter:card\" content=\"summary_large_image\" \/>\n<meta name=\"twitter:label1\" content=\"\u00c9crit par\" \/>\n\t<meta name=\"twitter:data1\" content=\"cfeditorfr\" \/>\n\t<meta name=\"twitter:label2\" content=\"Dur\u00e9e de lecture estim\u00e9e\" \/>\n\t<meta name=\"twitter:data2\" content=\"2 minutes\" \/>\n<script type=\"application\/ld+json\" class=\"yoast-schema-graph\">{\"@context\":\"https:\/\/schema.org\",\"@graph\":[{\"@type\":\"Article\",\"@id\":\"https:\/\/www.africa-press.net\/niger\/politique\/tillaberi-une-mission-parlementaire-dinformation-et-de-sensibilisation-sejourne-dans-la-region#article\",\"isPartOf\":{\"@id\":\"https:\/\/www.africa-press.net\/niger\/politique\/tillaberi-une-mission-parlementaire-dinformation-et-de-sensibilisation-sejourne-dans-la-region\"},\"author\":{\"name\":\"cfeditorfr\",\"@id\":\"https:\/\/www.africa-press.net\/niger\/#\/schema\/person\/2b1cf3cd81a31e3cd26889ca66d677f1\"},\"headline\":\"Tillab\u00e9ri : Une mission parlementaire d\u2019information et de sensibilisation s\u00e9journe dans la R\u00e9gion\",\"datePublished\":\"2021-08-14T14:04:32+00:00\",\"dateModified\":\"2021-08-16T21:30:33+00:00\",\"mainEntityOfPage\":{\"@id\":\"https:\/\/www.africa-press.net\/niger\/politique\/tillaberi-une-mission-parlementaire-dinformation-et-de-sensibilisation-sejourne-dans-la-region\"},\"wordCount\":373,\"commentCount\":0,\"image\":{\"@id\":\"https:\/\/www.africa-press.net\/niger\/politique\/tillaberi-une-mission-parlementaire-dinformation-et-de-sensibilisation-sejourne-dans-la-region#primaryimage\"},\"thumbnailUrl\":\"https:\/\/static.africa-press.net\/niger\/sites\/40\/2021\/08\/img-6117c92523366.jpg\",\"keywords\":[\"Africa Press\",\"Africa Press-Niger\",\"Niger\"],\"articleSection\":[\"homepage-french\",\"Politique\",\"Top Nouvelles\",\"Toutes les actualit\u00e9s\"],\"inLanguage\":\"fr-FR\",\"potentialAction\":[{\"@type\":\"CommentAction\",\"name\":\"Comment\",\"target\":[\"https:\/\/www.africa-press.net\/niger\/politique\/tillaberi-une-mission-parlementaire-dinformation-et-de-sensibilisation-sejourne-dans-la-region#respond\"]}]},{\"@type\":\"WebPage\",\"@id\":\"https:\/\/www.africa-press.net\/niger\/politique\/tillaberi-une-mission-parlementaire-dinformation-et-de-sensibilisation-sejourne-dans-la-region\",\"url\":\"https:\/\/www.africa-press.net\/niger\/politique\/tillaberi-une-mission-parlementaire-dinformation-et-de-sensibilisation-sejourne-dans-la-region\",\"name\":\"Tillab\u00e9ri : Une mission parlementaire d\u2019information et de sensibilisation s\u00e9journe dans la R\u00e9gion - niger\",\"isPartOf\":{\"@id\":\"https:\/\/www.africa-press.net\/niger\/#website\"},\"primaryImageOfPage\":{\"@id\":\"https:\/\/www.africa-press.net\/niger\/politique\/tillaberi-une-mission-parlementaire-dinformation-et-de-sensibilisation-sejourne-dans-la-region#primaryimage\"},\"image\":{\"@id\":\"https:\/\/www.africa-press.net\/niger\/politique\/tillaberi-une-mission-parlementaire-dinformation-et-de-sensibilisation-sejourne-dans-la-region#primaryimage\"},\"thumbnailUrl\":\"https:\/\/static.africa-press.net\/niger\/sites\/40\/2021\/08\/img-6117c92523366.jpg\",\"datePublished\":\"2021-08-14T14:04:32+00:00\",\"dateModified\":\"2021-08-16T21:30:33+00:00\",\"author\":{\"@id\":\"https:\/\/www.africa-press.net\/niger\/#\/schema\/person\/2b1cf3cd81a31e3cd26889ca66d677f1\"},\"description\":\"\u00e9ry, 13 Ao\u00fbt (ANP) - Une d\u00e9l\u00e9gation des parlementaires et des techniciens de la Commission des Affaires Economiques et d ...\",\"breadcrumb\":{\"@id\":\"https:\/\/www.africa-press.net\/niger\/politique\/tillaberi-une-mission-parlementaire-dinformation-et-de-sensibilisation-sejourne-dans-la-region#breadcrumb\"},\"inLanguage\":\"fr-FR\",\"potentialAction\":[{\"@type\":\"ReadAction\",\"target\":[\"https:\/\/www.africa-press.net\/niger\/politique\/tillaberi-une-mission-parlementaire-dinformation-et-de-sensibilisation-sejourne-dans-la-region\"]}]},{\"@type\":\"ImageObject\",\"inLanguage\":\"fr-FR\",\"@id\":\"https:\/\/www.africa-press.net\/niger\/politique\/tillaberi-une-mission-parlementaire-dinformation-et-de-sensibilisation-sejourne-dans-la-region#primaryimage\",\"url\":\"https:\/\/static.africa-press.net\/niger\/sites\/40\/2021\/08\/img-6117c92523366.jpg\",\"contentUrl\":\"https:\/\/static.africa-press.net\/niger\/sites\/40\/2021\/08\/img-6117c92523366.jpg\",\"width\":1080,\"height\":809,\"caption\":\"Tillab\u00e9ri : Une mission parlementaire d\u2019information et de sensibilisation s\u00e9journe dans la R\u00e9gion\"},{\"@type\":\"BreadcrumbList\",\"@id\":\"https:\/\/www.africa-press.net\/niger\/politique\/tillaberi-une-mission-parlementaire-dinformation-et-de-sensibilisation-sejourne-dans-la-region#breadcrumb\",\"itemListElement\":[{\"@type\":\"ListItem\",\"position\":1,\"name\":\"Accueil\",\"item\":\"https:\/\/www.africa-press.net\/niger\/\"},{\"@type\":\"ListItem\",\"position\":2,\"name\":\"Tillab\u00e9ri : Une mission parlementaire d\u2019information et de sensibilisation s\u00e9journe dans la R\u00e9gion\"}]},{\"@type\":\"WebSite\",\"@id\":\"https:\/\/www.africa-press.net\/niger\/#website\",\"url\":\"https:\/\/www.africa-press.net\/niger\/\",\"name\":\"niger\",\"description\":\"Just another Africa News Agency Sites site\",\"potentialAction\":[{\"@type\":\"SearchAction\",\"target\":{\"@type\":\"EntryPoint\",\"urlTemplate\":\"https:\/\/www.africa-press.net\/niger\/?s={search_term_string}\"},\"query-input\":{\"@type\":\"PropertyValueSpecification\",\"valueRequired\":true,\"valueName\":\"search_term_string\"}}],\"inLanguage\":\"fr-FR\"},{\"@type\":\"Person\",\"@id\":\"https:\/\/www.africa-press.net\/niger\/#\/schema\/person\/2b1cf3cd81a31e3cd26889ca66d677f1\",\"name\":\"cfeditorfr\"}]}<\/script>\n<!-- \/ Yoast SEO Premium plugin. -->","yoast_head_json":{"title":"Tillab\u00e9ri : Une mission parlementaire d\u2019information et de sensibilisation s\u00e9journe dans la R\u00e9gion - niger","description":"\u00e9ry, 13 Ao\u00fbt (ANP) - Une d\u00e9l\u00e9gation des parlementaires et des techniciens de la Commission des Affaires Economiques et d ...","robots":{"index":"index","follow":"follow","max-snippet":"max-snippet:-1","max-image-preview":"max-image-preview:large","max-video-preview":"max-video-preview:-1"},"canonical":"https:\/\/www.africa-press.net\/niger\/politique\/tillaberi-une-mission-parlementaire-dinformation-et-de-sensibilisation-sejourne-dans-la-region","og_locale":"fr_FR","og_type":"article","og_title":"Tillab\u00e9ri : Une mission parlementaire d\u2019information et de sensibilisation s\u00e9journe dans la R\u00e9gion","og_description":"\u00e9ry, 13 Ao\u00fbt (ANP) - Une d\u00e9l\u00e9gation des parlementaires et des techniciens de la Commission des Affaires Economiques et d ...","og_url":"https:\/\/www.africa-press.net\/niger\/politique\/tillaberi-une-mission-parlementaire-dinformation-et-de-sensibilisation-sejourne-dans-la-region","og_site_name":"niger","article_published_time":"2021-08-14T14:04:32+00:00","article_modified_time":"2021-08-16T21:30:33+00:00","og_image":[{"width":1080,"height":809,"url":"https:\/\/static.africa-press.net\/niger\/sites\/40\/2021\/08\/img-6117c92523366.jpg","type":"image\/jpeg"}],"author":"cfeditorfr","twitter_card":"summary_large_image","twitter_misc":{"\u00c9crit par":"cfeditorfr","Dur\u00e9e de lecture estim\u00e9e":"2 minutes"},"schema":{"@context":"https:\/\/schema.org","@graph":[{"@type":"Article","@id":"https:\/\/www.africa-press.net\/niger\/politique\/tillaberi-une-mission-parlementaire-dinformation-et-de-sensibilisation-sejourne-dans-la-region#article","isPartOf":{"@id":"https:\/\/www.africa-press.net\/niger\/politique\/tillaberi-une-mission-parlementaire-dinformation-et-de-sensibilisation-sejourne-dans-la-region"},"author":{"name":"cfeditorfr","@id":"https:\/\/www.africa-press.net\/niger\/#\/schema\/person\/2b1cf3cd81a31e3cd26889ca66d677f1"},"headline":"Tillab\u00e9ri : Une mission parlementaire d\u2019information et de sensibilisation s\u00e9journe dans la R\u00e9gion","datePublished":"2021-08-14T14:04:32+00:00","dateModified":"2021-08-16T21:30:33+00:00","mainEntityOfPage":{"@id":"https:\/\/www.africa-press.net\/niger\/politique\/tillaberi-une-mission-parlementaire-dinformation-et-de-sensibilisation-sejourne-dans-la-region"},"wordCount":373,"commentCount":0,"image":{"@id":"https:\/\/www.africa-press.net\/niger\/politique\/tillaberi-une-mission-parlementaire-dinformation-et-de-sensibilisation-sejourne-dans-la-region#primaryimage"},"thumbnailUrl":"https:\/\/static.africa-press.net\/niger\/sites\/40\/2021\/08\/img-6117c92523366.jpg","keywords":["Africa Press","Africa Press-Niger","Niger"],"articleSection":["homepage-french","Politique","Top Nouvelles","Toutes les actualit\u00e9s"],"inLanguage":"fr-FR","potentialAction":[{"@type":"CommentAction","name":"Comment","target":["https:\/\/www.africa-press.net\/niger\/politique\/tillaberi-une-mission-parlementaire-dinformation-et-de-sensibilisation-sejourne-dans-la-region#respond"]}]},{"@type":"WebPage","@id":"https:\/\/www.africa-press.net\/niger\/politique\/tillaberi-une-mission-parlementaire-dinformation-et-de-sensibilisation-sejourne-dans-la-region","url":"https:\/\/www.africa-press.net\/niger\/politique\/tillaberi-une-mission-parlementaire-dinformation-et-de-sensibilisation-sejourne-dans-la-region","name":"Tillab\u00e9ri : Une mission parlementaire d\u2019information et de sensibilisation s\u00e9journe dans la R\u00e9gion - niger","isPartOf":{"@id":"https:\/\/www.africa-press.net\/niger\/#website"},"primaryImageOfPage":{"@id":"https:\/\/www.africa-press.net\/niger\/politique\/tillaberi-une-mission-parlementaire-dinformation-et-de-sensibilisation-sejourne-dans-la-region#primaryimage"},"image":{"@id":"https:\/\/www.africa-press.net\/niger\/politique\/tillaberi-une-mission-parlementaire-dinformation-et-de-sensibilisation-sejourne-dans-la-region#primaryimage"},"thumbnailUrl":"https:\/\/static.africa-press.net\/niger\/sites\/40\/2021\/08\/img-6117c92523366.jpg","datePublished":"2021-08-14T14:04:32+00:00","dateModified":"2021-08-16T21:30:33+00:00","author":{"@id":"https:\/\/www.africa-press.net\/niger\/#\/schema\/person\/2b1cf3cd81a31e3cd26889ca66d677f1"},"description":"\u00e9ry, 13 Ao\u00fbt (ANP) - Une d\u00e9l\u00e9gation des parlementaires et des techniciens de la Commission des Affaires Economiques et d ...","breadcrumb":{"@id":"https:\/\/www.africa-press.net\/niger\/politique\/tillaberi-une-mission-parlementaire-dinformation-et-de-sensibilisation-sejourne-dans-la-region#breadcrumb"},"inLanguage":"fr-FR","potentialAction":[{"@type":"ReadAction","target":["https:\/\/www.africa-press.net\/niger\/politique\/tillaberi-une-mission-parlementaire-dinformation-et-de-sensibilisation-sejourne-dans-la-region"]}]},{"@type":"ImageObject","inLanguage":"fr-FR","@id":"https:\/\/www.africa-press.net\/niger\/politique\/tillaberi-une-mission-parlementaire-dinformation-et-de-sensibilisation-sejourne-dans-la-region#primaryimage","url":"https:\/\/static.africa-press.net\/niger\/sites\/40\/2021\/08\/img-6117c92523366.jpg","contentUrl":"https:\/\/static.africa-press.net\/niger\/sites\/40\/2021\/08\/img-6117c92523366.jpg","width":1080,"height":809,"caption":"Tillab\u00e9ri : Une mission parlementaire d\u2019information et de sensibilisation s\u00e9journe dans la R\u00e9gion"},{"@type":"BreadcrumbList","@id":"https:\/\/www.africa-press.net\/niger\/politique\/tillaberi-une-mission-parlementaire-dinformation-et-de-sensibilisation-sejourne-dans-la-region#breadcrumb","itemListElement":[{"@type":"ListItem","position":1,"name":"Accueil","item":"https:\/\/www.africa-press.net\/niger\/"},{"@type":"ListItem","position":2,"name":"Tillab\u00e9ri : Une mission parlementaire d\u2019information et de sensibilisation s\u00e9journe dans la R\u00e9gion"}]},{"@type":"WebSite","@id":"https:\/\/www.africa-press.net\/niger\/#website","url":"https:\/\/www.africa-press.net\/niger\/","name":"niger","description":"Just another Africa News Agency Sites site","potentialAction":[{"@type":"SearchAction","target":{"@type":"EntryPoint","urlTemplate":"https:\/\/www.africa-press.net\/niger\/?s={search_term_string}"},"query-input":{"@type":"PropertyValueSpecification","valueRequired":true,"valueName":"search_term_string"}}],"inLanguage":"fr-FR"},{"@type":"Person","@id":"https:\/\/www.africa-press.net\/niger\/#\/schema\/person\/2b1cf3cd81a31e3cd26889ca66d677f1","name":"cfeditorfr"}]}},"_links":{"self":[{"href":"https:\/\/www.africa-press.net\/niger\/wp-json\/wp\/v2\/posts\/10024","targetHints":{"allow":["GET"]}}],"collection":[{"href":"https:\/\/www.africa-press.net\/niger\/wp-json\/wp\/v2\/posts"}],"about":[{"href":"https:\/\/www.africa-press.net\/niger\/wp-json\/wp\/v2\/types\/post"}],"author":[{"embeddable":true,"href":"https:\/\/www.africa-press.net\/niger\/wp-json\/wp\/v2\/users\/82"}],"replies":[{"embeddable":true,"href":"https:\/\/www.africa-press.net\/niger\/wp-json\/wp\/v2\/comments?post=10024"}],"version-history":[{"count":0,"href":"https:\/\/www.africa-press.net\/niger\/wp-json\/wp\/v2\/posts\/10024\/revisions"}],"wp:featuredmedia":[{"embeddable":true,"href":"https:\/\/www.africa-press.net\/niger\/wp-json\/wp\/v2\/media\/10023"}],"wp:attachment":[{"href":"https:\/\/www.africa-press.net\/niger\/wp-json\/wp\/v2\/media?parent=10024"}],"wp:term":[{"taxonomy":"category","embeddable":true,"href":"https:\/\/www.africa-press.net\/niger\/wp-json\/wp\/v2\/categories?post=10024"},{"taxonomy":"post_tag","embeddable":true,"href":"https:\/\/www.africa-press.net\/niger\/wp-json\/wp\/v2\/tags?post=10024"}],"curies":[{"name":"wp","href":"https:\/\/api.w.org\/{rel}","templated":true}]}}