{"id":10049,"date":"2021-08-15T12:52:00","date_gmt":"2021-08-15T12:52:00","guid":{"rendered":"https:\/\/www.africa-press.net\/niger\/?p=10049"},"modified":"2021-08-16T21:32:17","modified_gmt":"2021-08-16T21:32:17","slug":"arrivee-du-president-mohamed-bazoum-a-zinder-pour-ses-premieres-vacances","status":"publish","type":"post","link":"https:\/\/www.africa-press.net\/niger\/politique\/arrivee-du-president-mohamed-bazoum-a-zinder-pour-ses-premieres-vacances","title":{"rendered":"Arriv\u00e9e du Pr\u00e9sident Mohamed Bazoum \u00e0 Zinder pour ses premi\u00e8res vacances"},"content":{"rendered":"<p><span style=\"color: #ff6600\"><strong><a href=\"https:\/\/www.africa-press.net\/\">Africa-Press<\/a> &#8211; <a href=\"https:\/\/www.africa-press.net\/niger\">Niger<\/a>. <\/strong><\/span>\u00a0Le Pr\u00e9sident de la R\u00e9publique Mohamed Bazoum est arriv\u00e9, samedi en fin de matin\u00e9 \u00e0 Zinder, pour ses premi\u00e8res vacances annuelles de quelques jours dans la r\u00e9gion.<\/p>\n<p>Il a \u00e9t\u00e9 accueilli \u00e0 sa descente d\u2019avion par le Gouverneur de la R\u00e9gion, M. Issa Moussa, en pr\u00e9sence du pr\u00e9sident du Conseil R\u00e9gional, du pr\u00e9sident du Conseil de Ville de Zinder et le Sultan du Damagaram.<\/p>\n<p>Apr\u00e8s avoir pass\u00e9 en revue un d\u00e9tachement des \u00e9l\u00e9ments des FAN de la Zone de d\u00e9fense N\u00b03 qui lui rendait les honneurs, le Chef de l\u2019Etat a \u00e9t\u00e9 salu\u00e9 par des d\u00e9put\u00e9s, des chefs traditionnels, des \u00e9lus locaux et plusieurs autres personnalit\u00e9s, avant de prendre un bain de foule.<\/p>\n<p>Apr\u00e8s cet accueil chaleureux \u00e0 l&rsquo;A\u00e9roport de Zinder, le Pr\u00e9sident de la R\u00e9publique s&rsquo;est rendu \u00e0 la Case de passage pr\u00e9sidentielle o\u00f9 il s\u2019est entretenu avec plusieurs personnalit\u00e9s.<\/p>\n<p>Le Chef de l&rsquo;Etat, qu&rsquo;accompagne la Premi\u00e8re dame et plusieurs personnalit\u00e9s, entame ainsi un s\u00e9jour priv\u00e9 de plusieurs jours dans la r\u00e9gion de Zinder.<\/p>\n<p>&nbsp;<\/p>\n","protected":false},"excerpt":{"rendered":"<p>Africa-Press &#8211; Niger. \u00a0Le Pr\u00e9sident de la R\u00e9publique Mohamed Bazoum est arriv\u00e9, samedi en fin de matin\u00e9 \u00e0 Zinder, pour ses premi\u00e8res vacances annuelles de quelques jours dans la r\u00e9gion. Il a \u00e9t\u00e9 accueilli \u00e0 sa descente d\u2019avion par le Gouverneur de la R\u00e9gion, M. Issa Moussa, en pr\u00e9sence du pr\u00e9sident du Conseil R\u00e9gional, du [&hellip;]<\/p>\n","protected":false},"author":82,"featured_media":10048,"comment_status":"open","ping_status":"closed","sticky":false,"template":"","format":"standard","meta":{"footnotes":""},"categories":[11,2,20,10],"tags":[55,60,29],"class_list":["post-10049","post","type-post","status-publish","format-standard","has-post-thumbnail","hentry","category-homepage-french","category-politique","category-top-nouvelles","category-toutes-les-actualites","tag-africa-press","tag-africa-press-niger","tag-niger"],"yoast_head":"<!-- This site is optimized with the Yoast SEO Premium plugin v26.1 (Yoast SEO v27.0) - https:\/\/yoast.com\/product\/yoast-seo-premium-wordpress\/ -->\n<title>Arriv\u00e9e du Pr\u00e9sident Mohamed Bazoum \u00e0 Zinder pour ses premi\u00e8res vacances - niger<\/title>\n<meta name=\"description\" content=\", 14 Ao\u00fbt (ANP) - Le Pr\u00e9sident de la R\u00e9publique Mohamed Bazoum est arriv\u00e9, samedi en fin de matin\u00e9 \u00e0 Zinder, pour ses pr ...\" \/>\n<meta name=\"robots\" content=\"index, follow, max-snippet:-1, max-image-preview:large, max-video-preview:-1\" \/>\n<link rel=\"canonical\" href=\"https:\/\/www.africa-press.net\/niger\/politique\/arrivee-du-president-mohamed-bazoum-a-zinder-pour-ses-premieres-vacances\" \/>\n<meta property=\"og:locale\" content=\"fr_FR\" \/>\n<meta property=\"og:type\" content=\"article\" \/>\n<meta property=\"og:title\" content=\"Arriv\u00e9e du Pr\u00e9sident Mohamed Bazoum \u00e0 Zinder pour ses premi\u00e8res vacances\" \/>\n<meta property=\"og:description\" content=\", 14 Ao\u00fbt (ANP) - Le Pr\u00e9sident de la R\u00e9publique Mohamed Bazoum est arriv\u00e9, samedi en fin de matin\u00e9 \u00e0 Zinder, pour ses pr ...\" \/>\n<meta property=\"og:url\" content=\"https:\/\/www.africa-press.net\/niger\/politique\/arrivee-du-president-mohamed-bazoum-a-zinder-pour-ses-premieres-vacances\" \/>\n<meta property=\"og:site_name\" content=\"niger\" \/>\n<meta property=\"article:published_time\" content=\"2021-08-15T12:52:00+00:00\" \/>\n<meta property=\"article:modified_time\" content=\"2021-08-16T21:32:17+00:00\" \/>\n<meta property=\"og:image\" content=\"https:\/\/static.africa-press.net\/niger\/sites\/40\/2021\/08\/img-61190b8c71ce7.jpg\" \/>\n\t<meta property=\"og:image:width\" content=\"960\" \/>\n\t<meta property=\"og:image:height\" content=\"640\" \/>\n\t<meta property=\"og:image:type\" content=\"image\/jpeg\" \/>\n<meta name=\"author\" content=\"cfeditorfr\" \/>\n<meta name=\"twitter:card\" content=\"summary_large_image\" \/>\n<meta name=\"twitter:label1\" content=\"\u00c9crit par\" \/>\n\t<meta name=\"twitter:data1\" content=\"cfeditorfr\" \/>\n\t<meta name=\"twitter:label2\" content=\"Dur\u00e9e de lecture estim\u00e9e\" \/>\n\t<meta name=\"twitter:data2\" content=\"1 minute\" \/>\n<script type=\"application\/ld+json\" class=\"yoast-schema-graph\">{\"@context\":\"https:\/\/schema.org\",\"@graph\":[{\"@type\":\"Article\",\"@id\":\"https:\/\/www.africa-press.net\/niger\/politique\/arrivee-du-president-mohamed-bazoum-a-zinder-pour-ses-premieres-vacances#article\",\"isPartOf\":{\"@id\":\"https:\/\/www.africa-press.net\/niger\/politique\/arrivee-du-president-mohamed-bazoum-a-zinder-pour-ses-premieres-vacances\"},\"author\":{\"name\":\"cfeditorfr\",\"@id\":\"https:\/\/www.africa-press.net\/niger\/#\/schema\/person\/2b1cf3cd81a31e3cd26889ca66d677f1\"},\"headline\":\"Arriv\u00e9e du Pr\u00e9sident Mohamed Bazoum \u00e0 Zinder pour ses premi\u00e8res vacances\",\"datePublished\":\"2021-08-15T12:52:00+00:00\",\"dateModified\":\"2021-08-16T21:32:17+00:00\",\"mainEntityOfPage\":{\"@id\":\"https:\/\/www.africa-press.net\/niger\/politique\/arrivee-du-president-mohamed-bazoum-a-zinder-pour-ses-premieres-vacances\"},\"wordCount\":211,\"commentCount\":0,\"image\":{\"@id\":\"https:\/\/www.africa-press.net\/niger\/politique\/arrivee-du-president-mohamed-bazoum-a-zinder-pour-ses-premieres-vacances#primaryimage\"},\"thumbnailUrl\":\"https:\/\/static.africa-press.net\/niger\/sites\/40\/2021\/08\/img-61190b8c71ce7.jpg\",\"keywords\":[\"Africa Press\",\"Africa Press-Niger\",\"Niger\"],\"articleSection\":[\"homepage-french\",\"Politique\",\"Top Nouvelles\",\"Toutes les actualit\u00e9s\"],\"inLanguage\":\"fr-FR\",\"potentialAction\":[{\"@type\":\"CommentAction\",\"name\":\"Comment\",\"target\":[\"https:\/\/www.africa-press.net\/niger\/politique\/arrivee-du-president-mohamed-bazoum-a-zinder-pour-ses-premieres-vacances#respond\"]}]},{\"@type\":\"WebPage\",\"@id\":\"https:\/\/www.africa-press.net\/niger\/politique\/arrivee-du-president-mohamed-bazoum-a-zinder-pour-ses-premieres-vacances\",\"url\":\"https:\/\/www.africa-press.net\/niger\/politique\/arrivee-du-president-mohamed-bazoum-a-zinder-pour-ses-premieres-vacances\",\"name\":\"Arriv\u00e9e du Pr\u00e9sident Mohamed Bazoum \u00e0 Zinder pour ses premi\u00e8res vacances - niger\",\"isPartOf\":{\"@id\":\"https:\/\/www.africa-press.net\/niger\/#website\"},\"primaryImageOfPage\":{\"@id\":\"https:\/\/www.africa-press.net\/niger\/politique\/arrivee-du-president-mohamed-bazoum-a-zinder-pour-ses-premieres-vacances#primaryimage\"},\"image\":{\"@id\":\"https:\/\/www.africa-press.net\/niger\/politique\/arrivee-du-president-mohamed-bazoum-a-zinder-pour-ses-premieres-vacances#primaryimage\"},\"thumbnailUrl\":\"https:\/\/static.africa-press.net\/niger\/sites\/40\/2021\/08\/img-61190b8c71ce7.jpg\",\"datePublished\":\"2021-08-15T12:52:00+00:00\",\"dateModified\":\"2021-08-16T21:32:17+00:00\",\"author\":{\"@id\":\"https:\/\/www.africa-press.net\/niger\/#\/schema\/person\/2b1cf3cd81a31e3cd26889ca66d677f1\"},\"description\":\", 14 Ao\u00fbt (ANP) - Le Pr\u00e9sident de la R\u00e9publique Mohamed Bazoum est arriv\u00e9, samedi en fin de matin\u00e9 \u00e0 Zinder, pour ses pr ...\",\"breadcrumb\":{\"@id\":\"https:\/\/www.africa-press.net\/niger\/politique\/arrivee-du-president-mohamed-bazoum-a-zinder-pour-ses-premieres-vacances#breadcrumb\"},\"inLanguage\":\"fr-FR\",\"potentialAction\":[{\"@type\":\"ReadAction\",\"target\":[\"https:\/\/www.africa-press.net\/niger\/politique\/arrivee-du-president-mohamed-bazoum-a-zinder-pour-ses-premieres-vacances\"]}]},{\"@type\":\"ImageObject\",\"inLanguage\":\"fr-FR\",\"@id\":\"https:\/\/www.africa-press.net\/niger\/politique\/arrivee-du-president-mohamed-bazoum-a-zinder-pour-ses-premieres-vacances#primaryimage\",\"url\":\"https:\/\/static.africa-press.net\/niger\/sites\/40\/2021\/08\/img-61190b8c71ce7.jpg\",\"contentUrl\":\"https:\/\/static.africa-press.net\/niger\/sites\/40\/2021\/08\/img-61190b8c71ce7.jpg\",\"width\":960,\"height\":640,\"caption\":\"Arriv\u00e9e du Pr\u00e9sident Mohamed Bazoum \u00e0 Zinder pour ses premi\u00e8res vacances\"},{\"@type\":\"BreadcrumbList\",\"@id\":\"https:\/\/www.africa-press.net\/niger\/politique\/arrivee-du-president-mohamed-bazoum-a-zinder-pour-ses-premieres-vacances#breadcrumb\",\"itemListElement\":[{\"@type\":\"ListItem\",\"position\":1,\"name\":\"Accueil\",\"item\":\"https:\/\/www.africa-press.net\/niger\/\"},{\"@type\":\"ListItem\",\"position\":2,\"name\":\"Arriv\u00e9e du Pr\u00e9sident Mohamed Bazoum \u00e0 Zinder pour ses premi\u00e8res vacances\"}]},{\"@type\":\"WebSite\",\"@id\":\"https:\/\/www.africa-press.net\/niger\/#website\",\"url\":\"https:\/\/www.africa-press.net\/niger\/\",\"name\":\"niger\",\"description\":\"Just another Africa News Agency Sites site\",\"potentialAction\":[{\"@type\":\"SearchAction\",\"target\":{\"@type\":\"EntryPoint\",\"urlTemplate\":\"https:\/\/www.africa-press.net\/niger\/?s={search_term_string}\"},\"query-input\":{\"@type\":\"PropertyValueSpecification\",\"valueRequired\":true,\"valueName\":\"search_term_string\"}}],\"inLanguage\":\"fr-FR\"},{\"@type\":\"Person\",\"@id\":\"https:\/\/www.africa-press.net\/niger\/#\/schema\/person\/2b1cf3cd81a31e3cd26889ca66d677f1\",\"name\":\"cfeditorfr\"}]}<\/script>\n<!-- \/ Yoast SEO Premium plugin. -->","yoast_head_json":{"title":"Arriv\u00e9e du Pr\u00e9sident Mohamed Bazoum \u00e0 Zinder pour ses premi\u00e8res vacances - niger","description":", 14 Ao\u00fbt (ANP) - Le Pr\u00e9sident de la R\u00e9publique Mohamed Bazoum est arriv\u00e9, samedi en fin de matin\u00e9 \u00e0 Zinder, pour ses pr ...","robots":{"index":"index","follow":"follow","max-snippet":"max-snippet:-1","max-image-preview":"max-image-preview:large","max-video-preview":"max-video-preview:-1"},"canonical":"https:\/\/www.africa-press.net\/niger\/politique\/arrivee-du-president-mohamed-bazoum-a-zinder-pour-ses-premieres-vacances","og_locale":"fr_FR","og_type":"article","og_title":"Arriv\u00e9e du Pr\u00e9sident Mohamed Bazoum \u00e0 Zinder pour ses premi\u00e8res vacances","og_description":", 14 Ao\u00fbt (ANP) - Le Pr\u00e9sident de la R\u00e9publique Mohamed Bazoum est arriv\u00e9, samedi en fin de matin\u00e9 \u00e0 Zinder, pour ses pr ...","og_url":"https:\/\/www.africa-press.net\/niger\/politique\/arrivee-du-president-mohamed-bazoum-a-zinder-pour-ses-premieres-vacances","og_site_name":"niger","article_published_time":"2021-08-15T12:52:00+00:00","article_modified_time":"2021-08-16T21:32:17+00:00","og_image":[{"width":960,"height":640,"url":"https:\/\/static.africa-press.net\/niger\/sites\/40\/2021\/08\/img-61190b8c71ce7.jpg","type":"image\/jpeg"}],"author":"cfeditorfr","twitter_card":"summary_large_image","twitter_misc":{"\u00c9crit par":"cfeditorfr","Dur\u00e9e de lecture estim\u00e9e":"1 minute"},"schema":{"@context":"https:\/\/schema.org","@graph":[{"@type":"Article","@id":"https:\/\/www.africa-press.net\/niger\/politique\/arrivee-du-president-mohamed-bazoum-a-zinder-pour-ses-premieres-vacances#article","isPartOf":{"@id":"https:\/\/www.africa-press.net\/niger\/politique\/arrivee-du-president-mohamed-bazoum-a-zinder-pour-ses-premieres-vacances"},"author":{"name":"cfeditorfr","@id":"https:\/\/www.africa-press.net\/niger\/#\/schema\/person\/2b1cf3cd81a31e3cd26889ca66d677f1"},"headline":"Arriv\u00e9e du Pr\u00e9sident Mohamed Bazoum \u00e0 Zinder pour ses premi\u00e8res vacances","datePublished":"2021-08-15T12:52:00+00:00","dateModified":"2021-08-16T21:32:17+00:00","mainEntityOfPage":{"@id":"https:\/\/www.africa-press.net\/niger\/politique\/arrivee-du-president-mohamed-bazoum-a-zinder-pour-ses-premieres-vacances"},"wordCount":211,"commentCount":0,"image":{"@id":"https:\/\/www.africa-press.net\/niger\/politique\/arrivee-du-president-mohamed-bazoum-a-zinder-pour-ses-premieres-vacances#primaryimage"},"thumbnailUrl":"https:\/\/static.africa-press.net\/niger\/sites\/40\/2021\/08\/img-61190b8c71ce7.jpg","keywords":["Africa Press","Africa Press-Niger","Niger"],"articleSection":["homepage-french","Politique","Top Nouvelles","Toutes les actualit\u00e9s"],"inLanguage":"fr-FR","potentialAction":[{"@type":"CommentAction","name":"Comment","target":["https:\/\/www.africa-press.net\/niger\/politique\/arrivee-du-president-mohamed-bazoum-a-zinder-pour-ses-premieres-vacances#respond"]}]},{"@type":"WebPage","@id":"https:\/\/www.africa-press.net\/niger\/politique\/arrivee-du-president-mohamed-bazoum-a-zinder-pour-ses-premieres-vacances","url":"https:\/\/www.africa-press.net\/niger\/politique\/arrivee-du-president-mohamed-bazoum-a-zinder-pour-ses-premieres-vacances","name":"Arriv\u00e9e du Pr\u00e9sident Mohamed Bazoum \u00e0 Zinder pour ses premi\u00e8res vacances - niger","isPartOf":{"@id":"https:\/\/www.africa-press.net\/niger\/#website"},"primaryImageOfPage":{"@id":"https:\/\/www.africa-press.net\/niger\/politique\/arrivee-du-president-mohamed-bazoum-a-zinder-pour-ses-premieres-vacances#primaryimage"},"image":{"@id":"https:\/\/www.africa-press.net\/niger\/politique\/arrivee-du-president-mohamed-bazoum-a-zinder-pour-ses-premieres-vacances#primaryimage"},"thumbnailUrl":"https:\/\/static.africa-press.net\/niger\/sites\/40\/2021\/08\/img-61190b8c71ce7.jpg","datePublished":"2021-08-15T12:52:00+00:00","dateModified":"2021-08-16T21:32:17+00:00","author":{"@id":"https:\/\/www.africa-press.net\/niger\/#\/schema\/person\/2b1cf3cd81a31e3cd26889ca66d677f1"},"description":", 14 Ao\u00fbt (ANP) - Le Pr\u00e9sident de la R\u00e9publique Mohamed Bazoum est arriv\u00e9, samedi en fin de matin\u00e9 \u00e0 Zinder, pour ses pr ...","breadcrumb":{"@id":"https:\/\/www.africa-press.net\/niger\/politique\/arrivee-du-president-mohamed-bazoum-a-zinder-pour-ses-premieres-vacances#breadcrumb"},"inLanguage":"fr-FR","potentialAction":[{"@type":"ReadAction","target":["https:\/\/www.africa-press.net\/niger\/politique\/arrivee-du-president-mohamed-bazoum-a-zinder-pour-ses-premieres-vacances"]}]},{"@type":"ImageObject","inLanguage":"fr-FR","@id":"https:\/\/www.africa-press.net\/niger\/politique\/arrivee-du-president-mohamed-bazoum-a-zinder-pour-ses-premieres-vacances#primaryimage","url":"https:\/\/static.africa-press.net\/niger\/sites\/40\/2021\/08\/img-61190b8c71ce7.jpg","contentUrl":"https:\/\/static.africa-press.net\/niger\/sites\/40\/2021\/08\/img-61190b8c71ce7.jpg","width":960,"height":640,"caption":"Arriv\u00e9e du Pr\u00e9sident Mohamed Bazoum \u00e0 Zinder pour ses premi\u00e8res vacances"},{"@type":"BreadcrumbList","@id":"https:\/\/www.africa-press.net\/niger\/politique\/arrivee-du-president-mohamed-bazoum-a-zinder-pour-ses-premieres-vacances#breadcrumb","itemListElement":[{"@type":"ListItem","position":1,"name":"Accueil","item":"https:\/\/www.africa-press.net\/niger\/"},{"@type":"ListItem","position":2,"name":"Arriv\u00e9e du Pr\u00e9sident Mohamed Bazoum \u00e0 Zinder pour ses premi\u00e8res vacances"}]},{"@type":"WebSite","@id":"https:\/\/www.africa-press.net\/niger\/#website","url":"https:\/\/www.africa-press.net\/niger\/","name":"niger","description":"Just another Africa News Agency Sites site","potentialAction":[{"@type":"SearchAction","target":{"@type":"EntryPoint","urlTemplate":"https:\/\/www.africa-press.net\/niger\/?s={search_term_string}"},"query-input":{"@type":"PropertyValueSpecification","valueRequired":true,"valueName":"search_term_string"}}],"inLanguage":"fr-FR"},{"@type":"Person","@id":"https:\/\/www.africa-press.net\/niger\/#\/schema\/person\/2b1cf3cd81a31e3cd26889ca66d677f1","name":"cfeditorfr"}]}},"_links":{"self":[{"href":"https:\/\/www.africa-press.net\/niger\/wp-json\/wp\/v2\/posts\/10049","targetHints":{"allow":["GET"]}}],"collection":[{"href":"https:\/\/www.africa-press.net\/niger\/wp-json\/wp\/v2\/posts"}],"about":[{"href":"https:\/\/www.africa-press.net\/niger\/wp-json\/wp\/v2\/types\/post"}],"author":[{"embeddable":true,"href":"https:\/\/www.africa-press.net\/niger\/wp-json\/wp\/v2\/users\/82"}],"replies":[{"embeddable":true,"href":"https:\/\/www.africa-press.net\/niger\/wp-json\/wp\/v2\/comments?post=10049"}],"version-history":[{"count":0,"href":"https:\/\/www.africa-press.net\/niger\/wp-json\/wp\/v2\/posts\/10049\/revisions"}],"wp:featuredmedia":[{"embeddable":true,"href":"https:\/\/www.africa-press.net\/niger\/wp-json\/wp\/v2\/media\/10048"}],"wp:attachment":[{"href":"https:\/\/www.africa-press.net\/niger\/wp-json\/wp\/v2\/media?parent=10049"}],"wp:term":[{"taxonomy":"category","embeddable":true,"href":"https:\/\/www.africa-press.net\/niger\/wp-json\/wp\/v2\/categories?post=10049"},{"taxonomy":"post_tag","embeddable":true,"href":"https:\/\/www.africa-press.net\/niger\/wp-json\/wp\/v2\/tags?post=10049"}],"curies":[{"name":"wp","href":"https:\/\/api.w.org\/{rel}","templated":true}]}}