{"id":10064,"date":"2021-08-16T14:21:16","date_gmt":"2021-08-16T14:21:16","guid":{"rendered":"https:\/\/www.africa-press.net\/niger\/?p=10064"},"modified":"2021-08-16T21:26:19","modified_gmt":"2021-08-16T21:26:19","slug":"niger-nouvelle-prorogation-du-mandat-de-la-delegation-speciale-de-la-commune-rurale-de-ngourti-region-de-diffa","status":"publish","type":"post","link":"https:\/\/www.africa-press.net\/niger\/politique\/niger-nouvelle-prorogation-du-mandat-de-la-delegation-speciale-de-la-commune-rurale-de-ngourti-region-de-diffa","title":{"rendered":"Nouvelle prorogation du mandat de la D\u00e9l\u00e9gation sp\u00e9ciale de la Commune rurale de N\u2019Gourti (r\u00e9gion de Diffa)"},"content":{"rendered":"<p><span style=\"color: #ff6600\"><strong><a href=\"https:\/\/www.africa-press.net\/\">Africa-Press<\/a> &#8211; <a href=\"https:\/\/www.africa-press.net\/niger\">Niger<\/a>.\u00a0 <\/strong><\/span>\u00a0La dur\u00e9e des pouvoirs de la D\u00e9l\u00e9gation sp\u00e9ciale de la commune rurale de N\u2019Gourti, dans la r\u00e9gion de Diffa, arriv\u00e9e \u00e0 terme ce lundi 16 ao\u00fbt 2021, est \u00e0 nouveau prorog\u00e9e \u00e0 compter du 17 ao\u00fbt 2021.<\/p>\n<p>La d\u00e9cision a \u00e9t\u00e9 prise lors de la r\u00e9union du Conseil des Ministres du vendredi 13 ao\u00fbt dernier, qui a \u00e9galement d\u00e9cid\u00e9 de mettre fin aux mandats des Conseils municipaux des communes rurales de Ch\u00e9timari et de Kanembakach\u00e9.<\/p>\n<p>Dans la Commune rurale de N\u2019Gourti, rappelle-t-on en effet, le scrutin n\u2019a pas pu se tenir lors des \u00e9lections locales du 13 d\u00e9cembre 2020 ayant consacr\u00e9 le renouvellement g\u00e9n\u00e9ral des organes d\u00e9lib\u00e9rants des collectivit\u00e9s territoriales. Or, le 12 f\u00e9vrier 2021, les mandats des conseils municipaux, de villes et r\u00e9gionaux et la dur\u00e9e des pouvoirs des d\u00e9l\u00e9gations sp\u00e9ciales ont \u00e9t\u00e9 prorog\u00e9s jusqu\u2019\u00e0 la mise en place des nouveaux conseils, laquelle est intervenue apr\u00e8s dans toutes les communes o\u00f9 il y a eu renouvellement des \u00e9lus locaux.<\/p>\n<p>Pour ce qui est des Communes rurales de Ch\u00e9timari et Kanembakach\u00e9, les conseils municipaux n\u2019ont pas pu \u00eatre renouvel\u00e9s et install\u00e9s \u00e0 l\u2019issue des \u00e9lections locales du 13 d\u00e9cembre 2020 pour causes d\u2019annulation de listes de candidats pour le premier cas et d\u2019annulation des r\u00e9sultats pour le second.<\/p>\n<p>Aussi et en attendant la mise en place des d\u00e9l\u00e9gations sp\u00e9ciales au niveau de ces deux communes, les secr\u00e9taires g\u00e9n\u00e9raux des communes concern\u00e9es, sous le contr\u00f4le des pr\u00e9fets de d\u00e9partements, assurent l\u2019exp\u00e9dition des affaires courantes.<\/p>\n<p>Au Niger, note-t-on, le mandat des conseils municipaux et r\u00e9gionaux est de cinq ans. Toutefois, selon le Code g\u00e9n\u00e9ral des collectivit\u00e9s territoriales, \u00ab\u00a0en cas de n\u00e9cessit\u00e9, ce mandat peut \u00eatre prorog\u00e9 de six mois renouvelables par d\u00e9cret pris en Conseil des Ministres, sans que la dur\u00e9e cumul\u00e9e des prorogations ne d\u00e9passe celle d&rsquo;un mandat\u00a0\u00bb.<\/p>\n<p>&nbsp;<\/p>\n","protected":false},"excerpt":{"rendered":"<p>Africa-Press &#8211; Niger.\u00a0 \u00a0La dur\u00e9e des pouvoirs de la D\u00e9l\u00e9gation sp\u00e9ciale de la commune rurale de N\u2019Gourti, dans la r\u00e9gion de Diffa, arriv\u00e9e \u00e0 terme ce lundi 16 ao\u00fbt 2021, est \u00e0 nouveau prorog\u00e9e \u00e0 compter du 17 ao\u00fbt 2021. La d\u00e9cision a \u00e9t\u00e9 prise lors de la r\u00e9union du Conseil des Ministres du vendredi [&hellip;]<\/p>\n","protected":false},"author":82,"featured_media":10063,"comment_status":"open","ping_status":"closed","sticky":false,"template":"","format":"standard","meta":{"footnotes":""},"categories":[11,2,10],"tags":[55,60,29],"class_list":["post-10064","post","type-post","status-publish","format-standard","has-post-thumbnail","hentry","category-homepage-french","category-politique","category-toutes-les-actualites","tag-africa-press","tag-africa-press-niger","tag-niger"],"yoast_head":"<!-- This site is optimized with the Yoast SEO Premium plugin v26.1 (Yoast SEO v27.0) - https:\/\/yoast.com\/product\/yoast-seo-premium-wordpress\/ -->\n<title>Nouvelle prorogation du mandat de la D\u00e9l\u00e9gation sp\u00e9ciale de la Commune rurale de N\u2019Gourti (r\u00e9gion de Diffa) - niger<\/title>\n<meta name=\"description\" content=\", 16 Ao\u00fbt (ANP) - La dur\u00e9e des pouvoirs de la D\u00e9l\u00e9gation sp\u00e9ciale de la commune rurale de N\u2019Gourti, dans la r\u00e9gion de Di ...\" \/>\n<meta name=\"robots\" content=\"index, follow, max-snippet:-1, max-image-preview:large, max-video-preview:-1\" \/>\n<link rel=\"canonical\" href=\"https:\/\/www.africa-press.net\/niger\/politique\/niger-nouvelle-prorogation-du-mandat-de-la-delegation-speciale-de-la-commune-rurale-de-ngourti-region-de-diffa\" \/>\n<meta property=\"og:locale\" content=\"fr_FR\" \/>\n<meta property=\"og:type\" content=\"article\" \/>\n<meta property=\"og:title\" content=\"Nouvelle prorogation du mandat de la D\u00e9l\u00e9gation sp\u00e9ciale de la Commune rurale de N\u2019Gourti (r\u00e9gion de Diffa)\" \/>\n<meta property=\"og:description\" content=\", 16 Ao\u00fbt (ANP) - La dur\u00e9e des pouvoirs de la D\u00e9l\u00e9gation sp\u00e9ciale de la commune rurale de N\u2019Gourti, dans la r\u00e9gion de Di ...\" \/>\n<meta property=\"og:url\" content=\"https:\/\/www.africa-press.net\/niger\/politique\/niger-nouvelle-prorogation-du-mandat-de-la-delegation-speciale-de-la-commune-rurale-de-ngourti-region-de-diffa\" \/>\n<meta property=\"og:site_name\" content=\"niger\" \/>\n<meta property=\"article:published_time\" content=\"2021-08-16T14:21:16+00:00\" \/>\n<meta property=\"article:modified_time\" content=\"2021-08-16T21:26:19+00:00\" \/>\n<meta property=\"og:image\" content=\"https:\/\/static.africa-press.net\/niger\/sites\/40\/2021\/08\/img-611a6fdc8aebf.jpg\" \/>\n\t<meta property=\"og:image:width\" content=\"720\" \/>\n\t<meta property=\"og:image:height\" content=\"372\" \/>\n\t<meta property=\"og:image:type\" content=\"image\/jpeg\" \/>\n<meta name=\"author\" content=\"cfeditorfr\" \/>\n<meta name=\"twitter:card\" content=\"summary_large_image\" \/>\n<meta name=\"twitter:label1\" content=\"\u00c9crit par\" \/>\n\t<meta name=\"twitter:data1\" content=\"cfeditorfr\" \/>\n\t<meta name=\"twitter:label2\" content=\"Dur\u00e9e de lecture estim\u00e9e\" \/>\n\t<meta name=\"twitter:data2\" content=\"2 minutes\" \/>\n<script type=\"application\/ld+json\" class=\"yoast-schema-graph\">{\"@context\":\"https:\/\/schema.org\",\"@graph\":[{\"@type\":\"Article\",\"@id\":\"https:\/\/www.africa-press.net\/niger\/politique\/niger-nouvelle-prorogation-du-mandat-de-la-delegation-speciale-de-la-commune-rurale-de-ngourti-region-de-diffa#article\",\"isPartOf\":{\"@id\":\"https:\/\/www.africa-press.net\/niger\/politique\/niger-nouvelle-prorogation-du-mandat-de-la-delegation-speciale-de-la-commune-rurale-de-ngourti-region-de-diffa\"},\"author\":{\"name\":\"cfeditorfr\",\"@id\":\"https:\/\/www.africa-press.net\/niger\/#\/schema\/person\/2b1cf3cd81a31e3cd26889ca66d677f1\"},\"headline\":\"Nouvelle prorogation du mandat de la D\u00e9l\u00e9gation sp\u00e9ciale de la Commune rurale de N\u2019Gourti (r\u00e9gion de Diffa)\",\"datePublished\":\"2021-08-16T14:21:16+00:00\",\"dateModified\":\"2021-08-16T21:26:19+00:00\",\"mainEntityOfPage\":{\"@id\":\"https:\/\/www.africa-press.net\/niger\/politique\/niger-nouvelle-prorogation-du-mandat-de-la-delegation-speciale-de-la-commune-rurale-de-ngourti-region-de-diffa\"},\"wordCount\":370,\"commentCount\":0,\"image\":{\"@id\":\"https:\/\/www.africa-press.net\/niger\/politique\/niger-nouvelle-prorogation-du-mandat-de-la-delegation-speciale-de-la-commune-rurale-de-ngourti-region-de-diffa#primaryimage\"},\"thumbnailUrl\":\"https:\/\/static.africa-press.net\/niger\/sites\/40\/2021\/08\/img-611a6fdc8aebf.jpg\",\"keywords\":[\"Africa Press\",\"Africa Press-Niger\",\"Niger\"],\"articleSection\":[\"homepage-french\",\"Politique\",\"Toutes les actualit\u00e9s\"],\"inLanguage\":\"fr-FR\",\"potentialAction\":[{\"@type\":\"CommentAction\",\"name\":\"Comment\",\"target\":[\"https:\/\/www.africa-press.net\/niger\/politique\/niger-nouvelle-prorogation-du-mandat-de-la-delegation-speciale-de-la-commune-rurale-de-ngourti-region-de-diffa#respond\"]}]},{\"@type\":\"WebPage\",\"@id\":\"https:\/\/www.africa-press.net\/niger\/politique\/niger-nouvelle-prorogation-du-mandat-de-la-delegation-speciale-de-la-commune-rurale-de-ngourti-region-de-diffa\",\"url\":\"https:\/\/www.africa-press.net\/niger\/politique\/niger-nouvelle-prorogation-du-mandat-de-la-delegation-speciale-de-la-commune-rurale-de-ngourti-region-de-diffa\",\"name\":\"Nouvelle prorogation du mandat de la D\u00e9l\u00e9gation sp\u00e9ciale de la Commune rurale de N\u2019Gourti (r\u00e9gion de Diffa) - niger\",\"isPartOf\":{\"@id\":\"https:\/\/www.africa-press.net\/niger\/#website\"},\"primaryImageOfPage\":{\"@id\":\"https:\/\/www.africa-press.net\/niger\/politique\/niger-nouvelle-prorogation-du-mandat-de-la-delegation-speciale-de-la-commune-rurale-de-ngourti-region-de-diffa#primaryimage\"},\"image\":{\"@id\":\"https:\/\/www.africa-press.net\/niger\/politique\/niger-nouvelle-prorogation-du-mandat-de-la-delegation-speciale-de-la-commune-rurale-de-ngourti-region-de-diffa#primaryimage\"},\"thumbnailUrl\":\"https:\/\/static.africa-press.net\/niger\/sites\/40\/2021\/08\/img-611a6fdc8aebf.jpg\",\"datePublished\":\"2021-08-16T14:21:16+00:00\",\"dateModified\":\"2021-08-16T21:26:19+00:00\",\"author\":{\"@id\":\"https:\/\/www.africa-press.net\/niger\/#\/schema\/person\/2b1cf3cd81a31e3cd26889ca66d677f1\"},\"description\":\", 16 Ao\u00fbt (ANP) - La dur\u00e9e des pouvoirs de la D\u00e9l\u00e9gation sp\u00e9ciale de la commune rurale de N\u2019Gourti, dans la r\u00e9gion de Di ...\",\"breadcrumb\":{\"@id\":\"https:\/\/www.africa-press.net\/niger\/politique\/niger-nouvelle-prorogation-du-mandat-de-la-delegation-speciale-de-la-commune-rurale-de-ngourti-region-de-diffa#breadcrumb\"},\"inLanguage\":\"fr-FR\",\"potentialAction\":[{\"@type\":\"ReadAction\",\"target\":[\"https:\/\/www.africa-press.net\/niger\/politique\/niger-nouvelle-prorogation-du-mandat-de-la-delegation-speciale-de-la-commune-rurale-de-ngourti-region-de-diffa\"]}]},{\"@type\":\"ImageObject\",\"inLanguage\":\"fr-FR\",\"@id\":\"https:\/\/www.africa-press.net\/niger\/politique\/niger-nouvelle-prorogation-du-mandat-de-la-delegation-speciale-de-la-commune-rurale-de-ngourti-region-de-diffa#primaryimage\",\"url\":\"https:\/\/static.africa-press.net\/niger\/sites\/40\/2021\/08\/img-611a6fdc8aebf.jpg\",\"contentUrl\":\"https:\/\/static.africa-press.net\/niger\/sites\/40\/2021\/08\/img-611a6fdc8aebf.jpg\",\"width\":720,\"height\":372,\"caption\":\"Niger\u00a0: Nouvelle prorogation du mandat de la D\u00e9l\u00e9gation sp\u00e9ciale de la Commune rurale de N\u2019Gourti (r\u00e9gion de Diffa)\"},{\"@type\":\"BreadcrumbList\",\"@id\":\"https:\/\/www.africa-press.net\/niger\/politique\/niger-nouvelle-prorogation-du-mandat-de-la-delegation-speciale-de-la-commune-rurale-de-ngourti-region-de-diffa#breadcrumb\",\"itemListElement\":[{\"@type\":\"ListItem\",\"position\":1,\"name\":\"Accueil\",\"item\":\"https:\/\/www.africa-press.net\/niger\/\"},{\"@type\":\"ListItem\",\"position\":2,\"name\":\"Nouvelle prorogation du mandat de la D\u00e9l\u00e9gation sp\u00e9ciale de la Commune rurale de N\u2019Gourti (r\u00e9gion de Diffa)\"}]},{\"@type\":\"WebSite\",\"@id\":\"https:\/\/www.africa-press.net\/niger\/#website\",\"url\":\"https:\/\/www.africa-press.net\/niger\/\",\"name\":\"niger\",\"description\":\"Just another Africa News Agency Sites site\",\"potentialAction\":[{\"@type\":\"SearchAction\",\"target\":{\"@type\":\"EntryPoint\",\"urlTemplate\":\"https:\/\/www.africa-press.net\/niger\/?s={search_term_string}\"},\"query-input\":{\"@type\":\"PropertyValueSpecification\",\"valueRequired\":true,\"valueName\":\"search_term_string\"}}],\"inLanguage\":\"fr-FR\"},{\"@type\":\"Person\",\"@id\":\"https:\/\/www.africa-press.net\/niger\/#\/schema\/person\/2b1cf3cd81a31e3cd26889ca66d677f1\",\"name\":\"cfeditorfr\"}]}<\/script>\n<!-- \/ Yoast SEO Premium plugin. -->","yoast_head_json":{"title":"Nouvelle prorogation du mandat de la D\u00e9l\u00e9gation sp\u00e9ciale de la Commune rurale de N\u2019Gourti (r\u00e9gion de Diffa) - niger","description":", 16 Ao\u00fbt (ANP) - La dur\u00e9e des pouvoirs de la D\u00e9l\u00e9gation sp\u00e9ciale de la commune rurale de N\u2019Gourti, dans la r\u00e9gion de Di ...","robots":{"index":"index","follow":"follow","max-snippet":"max-snippet:-1","max-image-preview":"max-image-preview:large","max-video-preview":"max-video-preview:-1"},"canonical":"https:\/\/www.africa-press.net\/niger\/politique\/niger-nouvelle-prorogation-du-mandat-de-la-delegation-speciale-de-la-commune-rurale-de-ngourti-region-de-diffa","og_locale":"fr_FR","og_type":"article","og_title":"Nouvelle prorogation du mandat de la D\u00e9l\u00e9gation sp\u00e9ciale de la Commune rurale de N\u2019Gourti (r\u00e9gion de Diffa)","og_description":", 16 Ao\u00fbt (ANP) - La dur\u00e9e des pouvoirs de la D\u00e9l\u00e9gation sp\u00e9ciale de la commune rurale de N\u2019Gourti, dans la r\u00e9gion de Di ...","og_url":"https:\/\/www.africa-press.net\/niger\/politique\/niger-nouvelle-prorogation-du-mandat-de-la-delegation-speciale-de-la-commune-rurale-de-ngourti-region-de-diffa","og_site_name":"niger","article_published_time":"2021-08-16T14:21:16+00:00","article_modified_time":"2021-08-16T21:26:19+00:00","og_image":[{"width":720,"height":372,"url":"https:\/\/static.africa-press.net\/niger\/sites\/40\/2021\/08\/img-611a6fdc8aebf.jpg","type":"image\/jpeg"}],"author":"cfeditorfr","twitter_card":"summary_large_image","twitter_misc":{"\u00c9crit par":"cfeditorfr","Dur\u00e9e de lecture estim\u00e9e":"2 minutes"},"schema":{"@context":"https:\/\/schema.org","@graph":[{"@type":"Article","@id":"https:\/\/www.africa-press.net\/niger\/politique\/niger-nouvelle-prorogation-du-mandat-de-la-delegation-speciale-de-la-commune-rurale-de-ngourti-region-de-diffa#article","isPartOf":{"@id":"https:\/\/www.africa-press.net\/niger\/politique\/niger-nouvelle-prorogation-du-mandat-de-la-delegation-speciale-de-la-commune-rurale-de-ngourti-region-de-diffa"},"author":{"name":"cfeditorfr","@id":"https:\/\/www.africa-press.net\/niger\/#\/schema\/person\/2b1cf3cd81a31e3cd26889ca66d677f1"},"headline":"Nouvelle prorogation du mandat de la D\u00e9l\u00e9gation sp\u00e9ciale de la Commune rurale de N\u2019Gourti (r\u00e9gion de Diffa)","datePublished":"2021-08-16T14:21:16+00:00","dateModified":"2021-08-16T21:26:19+00:00","mainEntityOfPage":{"@id":"https:\/\/www.africa-press.net\/niger\/politique\/niger-nouvelle-prorogation-du-mandat-de-la-delegation-speciale-de-la-commune-rurale-de-ngourti-region-de-diffa"},"wordCount":370,"commentCount":0,"image":{"@id":"https:\/\/www.africa-press.net\/niger\/politique\/niger-nouvelle-prorogation-du-mandat-de-la-delegation-speciale-de-la-commune-rurale-de-ngourti-region-de-diffa#primaryimage"},"thumbnailUrl":"https:\/\/static.africa-press.net\/niger\/sites\/40\/2021\/08\/img-611a6fdc8aebf.jpg","keywords":["Africa Press","Africa Press-Niger","Niger"],"articleSection":["homepage-french","Politique","Toutes les actualit\u00e9s"],"inLanguage":"fr-FR","potentialAction":[{"@type":"CommentAction","name":"Comment","target":["https:\/\/www.africa-press.net\/niger\/politique\/niger-nouvelle-prorogation-du-mandat-de-la-delegation-speciale-de-la-commune-rurale-de-ngourti-region-de-diffa#respond"]}]},{"@type":"WebPage","@id":"https:\/\/www.africa-press.net\/niger\/politique\/niger-nouvelle-prorogation-du-mandat-de-la-delegation-speciale-de-la-commune-rurale-de-ngourti-region-de-diffa","url":"https:\/\/www.africa-press.net\/niger\/politique\/niger-nouvelle-prorogation-du-mandat-de-la-delegation-speciale-de-la-commune-rurale-de-ngourti-region-de-diffa","name":"Nouvelle prorogation du mandat de la D\u00e9l\u00e9gation sp\u00e9ciale de la Commune rurale de N\u2019Gourti (r\u00e9gion de Diffa) - niger","isPartOf":{"@id":"https:\/\/www.africa-press.net\/niger\/#website"},"primaryImageOfPage":{"@id":"https:\/\/www.africa-press.net\/niger\/politique\/niger-nouvelle-prorogation-du-mandat-de-la-delegation-speciale-de-la-commune-rurale-de-ngourti-region-de-diffa#primaryimage"},"image":{"@id":"https:\/\/www.africa-press.net\/niger\/politique\/niger-nouvelle-prorogation-du-mandat-de-la-delegation-speciale-de-la-commune-rurale-de-ngourti-region-de-diffa#primaryimage"},"thumbnailUrl":"https:\/\/static.africa-press.net\/niger\/sites\/40\/2021\/08\/img-611a6fdc8aebf.jpg","datePublished":"2021-08-16T14:21:16+00:00","dateModified":"2021-08-16T21:26:19+00:00","author":{"@id":"https:\/\/www.africa-press.net\/niger\/#\/schema\/person\/2b1cf3cd81a31e3cd26889ca66d677f1"},"description":", 16 Ao\u00fbt (ANP) - La dur\u00e9e des pouvoirs de la D\u00e9l\u00e9gation sp\u00e9ciale de la commune rurale de N\u2019Gourti, dans la r\u00e9gion de Di ...","breadcrumb":{"@id":"https:\/\/www.africa-press.net\/niger\/politique\/niger-nouvelle-prorogation-du-mandat-de-la-delegation-speciale-de-la-commune-rurale-de-ngourti-region-de-diffa#breadcrumb"},"inLanguage":"fr-FR","potentialAction":[{"@type":"ReadAction","target":["https:\/\/www.africa-press.net\/niger\/politique\/niger-nouvelle-prorogation-du-mandat-de-la-delegation-speciale-de-la-commune-rurale-de-ngourti-region-de-diffa"]}]},{"@type":"ImageObject","inLanguage":"fr-FR","@id":"https:\/\/www.africa-press.net\/niger\/politique\/niger-nouvelle-prorogation-du-mandat-de-la-delegation-speciale-de-la-commune-rurale-de-ngourti-region-de-diffa#primaryimage","url":"https:\/\/static.africa-press.net\/niger\/sites\/40\/2021\/08\/img-611a6fdc8aebf.jpg","contentUrl":"https:\/\/static.africa-press.net\/niger\/sites\/40\/2021\/08\/img-611a6fdc8aebf.jpg","width":720,"height":372,"caption":"Niger\u00a0: Nouvelle prorogation du mandat de la D\u00e9l\u00e9gation sp\u00e9ciale de la Commune rurale de N\u2019Gourti (r\u00e9gion de Diffa)"},{"@type":"BreadcrumbList","@id":"https:\/\/www.africa-press.net\/niger\/politique\/niger-nouvelle-prorogation-du-mandat-de-la-delegation-speciale-de-la-commune-rurale-de-ngourti-region-de-diffa#breadcrumb","itemListElement":[{"@type":"ListItem","position":1,"name":"Accueil","item":"https:\/\/www.africa-press.net\/niger\/"},{"@type":"ListItem","position":2,"name":"Nouvelle prorogation du mandat de la D\u00e9l\u00e9gation sp\u00e9ciale de la Commune rurale de N\u2019Gourti (r\u00e9gion de Diffa)"}]},{"@type":"WebSite","@id":"https:\/\/www.africa-press.net\/niger\/#website","url":"https:\/\/www.africa-press.net\/niger\/","name":"niger","description":"Just another Africa News Agency Sites site","potentialAction":[{"@type":"SearchAction","target":{"@type":"EntryPoint","urlTemplate":"https:\/\/www.africa-press.net\/niger\/?s={search_term_string}"},"query-input":{"@type":"PropertyValueSpecification","valueRequired":true,"valueName":"search_term_string"}}],"inLanguage":"fr-FR"},{"@type":"Person","@id":"https:\/\/www.africa-press.net\/niger\/#\/schema\/person\/2b1cf3cd81a31e3cd26889ca66d677f1","name":"cfeditorfr"}]}},"_links":{"self":[{"href":"https:\/\/www.africa-press.net\/niger\/wp-json\/wp\/v2\/posts\/10064","targetHints":{"allow":["GET"]}}],"collection":[{"href":"https:\/\/www.africa-press.net\/niger\/wp-json\/wp\/v2\/posts"}],"about":[{"href":"https:\/\/www.africa-press.net\/niger\/wp-json\/wp\/v2\/types\/post"}],"author":[{"embeddable":true,"href":"https:\/\/www.africa-press.net\/niger\/wp-json\/wp\/v2\/users\/82"}],"replies":[{"embeddable":true,"href":"https:\/\/www.africa-press.net\/niger\/wp-json\/wp\/v2\/comments?post=10064"}],"version-history":[{"count":0,"href":"https:\/\/www.africa-press.net\/niger\/wp-json\/wp\/v2\/posts\/10064\/revisions"}],"wp:featuredmedia":[{"embeddable":true,"href":"https:\/\/www.africa-press.net\/niger\/wp-json\/wp\/v2\/media\/10063"}],"wp:attachment":[{"href":"https:\/\/www.africa-press.net\/niger\/wp-json\/wp\/v2\/media?parent=10064"}],"wp:term":[{"taxonomy":"category","embeddable":true,"href":"https:\/\/www.africa-press.net\/niger\/wp-json\/wp\/v2\/categories?post=10064"},{"taxonomy":"post_tag","embeddable":true,"href":"https:\/\/www.africa-press.net\/niger\/wp-json\/wp\/v2\/tags?post=10064"}],"curies":[{"name":"wp","href":"https:\/\/api.w.org\/{rel}","templated":true}]}}